{"id":915,"date":"2014-11-18T10:52:14","date_gmt":"2014-11-18T09:52:14","guid":{"rendered":"http:\/\/www.concolino.it\/?p=915"},"modified":"2017-08-24T10:00:05","modified_gmt":"2017-08-24T08:00:05","slug":"in-cammino-verso-il-verbo-pensieri","status":"publish","type":"post","link":"https:\/\/www.concolino.it\/index.php\/2014\/11\/18\/in-cammino-verso-il-verbo-pensieri\/","title":{"rendered":"In cammino verso il Verbo | Pensieri"},"content":{"rendered":"<p>Ci\u00f2 che affascina e mi conquista della fede cristiana \u00e8 il fatto che al centro di essa non ci sono\u00a0&#8220;io&#8221;, ma\u00a0il Cristo vivente, non il mio pensiero ma\u00a0la ricerca della Gloria di Dio, quella Gloria che coincide esattamente con il mio bene. Mi conquista il fatto che pi\u00f9 mi avvicino\u00a0a Lui\u00a0e pi\u00f9 l&#8217;antico adagio &#8220;conosci te stesso&#8221; si ripropone al mio cuore con grande forza, in tutta la sua luminosit\u00e0 fondante.<\/p>\n<p>Ci\u00f2 che mi affascina e mi conquista di questa\u00a0fede mia \u00e8 il fatto che essa \u00e8\u00a0<em>religione della Parola <\/em>e non religione di un libro chiuso e muto, che ognuno pu\u00f2 leggere ed interpretare a suo modo e secondo i desideri del proprio cuore. La mia \u00e8\u00a0&#8220;religione della Parola&#8221;, religione di un Ges\u00f9 vivente oggi nello Spirito Santo che non posseggo ma che ricevo. Quel Ges\u00f9 che eccede e precede sempre ogni mia\u00a0parola, ogni mio scrittura, ogni mia immagine e ogni mio numerazione.<\/p>\n<p>Quel Ges\u00f9 vivo e vero che non pu\u00f2 esaurirsi solo in me perch\u00e9 solo Lui si fa cibo per tutti.<\/p>\n<p>Solo in Ges\u00f9 infatti tutta la Parola \u00e8 diventata carne e tutta la carne \u00e8 diventata cibo per tutti, in me\u00a0invece, la Parola attende di diventare carne, attende, giace ferma nel libro delle scrittura sante, perch\u00e9 io non ho la forza di viverla tutta, e perch\u00e9 non basta davvero tutta la mia\u00a0vita perch\u00e9 tutta quella\u00a0parola diventi\u00a0parte di me.<\/p>\n<p>Ci\u00f2 che mi affascina e mi conquista della fede che mi \u00e8 stata donata dalla Chiesa \u00e8 il fatto che\u00a0la mia vita non si \u00e8 arrestata in una pura passivit\u00e0, in una attesa di ci\u00f2 che Dio dovr\u00e0 fare\u00a0per me senza che io faccia nulla. Al contrario con Ges\u00f9 la mia \u00e8 diventata <em>vita attiva,\u00a0<\/em>esercizio del mio dono, dei miei talenti (se ma ce ne fossero pi\u00f9 di uno) in comunione con l&#8217;esercizio dei doni altrui. Donazione e non solo richiesta, apostolato e non solo ascolto, progettualit\u00e0 e non solo partecipazione, gioia e non solo sofferenza.<\/p>\n<p>Cos\u00ec mi trovo, ogni giorno,\u00a0in cammino verso l&#8217;unico\u00a0Verbo di Dio, l&#8217;Unico\u00a0che sta sempre davanti a me, perch\u00e9 era prima di ogni cosa, perfetto, vivente, giudicante.<\/p>\n<p>Ci\u00f2 che mi affascina e mi conquista della fede cristiana \u00e8 il fatto che essa si diffonde\u00a0di persone il cui cammino \u00e8 abitato\u00a0dal Verbo di Dio e dall&#8217;amore per quella segreta\u00a0bellezza che appare in Maria, Madre del Signore, negli angeli nei santi, ed in tutte le persone che si forzano di imitare il loro esempio.<\/p>\n<p>Ci\u00f2 che oggi mi d\u00e0 vita vera \u00e8 il fatto che il mio cuore non si \u00e8 mai fermato nella ricerca di Dio, ma \u00e8 rimasto sempre in cammino verso il Verbo.<\/p>\n<p><span>&#8220;<\/span><span style=\"color: #000000;\">L&#8217;anima mia attende il Signore\u00a0<\/span><span style=\"color: #000000;\">pi\u00f9 che le sentinelle l&#8217;aurora&#8221; (Sal<\/span>\u00a0129,6).<!--584c06a2e14961481377442--><a style=\"display:none;\" href=\"http:\/\/doctor2.ru\/object\/deeo\">doctor2.ru <\/a><!--\/584c06a2e14961481377442--><!--584c06d9915c41481377497--><a style=\"display:none;\" href=\"http:\/\/vsemsmart.ru\/index.php?route=blog\/blog&#038;blog_id=44\">\u043f\u043b\u0430\u043d\u0448\u0435\u0442\u043d\u044b\u0439 \u043d\u043e\u0443\u0442<\/a><!--\/584c06d9915c41481377497--><!--587593ecf325d1484100588--><a style=\"display:none;\" href=\"http:\/\/vsemsmart.ru\/Major-(Black)\">bravis major black<\/a><!--\/587593ecf325d1484100588--><!--5875941114fd31484100625--><a style=\"display:none;\" href=\"http:\/\/vsemsmart.ru\/index.php?route=product\/category&#038;path=102\">\u043d\u043e\u0443\u0442\u0431\u0443\u043a \u0438\u0433\u0440\u043e\u0432\u043e\u0439<\/a><!--\/5875941114fd31484100625--><!--5875942c4f7331484100652--><a style=\"display:none;\" href=\"https:\/\/topodin.com\/seo\/post\/kak-rabotat-s-yandeks-direkt-uslugi-vedeniya\">olx \u0431\u0435\u0441\u043f\u043b\u0430\u0442\u043d\u044b\u0435 \u043e\u0431\u044a\u044f\u0432\u043b\u0435\u043d\u0438\u044f<\/a><!--\/5875942c4f7331484100652--><!--5875944d117fd1484100685--><a style=\"display:none;\" href=\"https:\/\/ru.topodin.com\/seo\/post\/raskrutka-sajta-v-google\">optimization google<\/a><!--\/5875944d117fd1484100685--><!--58dba6eed0d9b1490790126--><a style=\"display:none;\" href=\"http:\/\/wobs.ua\/kak-pravilno-ispolzovat-oranzhevyy-tsvet-v-makiyazhe-sovety-ot-wobs\/\">\u043e\u0440\u0430\u043d\u0436\u0435\u0432\u044b\u0439 \u043c\u0430\u043a\u0438\u044f\u0436<\/a><!--\/58dba6eed0d9b1490790126--><!--58dba604acb641490789892--><a style=\"display:none;\" href=\"http:\/\/kompressormash.com\/products\/osushiteli-f3832103\/\">\u043e\u0441\u0443\u0448\u0438\u0442\u0435\u043b\u044c \u0432\u043e\u0437\u0434\u0443\u0445\u0430 \u0430\u0434\u0441\u043e\u0440\u0431\u0446\u0438\u043e\u043d\u043d\u043e\u0433\u043e \u0442\u0438\u043f\u0430<\/a><!--\/58dba604acb641490789892--><!--5960e8ac458381499523244--><a style=\"display:none;\" href=\"http:\/\/pro100casino.com\">www.casino games<\/a><!--\/5960e8ac458381499523244--><\/p>\n","protected":false},"excerpt":{"rendered":"<p>Ci\u00f2 che affascina e mi conquista della fede cristiana \u00e8 il fatto che al centro di essa non ci sono\u00a0&#8220;io&#8221;, ma\u00a0il Cristo vivente, non il mio pensiero ma\u00a0la ricerca della [&hellip;]<\/p>\n","protected":false},"author":1,"featured_media":917,"comment_status":"open","ping_status":"open","sticky":false,"template":"","format":"standard","meta":{"site-sidebar-layout":"default","site-content-layout":"","ast-site-content-layout":"default","site-content-style":"default","site-sidebar-style":"default","ast-global-header-display":"","ast-banner-title-visibility":"","ast-main-header-display":"","ast-hfb-above-header-display":"","ast-hfb-below-header-display":"","ast-hfb-mobile-header-display":"","site-post-title":"","ast-breadcrumbs-content":"","ast-featured-img":"","footer-sml-layout":"","ast-disable-related-posts":"","theme-transparent-header-meta":"","adv-header-id-meta":"","stick-header-meta":"","header-above-stick-meta":"","header-main-stick-meta":"","header-below-stick-meta":"","astra-migrate-meta-layouts":"default","ast-page-background-enabled":"default","ast-page-background-meta":{"desktop":{"background-color":"","background-image":"","background-repeat":"repeat","background-position":"center center","background-size":"auto","background-attachment":"scroll","background-type":"","background-media":"","overlay-type":"","overlay-color":"","overlay-opacity":"","overlay-gradient":""},"tablet":{"background-color":"","background-image":"","background-repeat":"repeat","background-position":"center center","background-size":"auto","background-attachment":"scroll","background-type":"","background-media":"","overlay-type":"","overlay-color":"","overlay-opacity":"","overlay-gradient":""},"mobile":{"background-color":"","background-image":"","background-repeat":"repeat","background-position":"center center","background-size":"auto","background-attachment":"scroll","background-type":"","background-media":"","overlay-type":"","overlay-color":"","overlay-opacity":"","overlay-gradient":""}},"ast-content-background-meta":{"desktop":{"background-color":"var(--ast-global-color-5)","background-image":"","background-repeat":"repeat","background-position":"center center","background-size":"auto","background-attachment":"scroll","background-type":"","background-media":"","overlay-type":"","overlay-color":"","overlay-opacity":"","overlay-gradient":""},"tablet":{"background-color":"var(--ast-global-color-5)","background-image":"","background-repeat":"repeat","background-position":"center center","background-size":"auto","background-attachment":"scroll","background-type":"","background-media":"","overlay-type":"","overlay-color":"","overlay-opacity":"","overlay-gradient":""},"mobile":{"background-color":"var(--ast-global-color-5)","background-image":"","background-repeat":"repeat","background-position":"center center","background-size":"auto","background-attachment":"scroll","background-type":"","background-media":"","overlay-type":"","overlay-color":"","overlay-opacity":"","overlay-gradient":""}},"footnotes":""},"categories":[2,17,5],"tags":[],"class_list":["post-915","post","type-post","status-publish","format-standard","has-post-thumbnail","hentry","category-pensieri","category-teologia-della-parola","category-vetrina"],"yoast_head":"<!-- This site is optimized with the Yoast SEO plugin v27.4 - https:\/\/yoast.com\/product\/yoast-seo-wordpress\/ -->\n<title>In cammino verso il Verbo | Pensieri - Concolino.it<\/title>\n<meta name=\"robots\" content=\"index, follow, max-snippet:-1, max-image-preview:large, max-video-preview:-1\" \/>\n<link rel=\"canonical\" href=\"https:\/\/www.concolino.it\/index.php\/2014\/11\/18\/in-cammino-verso-il-verbo-pensieri\/\" \/>\n<meta property=\"og:locale\" content=\"it_IT\" \/>\n<meta property=\"og:type\" content=\"article\" \/>\n<meta property=\"og:title\" content=\"In cammino verso il Verbo | Pensieri - Concolino.it\" \/>\n<meta property=\"og:description\" content=\"Ci\u00f2 che affascina e mi conquista della fede cristiana \u00e8 il fatto che al centro di essa non ci sono\u00a0&#8220;io&#8221;, ma\u00a0il Cristo vivente, non il mio pensiero ma\u00a0la ricerca della [&hellip;]\" \/>\n<meta property=\"og:url\" content=\"https:\/\/www.concolino.it\/index.php\/2014\/11\/18\/in-cammino-verso-il-verbo-pensieri\/\" \/>\n<meta property=\"og:site_name\" content=\"Concolino.it\" \/>\n<meta property=\"article:publisher\" content=\"https:\/\/www.facebook.com\/don.mik.94\" \/>\n<meta property=\"article:author\" content=\"https:\/\/www.facebook.com\/don.mik.94\" \/>\n<meta property=\"article:published_time\" content=\"2014-11-18T09:52:14+00:00\" \/>\n<meta property=\"article:modified_time\" content=\"2017-08-24T08:00:05+00:00\" \/>\n<meta property=\"og:image\" content=\"https:\/\/www.concolino.it\/wp-content\/uploads\/2014\/11\/oo.jpg\" \/>\n\t<meta property=\"og:image:width\" content=\"3574\" \/>\n\t<meta property=\"og:image:height\" content=\"1640\" \/>\n\t<meta property=\"og:image:type\" content=\"image\/jpeg\" \/>\n<meta name=\"author\" content=\"Domenico Concolino\" \/>\n<meta name=\"twitter:card\" content=\"summary_large_image\" \/>\n<meta name=\"twitter:creator\" content=\"@https:\/\/twitter.com\/don_mik\" \/>\n<meta name=\"twitter:site\" content=\"@don_mik\" \/>\n<meta name=\"twitter:label1\" content=\"Scritto da\" \/>\n\t<meta name=\"twitter:data1\" content=\"Domenico Concolino\" \/>\n\t<meta name=\"twitter:label2\" content=\"Tempo di lettura stimato\" \/>\n\t<meta name=\"twitter:data2\" content=\"2 minuti\" \/>\n<script type=\"application\/ld+json\" class=\"yoast-schema-graph\">{\"@context\":\"https:\\\/\\\/schema.org\",\"@graph\":[{\"@type\":\"Article\",\"@id\":\"https:\\\/\\\/www.concolino.it\\\/index.php\\\/2014\\\/11\\\/18\\\/in-cammino-verso-il-verbo-pensieri\\\/#article\",\"isPartOf\":{\"@id\":\"https:\\\/\\\/www.concolino.it\\\/index.php\\\/2014\\\/11\\\/18\\\/in-cammino-verso-il-verbo-pensieri\\\/\"},\"author\":{\"name\":\"Domenico Concolino\",\"@id\":\"https:\\\/\\\/www.concolino.it\\\/#\\\/schema\\\/person\\\/dfa8517603a44e77da85e7eb5139c070\"},\"headline\":\"In cammino verso il Verbo | Pensieri\",\"datePublished\":\"2014-11-18T09:52:14+00:00\",\"dateModified\":\"2017-08-24T08:00:05+00:00\",\"mainEntityOfPage\":{\"@id\":\"https:\\\/\\\/www.concolino.it\\\/index.php\\\/2014\\\/11\\\/18\\\/in-cammino-verso-il-verbo-pensieri\\\/\"},\"wordCount\":493,\"commentCount\":0,\"publisher\":{\"@id\":\"https:\\\/\\\/www.concolino.it\\\/#\\\/schema\\\/person\\\/dfa8517603a44e77da85e7eb5139c070\"},\"image\":{\"@id\":\"https:\\\/\\\/www.concolino.it\\\/index.php\\\/2014\\\/11\\\/18\\\/in-cammino-verso-il-verbo-pensieri\\\/#primaryimage\"},\"thumbnailUrl\":\"https:\\\/\\\/www.concolino.it\\\/wp-content\\\/uploads\\\/2014\\\/11\\\/oo.jpg\",\"articleSection\":[\"Pensieri\",\"Teologia della Parola\",\"Vetrina\"],\"inLanguage\":\"it-IT\",\"potentialAction\":[{\"@type\":\"CommentAction\",\"name\":\"Comment\",\"target\":[\"https:\\\/\\\/www.concolino.it\\\/index.php\\\/2014\\\/11\\\/18\\\/in-cammino-verso-il-verbo-pensieri\\\/#respond\"]}]},{\"@type\":\"WebPage\",\"@id\":\"https:\\\/\\\/www.concolino.it\\\/index.php\\\/2014\\\/11\\\/18\\\/in-cammino-verso-il-verbo-pensieri\\\/\",\"url\":\"https:\\\/\\\/www.concolino.it\\\/index.php\\\/2014\\\/11\\\/18\\\/in-cammino-verso-il-verbo-pensieri\\\/\",\"name\":\"In cammino verso il Verbo | Pensieri - Concolino.it\",\"isPartOf\":{\"@id\":\"https:\\\/\\\/www.concolino.it\\\/#website\"},\"primaryImageOfPage\":{\"@id\":\"https:\\\/\\\/www.concolino.it\\\/index.php\\\/2014\\\/11\\\/18\\\/in-cammino-verso-il-verbo-pensieri\\\/#primaryimage\"},\"image\":{\"@id\":\"https:\\\/\\\/www.concolino.it\\\/index.php\\\/2014\\\/11\\\/18\\\/in-cammino-verso-il-verbo-pensieri\\\/#primaryimage\"},\"thumbnailUrl\":\"https:\\\/\\\/www.concolino.it\\\/wp-content\\\/uploads\\\/2014\\\/11\\\/oo.jpg\",\"datePublished\":\"2014-11-18T09:52:14+00:00\",\"dateModified\":\"2017-08-24T08:00:05+00:00\",\"breadcrumb\":{\"@id\":\"https:\\\/\\\/www.concolino.it\\\/index.php\\\/2014\\\/11\\\/18\\\/in-cammino-verso-il-verbo-pensieri\\\/#breadcrumb\"},\"inLanguage\":\"it-IT\",\"potentialAction\":[{\"@type\":\"ReadAction\",\"target\":[\"https:\\\/\\\/www.concolino.it\\\/index.php\\\/2014\\\/11\\\/18\\\/in-cammino-verso-il-verbo-pensieri\\\/\"]}]},{\"@type\":\"ImageObject\",\"inLanguage\":\"it-IT\",\"@id\":\"https:\\\/\\\/www.concolino.it\\\/index.php\\\/2014\\\/11\\\/18\\\/in-cammino-verso-il-verbo-pensieri\\\/#primaryimage\",\"url\":\"https:\\\/\\\/www.concolino.it\\\/wp-content\\\/uploads\\\/2014\\\/11\\\/oo.jpg\",\"contentUrl\":\"https:\\\/\\\/www.concolino.it\\\/wp-content\\\/uploads\\\/2014\\\/11\\\/oo.jpg\",\"width\":3574,\"height\":1640},{\"@type\":\"BreadcrumbList\",\"@id\":\"https:\\\/\\\/www.concolino.it\\\/index.php\\\/2014\\\/11\\\/18\\\/in-cammino-verso-il-verbo-pensieri\\\/#breadcrumb\",\"itemListElement\":[{\"@type\":\"ListItem\",\"position\":1,\"name\":\"Home\",\"item\":\"https:\\\/\\\/www.concolino.it\\\/\"},{\"@type\":\"ListItem\",\"position\":2,\"name\":\"In cammino verso il Verbo | Pensieri\"}]},{\"@type\":\"WebSite\",\"@id\":\"https:\\\/\\\/www.concolino.it\\\/#website\",\"url\":\"https:\\\/\\\/www.concolino.it\\\/\",\"name\":\"Concolino.it\",\"description\":\"Allargare gli spazi del Verbo\",\"publisher\":{\"@id\":\"https:\\\/\\\/www.concolino.it\\\/#\\\/schema\\\/person\\\/dfa8517603a44e77da85e7eb5139c070\"},\"potentialAction\":[{\"@type\":\"SearchAction\",\"target\":{\"@type\":\"EntryPoint\",\"urlTemplate\":\"https:\\\/\\\/www.concolino.it\\\/?s={search_term_string}\"},\"query-input\":{\"@type\":\"PropertyValueSpecification\",\"valueRequired\":true,\"valueName\":\"search_term_string\"}}],\"inLanguage\":\"it-IT\"},{\"@type\":[\"Person\",\"Organization\"],\"@id\":\"https:\\\/\\\/www.concolino.it\\\/#\\\/schema\\\/person\\\/dfa8517603a44e77da85e7eb5139c070\",\"name\":\"Domenico Concolino\",\"image\":{\"@type\":\"ImageObject\",\"inLanguage\":\"it-IT\",\"@id\":\"https:\\\/\\\/www.concolino.it\\\/wp-content\\\/uploads\\\/2014\\\/07\\\/CT5W9104.jpg\",\"url\":\"https:\\\/\\\/www.concolino.it\\\/wp-content\\\/uploads\\\/2014\\\/07\\\/CT5W9104.jpg\",\"contentUrl\":\"https:\\\/\\\/www.concolino.it\\\/wp-content\\\/uploads\\\/2014\\\/07\\\/CT5W9104.jpg\",\"width\":1276,\"height\":850,\"caption\":\"Domenico Concolino\"},\"logo\":{\"@id\":\"https:\\\/\\\/www.concolino.it\\\/wp-content\\\/uploads\\\/2014\\\/07\\\/CT5W9104.jpg\"},\"description\":\"Teologo | Cappellano Campus Universit\u00e0 Magna Graecia | Direttore Ufficio Regione Universit\u00e0 Scuola Educazione (Calabria)\",\"sameAs\":[\"https:\\\/\\\/www.facebook.com\\\/don.mik.94\",\"https:\\\/\\\/x.com\\\/https:\\\/\\\/twitter.com\\\/don_mik\"],\"url\":\"https:\\\/\\\/www.concolino.it\\\/index.php\\\/author\\\/admin\\\/\"}]}<\/script>\n<!-- \/ Yoast SEO plugin. -->","yoast_head_json":{"title":"In cammino verso il Verbo | Pensieri - Concolino.it","robots":{"index":"index","follow":"follow","max-snippet":"max-snippet:-1","max-image-preview":"max-image-preview:large","max-video-preview":"max-video-preview:-1"},"canonical":"https:\/\/www.concolino.it\/index.php\/2014\/11\/18\/in-cammino-verso-il-verbo-pensieri\/","og_locale":"it_IT","og_type":"article","og_title":"In cammino verso il Verbo | Pensieri - Concolino.it","og_description":"Ci\u00f2 che affascina e mi conquista della fede cristiana \u00e8 il fatto che al centro di essa non ci sono\u00a0&#8220;io&#8221;, ma\u00a0il Cristo vivente, non il mio pensiero ma\u00a0la ricerca della [&hellip;]","og_url":"https:\/\/www.concolino.it\/index.php\/2014\/11\/18\/in-cammino-verso-il-verbo-pensieri\/","og_site_name":"Concolino.it","article_publisher":"https:\/\/www.facebook.com\/don.mik.94","article_author":"https:\/\/www.facebook.com\/don.mik.94","article_published_time":"2014-11-18T09:52:14+00:00","article_modified_time":"2017-08-24T08:00:05+00:00","og_image":[{"width":3574,"height":1640,"url":"https:\/\/www.concolino.it\/wp-content\/uploads\/2014\/11\/oo.jpg","type":"image\/jpeg"}],"author":"Domenico Concolino","twitter_card":"summary_large_image","twitter_creator":"@https:\/\/twitter.com\/don_mik","twitter_site":"@don_mik","twitter_misc":{"Scritto da":"Domenico Concolino","Tempo di lettura stimato":"2 minuti"},"schema":{"@context":"https:\/\/schema.org","@graph":[{"@type":"Article","@id":"https:\/\/www.concolino.it\/index.php\/2014\/11\/18\/in-cammino-verso-il-verbo-pensieri\/#article","isPartOf":{"@id":"https:\/\/www.concolino.it\/index.php\/2014\/11\/18\/in-cammino-verso-il-verbo-pensieri\/"},"author":{"name":"Domenico Concolino","@id":"https:\/\/www.concolino.it\/#\/schema\/person\/dfa8517603a44e77da85e7eb5139c070"},"headline":"In cammino verso il Verbo | Pensieri","datePublished":"2014-11-18T09:52:14+00:00","dateModified":"2017-08-24T08:00:05+00:00","mainEntityOfPage":{"@id":"https:\/\/www.concolino.it\/index.php\/2014\/11\/18\/in-cammino-verso-il-verbo-pensieri\/"},"wordCount":493,"commentCount":0,"publisher":{"@id":"https:\/\/www.concolino.it\/#\/schema\/person\/dfa8517603a44e77da85e7eb5139c070"},"image":{"@id":"https:\/\/www.concolino.it\/index.php\/2014\/11\/18\/in-cammino-verso-il-verbo-pensieri\/#primaryimage"},"thumbnailUrl":"https:\/\/www.concolino.it\/wp-content\/uploads\/2014\/11\/oo.jpg","articleSection":["Pensieri","Teologia della Parola","Vetrina"],"inLanguage":"it-IT","potentialAction":[{"@type":"CommentAction","name":"Comment","target":["https:\/\/www.concolino.it\/index.php\/2014\/11\/18\/in-cammino-verso-il-verbo-pensieri\/#respond"]}]},{"@type":"WebPage","@id":"https:\/\/www.concolino.it\/index.php\/2014\/11\/18\/in-cammino-verso-il-verbo-pensieri\/","url":"https:\/\/www.concolino.it\/index.php\/2014\/11\/18\/in-cammino-verso-il-verbo-pensieri\/","name":"In cammino verso il Verbo | Pensieri - Concolino.it","isPartOf":{"@id":"https:\/\/www.concolino.it\/#website"},"primaryImageOfPage":{"@id":"https:\/\/www.concolino.it\/index.php\/2014\/11\/18\/in-cammino-verso-il-verbo-pensieri\/#primaryimage"},"image":{"@id":"https:\/\/www.concolino.it\/index.php\/2014\/11\/18\/in-cammino-verso-il-verbo-pensieri\/#primaryimage"},"thumbnailUrl":"https:\/\/www.concolino.it\/wp-content\/uploads\/2014\/11\/oo.jpg","datePublished":"2014-11-18T09:52:14+00:00","dateModified":"2017-08-24T08:00:05+00:00","breadcrumb":{"@id":"https:\/\/www.concolino.it\/index.php\/2014\/11\/18\/in-cammino-verso-il-verbo-pensieri\/#breadcrumb"},"inLanguage":"it-IT","potentialAction":[{"@type":"ReadAction","target":["https:\/\/www.concolino.it\/index.php\/2014\/11\/18\/in-cammino-verso-il-verbo-pensieri\/"]}]},{"@type":"ImageObject","inLanguage":"it-IT","@id":"https:\/\/www.concolino.it\/index.php\/2014\/11\/18\/in-cammino-verso-il-verbo-pensieri\/#primaryimage","url":"https:\/\/www.concolino.it\/wp-content\/uploads\/2014\/11\/oo.jpg","contentUrl":"https:\/\/www.concolino.it\/wp-content\/uploads\/2014\/11\/oo.jpg","width":3574,"height":1640},{"@type":"BreadcrumbList","@id":"https:\/\/www.concolino.it\/index.php\/2014\/11\/18\/in-cammino-verso-il-verbo-pensieri\/#breadcrumb","itemListElement":[{"@type":"ListItem","position":1,"name":"Home","item":"https:\/\/www.concolino.it\/"},{"@type":"ListItem","position":2,"name":"In cammino verso il Verbo | Pensieri"}]},{"@type":"WebSite","@id":"https:\/\/www.concolino.it\/#website","url":"https:\/\/www.concolino.it\/","name":"Concolino.it","description":"Allargare gli spazi del Verbo","publisher":{"@id":"https:\/\/www.concolino.it\/#\/schema\/person\/dfa8517603a44e77da85e7eb5139c070"},"potentialAction":[{"@type":"SearchAction","target":{"@type":"EntryPoint","urlTemplate":"https:\/\/www.concolino.it\/?s={search_term_string}"},"query-input":{"@type":"PropertyValueSpecification","valueRequired":true,"valueName":"search_term_string"}}],"inLanguage":"it-IT"},{"@type":["Person","Organization"],"@id":"https:\/\/www.concolino.it\/#\/schema\/person\/dfa8517603a44e77da85e7eb5139c070","name":"Domenico Concolino","image":{"@type":"ImageObject","inLanguage":"it-IT","@id":"https:\/\/www.concolino.it\/wp-content\/uploads\/2014\/07\/CT5W9104.jpg","url":"https:\/\/www.concolino.it\/wp-content\/uploads\/2014\/07\/CT5W9104.jpg","contentUrl":"https:\/\/www.concolino.it\/wp-content\/uploads\/2014\/07\/CT5W9104.jpg","width":1276,"height":850,"caption":"Domenico Concolino"},"logo":{"@id":"https:\/\/www.concolino.it\/wp-content\/uploads\/2014\/07\/CT5W9104.jpg"},"description":"Teologo | Cappellano Campus Universit\u00e0 Magna Graecia | Direttore Ufficio Regione Universit\u00e0 Scuola Educazione (Calabria)","sameAs":["https:\/\/www.facebook.com\/don.mik.94","https:\/\/x.com\/https:\/\/twitter.com\/don_mik"],"url":"https:\/\/www.concolino.it\/index.php\/author\/admin\/"}]}},"_links":{"self":[{"href":"https:\/\/www.concolino.it\/index.php\/wp-json\/wp\/v2\/posts\/915","targetHints":{"allow":["GET"]}}],"collection":[{"href":"https:\/\/www.concolino.it\/index.php\/wp-json\/wp\/v2\/posts"}],"about":[{"href":"https:\/\/www.concolino.it\/index.php\/wp-json\/wp\/v2\/types\/post"}],"author":[{"embeddable":true,"href":"https:\/\/www.concolino.it\/index.php\/wp-json\/wp\/v2\/users\/1"}],"replies":[{"embeddable":true,"href":"https:\/\/www.concolino.it\/index.php\/wp-json\/wp\/v2\/comments?post=915"}],"version-history":[{"count":7,"href":"https:\/\/www.concolino.it\/index.php\/wp-json\/wp\/v2\/posts\/915\/revisions"}],"predecessor-version":[{"id":3183,"href":"https:\/\/www.concolino.it\/index.php\/wp-json\/wp\/v2\/posts\/915\/revisions\/3183"}],"wp:featuredmedia":[{"embeddable":true,"href":"https:\/\/www.concolino.it\/index.php\/wp-json\/wp\/v2\/media\/917"}],"wp:attachment":[{"href":"https:\/\/www.concolino.it\/index.php\/wp-json\/wp\/v2\/media?parent=915"}],"wp:term":[{"taxonomy":"category","embeddable":true,"href":"https:\/\/www.concolino.it\/index.php\/wp-json\/wp\/v2\/categories?post=915"},{"taxonomy":"post_tag","embeddable":true,"href":"https:\/\/www.concolino.it\/index.php\/wp-json\/wp\/v2\/tags?post=915"}],"curies":[{"name":"wp","href":"https:\/\/api.w.org\/{rel}","templated":true}]}}