{"id":7449,"date":"2026-04-27T20:36:44","date_gmt":"2026-04-27T18:36:44","guid":{"rendered":"https:\/\/www.concolino.it\/?p=7449"},"modified":"2026-04-27T21:04:13","modified_gmt":"2026-04-27T19:04:13","slug":"presentazione-libro-ecologia-dellanima-montecorvino-6-maggio-h-18-00","status":"publish","type":"post","link":"https:\/\/www.concolino.it\/index.php\/2026\/04\/27\/presentazione-libro-ecologia-dellanima-montecorvino-6-maggio-h-18-00\/","title":{"rendered":"Presentazione libro &#8220;Ecologia dell&#8217;anima&#8221; | Montecorvino 6 Maggio h. 18.00"},"content":{"rendered":"\n<p>Una nuova conversazione ad ampio respiro sul mio ultimo libro, si terr\u00e0 nella chiesetta di Montecorvino. L&#8217;evento \u00e8 organizzato dalla FIDAPA, sezione di Catanzaro. La serata sar\u00e0 moderata da Annarita Palaia.<\/p>\n\n\n\n<p>L&#8217;invito come sempre \u00e8 aperto a tutti (fino esaurimento posti).<\/p>\n\n\n\n<p><\/p>\n","protected":false},"excerpt":{"rendered":"<p>Una nuova conversazione ad ampio respiro sul mio ultimo libro, si terr\u00e0 nella chiesetta di Montecorvino. L&#8217;evento \u00e8 organizzato dalla FIDAPA, sezione di Catanzaro. La serata sar\u00e0 moderata da Annarita [&hellip;]<\/p>\n","protected":false},"author":1,"featured_media":7450,"comment_status":"closed","ping_status":"closed","sticky":false,"template":"","format":"image","meta":{"site-sidebar-layout":"default","site-content-layout":"","ast-site-content-layout":"default","site-content-style":"default","site-sidebar-style":"default","ast-global-header-display":"","ast-banner-title-visibility":"","ast-main-header-display":"","ast-hfb-above-header-display":"","ast-hfb-below-header-display":"","ast-hfb-mobile-header-display":"","site-post-title":"","ast-breadcrumbs-content":"","ast-featured-img":"","footer-sml-layout":"","ast-disable-related-posts":"","theme-transparent-header-meta":"","adv-header-id-meta":"","stick-header-meta":"","header-above-stick-meta":"","header-main-stick-meta":"","header-below-stick-meta":"","astra-migrate-meta-layouts":"set","ast-page-background-enabled":"default","ast-page-background-meta":{"desktop":{"background-color":"","background-image":"","background-repeat":"repeat","background-position":"center center","background-size":"auto","background-attachment":"scroll","background-type":"","background-media":"","overlay-type":"","overlay-color":"","overlay-opacity":"","overlay-gradient":""},"tablet":{"background-color":"","background-image":"","background-repeat":"repeat","background-position":"center center","background-size":"auto","background-attachment":"scroll","background-type":"","background-media":"","overlay-type":"","overlay-color":"","overlay-opacity":"","overlay-gradient":""},"mobile":{"background-color":"","background-image":"","background-repeat":"repeat","background-position":"center center","background-size":"auto","background-attachment":"scroll","background-type":"","background-media":"","overlay-type":"","overlay-color":"","overlay-opacity":"","overlay-gradient":""}},"ast-content-background-meta":{"desktop":{"background-color":"var(--ast-global-color-5)","background-image":"","background-repeat":"repeat","background-position":"center center","background-size":"auto","background-attachment":"scroll","background-type":"","background-media":"","overlay-type":"","overlay-color":"","overlay-opacity":"","overlay-gradient":""},"tablet":{"background-color":"var(--ast-global-color-5)","background-image":"","background-repeat":"repeat","background-position":"center center","background-size":"auto","background-attachment":"scroll","background-type":"","background-media":"","overlay-type":"","overlay-color":"","overlay-opacity":"","overlay-gradient":""},"mobile":{"background-color":"var(--ast-global-color-5)","background-image":"","background-repeat":"repeat","background-position":"center center","background-size":"auto","background-attachment":"scroll","background-type":"","background-media":"","overlay-type":"","overlay-color":"","overlay-opacity":"","overlay-gradient":""}},"footnotes":""},"categories":[45,4,5],"tags":[],"class_list":["post-7449","post","type-post","status-publish","format-image","has-post-thumbnail","hentry","category-appuntamenti","category-montecorvino","category-vetrina","post_format-post-format-image"],"yoast_head":"<!-- This site is optimized with the Yoast SEO plugin v27.4 - https:\/\/yoast.com\/product\/yoast-seo-wordpress\/ -->\n<title>Presentazione libro &quot;Ecologia dell&#039;anima&quot; | Montecorvino 6 Maggio h. 18.00 - Concolino.it<\/title>\n<meta name=\"robots\" content=\"index, follow, max-snippet:-1, max-image-preview:large, max-video-preview:-1\" \/>\n<link rel=\"canonical\" href=\"https:\/\/www.concolino.it\/index.php\/2026\/04\/27\/presentazione-libro-ecologia-dellanima-montecorvino-6-maggio-h-18-00\/\" \/>\n<meta property=\"og:locale\" content=\"it_IT\" \/>\n<meta property=\"og:type\" content=\"article\" \/>\n<meta property=\"og:title\" content=\"Presentazione libro &quot;Ecologia dell&#039;anima&quot; | Montecorvino 6 Maggio h. 18.00 - Concolino.it\" \/>\n<meta property=\"og:description\" content=\"Una nuova conversazione ad ampio respiro sul mio ultimo libro, si terr\u00e0 nella chiesetta di Montecorvino. L&#8217;evento \u00e8 organizzato dalla FIDAPA, sezione di Catanzaro. La serata sar\u00e0 moderata da Annarita [&hellip;]\" \/>\n<meta property=\"og:url\" content=\"https:\/\/www.concolino.it\/index.php\/2026\/04\/27\/presentazione-libro-ecologia-dellanima-montecorvino-6-maggio-h-18-00\/\" \/>\n<meta property=\"og:site_name\" content=\"Concolino.it\" \/>\n<meta property=\"article:publisher\" content=\"https:\/\/www.facebook.com\/don.mik.94\" \/>\n<meta property=\"article:author\" content=\"https:\/\/www.facebook.com\/don.mik.94\" \/>\n<meta property=\"article:published_time\" content=\"2026-04-27T18:36:44+00:00\" \/>\n<meta property=\"article:modified_time\" content=\"2026-04-27T19:04:13+00:00\" \/>\n<meta property=\"og:image\" content=\"https:\/\/www.concolino.it\/wp-content\/uploads\/2026\/04\/PHOTO-2026-04-27-12-44-25.jpg\" \/>\n\t<meta property=\"og:image:width\" content=\"864\" \/>\n\t<meta property=\"og:image:height\" content=\"865\" \/>\n\t<meta property=\"og:image:type\" content=\"image\/jpeg\" \/>\n<meta name=\"author\" content=\"Domenico Concolino\" \/>\n<meta name=\"twitter:card\" content=\"summary_large_image\" \/>\n<meta name=\"twitter:creator\" content=\"@https:\/\/twitter.com\/don_mik\" \/>\n<meta name=\"twitter:site\" content=\"@don_mik\" \/>\n<meta name=\"twitter:label1\" content=\"Scritto da\" \/>\n\t<meta name=\"twitter:data1\" content=\"Domenico Concolino\" \/>\n\t<meta name=\"twitter:label2\" content=\"Tempo di lettura stimato\" \/>\n\t<meta name=\"twitter:data2\" content=\"1 minuto\" \/>\n<script type=\"application\/ld+json\" class=\"yoast-schema-graph\">{\"@context\":\"https:\\\/\\\/schema.org\",\"@graph\":[{\"@type\":\"Article\",\"@id\":\"https:\\\/\\\/www.concolino.it\\\/index.php\\\/2026\\\/04\\\/27\\\/presentazione-libro-ecologia-dellanima-montecorvino-6-maggio-h-18-00\\\/#article\",\"isPartOf\":{\"@id\":\"https:\\\/\\\/www.concolino.it\\\/index.php\\\/2026\\\/04\\\/27\\\/presentazione-libro-ecologia-dellanima-montecorvino-6-maggio-h-18-00\\\/\"},\"author\":{\"name\":\"Domenico Concolino\",\"@id\":\"https:\\\/\\\/www.concolino.it\\\/#\\\/schema\\\/person\\\/dfa8517603a44e77da85e7eb5139c070\"},\"headline\":\"Presentazione libro &#8220;Ecologia dell&#8217;anima&#8221; | Montecorvino 6 Maggio h. 18.00\",\"datePublished\":\"2026-04-27T18:36:44+00:00\",\"dateModified\":\"2026-04-27T19:04:13+00:00\",\"mainEntityOfPage\":{\"@id\":\"https:\\\/\\\/www.concolino.it\\\/index.php\\\/2026\\\/04\\\/27\\\/presentazione-libro-ecologia-dellanima-montecorvino-6-maggio-h-18-00\\\/\"},\"wordCount\":49,\"publisher\":{\"@id\":\"https:\\\/\\\/www.concolino.it\\\/#\\\/schema\\\/person\\\/dfa8517603a44e77da85e7eb5139c070\"},\"image\":{\"@id\":\"https:\\\/\\\/www.concolino.it\\\/index.php\\\/2026\\\/04\\\/27\\\/presentazione-libro-ecologia-dellanima-montecorvino-6-maggio-h-18-00\\\/#primaryimage\"},\"thumbnailUrl\":\"https:\\\/\\\/www.concolino.it\\\/wp-content\\\/uploads\\\/2026\\\/04\\\/PHOTO-2026-04-27-12-44-25.jpg\",\"articleSection\":[\"Appuntamenti\",\"Montecorvino\",\"Vetrina\"],\"inLanguage\":\"it-IT\"},{\"@type\":\"WebPage\",\"@id\":\"https:\\\/\\\/www.concolino.it\\\/index.php\\\/2026\\\/04\\\/27\\\/presentazione-libro-ecologia-dellanima-montecorvino-6-maggio-h-18-00\\\/\",\"url\":\"https:\\\/\\\/www.concolino.it\\\/index.php\\\/2026\\\/04\\\/27\\\/presentazione-libro-ecologia-dellanima-montecorvino-6-maggio-h-18-00\\\/\",\"name\":\"Presentazione libro \\\"Ecologia dell'anima\\\" | Montecorvino 6 Maggio h. 18.00 - Concolino.it\",\"isPartOf\":{\"@id\":\"https:\\\/\\\/www.concolino.it\\\/#website\"},\"primaryImageOfPage\":{\"@id\":\"https:\\\/\\\/www.concolino.it\\\/index.php\\\/2026\\\/04\\\/27\\\/presentazione-libro-ecologia-dellanima-montecorvino-6-maggio-h-18-00\\\/#primaryimage\"},\"image\":{\"@id\":\"https:\\\/\\\/www.concolino.it\\\/index.php\\\/2026\\\/04\\\/27\\\/presentazione-libro-ecologia-dellanima-montecorvino-6-maggio-h-18-00\\\/#primaryimage\"},\"thumbnailUrl\":\"https:\\\/\\\/www.concolino.it\\\/wp-content\\\/uploads\\\/2026\\\/04\\\/PHOTO-2026-04-27-12-44-25.jpg\",\"datePublished\":\"2026-04-27T18:36:44+00:00\",\"dateModified\":\"2026-04-27T19:04:13+00:00\",\"breadcrumb\":{\"@id\":\"https:\\\/\\\/www.concolino.it\\\/index.php\\\/2026\\\/04\\\/27\\\/presentazione-libro-ecologia-dellanima-montecorvino-6-maggio-h-18-00\\\/#breadcrumb\"},\"inLanguage\":\"it-IT\",\"potentialAction\":[{\"@type\":\"ReadAction\",\"target\":[\"https:\\\/\\\/www.concolino.it\\\/index.php\\\/2026\\\/04\\\/27\\\/presentazione-libro-ecologia-dellanima-montecorvino-6-maggio-h-18-00\\\/\"]}]},{\"@type\":\"ImageObject\",\"inLanguage\":\"it-IT\",\"@id\":\"https:\\\/\\\/www.concolino.it\\\/index.php\\\/2026\\\/04\\\/27\\\/presentazione-libro-ecologia-dellanima-montecorvino-6-maggio-h-18-00\\\/#primaryimage\",\"url\":\"https:\\\/\\\/www.concolino.it\\\/wp-content\\\/uploads\\\/2026\\\/04\\\/PHOTO-2026-04-27-12-44-25.jpg\",\"contentUrl\":\"https:\\\/\\\/www.concolino.it\\\/wp-content\\\/uploads\\\/2026\\\/04\\\/PHOTO-2026-04-27-12-44-25.jpg\",\"width\":864,\"height\":865},{\"@type\":\"BreadcrumbList\",\"@id\":\"https:\\\/\\\/www.concolino.it\\\/index.php\\\/2026\\\/04\\\/27\\\/presentazione-libro-ecologia-dellanima-montecorvino-6-maggio-h-18-00\\\/#breadcrumb\",\"itemListElement\":[{\"@type\":\"ListItem\",\"position\":1,\"name\":\"Home\",\"item\":\"https:\\\/\\\/www.concolino.it\\\/\"},{\"@type\":\"ListItem\",\"position\":2,\"name\":\"Presentazione libro &#8220;Ecologia dell&#8217;anima&#8221; | Montecorvino 6 Maggio h. 18.00\"}]},{\"@type\":\"WebSite\",\"@id\":\"https:\\\/\\\/www.concolino.it\\\/#website\",\"url\":\"https:\\\/\\\/www.concolino.it\\\/\",\"name\":\"Concolino.it\",\"description\":\"Allargare gli spazi del Verbo\",\"publisher\":{\"@id\":\"https:\\\/\\\/www.concolino.it\\\/#\\\/schema\\\/person\\\/dfa8517603a44e77da85e7eb5139c070\"},\"potentialAction\":[{\"@type\":\"SearchAction\",\"target\":{\"@type\":\"EntryPoint\",\"urlTemplate\":\"https:\\\/\\\/www.concolino.it\\\/?s={search_term_string}\"},\"query-input\":{\"@type\":\"PropertyValueSpecification\",\"valueRequired\":true,\"valueName\":\"search_term_string\"}}],\"inLanguage\":\"it-IT\"},{\"@type\":[\"Person\",\"Organization\"],\"@id\":\"https:\\\/\\\/www.concolino.it\\\/#\\\/schema\\\/person\\\/dfa8517603a44e77da85e7eb5139c070\",\"name\":\"Domenico Concolino\",\"image\":{\"@type\":\"ImageObject\",\"inLanguage\":\"it-IT\",\"@id\":\"https:\\\/\\\/www.concolino.it\\\/wp-content\\\/uploads\\\/2014\\\/07\\\/CT5W9104.jpg\",\"url\":\"https:\\\/\\\/www.concolino.it\\\/wp-content\\\/uploads\\\/2014\\\/07\\\/CT5W9104.jpg\",\"contentUrl\":\"https:\\\/\\\/www.concolino.it\\\/wp-content\\\/uploads\\\/2014\\\/07\\\/CT5W9104.jpg\",\"width\":1276,\"height\":850,\"caption\":\"Domenico Concolino\"},\"logo\":{\"@id\":\"https:\\\/\\\/www.concolino.it\\\/wp-content\\\/uploads\\\/2014\\\/07\\\/CT5W9104.jpg\"},\"description\":\"Teologo | Cappellano Campus Universit\u00e0 Magna Graecia | Direttore Ufficio Regione Universit\u00e0 Scuola Educazione (Calabria)\",\"sameAs\":[\"https:\\\/\\\/www.facebook.com\\\/don.mik.94\",\"https:\\\/\\\/x.com\\\/https:\\\/\\\/twitter.com\\\/don_mik\"],\"url\":\"https:\\\/\\\/www.concolino.it\\\/index.php\\\/author\\\/admin\\\/\"}]}<\/script>\n<!-- \/ Yoast SEO plugin. -->","yoast_head_json":{"title":"Presentazione libro \"Ecologia dell'anima\" | Montecorvino 6 Maggio h. 18.00 - Concolino.it","robots":{"index":"index","follow":"follow","max-snippet":"max-snippet:-1","max-image-preview":"max-image-preview:large","max-video-preview":"max-video-preview:-1"},"canonical":"https:\/\/www.concolino.it\/index.php\/2026\/04\/27\/presentazione-libro-ecologia-dellanima-montecorvino-6-maggio-h-18-00\/","og_locale":"it_IT","og_type":"article","og_title":"Presentazione libro \"Ecologia dell'anima\" | Montecorvino 6 Maggio h. 18.00 - Concolino.it","og_description":"Una nuova conversazione ad ampio respiro sul mio ultimo libro, si terr\u00e0 nella chiesetta di Montecorvino. L&#8217;evento \u00e8 organizzato dalla FIDAPA, sezione di Catanzaro. La serata sar\u00e0 moderata da Annarita [&hellip;]","og_url":"https:\/\/www.concolino.it\/index.php\/2026\/04\/27\/presentazione-libro-ecologia-dellanima-montecorvino-6-maggio-h-18-00\/","og_site_name":"Concolino.it","article_publisher":"https:\/\/www.facebook.com\/don.mik.94","article_author":"https:\/\/www.facebook.com\/don.mik.94","article_published_time":"2026-04-27T18:36:44+00:00","article_modified_time":"2026-04-27T19:04:13+00:00","og_image":[{"width":864,"height":865,"url":"https:\/\/www.concolino.it\/wp-content\/uploads\/2026\/04\/PHOTO-2026-04-27-12-44-25.jpg","type":"image\/jpeg"}],"author":"Domenico Concolino","twitter_card":"summary_large_image","twitter_creator":"@https:\/\/twitter.com\/don_mik","twitter_site":"@don_mik","twitter_misc":{"Scritto da":"Domenico Concolino","Tempo di lettura stimato":"1 minuto"},"schema":{"@context":"https:\/\/schema.org","@graph":[{"@type":"Article","@id":"https:\/\/www.concolino.it\/index.php\/2026\/04\/27\/presentazione-libro-ecologia-dellanima-montecorvino-6-maggio-h-18-00\/#article","isPartOf":{"@id":"https:\/\/www.concolino.it\/index.php\/2026\/04\/27\/presentazione-libro-ecologia-dellanima-montecorvino-6-maggio-h-18-00\/"},"author":{"name":"Domenico Concolino","@id":"https:\/\/www.concolino.it\/#\/schema\/person\/dfa8517603a44e77da85e7eb5139c070"},"headline":"Presentazione libro &#8220;Ecologia dell&#8217;anima&#8221; | Montecorvino 6 Maggio h. 18.00","datePublished":"2026-04-27T18:36:44+00:00","dateModified":"2026-04-27T19:04:13+00:00","mainEntityOfPage":{"@id":"https:\/\/www.concolino.it\/index.php\/2026\/04\/27\/presentazione-libro-ecologia-dellanima-montecorvino-6-maggio-h-18-00\/"},"wordCount":49,"publisher":{"@id":"https:\/\/www.concolino.it\/#\/schema\/person\/dfa8517603a44e77da85e7eb5139c070"},"image":{"@id":"https:\/\/www.concolino.it\/index.php\/2026\/04\/27\/presentazione-libro-ecologia-dellanima-montecorvino-6-maggio-h-18-00\/#primaryimage"},"thumbnailUrl":"https:\/\/www.concolino.it\/wp-content\/uploads\/2026\/04\/PHOTO-2026-04-27-12-44-25.jpg","articleSection":["Appuntamenti","Montecorvino","Vetrina"],"inLanguage":"it-IT"},{"@type":"WebPage","@id":"https:\/\/www.concolino.it\/index.php\/2026\/04\/27\/presentazione-libro-ecologia-dellanima-montecorvino-6-maggio-h-18-00\/","url":"https:\/\/www.concolino.it\/index.php\/2026\/04\/27\/presentazione-libro-ecologia-dellanima-montecorvino-6-maggio-h-18-00\/","name":"Presentazione libro \"Ecologia dell'anima\" | Montecorvino 6 Maggio h. 18.00 - Concolino.it","isPartOf":{"@id":"https:\/\/www.concolino.it\/#website"},"primaryImageOfPage":{"@id":"https:\/\/www.concolino.it\/index.php\/2026\/04\/27\/presentazione-libro-ecologia-dellanima-montecorvino-6-maggio-h-18-00\/#primaryimage"},"image":{"@id":"https:\/\/www.concolino.it\/index.php\/2026\/04\/27\/presentazione-libro-ecologia-dellanima-montecorvino-6-maggio-h-18-00\/#primaryimage"},"thumbnailUrl":"https:\/\/www.concolino.it\/wp-content\/uploads\/2026\/04\/PHOTO-2026-04-27-12-44-25.jpg","datePublished":"2026-04-27T18:36:44+00:00","dateModified":"2026-04-27T19:04:13+00:00","breadcrumb":{"@id":"https:\/\/www.concolino.it\/index.php\/2026\/04\/27\/presentazione-libro-ecologia-dellanima-montecorvino-6-maggio-h-18-00\/#breadcrumb"},"inLanguage":"it-IT","potentialAction":[{"@type":"ReadAction","target":["https:\/\/www.concolino.it\/index.php\/2026\/04\/27\/presentazione-libro-ecologia-dellanima-montecorvino-6-maggio-h-18-00\/"]}]},{"@type":"ImageObject","inLanguage":"it-IT","@id":"https:\/\/www.concolino.it\/index.php\/2026\/04\/27\/presentazione-libro-ecologia-dellanima-montecorvino-6-maggio-h-18-00\/#primaryimage","url":"https:\/\/www.concolino.it\/wp-content\/uploads\/2026\/04\/PHOTO-2026-04-27-12-44-25.jpg","contentUrl":"https:\/\/www.concolino.it\/wp-content\/uploads\/2026\/04\/PHOTO-2026-04-27-12-44-25.jpg","width":864,"height":865},{"@type":"BreadcrumbList","@id":"https:\/\/www.concolino.it\/index.php\/2026\/04\/27\/presentazione-libro-ecologia-dellanima-montecorvino-6-maggio-h-18-00\/#breadcrumb","itemListElement":[{"@type":"ListItem","position":1,"name":"Home","item":"https:\/\/www.concolino.it\/"},{"@type":"ListItem","position":2,"name":"Presentazione libro &#8220;Ecologia dell&#8217;anima&#8221; | Montecorvino 6 Maggio h. 18.00"}]},{"@type":"WebSite","@id":"https:\/\/www.concolino.it\/#website","url":"https:\/\/www.concolino.it\/","name":"Concolino.it","description":"Allargare gli spazi del Verbo","publisher":{"@id":"https:\/\/www.concolino.it\/#\/schema\/person\/dfa8517603a44e77da85e7eb5139c070"},"potentialAction":[{"@type":"SearchAction","target":{"@type":"EntryPoint","urlTemplate":"https:\/\/www.concolino.it\/?s={search_term_string}"},"query-input":{"@type":"PropertyValueSpecification","valueRequired":true,"valueName":"search_term_string"}}],"inLanguage":"it-IT"},{"@type":["Person","Organization"],"@id":"https:\/\/www.concolino.it\/#\/schema\/person\/dfa8517603a44e77da85e7eb5139c070","name":"Domenico Concolino","image":{"@type":"ImageObject","inLanguage":"it-IT","@id":"https:\/\/www.concolino.it\/wp-content\/uploads\/2014\/07\/CT5W9104.jpg","url":"https:\/\/www.concolino.it\/wp-content\/uploads\/2014\/07\/CT5W9104.jpg","contentUrl":"https:\/\/www.concolino.it\/wp-content\/uploads\/2014\/07\/CT5W9104.jpg","width":1276,"height":850,"caption":"Domenico Concolino"},"logo":{"@id":"https:\/\/www.concolino.it\/wp-content\/uploads\/2014\/07\/CT5W9104.jpg"},"description":"Teologo | Cappellano Campus Universit\u00e0 Magna Graecia | Direttore Ufficio Regione Universit\u00e0 Scuola Educazione (Calabria)","sameAs":["https:\/\/www.facebook.com\/don.mik.94","https:\/\/x.com\/https:\/\/twitter.com\/don_mik"],"url":"https:\/\/www.concolino.it\/index.php\/author\/admin\/"}]}},"_links":{"self":[{"href":"https:\/\/www.concolino.it\/index.php\/wp-json\/wp\/v2\/posts\/7449","targetHints":{"allow":["GET"]}}],"collection":[{"href":"https:\/\/www.concolino.it\/index.php\/wp-json\/wp\/v2\/posts"}],"about":[{"href":"https:\/\/www.concolino.it\/index.php\/wp-json\/wp\/v2\/types\/post"}],"author":[{"embeddable":true,"href":"https:\/\/www.concolino.it\/index.php\/wp-json\/wp\/v2\/users\/1"}],"replies":[{"embeddable":true,"href":"https:\/\/www.concolino.it\/index.php\/wp-json\/wp\/v2\/comments?post=7449"}],"version-history":[{"count":3,"href":"https:\/\/www.concolino.it\/index.php\/wp-json\/wp\/v2\/posts\/7449\/revisions"}],"predecessor-version":[{"id":7457,"href":"https:\/\/www.concolino.it\/index.php\/wp-json\/wp\/v2\/posts\/7449\/revisions\/7457"}],"wp:featuredmedia":[{"embeddable":true,"href":"https:\/\/www.concolino.it\/index.php\/wp-json\/wp\/v2\/media\/7450"}],"wp:attachment":[{"href":"https:\/\/www.concolino.it\/index.php\/wp-json\/wp\/v2\/media?parent=7449"}],"wp:term":[{"taxonomy":"category","embeddable":true,"href":"https:\/\/www.concolino.it\/index.php\/wp-json\/wp\/v2\/categories?post=7449"},{"taxonomy":"post_tag","embeddable":true,"href":"https:\/\/www.concolino.it\/index.php\/wp-json\/wp\/v2\/tags?post=7449"}],"curies":[{"name":"wp","href":"https:\/\/api.w.org\/{rel}","templated":true}]}}