{"id":7336,"date":"2026-03-11T17:37:30","date_gmt":"2026-03-11T16:37:30","guid":{"rendered":"https:\/\/www.concolino.it\/?p=7336"},"modified":"2026-03-11T17:37:32","modified_gmt":"2026-03-11T16:37:32","slug":"sulla-generazione-dei-vizi-gregorio-magno-monaco-e-papa-540-604","status":"publish","type":"post","link":"https:\/\/www.concolino.it\/index.php\/2026\/03\/11\/sulla-generazione-dei-vizi-gregorio-magno-monaco-e-papa-540-604\/","title":{"rendered":"Sulla generazione dei vizi | Gregorio Magno &#8211; Monaco e papa (540 &#8211; 604)"},"content":{"rendered":"\n<p> &#8220;I vizi sono legati da un vincolo di parentela strettissimo dal momento che derivano l&#8217;uno dall&#8217;altro.<\/p>\n\n\n\n<p>La prima figlia della superbia, infatti, \u00e8 la vanagloria, che,  una volta vinta e corrotta la mente, genera subito l&#8217;invidia; poich\u00e9 chi aspira ad un potere vano si rode se qualcun altro riesce a raggiungerlo.<\/p>\n\n\n\n<p>l&#8217;invidia genera l&#8217;ira, perch\u00e9 quanto pi\u00f9 l&#8217;animo \u00e8 esacerbato dal livore interiore, tanto pi\u00f9 perde la mansuetudine della tranquillit\u00e0, e, simile a una parte del corpo dolorante, avverte come insopportabile la pressione della mano che lo tocca. Dall&#8217;ira la nasce la tristezza, perch\u00e9 la mente turbata, quanto pi\u00f9 \u00e8 squassata da moti scomposti, tanto pi\u00f9 si condanna alla confusione, \u00e8 una volta persa la dolcezza della tranquillit\u00e0 si pasce esclusivamente della tristezza che segue tale turbamento.<\/p>\n\n\n\n<p>Dalla tristezza si arriva all&#8217;avarizia, poich\u00e9 quando il cuore, confuso, ha perso il bene della letizia interiore, cerca all&#8217;esterno il motivi di consolazione, e, non potendo ricorrere alla gioia interiore, desidera tanto pi\u00f9 ardentemente di possedere i beni esteriori. A questo punto sopravanzano i due vizi carnali, gola e lussuria. Ma \u00e8 noto a tutti che la lussuria nasce dalla gola, dal momento che nella stessa disposizione delle membra gli organi genitali sono collocati al di sotto del ventre. Perci\u00f2 mentre quest&#8217;ultimo si riempie in maniera sregolata, quelli si eccitano alla libidine&#8221;.<\/p>\n\n\n\n<p>(Gregorio Magno, <em>Moralia in Job<\/em>)<\/p>\n","protected":false},"excerpt":{"rendered":"<p>&#8220;I vizi sono legati da un vincolo di parentela strettissimo dal momento che derivano l&#8217;uno dall&#8217;altro. La prima figlia della superbia, infatti, \u00e8 la vanagloria, che, una volta vinta e [&hellip;]<\/p>\n","protected":false},"author":1,"featured_media":7337,"comment_status":"closed","ping_status":"closed","sticky":false,"template":"","format":"image","meta":{"site-sidebar-layout":"default","site-content-layout":"","ast-site-content-layout":"default","site-content-style":"default","site-sidebar-style":"default","ast-global-header-display":"","ast-banner-title-visibility":"","ast-main-header-display":"","ast-hfb-above-header-display":"","ast-hfb-below-header-display":"","ast-hfb-mobile-header-display":"","site-post-title":"","ast-breadcrumbs-content":"","ast-featured-img":"","footer-sml-layout":"","ast-disable-related-posts":"","theme-transparent-header-meta":"","adv-header-id-meta":"","stick-header-meta":"","header-above-stick-meta":"","header-main-stick-meta":"","header-below-stick-meta":"","astra-migrate-meta-layouts":"set","ast-page-background-enabled":"default","ast-page-background-meta":{"desktop":{"background-color":"","background-image":"","background-repeat":"repeat","background-position":"center center","background-size":"auto","background-attachment":"scroll","background-type":"","background-media":"","overlay-type":"","overlay-color":"","overlay-opacity":"","overlay-gradient":""},"tablet":{"background-color":"","background-image":"","background-repeat":"repeat","background-position":"center center","background-size":"auto","background-attachment":"scroll","background-type":"","background-media":"","overlay-type":"","overlay-color":"","overlay-opacity":"","overlay-gradient":""},"mobile":{"background-color":"","background-image":"","background-repeat":"repeat","background-position":"center center","background-size":"auto","background-attachment":"scroll","background-type":"","background-media":"","overlay-type":"","overlay-color":"","overlay-opacity":"","overlay-gradient":""}},"ast-content-background-meta":{"desktop":{"background-color":"var(--ast-global-color-5)","background-image":"","background-repeat":"repeat","background-position":"center center","background-size":"auto","background-attachment":"scroll","background-type":"","background-media":"","overlay-type":"","overlay-color":"","overlay-opacity":"","overlay-gradient":""},"tablet":{"background-color":"var(--ast-global-color-5)","background-image":"","background-repeat":"repeat","background-position":"center center","background-size":"auto","background-attachment":"scroll","background-type":"","background-media":"","overlay-type":"","overlay-color":"","overlay-opacity":"","overlay-gradient":""},"mobile":{"background-color":"var(--ast-global-color-5)","background-image":"","background-repeat":"repeat","background-position":"center center","background-size":"auto","background-attachment":"scroll","background-type":"","background-media":"","overlay-type":"","overlay-color":"","overlay-opacity":"","overlay-gradient":""}},"footnotes":""},"categories":[8,5],"tags":[],"class_list":["post-7336","post","type-post","status-publish","format-image","has-post-thumbnail","hentry","category-citazioni","category-vetrina","post_format-post-format-image"],"yoast_head":"<!-- This site is optimized with the Yoast SEO plugin v27.5 - https:\/\/yoast.com\/product\/yoast-seo-wordpress\/ -->\n<title>Sulla generazione dei vizi | Gregorio Magno - Monaco e papa (540 - 604) - Concolino.it<\/title>\n<meta name=\"robots\" content=\"index, follow, max-snippet:-1, max-image-preview:large, max-video-preview:-1\" \/>\n<link rel=\"canonical\" href=\"https:\/\/www.concolino.it\/index.php\/2026\/03\/11\/sulla-generazione-dei-vizi-gregorio-magno-monaco-e-papa-540-604\/\" \/>\n<meta property=\"og:locale\" content=\"it_IT\" \/>\n<meta property=\"og:type\" content=\"article\" \/>\n<meta property=\"og:title\" content=\"Sulla generazione dei vizi | Gregorio Magno - Monaco e papa (540 - 604) - Concolino.it\" \/>\n<meta property=\"og:description\" content=\"&#8220;I vizi sono legati da un vincolo di parentela strettissimo dal momento che derivano l&#8217;uno dall&#8217;altro. La prima figlia della superbia, infatti, \u00e8 la vanagloria, che, una volta vinta e [&hellip;]\" \/>\n<meta property=\"og:url\" content=\"https:\/\/www.concolino.it\/index.php\/2026\/03\/11\/sulla-generazione-dei-vizi-gregorio-magno-monaco-e-papa-540-604\/\" \/>\n<meta property=\"og:site_name\" content=\"Concolino.it\" \/>\n<meta property=\"article:publisher\" content=\"https:\/\/www.facebook.com\/don.mik.94\" \/>\n<meta property=\"article:author\" content=\"https:\/\/www.facebook.com\/don.mik.94\" \/>\n<meta property=\"article:published_time\" content=\"2026-03-11T16:37:30+00:00\" \/>\n<meta property=\"article:modified_time\" content=\"2026-03-11T16:37:32+00:00\" \/>\n<meta property=\"og:image\" content=\"https:\/\/www.concolino.it\/wp-content\/uploads\/2026\/03\/abb.png\" \/>\n\t<meta property=\"og:image:width\" content=\"890\" \/>\n\t<meta property=\"og:image:height\" content=\"1052\" \/>\n\t<meta property=\"og:image:type\" content=\"image\/png\" \/>\n<meta name=\"author\" content=\"Domenico Concolino\" \/>\n<meta name=\"twitter:card\" content=\"summary_large_image\" \/>\n<meta name=\"twitter:creator\" content=\"@https:\/\/twitter.com\/don_mik\" \/>\n<meta name=\"twitter:site\" content=\"@don_mik\" \/>\n<meta name=\"twitter:label1\" content=\"Scritto da\" \/>\n\t<meta name=\"twitter:data1\" content=\"Domenico Concolino\" \/>\n\t<meta name=\"twitter:label2\" content=\"Tempo di lettura stimato\" \/>\n\t<meta name=\"twitter:data2\" content=\"2 minuti\" \/>\n<script type=\"application\/ld+json\" class=\"yoast-schema-graph\">{\"@context\":\"https:\\\/\\\/schema.org\",\"@graph\":[{\"@type\":\"Article\",\"@id\":\"https:\\\/\\\/www.concolino.it\\\/index.php\\\/2026\\\/03\\\/11\\\/sulla-generazione-dei-vizi-gregorio-magno-monaco-e-papa-540-604\\\/#article\",\"isPartOf\":{\"@id\":\"https:\\\/\\\/www.concolino.it\\\/index.php\\\/2026\\\/03\\\/11\\\/sulla-generazione-dei-vizi-gregorio-magno-monaco-e-papa-540-604\\\/\"},\"author\":{\"name\":\"Domenico Concolino\",\"@id\":\"https:\\\/\\\/www.concolino.it\\\/#\\\/schema\\\/person\\\/dfa8517603a44e77da85e7eb5139c070\"},\"headline\":\"Sulla generazione dei vizi | Gregorio Magno &#8211; Monaco e papa (540 &#8211; 604)\",\"datePublished\":\"2026-03-11T16:37:30+00:00\",\"dateModified\":\"2026-03-11T16:37:32+00:00\",\"mainEntityOfPage\":{\"@id\":\"https:\\\/\\\/www.concolino.it\\\/index.php\\\/2026\\\/03\\\/11\\\/sulla-generazione-dei-vizi-gregorio-magno-monaco-e-papa-540-604\\\/\"},\"wordCount\":240,\"publisher\":{\"@id\":\"https:\\\/\\\/www.concolino.it\\\/#\\\/schema\\\/person\\\/dfa8517603a44e77da85e7eb5139c070\"},\"image\":{\"@id\":\"https:\\\/\\\/www.concolino.it\\\/index.php\\\/2026\\\/03\\\/11\\\/sulla-generazione-dei-vizi-gregorio-magno-monaco-e-papa-540-604\\\/#primaryimage\"},\"thumbnailUrl\":\"https:\\\/\\\/www.concolino.it\\\/wp-content\\\/uploads\\\/2026\\\/03\\\/abb.png\",\"articleSection\":[\"Citazioni\",\"Vetrina\"],\"inLanguage\":\"it-IT\"},{\"@type\":\"WebPage\",\"@id\":\"https:\\\/\\\/www.concolino.it\\\/index.php\\\/2026\\\/03\\\/11\\\/sulla-generazione-dei-vizi-gregorio-magno-monaco-e-papa-540-604\\\/\",\"url\":\"https:\\\/\\\/www.concolino.it\\\/index.php\\\/2026\\\/03\\\/11\\\/sulla-generazione-dei-vizi-gregorio-magno-monaco-e-papa-540-604\\\/\",\"name\":\"Sulla generazione dei vizi | Gregorio Magno - Monaco e papa (540 - 604) - Concolino.it\",\"isPartOf\":{\"@id\":\"https:\\\/\\\/www.concolino.it\\\/#website\"},\"primaryImageOfPage\":{\"@id\":\"https:\\\/\\\/www.concolino.it\\\/index.php\\\/2026\\\/03\\\/11\\\/sulla-generazione-dei-vizi-gregorio-magno-monaco-e-papa-540-604\\\/#primaryimage\"},\"image\":{\"@id\":\"https:\\\/\\\/www.concolino.it\\\/index.php\\\/2026\\\/03\\\/11\\\/sulla-generazione-dei-vizi-gregorio-magno-monaco-e-papa-540-604\\\/#primaryimage\"},\"thumbnailUrl\":\"https:\\\/\\\/www.concolino.it\\\/wp-content\\\/uploads\\\/2026\\\/03\\\/abb.png\",\"datePublished\":\"2026-03-11T16:37:30+00:00\",\"dateModified\":\"2026-03-11T16:37:32+00:00\",\"breadcrumb\":{\"@id\":\"https:\\\/\\\/www.concolino.it\\\/index.php\\\/2026\\\/03\\\/11\\\/sulla-generazione-dei-vizi-gregorio-magno-monaco-e-papa-540-604\\\/#breadcrumb\"},\"inLanguage\":\"it-IT\",\"potentialAction\":[{\"@type\":\"ReadAction\",\"target\":[\"https:\\\/\\\/www.concolino.it\\\/index.php\\\/2026\\\/03\\\/11\\\/sulla-generazione-dei-vizi-gregorio-magno-monaco-e-papa-540-604\\\/\"]}]},{\"@type\":\"ImageObject\",\"inLanguage\":\"it-IT\",\"@id\":\"https:\\\/\\\/www.concolino.it\\\/index.php\\\/2026\\\/03\\\/11\\\/sulla-generazione-dei-vizi-gregorio-magno-monaco-e-papa-540-604\\\/#primaryimage\",\"url\":\"https:\\\/\\\/www.concolino.it\\\/wp-content\\\/uploads\\\/2026\\\/03\\\/abb.png\",\"contentUrl\":\"https:\\\/\\\/www.concolino.it\\\/wp-content\\\/uploads\\\/2026\\\/03\\\/abb.png\",\"width\":890,\"height\":1052},{\"@type\":\"BreadcrumbList\",\"@id\":\"https:\\\/\\\/www.concolino.it\\\/index.php\\\/2026\\\/03\\\/11\\\/sulla-generazione-dei-vizi-gregorio-magno-monaco-e-papa-540-604\\\/#breadcrumb\",\"itemListElement\":[{\"@type\":\"ListItem\",\"position\":1,\"name\":\"Home\",\"item\":\"https:\\\/\\\/www.concolino.it\\\/\"},{\"@type\":\"ListItem\",\"position\":2,\"name\":\"Sulla generazione dei vizi | Gregorio Magno &#8211; Monaco e papa (540 &#8211; 604)\"}]},{\"@type\":\"WebSite\",\"@id\":\"https:\\\/\\\/www.concolino.it\\\/#website\",\"url\":\"https:\\\/\\\/www.concolino.it\\\/\",\"name\":\"Concolino.it\",\"description\":\"Allargare gli spazi del Verbo\",\"publisher\":{\"@id\":\"https:\\\/\\\/www.concolino.it\\\/#\\\/schema\\\/person\\\/dfa8517603a44e77da85e7eb5139c070\"},\"potentialAction\":[{\"@type\":\"SearchAction\",\"target\":{\"@type\":\"EntryPoint\",\"urlTemplate\":\"https:\\\/\\\/www.concolino.it\\\/?s={search_term_string}\"},\"query-input\":{\"@type\":\"PropertyValueSpecification\",\"valueRequired\":true,\"valueName\":\"search_term_string\"}}],\"inLanguage\":\"it-IT\"},{\"@type\":[\"Person\",\"Organization\"],\"@id\":\"https:\\\/\\\/www.concolino.it\\\/#\\\/schema\\\/person\\\/dfa8517603a44e77da85e7eb5139c070\",\"name\":\"Domenico Concolino\",\"image\":{\"@type\":\"ImageObject\",\"inLanguage\":\"it-IT\",\"@id\":\"https:\\\/\\\/www.concolino.it\\\/wp-content\\\/uploads\\\/2014\\\/07\\\/CT5W9104.jpg\",\"url\":\"https:\\\/\\\/www.concolino.it\\\/wp-content\\\/uploads\\\/2014\\\/07\\\/CT5W9104.jpg\",\"contentUrl\":\"https:\\\/\\\/www.concolino.it\\\/wp-content\\\/uploads\\\/2014\\\/07\\\/CT5W9104.jpg\",\"width\":1276,\"height\":850,\"caption\":\"Domenico Concolino\"},\"logo\":{\"@id\":\"https:\\\/\\\/www.concolino.it\\\/wp-content\\\/uploads\\\/2014\\\/07\\\/CT5W9104.jpg\"},\"description\":\"Teologo | Cappellano Campus Universit\u00e0 Magna Graecia | Direttore Ufficio Regione Universit\u00e0 Scuola Educazione (Calabria)\",\"sameAs\":[\"https:\\\/\\\/www.facebook.com\\\/don.mik.94\",\"https:\\\/\\\/x.com\\\/https:\\\/\\\/twitter.com\\\/don_mik\"],\"url\":\"https:\\\/\\\/www.concolino.it\\\/index.php\\\/author\\\/admin\\\/\"}]}<\/script>\n<!-- \/ Yoast SEO plugin. -->","yoast_head_json":{"title":"Sulla generazione dei vizi | Gregorio Magno - Monaco e papa (540 - 604) - Concolino.it","robots":{"index":"index","follow":"follow","max-snippet":"max-snippet:-1","max-image-preview":"max-image-preview:large","max-video-preview":"max-video-preview:-1"},"canonical":"https:\/\/www.concolino.it\/index.php\/2026\/03\/11\/sulla-generazione-dei-vizi-gregorio-magno-monaco-e-papa-540-604\/","og_locale":"it_IT","og_type":"article","og_title":"Sulla generazione dei vizi | Gregorio Magno - Monaco e papa (540 - 604) - Concolino.it","og_description":"&#8220;I vizi sono legati da un vincolo di parentela strettissimo dal momento che derivano l&#8217;uno dall&#8217;altro. La prima figlia della superbia, infatti, \u00e8 la vanagloria, che, una volta vinta e [&hellip;]","og_url":"https:\/\/www.concolino.it\/index.php\/2026\/03\/11\/sulla-generazione-dei-vizi-gregorio-magno-monaco-e-papa-540-604\/","og_site_name":"Concolino.it","article_publisher":"https:\/\/www.facebook.com\/don.mik.94","article_author":"https:\/\/www.facebook.com\/don.mik.94","article_published_time":"2026-03-11T16:37:30+00:00","article_modified_time":"2026-03-11T16:37:32+00:00","og_image":[{"width":890,"height":1052,"url":"https:\/\/www.concolino.it\/wp-content\/uploads\/2026\/03\/abb.png","type":"image\/png"}],"author":"Domenico Concolino","twitter_card":"summary_large_image","twitter_creator":"@https:\/\/twitter.com\/don_mik","twitter_site":"@don_mik","twitter_misc":{"Scritto da":"Domenico Concolino","Tempo di lettura stimato":"2 minuti"},"schema":{"@context":"https:\/\/schema.org","@graph":[{"@type":"Article","@id":"https:\/\/www.concolino.it\/index.php\/2026\/03\/11\/sulla-generazione-dei-vizi-gregorio-magno-monaco-e-papa-540-604\/#article","isPartOf":{"@id":"https:\/\/www.concolino.it\/index.php\/2026\/03\/11\/sulla-generazione-dei-vizi-gregorio-magno-monaco-e-papa-540-604\/"},"author":{"name":"Domenico Concolino","@id":"https:\/\/www.concolino.it\/#\/schema\/person\/dfa8517603a44e77da85e7eb5139c070"},"headline":"Sulla generazione dei vizi | Gregorio Magno &#8211; Monaco e papa (540 &#8211; 604)","datePublished":"2026-03-11T16:37:30+00:00","dateModified":"2026-03-11T16:37:32+00:00","mainEntityOfPage":{"@id":"https:\/\/www.concolino.it\/index.php\/2026\/03\/11\/sulla-generazione-dei-vizi-gregorio-magno-monaco-e-papa-540-604\/"},"wordCount":240,"publisher":{"@id":"https:\/\/www.concolino.it\/#\/schema\/person\/dfa8517603a44e77da85e7eb5139c070"},"image":{"@id":"https:\/\/www.concolino.it\/index.php\/2026\/03\/11\/sulla-generazione-dei-vizi-gregorio-magno-monaco-e-papa-540-604\/#primaryimage"},"thumbnailUrl":"https:\/\/www.concolino.it\/wp-content\/uploads\/2026\/03\/abb.png","articleSection":["Citazioni","Vetrina"],"inLanguage":"it-IT"},{"@type":"WebPage","@id":"https:\/\/www.concolino.it\/index.php\/2026\/03\/11\/sulla-generazione-dei-vizi-gregorio-magno-monaco-e-papa-540-604\/","url":"https:\/\/www.concolino.it\/index.php\/2026\/03\/11\/sulla-generazione-dei-vizi-gregorio-magno-monaco-e-papa-540-604\/","name":"Sulla generazione dei vizi | Gregorio Magno - Monaco e papa (540 - 604) - Concolino.it","isPartOf":{"@id":"https:\/\/www.concolino.it\/#website"},"primaryImageOfPage":{"@id":"https:\/\/www.concolino.it\/index.php\/2026\/03\/11\/sulla-generazione-dei-vizi-gregorio-magno-monaco-e-papa-540-604\/#primaryimage"},"image":{"@id":"https:\/\/www.concolino.it\/index.php\/2026\/03\/11\/sulla-generazione-dei-vizi-gregorio-magno-monaco-e-papa-540-604\/#primaryimage"},"thumbnailUrl":"https:\/\/www.concolino.it\/wp-content\/uploads\/2026\/03\/abb.png","datePublished":"2026-03-11T16:37:30+00:00","dateModified":"2026-03-11T16:37:32+00:00","breadcrumb":{"@id":"https:\/\/www.concolino.it\/index.php\/2026\/03\/11\/sulla-generazione-dei-vizi-gregorio-magno-monaco-e-papa-540-604\/#breadcrumb"},"inLanguage":"it-IT","potentialAction":[{"@type":"ReadAction","target":["https:\/\/www.concolino.it\/index.php\/2026\/03\/11\/sulla-generazione-dei-vizi-gregorio-magno-monaco-e-papa-540-604\/"]}]},{"@type":"ImageObject","inLanguage":"it-IT","@id":"https:\/\/www.concolino.it\/index.php\/2026\/03\/11\/sulla-generazione-dei-vizi-gregorio-magno-monaco-e-papa-540-604\/#primaryimage","url":"https:\/\/www.concolino.it\/wp-content\/uploads\/2026\/03\/abb.png","contentUrl":"https:\/\/www.concolino.it\/wp-content\/uploads\/2026\/03\/abb.png","width":890,"height":1052},{"@type":"BreadcrumbList","@id":"https:\/\/www.concolino.it\/index.php\/2026\/03\/11\/sulla-generazione-dei-vizi-gregorio-magno-monaco-e-papa-540-604\/#breadcrumb","itemListElement":[{"@type":"ListItem","position":1,"name":"Home","item":"https:\/\/www.concolino.it\/"},{"@type":"ListItem","position":2,"name":"Sulla generazione dei vizi | Gregorio Magno &#8211; Monaco e papa (540 &#8211; 604)"}]},{"@type":"WebSite","@id":"https:\/\/www.concolino.it\/#website","url":"https:\/\/www.concolino.it\/","name":"Concolino.it","description":"Allargare gli spazi del Verbo","publisher":{"@id":"https:\/\/www.concolino.it\/#\/schema\/person\/dfa8517603a44e77da85e7eb5139c070"},"potentialAction":[{"@type":"SearchAction","target":{"@type":"EntryPoint","urlTemplate":"https:\/\/www.concolino.it\/?s={search_term_string}"},"query-input":{"@type":"PropertyValueSpecification","valueRequired":true,"valueName":"search_term_string"}}],"inLanguage":"it-IT"},{"@type":["Person","Organization"],"@id":"https:\/\/www.concolino.it\/#\/schema\/person\/dfa8517603a44e77da85e7eb5139c070","name":"Domenico Concolino","image":{"@type":"ImageObject","inLanguage":"it-IT","@id":"https:\/\/www.concolino.it\/wp-content\/uploads\/2014\/07\/CT5W9104.jpg","url":"https:\/\/www.concolino.it\/wp-content\/uploads\/2014\/07\/CT5W9104.jpg","contentUrl":"https:\/\/www.concolino.it\/wp-content\/uploads\/2014\/07\/CT5W9104.jpg","width":1276,"height":850,"caption":"Domenico Concolino"},"logo":{"@id":"https:\/\/www.concolino.it\/wp-content\/uploads\/2014\/07\/CT5W9104.jpg"},"description":"Teologo | Cappellano Campus Universit\u00e0 Magna Graecia | Direttore Ufficio Regione Universit\u00e0 Scuola Educazione (Calabria)","sameAs":["https:\/\/www.facebook.com\/don.mik.94","https:\/\/x.com\/https:\/\/twitter.com\/don_mik"],"url":"https:\/\/www.concolino.it\/index.php\/author\/admin\/"}]}},"_links":{"self":[{"href":"https:\/\/www.concolino.it\/index.php\/wp-json\/wp\/v2\/posts\/7336","targetHints":{"allow":["GET"]}}],"collection":[{"href":"https:\/\/www.concolino.it\/index.php\/wp-json\/wp\/v2\/posts"}],"about":[{"href":"https:\/\/www.concolino.it\/index.php\/wp-json\/wp\/v2\/types\/post"}],"author":[{"embeddable":true,"href":"https:\/\/www.concolino.it\/index.php\/wp-json\/wp\/v2\/users\/1"}],"replies":[{"embeddable":true,"href":"https:\/\/www.concolino.it\/index.php\/wp-json\/wp\/v2\/comments?post=7336"}],"version-history":[{"count":1,"href":"https:\/\/www.concolino.it\/index.php\/wp-json\/wp\/v2\/posts\/7336\/revisions"}],"predecessor-version":[{"id":7338,"href":"https:\/\/www.concolino.it\/index.php\/wp-json\/wp\/v2\/posts\/7336\/revisions\/7338"}],"wp:featuredmedia":[{"embeddable":true,"href":"https:\/\/www.concolino.it\/index.php\/wp-json\/wp\/v2\/media\/7337"}],"wp:attachment":[{"href":"https:\/\/www.concolino.it\/index.php\/wp-json\/wp\/v2\/media?parent=7336"}],"wp:term":[{"taxonomy":"category","embeddable":true,"href":"https:\/\/www.concolino.it\/index.php\/wp-json\/wp\/v2\/categories?post=7336"},{"taxonomy":"post_tag","embeddable":true,"href":"https:\/\/www.concolino.it\/index.php\/wp-json\/wp\/v2\/tags?post=7336"}],"curies":[{"name":"wp","href":"https:\/\/api.w.org\/{rel}","templated":true}]}}