{"id":7327,"date":"2026-03-11T16:36:00","date_gmt":"2026-03-11T15:36:00","guid":{"rendered":"https:\/\/www.concolino.it\/?p=7327"},"modified":"2026-03-11T17:14:03","modified_gmt":"2026-03-11T16:14:03","slug":"sui-vizi-e-le-virtu-pensieri","status":"publish","type":"post","link":"https:\/\/www.concolino.it\/index.php\/2026\/03\/11\/sui-vizi-e-le-virtu-pensieri\/","title":{"rendered":"Sui vizi e le virt\u00f9 | Pensieri"},"content":{"rendered":"\n<p>Superbia, avarizia, gola, lussuria, invidia, ira, accidia: ma cosa sono realmente i cosiddetti<em> vizi capitali<\/em>?<\/p>\n\n\n\n<p>Credo che siano ormai davvero pochi i credenti che li ricordano tutti a memoria o che ne hanno fatto oggetto nel proprio esame di coscienza. Paradossalmente, per\u00f2 sono molto presenti\u00a0&#8211; per le loro manifestazioni esterne &#8211; nell\u2019indagine della psicologia clinica e nella riflessione filosofica, specialmente quella di matrice greca e romana.  \u00a0<\/p>\n\n\n\n<p>C\u2019\u00e8 un testo di Gregorio Magno, monaco e papa, che verso verso la fine del VI secolo scrive qualcosa che rimarr\u00e0 come un testo iconico nella cultura cristiana e ci aiuta capire perch\u00e9 li abbiamo denominati capitali, cio\u00e8 capi di un esercito di altri vizi:\u00a0 \u00a0<\/p>\n\n\n\n<p>\u201cTra i vizi che ci tentano e che combattono contro di noi una guerra invisibile sotto il dominio della superbia, alcuni avanzano alla testa dell\u2019esercito, come comandanti, altri seguono come soldati semplici. Non tutte le colpe infatti attaccano il cuore allo stesso modo, ma mentre quelle pi\u00f9 gravi, di numero limitato, vincono la mente approfittando della sua disattenzione, le innumerevoli colpe meno gravi le si riversano addosso. E non appena la regina stessa dei vizi, la superbia, si impadronisce pienamente del cuore dopo averlo piegato, ecco che lo consegna alle devastazioni dei sette vizi principali, che sono una sorta di suoi luogotenenti. A seguito di questi comandanti arriva l\u2019esercito, giacch\u00e9 non c\u2019\u00e8 dubbio che da essi traggono origine brutali catervdi vizi\u201d (<em>Moralia in Job<\/em>).\u00a0<\/p>\n\n\n\n<p>Per Gregorio a capo di questo esercito sta la superbia &#8216;radice di tutti i mali&#8217; dalla quale derivano i sette vizi principali: vanagloria, invidia, ira, tristezza, avarizia, gola, lussuria.<\/p>\n\n\n\n<p>La riflessione cristiana sui vizi inizia perci\u00f2 molto lontano da noi. Essa matura all\u2019interno del\u00a0 monachesimo egiziano tra il terzo e il quarto secolo dopo Cristo. Anche il pensiero medievale ne ha fatto tesoro ispirando con la loro opera diversi poeti, scrittori ed artisti.\u00a0Dante con la Divina Commedia e Giotto con la Cappella degli Scrovegni a Padova, ne sono un esempio eloquente. <\/p>\n\n\n\n<p>Ad ogni modo i 7 vizi ci parlano di punti nevralgici di ogni vita umana, del loro rapporto con la vita, con le professioni, gli affetti, la propria vocazione&#8230;  <\/p>\n\n\n\n<p>I vizi sono dunque habitus negativi, di tenebra. Come le virt\u00f9 sono habitus di luce.&nbsp;<\/p>\n\n\n\n<p>Non si tratta semplicemente di \u2018abitudini\u2019, c&#8217;\u00e8 qualcosa di pi\u00f9 in loro, per questo in teologia morale si parla soprattutto di \u2018habitus\u2019. l\u2019<em>habitus <\/em>infatti<em>, <\/em>indica una dimensione pi\u00f9 profonda della semplice abitudine, perch\u00e9 ci coinvolge psicologicamente, moralmente e spiritualmente in modo pi\u00f9 pervasivo e caratterizzante.<\/p>\n\n\n\n<p> Io posso ad esempio, per abitudine prendere un caff\u00e8 al mattino appena alzato, ma questo modo di fare non coinvolge la mia interiorit\u00e0 e soprattutto non mi modifica spiritualmente. Al contrario se sono iracondo o invidioso, avaro o superbo, questo modo di essere purtroppo mi tocca dolorosamente mi modifica stabilmente. Qui la metamorfosi interiore \u00e8 pi\u00f9 radicale. \u00a0<\/p>\n\n\n\n<p>Vizi e virt\u00f9 perci\u00f2 sono tutto ci\u00f2 che stabilizza il nostro modo di vivere. Sono caratterizzanti perch\u00e9 vengono generati dalla <em>ripetitivit\u00e0 dei nostri gesti.<\/em>\u00a0<\/p>\n\n\n\n<p>Il singolo atto &#8211; buono o cattivo che sia &#8211; non diventa immediatamente virt\u00f9 e neppure un vizio. Molti atti uguali e\u00a0 ripetuti, invece, producono in noi un vero cambiamento.\u00a0<\/p>\n\n\n\n<p>Insomma se io eccedo una volta nel bere non posso definirmi vizioso. Ma se ogni giorno bevo smodatamente o fumo decine di sigarette o altro, allora divento un alcolista o un fumatore accanito. Qui c\u2019\u00e8 vizio. sento il bisogno di assecondare quel particolare atteggiamento o appetito. Non ne posso fare a meno. Addirittura perdo la mia libert\u00e0 di non fare quella determinata cosa. Quando noi diciamo &#8216;sono fatto cos\u00ec&#8217; dovremmo perci\u00f2 chiederci se siamo davvero liberi o siamo diventati vittime di una nostra costruzione nei comportamenti.  \u00a0<\/p>\n\n\n\n<p>&nbsp;Ora, dal punto di vista della morale, un unico peccato non distrugge una virt\u00f9, e una sola azione buona non \u00e8 sufficiente per eliminare un vizio. Solo la ripetizione di pensieri, gesti, parole, creano un modo di essere corrispondente.&nbsp;<\/p>\n\n\n\n<p>Per questo un antico adagio afferma:&nbsp;<\/p>\n\n\n\n<p>Sta\u2019 attento ai tuoi pensieri, perch\u00e9 diventano parole. Sta\u2019 attento alle tue parole, perch\u00e9 diventano azioni. Sta\u2019 attento alle tue azioni, perch\u00e9 diventano abitudini. Sta\u2019 attento alle tue abitudini, perch\u00e9 diventano il tuo carattere. Sta\u2019 attento al tuo carattere, perch\u00e9 diventa il tuo destino.\u201d \u00a0(Cf. Gianfranco Ravasi, nella rubrica\u00a0Breviario, pubblicate sul Sole 24 Ore del 23 ottobre 2016.)<\/p>\n\n\n\n<p>Insomma vizi e virt\u00f9 sono realt\u00e0 che  incidono profondamente sulla nostra storicit\u00e0. Ognuno di noi attraverso le sue scelte di bene e di male costruisce progressivamente il suo orientamento esistenziale di fondo, edificando in se stesso il suo patrimonio di luce e di tenebra. Ogni persona diventa esattamente il risultato del suo costante modo di pensare, dire, fare.\u00a0<\/p>\n\n\n\n<p>Un ultima cosa. I vizi tendono alla distruzione della <em>nostra somiglianza <\/em>con Dio, quella somiglianza che ha impresso in noi.\u00a0 Le virt\u00f9 invece ala contrario la rendono sempre pi\u00f9 perfetta e attiva.\u00a0<\/p>\n\n\n\n<p>Tre infine sono le malattie dell\u2019anima che tendono ad allontanare l\u2019uomo da Dio e da se stesso, spegnendo l&#8217;entusiasmo e il desiderio di compiere il bene secondo Dio. Essi sono l\u2019accidia, l\u2019invidia e l\u2019ira.\u00a0 Chi \u00e8 in preda di tali vizi vede il bene da fare ma non riesce proprio a compierlo fino in fondo.\u00a0<\/p>\n","protected":false},"excerpt":{"rendered":"<p>Superbia, avarizia, gola, lussuria, invidia, ira, accidia: ma cosa sono realmente i cosiddetti vizi capitali? Credo che siano ormai davvero pochi i credenti che li ricordano tutti a memoria o [&hellip;]<\/p>\n","protected":false},"author":1,"featured_media":7328,"comment_status":"closed","ping_status":"closed","sticky":false,"template":"","format":"image","meta":{"site-sidebar-layout":"default","site-content-layout":"","ast-site-content-layout":"default","site-content-style":"default","site-sidebar-style":"default","ast-global-header-display":"","ast-banner-title-visibility":"","ast-main-header-display":"","ast-hfb-above-header-display":"","ast-hfb-below-header-display":"","ast-hfb-mobile-header-display":"","site-post-title":"","ast-breadcrumbs-content":"","ast-featured-img":"","footer-sml-layout":"","ast-disable-related-posts":"","theme-transparent-header-meta":"","adv-header-id-meta":"","stick-header-meta":"","header-above-stick-meta":"","header-main-stick-meta":"","header-below-stick-meta":"","astra-migrate-meta-layouts":"set","ast-page-background-enabled":"default","ast-page-background-meta":{"desktop":{"background-color":"","background-image":"","background-repeat":"repeat","background-position":"center center","background-size":"auto","background-attachment":"scroll","background-type":"","background-media":"","overlay-type":"","overlay-color":"","overlay-opacity":"","overlay-gradient":""},"tablet":{"background-color":"","background-image":"","background-repeat":"repeat","background-position":"center center","background-size":"auto","background-attachment":"scroll","background-type":"","background-media":"","overlay-type":"","overlay-color":"","overlay-opacity":"","overlay-gradient":""},"mobile":{"background-color":"","background-image":"","background-repeat":"repeat","background-position":"center center","background-size":"auto","background-attachment":"scroll","background-type":"","background-media":"","overlay-type":"","overlay-color":"","overlay-opacity":"","overlay-gradient":""}},"ast-content-background-meta":{"desktop":{"background-color":"var(--ast-global-color-5)","background-image":"","background-repeat":"repeat","background-position":"center center","background-size":"auto","background-attachment":"scroll","background-type":"","background-media":"","overlay-type":"","overlay-color":"","overlay-opacity":"","overlay-gradient":""},"tablet":{"background-color":"var(--ast-global-color-5)","background-image":"","background-repeat":"repeat","background-position":"center center","background-size":"auto","background-attachment":"scroll","background-type":"","background-media":"","overlay-type":"","overlay-color":"","overlay-opacity":"","overlay-gradient":""},"mobile":{"background-color":"var(--ast-global-color-5)","background-image":"","background-repeat":"repeat","background-position":"center center","background-size":"auto","background-attachment":"scroll","background-type":"","background-media":"","overlay-type":"","overlay-color":"","overlay-opacity":"","overlay-gradient":""}},"footnotes":""},"categories":[2,5],"tags":[],"class_list":["post-7327","post","type-post","status-publish","format-image","has-post-thumbnail","hentry","category-pensieri","category-vetrina","post_format-post-format-image"],"yoast_head":"<!-- This site is optimized with the Yoast SEO plugin v27.5 - https:\/\/yoast.com\/product\/yoast-seo-wordpress\/ -->\n<title>Sui vizi e le virt\u00f9 | Pensieri - Concolino.it<\/title>\n<meta name=\"robots\" content=\"index, follow, max-snippet:-1, max-image-preview:large, max-video-preview:-1\" \/>\n<link rel=\"canonical\" href=\"https:\/\/www.concolino.it\/index.php\/2026\/03\/11\/sui-vizi-e-le-virtu-pensieri\/\" \/>\n<meta property=\"og:locale\" content=\"it_IT\" \/>\n<meta property=\"og:type\" content=\"article\" \/>\n<meta property=\"og:title\" content=\"Sui vizi e le virt\u00f9 | Pensieri - Concolino.it\" \/>\n<meta property=\"og:description\" content=\"Superbia, avarizia, gola, lussuria, invidia, ira, accidia: ma cosa sono realmente i cosiddetti vizi capitali? Credo che siano ormai davvero pochi i credenti che li ricordano tutti a memoria o [&hellip;]\" \/>\n<meta property=\"og:url\" content=\"https:\/\/www.concolino.it\/index.php\/2026\/03\/11\/sui-vizi-e-le-virtu-pensieri\/\" \/>\n<meta property=\"og:site_name\" content=\"Concolino.it\" \/>\n<meta property=\"article:publisher\" content=\"https:\/\/www.facebook.com\/don.mik.94\" \/>\n<meta property=\"article:author\" content=\"https:\/\/www.facebook.com\/don.mik.94\" \/>\n<meta property=\"article:published_time\" content=\"2026-03-11T15:36:00+00:00\" \/>\n<meta property=\"article:modified_time\" content=\"2026-03-11T16:14:03+00:00\" \/>\n<meta property=\"og:image\" content=\"https:\/\/www.concolino.it\/wp-content\/uploads\/2026\/03\/aba.png\" \/>\n\t<meta property=\"og:image:width\" content=\"890\" \/>\n\t<meta property=\"og:image:height\" content=\"1207\" \/>\n\t<meta property=\"og:image:type\" content=\"image\/png\" \/>\n<meta name=\"author\" content=\"Domenico Concolino\" \/>\n<meta name=\"twitter:card\" content=\"summary_large_image\" \/>\n<meta name=\"twitter:creator\" content=\"@https:\/\/twitter.com\/don_mik\" \/>\n<meta name=\"twitter:site\" content=\"@don_mik\" \/>\n<meta name=\"twitter:label1\" content=\"Scritto da\" \/>\n\t<meta name=\"twitter:data1\" content=\"Domenico Concolino\" \/>\n\t<meta name=\"twitter:label2\" content=\"Tempo di lettura stimato\" \/>\n\t<meta name=\"twitter:data2\" content=\"5 minuti\" \/>\n<script type=\"application\/ld+json\" class=\"yoast-schema-graph\">{\"@context\":\"https:\\\/\\\/schema.org\",\"@graph\":[{\"@type\":\"Article\",\"@id\":\"https:\\\/\\\/www.concolino.it\\\/index.php\\\/2026\\\/03\\\/11\\\/sui-vizi-e-le-virtu-pensieri\\\/#article\",\"isPartOf\":{\"@id\":\"https:\\\/\\\/www.concolino.it\\\/index.php\\\/2026\\\/03\\\/11\\\/sui-vizi-e-le-virtu-pensieri\\\/\"},\"author\":{\"name\":\"Domenico Concolino\",\"@id\":\"https:\\\/\\\/www.concolino.it\\\/#\\\/schema\\\/person\\\/dfa8517603a44e77da85e7eb5139c070\"},\"headline\":\"Sui vizi e le virt\u00f9 | Pensieri\",\"datePublished\":\"2026-03-11T15:36:00+00:00\",\"dateModified\":\"2026-03-11T16:14:03+00:00\",\"mainEntityOfPage\":{\"@id\":\"https:\\\/\\\/www.concolino.it\\\/index.php\\\/2026\\\/03\\\/11\\\/sui-vizi-e-le-virtu-pensieri\\\/\"},\"wordCount\":877,\"publisher\":{\"@id\":\"https:\\\/\\\/www.concolino.it\\\/#\\\/schema\\\/person\\\/dfa8517603a44e77da85e7eb5139c070\"},\"image\":{\"@id\":\"https:\\\/\\\/www.concolino.it\\\/index.php\\\/2026\\\/03\\\/11\\\/sui-vizi-e-le-virtu-pensieri\\\/#primaryimage\"},\"thumbnailUrl\":\"https:\\\/\\\/www.concolino.it\\\/wp-content\\\/uploads\\\/2026\\\/03\\\/aba.png\",\"articleSection\":[\"Pensieri\",\"Vetrina\"],\"inLanguage\":\"it-IT\"},{\"@type\":\"WebPage\",\"@id\":\"https:\\\/\\\/www.concolino.it\\\/index.php\\\/2026\\\/03\\\/11\\\/sui-vizi-e-le-virtu-pensieri\\\/\",\"url\":\"https:\\\/\\\/www.concolino.it\\\/index.php\\\/2026\\\/03\\\/11\\\/sui-vizi-e-le-virtu-pensieri\\\/\",\"name\":\"Sui vizi e le virt\u00f9 | Pensieri - Concolino.it\",\"isPartOf\":{\"@id\":\"https:\\\/\\\/www.concolino.it\\\/#website\"},\"primaryImageOfPage\":{\"@id\":\"https:\\\/\\\/www.concolino.it\\\/index.php\\\/2026\\\/03\\\/11\\\/sui-vizi-e-le-virtu-pensieri\\\/#primaryimage\"},\"image\":{\"@id\":\"https:\\\/\\\/www.concolino.it\\\/index.php\\\/2026\\\/03\\\/11\\\/sui-vizi-e-le-virtu-pensieri\\\/#primaryimage\"},\"thumbnailUrl\":\"https:\\\/\\\/www.concolino.it\\\/wp-content\\\/uploads\\\/2026\\\/03\\\/aba.png\",\"datePublished\":\"2026-03-11T15:36:00+00:00\",\"dateModified\":\"2026-03-11T16:14:03+00:00\",\"breadcrumb\":{\"@id\":\"https:\\\/\\\/www.concolino.it\\\/index.php\\\/2026\\\/03\\\/11\\\/sui-vizi-e-le-virtu-pensieri\\\/#breadcrumb\"},\"inLanguage\":\"it-IT\",\"potentialAction\":[{\"@type\":\"ReadAction\",\"target\":[\"https:\\\/\\\/www.concolino.it\\\/index.php\\\/2026\\\/03\\\/11\\\/sui-vizi-e-le-virtu-pensieri\\\/\"]}]},{\"@type\":\"ImageObject\",\"inLanguage\":\"it-IT\",\"@id\":\"https:\\\/\\\/www.concolino.it\\\/index.php\\\/2026\\\/03\\\/11\\\/sui-vizi-e-le-virtu-pensieri\\\/#primaryimage\",\"url\":\"https:\\\/\\\/www.concolino.it\\\/wp-content\\\/uploads\\\/2026\\\/03\\\/aba.png\",\"contentUrl\":\"https:\\\/\\\/www.concolino.it\\\/wp-content\\\/uploads\\\/2026\\\/03\\\/aba.png\",\"width\":890,\"height\":1207},{\"@type\":\"BreadcrumbList\",\"@id\":\"https:\\\/\\\/www.concolino.it\\\/index.php\\\/2026\\\/03\\\/11\\\/sui-vizi-e-le-virtu-pensieri\\\/#breadcrumb\",\"itemListElement\":[{\"@type\":\"ListItem\",\"position\":1,\"name\":\"Home\",\"item\":\"https:\\\/\\\/www.concolino.it\\\/\"},{\"@type\":\"ListItem\",\"position\":2,\"name\":\"Sui vizi e le virt\u00f9 | Pensieri\"}]},{\"@type\":\"WebSite\",\"@id\":\"https:\\\/\\\/www.concolino.it\\\/#website\",\"url\":\"https:\\\/\\\/www.concolino.it\\\/\",\"name\":\"Concolino.it\",\"description\":\"Allargare gli spazi del Verbo\",\"publisher\":{\"@id\":\"https:\\\/\\\/www.concolino.it\\\/#\\\/schema\\\/person\\\/dfa8517603a44e77da85e7eb5139c070\"},\"potentialAction\":[{\"@type\":\"SearchAction\",\"target\":{\"@type\":\"EntryPoint\",\"urlTemplate\":\"https:\\\/\\\/www.concolino.it\\\/?s={search_term_string}\"},\"query-input\":{\"@type\":\"PropertyValueSpecification\",\"valueRequired\":true,\"valueName\":\"search_term_string\"}}],\"inLanguage\":\"it-IT\"},{\"@type\":[\"Person\",\"Organization\"],\"@id\":\"https:\\\/\\\/www.concolino.it\\\/#\\\/schema\\\/person\\\/dfa8517603a44e77da85e7eb5139c070\",\"name\":\"Domenico Concolino\",\"image\":{\"@type\":\"ImageObject\",\"inLanguage\":\"it-IT\",\"@id\":\"https:\\\/\\\/www.concolino.it\\\/wp-content\\\/uploads\\\/2014\\\/07\\\/CT5W9104.jpg\",\"url\":\"https:\\\/\\\/www.concolino.it\\\/wp-content\\\/uploads\\\/2014\\\/07\\\/CT5W9104.jpg\",\"contentUrl\":\"https:\\\/\\\/www.concolino.it\\\/wp-content\\\/uploads\\\/2014\\\/07\\\/CT5W9104.jpg\",\"width\":1276,\"height\":850,\"caption\":\"Domenico Concolino\"},\"logo\":{\"@id\":\"https:\\\/\\\/www.concolino.it\\\/wp-content\\\/uploads\\\/2014\\\/07\\\/CT5W9104.jpg\"},\"description\":\"Teologo | Cappellano Campus Universit\u00e0 Magna Graecia | Direttore Ufficio Regione Universit\u00e0 Scuola Educazione (Calabria)\",\"sameAs\":[\"https:\\\/\\\/www.facebook.com\\\/don.mik.94\",\"https:\\\/\\\/x.com\\\/https:\\\/\\\/twitter.com\\\/don_mik\"],\"url\":\"https:\\\/\\\/www.concolino.it\\\/index.php\\\/author\\\/admin\\\/\"}]}<\/script>\n<!-- \/ Yoast SEO plugin. -->","yoast_head_json":{"title":"Sui vizi e le virt\u00f9 | Pensieri - Concolino.it","robots":{"index":"index","follow":"follow","max-snippet":"max-snippet:-1","max-image-preview":"max-image-preview:large","max-video-preview":"max-video-preview:-1"},"canonical":"https:\/\/www.concolino.it\/index.php\/2026\/03\/11\/sui-vizi-e-le-virtu-pensieri\/","og_locale":"it_IT","og_type":"article","og_title":"Sui vizi e le virt\u00f9 | Pensieri - Concolino.it","og_description":"Superbia, avarizia, gola, lussuria, invidia, ira, accidia: ma cosa sono realmente i cosiddetti vizi capitali? Credo che siano ormai davvero pochi i credenti che li ricordano tutti a memoria o [&hellip;]","og_url":"https:\/\/www.concolino.it\/index.php\/2026\/03\/11\/sui-vizi-e-le-virtu-pensieri\/","og_site_name":"Concolino.it","article_publisher":"https:\/\/www.facebook.com\/don.mik.94","article_author":"https:\/\/www.facebook.com\/don.mik.94","article_published_time":"2026-03-11T15:36:00+00:00","article_modified_time":"2026-03-11T16:14:03+00:00","og_image":[{"width":890,"height":1207,"url":"https:\/\/www.concolino.it\/wp-content\/uploads\/2026\/03\/aba.png","type":"image\/png"}],"author":"Domenico Concolino","twitter_card":"summary_large_image","twitter_creator":"@https:\/\/twitter.com\/don_mik","twitter_site":"@don_mik","twitter_misc":{"Scritto da":"Domenico Concolino","Tempo di lettura stimato":"5 minuti"},"schema":{"@context":"https:\/\/schema.org","@graph":[{"@type":"Article","@id":"https:\/\/www.concolino.it\/index.php\/2026\/03\/11\/sui-vizi-e-le-virtu-pensieri\/#article","isPartOf":{"@id":"https:\/\/www.concolino.it\/index.php\/2026\/03\/11\/sui-vizi-e-le-virtu-pensieri\/"},"author":{"name":"Domenico Concolino","@id":"https:\/\/www.concolino.it\/#\/schema\/person\/dfa8517603a44e77da85e7eb5139c070"},"headline":"Sui vizi e le virt\u00f9 | Pensieri","datePublished":"2026-03-11T15:36:00+00:00","dateModified":"2026-03-11T16:14:03+00:00","mainEntityOfPage":{"@id":"https:\/\/www.concolino.it\/index.php\/2026\/03\/11\/sui-vizi-e-le-virtu-pensieri\/"},"wordCount":877,"publisher":{"@id":"https:\/\/www.concolino.it\/#\/schema\/person\/dfa8517603a44e77da85e7eb5139c070"},"image":{"@id":"https:\/\/www.concolino.it\/index.php\/2026\/03\/11\/sui-vizi-e-le-virtu-pensieri\/#primaryimage"},"thumbnailUrl":"https:\/\/www.concolino.it\/wp-content\/uploads\/2026\/03\/aba.png","articleSection":["Pensieri","Vetrina"],"inLanguage":"it-IT"},{"@type":"WebPage","@id":"https:\/\/www.concolino.it\/index.php\/2026\/03\/11\/sui-vizi-e-le-virtu-pensieri\/","url":"https:\/\/www.concolino.it\/index.php\/2026\/03\/11\/sui-vizi-e-le-virtu-pensieri\/","name":"Sui vizi e le virt\u00f9 | Pensieri - Concolino.it","isPartOf":{"@id":"https:\/\/www.concolino.it\/#website"},"primaryImageOfPage":{"@id":"https:\/\/www.concolino.it\/index.php\/2026\/03\/11\/sui-vizi-e-le-virtu-pensieri\/#primaryimage"},"image":{"@id":"https:\/\/www.concolino.it\/index.php\/2026\/03\/11\/sui-vizi-e-le-virtu-pensieri\/#primaryimage"},"thumbnailUrl":"https:\/\/www.concolino.it\/wp-content\/uploads\/2026\/03\/aba.png","datePublished":"2026-03-11T15:36:00+00:00","dateModified":"2026-03-11T16:14:03+00:00","breadcrumb":{"@id":"https:\/\/www.concolino.it\/index.php\/2026\/03\/11\/sui-vizi-e-le-virtu-pensieri\/#breadcrumb"},"inLanguage":"it-IT","potentialAction":[{"@type":"ReadAction","target":["https:\/\/www.concolino.it\/index.php\/2026\/03\/11\/sui-vizi-e-le-virtu-pensieri\/"]}]},{"@type":"ImageObject","inLanguage":"it-IT","@id":"https:\/\/www.concolino.it\/index.php\/2026\/03\/11\/sui-vizi-e-le-virtu-pensieri\/#primaryimage","url":"https:\/\/www.concolino.it\/wp-content\/uploads\/2026\/03\/aba.png","contentUrl":"https:\/\/www.concolino.it\/wp-content\/uploads\/2026\/03\/aba.png","width":890,"height":1207},{"@type":"BreadcrumbList","@id":"https:\/\/www.concolino.it\/index.php\/2026\/03\/11\/sui-vizi-e-le-virtu-pensieri\/#breadcrumb","itemListElement":[{"@type":"ListItem","position":1,"name":"Home","item":"https:\/\/www.concolino.it\/"},{"@type":"ListItem","position":2,"name":"Sui vizi e le virt\u00f9 | Pensieri"}]},{"@type":"WebSite","@id":"https:\/\/www.concolino.it\/#website","url":"https:\/\/www.concolino.it\/","name":"Concolino.it","description":"Allargare gli spazi del Verbo","publisher":{"@id":"https:\/\/www.concolino.it\/#\/schema\/person\/dfa8517603a44e77da85e7eb5139c070"},"potentialAction":[{"@type":"SearchAction","target":{"@type":"EntryPoint","urlTemplate":"https:\/\/www.concolino.it\/?s={search_term_string}"},"query-input":{"@type":"PropertyValueSpecification","valueRequired":true,"valueName":"search_term_string"}}],"inLanguage":"it-IT"},{"@type":["Person","Organization"],"@id":"https:\/\/www.concolino.it\/#\/schema\/person\/dfa8517603a44e77da85e7eb5139c070","name":"Domenico Concolino","image":{"@type":"ImageObject","inLanguage":"it-IT","@id":"https:\/\/www.concolino.it\/wp-content\/uploads\/2014\/07\/CT5W9104.jpg","url":"https:\/\/www.concolino.it\/wp-content\/uploads\/2014\/07\/CT5W9104.jpg","contentUrl":"https:\/\/www.concolino.it\/wp-content\/uploads\/2014\/07\/CT5W9104.jpg","width":1276,"height":850,"caption":"Domenico Concolino"},"logo":{"@id":"https:\/\/www.concolino.it\/wp-content\/uploads\/2014\/07\/CT5W9104.jpg"},"description":"Teologo | Cappellano Campus Universit\u00e0 Magna Graecia | Direttore Ufficio Regione Universit\u00e0 Scuola Educazione (Calabria)","sameAs":["https:\/\/www.facebook.com\/don.mik.94","https:\/\/x.com\/https:\/\/twitter.com\/don_mik"],"url":"https:\/\/www.concolino.it\/index.php\/author\/admin\/"}]}},"_links":{"self":[{"href":"https:\/\/www.concolino.it\/index.php\/wp-json\/wp\/v2\/posts\/7327","targetHints":{"allow":["GET"]}}],"collection":[{"href":"https:\/\/www.concolino.it\/index.php\/wp-json\/wp\/v2\/posts"}],"about":[{"href":"https:\/\/www.concolino.it\/index.php\/wp-json\/wp\/v2\/types\/post"}],"author":[{"embeddable":true,"href":"https:\/\/www.concolino.it\/index.php\/wp-json\/wp\/v2\/users\/1"}],"replies":[{"embeddable":true,"href":"https:\/\/www.concolino.it\/index.php\/wp-json\/wp\/v2\/comments?post=7327"}],"version-history":[{"count":5,"href":"https:\/\/www.concolino.it\/index.php\/wp-json\/wp\/v2\/posts\/7327\/revisions"}],"predecessor-version":[{"id":7335,"href":"https:\/\/www.concolino.it\/index.php\/wp-json\/wp\/v2\/posts\/7327\/revisions\/7335"}],"wp:featuredmedia":[{"embeddable":true,"href":"https:\/\/www.concolino.it\/index.php\/wp-json\/wp\/v2\/media\/7328"}],"wp:attachment":[{"href":"https:\/\/www.concolino.it\/index.php\/wp-json\/wp\/v2\/media?parent=7327"}],"wp:term":[{"taxonomy":"category","embeddable":true,"href":"https:\/\/www.concolino.it\/index.php\/wp-json\/wp\/v2\/categories?post=7327"},{"taxonomy":"post_tag","embeddable":true,"href":"https:\/\/www.concolino.it\/index.php\/wp-json\/wp\/v2\/tags?post=7327"}],"curies":[{"name":"wp","href":"https:\/\/api.w.org\/{rel}","templated":true}]}}