{"id":6922,"date":"2025-09-02T13:33:43","date_gmt":"2025-09-02T11:33:43","guid":{"rendered":"https:\/\/www.concolino.it\/?p=6922"},"modified":"2025-09-02T13:33:47","modified_gmt":"2025-09-02T11:33:47","slug":"sulla-parola-quotidiana-pensieri","status":"publish","type":"post","link":"https:\/\/www.concolino.it\/index.php\/2025\/09\/02\/sulla-parola-quotidiana-pensieri\/","title":{"rendered":"Sulla parola quotidiana | Pensieri"},"content":{"rendered":"\n<p>La parola \u00e8 un ponte.&nbsp;<\/p>\n\n\n\n<p>Lo ripeteva spesso un geniale monaco ortodosso, Pavel Aleksandrovi\u010d Florenskij,&nbsp; matematico, filosofo, teologo, astronomo, e molto altro ancora, morto fucilato dal regime sovietico, nel \u201937.&nbsp;<\/p>\n\n\n\n<p>Ma Florenskij parlava di un ponte particolare. Non costruito solamente come un puro legame tra gli uomini. Egli vedeva la necessit\u00e0 di qualcos\u2019altro, lo intendeva sopratutto come un arco di luce e di forza che salda interiorit\u00e0 e visibilit\u00e0 nel suono delle nostre parole.&nbsp;<\/p>\n\n\n\n<p>Nella parola mondo visibile e mondo invisibile si danno appuntamento.&nbsp;<\/p>\n\n\n\n<p>Infatti quando diciamo il mondo, quando parliamo delle cose che ci circondano noi non spieghiamo solo come sono fatte le cose. No! Noi andiamo oltre. Il cielo, le stelle, le piante, gli animali e i volti, i fatti che ci accadono noi li assorbiamo e li trasferiamo nelle nostre parole, nei significati che diciamo agli altri, ma lo faccio a partire dalla nostra interiorit\u00e0.&nbsp; In tali parole noi comunichiamo&nbsp; il nostro modo di vedere il mondo ed insieme &#8211; si badi &#8211; comunichiamo il nostro modo di essere. La bocca parla della pienezza del cuore dice Ges\u00f9. \u00c8 sempre cos\u00ec. Non parlo della parola della scienza ma di quella della vita.&nbsp;<\/p>\n\n\n\n<p>Ma non finisce qui.<\/p>\n\n\n\n<p>Quando parliamo di noi stessi, della nostra vita, delle nostre esperienze, del quotidiano vissuto, stiamo immettendo nelle nostre parole, il nostro livello di comprensione della realt\u00e0, il frutto della nostra esperienza vissuta in prima persona. Li diciamo ci\u00f2 che abbiamo maturato dentro.&nbsp;<\/p>\n\n\n\n<p>Cos\u00ec nelle nostre parole allora appare l\u2019invisibile che ci abita. Il senso che accordiamo ai nostri occhi.&nbsp;<\/p>\n\n\n\n<p>Le nostre parole, quelle del quotidiano, non solo quelle della fredda scienza, della pura oggettivit\u00e0. Ma sono quelle che stanno al centro di quel ponte immaginario tra cuore e mondo.&nbsp;<\/p>\n\n\n\n<p>Ecco allora la parola quotidiana vive esattamente tra questi due mondi e si regge esattamente se tiene uniti il visibile fuori di noi e l\u2019invisibile dentro di noi. Di essa noi ci nutriamo e ci sediamo per costruire relazioni umane importanti e autentiche.<\/p>\n\n\n\n<p>Cos\u00ec l\u2019interiorit\u00e0 getta luce sul visibile, ci cambia lo sguardo su ci\u00f2 che sta fuori di noi e questo a sua volta ha il potere &#8211; lento ed inesorabile &#8211; di modificarci, plasmando il nostro complessivo modo di stare al mondo.<\/p>\n\n\n\n<p>I ponti si sa ogni tanto vanno messi in sicurezza.&nbsp;<\/p>\n\n\n\n<p>Possono decadere e addirittura implodere. A Catanzaro ad esempio, il viadotto Morandi, \u00e8 stato da poco rimesso in sesto. Ogni sua parte \u00e8 stata fortificata e dove \u00e8 stato necessario, anche i ferri del cemento armato sono stati rimessi a nuovo.<\/p>\n\n\n\n<p>Cos\u00ec anche <em>il ponte delle nostre parole<\/em> di tanto in tanto va rimesso \u2018a nuovo\u2019.<\/p>\n\n\n\n<p>Con il passare degli anni alcuni rischiano di avere termini sclerotizzati, radicalizzati in significati errati e anti-umani. Si entra in quella malattia che \u00e8 la ripetizione dell\u2019uguale. L\u2019inferno dell\u2019uguale! La parola si omologa, si ripete senza pathos perch\u00e9 l\u2019interiorit\u00e0 si bloccata, non cresce, anzi si \u00e8 modificata annebbiando il vero e il bello,&nbsp; rinunciano ad ogni profondit\u00e0. Tutto \u00e8 uguale,&nbsp; tutto \u00e8 senza gioia.&nbsp;<\/p>\n\n\n\n<p>La domanda \u00e8 allora questa: \u201ccome nutriamo le nostre parole?\u201d, \u201ccome le rendiamo vive come il fuoco?\u201d. In altre parole,&nbsp; come facciamo che la vita sia degna di essere vissuta cristianamente e umanamente e si arricchisca sempre pi\u00f9 di interiorit\u00e0 e mondo?<\/p>\n\n\n\n<p>Questa \u00e8 la domanda da cui ripartiremo domani sera nel secondo incontro sul \u2018dialogo\u2019.<\/p>\n\n\n\n<p>A domani!&nbsp;<\/p>\n","protected":false},"excerpt":{"rendered":"<p>La parola \u00e8 un ponte.&nbsp; Lo ripeteva spesso un geniale monaco ortodosso, Pavel Aleksandrovi\u010d Florenskij,&nbsp; matematico, filosofo, teologo, astronomo, e molto altro ancora, morto fucilato dal regime sovietico, nel \u201937.&nbsp; [&hellip;]<\/p>\n","protected":false},"author":1,"featured_media":6923,"comment_status":"closed","ping_status":"closed","sticky":false,"template":"","format":"image","meta":{"site-sidebar-layout":"default","site-content-layout":"","ast-site-content-layout":"default","site-content-style":"default","site-sidebar-style":"default","ast-global-header-display":"","ast-banner-title-visibility":"","ast-main-header-display":"","ast-hfb-above-header-display":"","ast-hfb-below-header-display":"","ast-hfb-mobile-header-display":"","site-post-title":"","ast-breadcrumbs-content":"","ast-featured-img":"","footer-sml-layout":"","ast-disable-related-posts":"","theme-transparent-header-meta":"","adv-header-id-meta":"","stick-header-meta":"","header-above-stick-meta":"","header-main-stick-meta":"","header-below-stick-meta":"","astra-migrate-meta-layouts":"set","ast-page-background-enabled":"default","ast-page-background-meta":{"desktop":{"background-color":"","background-image":"","background-repeat":"repeat","background-position":"center center","background-size":"auto","background-attachment":"scroll","background-type":"","background-media":"","overlay-type":"","overlay-color":"","overlay-opacity":"","overlay-gradient":""},"tablet":{"background-color":"","background-image":"","background-repeat":"repeat","background-position":"center center","background-size":"auto","background-attachment":"scroll","background-type":"","background-media":"","overlay-type":"","overlay-color":"","overlay-opacity":"","overlay-gradient":""},"mobile":{"background-color":"","background-image":"","background-repeat":"repeat","background-position":"center center","background-size":"auto","background-attachment":"scroll","background-type":"","background-media":"","overlay-type":"","overlay-color":"","overlay-opacity":"","overlay-gradient":""}},"ast-content-background-meta":{"desktop":{"background-color":"var(--ast-global-color-5)","background-image":"","background-repeat":"repeat","background-position":"center center","background-size":"auto","background-attachment":"scroll","background-type":"","background-media":"","overlay-type":"","overlay-color":"","overlay-opacity":"","overlay-gradient":""},"tablet":{"background-color":"var(--ast-global-color-5)","background-image":"","background-repeat":"repeat","background-position":"center center","background-size":"auto","background-attachment":"scroll","background-type":"","background-media":"","overlay-type":"","overlay-color":"","overlay-opacity":"","overlay-gradient":""},"mobile":{"background-color":"var(--ast-global-color-5)","background-image":"","background-repeat":"repeat","background-position":"center center","background-size":"auto","background-attachment":"scroll","background-type":"","background-media":"","overlay-type":"","overlay-color":"","overlay-opacity":"","overlay-gradient":""}},"footnotes":""},"categories":[2,5],"tags":[],"class_list":["post-6922","post","type-post","status-publish","format-image","has-post-thumbnail","hentry","category-pensieri","category-vetrina","post_format-post-format-image"],"yoast_head":"<!-- This site is optimized with the Yoast SEO plugin v27.5 - https:\/\/yoast.com\/product\/yoast-seo-wordpress\/ -->\n<title>Sulla parola quotidiana | Pensieri - Concolino.it<\/title>\n<meta name=\"robots\" content=\"index, follow, max-snippet:-1, max-image-preview:large, max-video-preview:-1\" \/>\n<link rel=\"canonical\" href=\"https:\/\/www.concolino.it\/index.php\/2025\/09\/02\/sulla-parola-quotidiana-pensieri\/\" \/>\n<meta property=\"og:locale\" content=\"it_IT\" \/>\n<meta property=\"og:type\" content=\"article\" \/>\n<meta property=\"og:title\" content=\"Sulla parola quotidiana | Pensieri - Concolino.it\" \/>\n<meta property=\"og:description\" content=\"La parola \u00e8 un ponte.&nbsp; Lo ripeteva spesso un geniale monaco ortodosso, Pavel Aleksandrovi\u010d Florenskij,&nbsp; matematico, filosofo, teologo, astronomo, e molto altro ancora, morto fucilato dal regime sovietico, nel \u201937.&nbsp; [&hellip;]\" \/>\n<meta property=\"og:url\" content=\"https:\/\/www.concolino.it\/index.php\/2025\/09\/02\/sulla-parola-quotidiana-pensieri\/\" \/>\n<meta property=\"og:site_name\" content=\"Concolino.it\" \/>\n<meta property=\"article:publisher\" content=\"https:\/\/www.facebook.com\/don.mik.94\" \/>\n<meta property=\"article:author\" content=\"https:\/\/www.facebook.com\/don.mik.94\" \/>\n<meta property=\"article:published_time\" content=\"2025-09-02T11:33:43+00:00\" \/>\n<meta property=\"article:modified_time\" content=\"2025-09-02T11:33:47+00:00\" \/>\n<meta property=\"og:image\" content=\"https:\/\/www.concolino.it\/wp-content\/uploads\/2025\/09\/PP.png\" \/>\n\t<meta property=\"og:image:width\" content=\"890\" \/>\n\t<meta property=\"og:image:height\" content=\"498\" \/>\n\t<meta property=\"og:image:type\" content=\"image\/png\" \/>\n<meta name=\"author\" content=\"Domenico Concolino\" \/>\n<meta name=\"twitter:card\" content=\"summary_large_image\" \/>\n<meta name=\"twitter:creator\" content=\"@https:\/\/twitter.com\/don_mik\" \/>\n<meta name=\"twitter:site\" content=\"@don_mik\" \/>\n<meta name=\"twitter:label1\" content=\"Scritto da\" \/>\n\t<meta name=\"twitter:data1\" content=\"Domenico Concolino\" \/>\n\t<meta name=\"twitter:label2\" content=\"Tempo di lettura stimato\" \/>\n\t<meta name=\"twitter:data2\" content=\"4 minuti\" \/>\n<script type=\"application\/ld+json\" class=\"yoast-schema-graph\">{\"@context\":\"https:\\\/\\\/schema.org\",\"@graph\":[{\"@type\":\"Article\",\"@id\":\"https:\\\/\\\/www.concolino.it\\\/index.php\\\/2025\\\/09\\\/02\\\/sulla-parola-quotidiana-pensieri\\\/#article\",\"isPartOf\":{\"@id\":\"https:\\\/\\\/www.concolino.it\\\/index.php\\\/2025\\\/09\\\/02\\\/sulla-parola-quotidiana-pensieri\\\/\"},\"author\":{\"name\":\"Domenico Concolino\",\"@id\":\"https:\\\/\\\/www.concolino.it\\\/#\\\/schema\\\/person\\\/dfa8517603a44e77da85e7eb5139c070\"},\"headline\":\"Sulla parola quotidiana | Pensieri\",\"datePublished\":\"2025-09-02T11:33:43+00:00\",\"dateModified\":\"2025-09-02T11:33:47+00:00\",\"mainEntityOfPage\":{\"@id\":\"https:\\\/\\\/www.concolino.it\\\/index.php\\\/2025\\\/09\\\/02\\\/sulla-parola-quotidiana-pensieri\\\/\"},\"wordCount\":577,\"publisher\":{\"@id\":\"https:\\\/\\\/www.concolino.it\\\/#\\\/schema\\\/person\\\/dfa8517603a44e77da85e7eb5139c070\"},\"image\":{\"@id\":\"https:\\\/\\\/www.concolino.it\\\/index.php\\\/2025\\\/09\\\/02\\\/sulla-parola-quotidiana-pensieri\\\/#primaryimage\"},\"thumbnailUrl\":\"https:\\\/\\\/www.concolino.it\\\/wp-content\\\/uploads\\\/2025\\\/09\\\/PP.png\",\"articleSection\":[\"Pensieri\",\"Vetrina\"],\"inLanguage\":\"it-IT\"},{\"@type\":\"WebPage\",\"@id\":\"https:\\\/\\\/www.concolino.it\\\/index.php\\\/2025\\\/09\\\/02\\\/sulla-parola-quotidiana-pensieri\\\/\",\"url\":\"https:\\\/\\\/www.concolino.it\\\/index.php\\\/2025\\\/09\\\/02\\\/sulla-parola-quotidiana-pensieri\\\/\",\"name\":\"Sulla parola quotidiana | Pensieri - Concolino.it\",\"isPartOf\":{\"@id\":\"https:\\\/\\\/www.concolino.it\\\/#website\"},\"primaryImageOfPage\":{\"@id\":\"https:\\\/\\\/www.concolino.it\\\/index.php\\\/2025\\\/09\\\/02\\\/sulla-parola-quotidiana-pensieri\\\/#primaryimage\"},\"image\":{\"@id\":\"https:\\\/\\\/www.concolino.it\\\/index.php\\\/2025\\\/09\\\/02\\\/sulla-parola-quotidiana-pensieri\\\/#primaryimage\"},\"thumbnailUrl\":\"https:\\\/\\\/www.concolino.it\\\/wp-content\\\/uploads\\\/2025\\\/09\\\/PP.png\",\"datePublished\":\"2025-09-02T11:33:43+00:00\",\"dateModified\":\"2025-09-02T11:33:47+00:00\",\"breadcrumb\":{\"@id\":\"https:\\\/\\\/www.concolino.it\\\/index.php\\\/2025\\\/09\\\/02\\\/sulla-parola-quotidiana-pensieri\\\/#breadcrumb\"},\"inLanguage\":\"it-IT\",\"potentialAction\":[{\"@type\":\"ReadAction\",\"target\":[\"https:\\\/\\\/www.concolino.it\\\/index.php\\\/2025\\\/09\\\/02\\\/sulla-parola-quotidiana-pensieri\\\/\"]}]},{\"@type\":\"ImageObject\",\"inLanguage\":\"it-IT\",\"@id\":\"https:\\\/\\\/www.concolino.it\\\/index.php\\\/2025\\\/09\\\/02\\\/sulla-parola-quotidiana-pensieri\\\/#primaryimage\",\"url\":\"https:\\\/\\\/www.concolino.it\\\/wp-content\\\/uploads\\\/2025\\\/09\\\/PP.png\",\"contentUrl\":\"https:\\\/\\\/www.concolino.it\\\/wp-content\\\/uploads\\\/2025\\\/09\\\/PP.png\",\"width\":890,\"height\":498},{\"@type\":\"BreadcrumbList\",\"@id\":\"https:\\\/\\\/www.concolino.it\\\/index.php\\\/2025\\\/09\\\/02\\\/sulla-parola-quotidiana-pensieri\\\/#breadcrumb\",\"itemListElement\":[{\"@type\":\"ListItem\",\"position\":1,\"name\":\"Home\",\"item\":\"https:\\\/\\\/www.concolino.it\\\/\"},{\"@type\":\"ListItem\",\"position\":2,\"name\":\"Sulla parola quotidiana | Pensieri\"}]},{\"@type\":\"WebSite\",\"@id\":\"https:\\\/\\\/www.concolino.it\\\/#website\",\"url\":\"https:\\\/\\\/www.concolino.it\\\/\",\"name\":\"Concolino.it\",\"description\":\"Allargare gli spazi del Verbo\",\"publisher\":{\"@id\":\"https:\\\/\\\/www.concolino.it\\\/#\\\/schema\\\/person\\\/dfa8517603a44e77da85e7eb5139c070\"},\"potentialAction\":[{\"@type\":\"SearchAction\",\"target\":{\"@type\":\"EntryPoint\",\"urlTemplate\":\"https:\\\/\\\/www.concolino.it\\\/?s={search_term_string}\"},\"query-input\":{\"@type\":\"PropertyValueSpecification\",\"valueRequired\":true,\"valueName\":\"search_term_string\"}}],\"inLanguage\":\"it-IT\"},{\"@type\":[\"Person\",\"Organization\"],\"@id\":\"https:\\\/\\\/www.concolino.it\\\/#\\\/schema\\\/person\\\/dfa8517603a44e77da85e7eb5139c070\",\"name\":\"Domenico Concolino\",\"image\":{\"@type\":\"ImageObject\",\"inLanguage\":\"it-IT\",\"@id\":\"https:\\\/\\\/www.concolino.it\\\/wp-content\\\/uploads\\\/2014\\\/07\\\/CT5W9104.jpg\",\"url\":\"https:\\\/\\\/www.concolino.it\\\/wp-content\\\/uploads\\\/2014\\\/07\\\/CT5W9104.jpg\",\"contentUrl\":\"https:\\\/\\\/www.concolino.it\\\/wp-content\\\/uploads\\\/2014\\\/07\\\/CT5W9104.jpg\",\"width\":1276,\"height\":850,\"caption\":\"Domenico Concolino\"},\"logo\":{\"@id\":\"https:\\\/\\\/www.concolino.it\\\/wp-content\\\/uploads\\\/2014\\\/07\\\/CT5W9104.jpg\"},\"description\":\"Teologo | Cappellano Campus Universit\u00e0 Magna Graecia | Direttore Ufficio Regione Universit\u00e0 Scuola Educazione (Calabria)\",\"sameAs\":[\"https:\\\/\\\/www.facebook.com\\\/don.mik.94\",\"https:\\\/\\\/x.com\\\/https:\\\/\\\/twitter.com\\\/don_mik\"],\"url\":\"https:\\\/\\\/www.concolino.it\\\/index.php\\\/author\\\/admin\\\/\"}]}<\/script>\n<!-- \/ Yoast SEO plugin. -->","yoast_head_json":{"title":"Sulla parola quotidiana | Pensieri - Concolino.it","robots":{"index":"index","follow":"follow","max-snippet":"max-snippet:-1","max-image-preview":"max-image-preview:large","max-video-preview":"max-video-preview:-1"},"canonical":"https:\/\/www.concolino.it\/index.php\/2025\/09\/02\/sulla-parola-quotidiana-pensieri\/","og_locale":"it_IT","og_type":"article","og_title":"Sulla parola quotidiana | Pensieri - Concolino.it","og_description":"La parola \u00e8 un ponte.&nbsp; Lo ripeteva spesso un geniale monaco ortodosso, Pavel Aleksandrovi\u010d Florenskij,&nbsp; matematico, filosofo, teologo, astronomo, e molto altro ancora, morto fucilato dal regime sovietico, nel \u201937.&nbsp; [&hellip;]","og_url":"https:\/\/www.concolino.it\/index.php\/2025\/09\/02\/sulla-parola-quotidiana-pensieri\/","og_site_name":"Concolino.it","article_publisher":"https:\/\/www.facebook.com\/don.mik.94","article_author":"https:\/\/www.facebook.com\/don.mik.94","article_published_time":"2025-09-02T11:33:43+00:00","article_modified_time":"2025-09-02T11:33:47+00:00","og_image":[{"width":890,"height":498,"url":"https:\/\/www.concolino.it\/wp-content\/uploads\/2025\/09\/PP.png","type":"image\/png"}],"author":"Domenico Concolino","twitter_card":"summary_large_image","twitter_creator":"@https:\/\/twitter.com\/don_mik","twitter_site":"@don_mik","twitter_misc":{"Scritto da":"Domenico Concolino","Tempo di lettura stimato":"4 minuti"},"schema":{"@context":"https:\/\/schema.org","@graph":[{"@type":"Article","@id":"https:\/\/www.concolino.it\/index.php\/2025\/09\/02\/sulla-parola-quotidiana-pensieri\/#article","isPartOf":{"@id":"https:\/\/www.concolino.it\/index.php\/2025\/09\/02\/sulla-parola-quotidiana-pensieri\/"},"author":{"name":"Domenico Concolino","@id":"https:\/\/www.concolino.it\/#\/schema\/person\/dfa8517603a44e77da85e7eb5139c070"},"headline":"Sulla parola quotidiana | Pensieri","datePublished":"2025-09-02T11:33:43+00:00","dateModified":"2025-09-02T11:33:47+00:00","mainEntityOfPage":{"@id":"https:\/\/www.concolino.it\/index.php\/2025\/09\/02\/sulla-parola-quotidiana-pensieri\/"},"wordCount":577,"publisher":{"@id":"https:\/\/www.concolino.it\/#\/schema\/person\/dfa8517603a44e77da85e7eb5139c070"},"image":{"@id":"https:\/\/www.concolino.it\/index.php\/2025\/09\/02\/sulla-parola-quotidiana-pensieri\/#primaryimage"},"thumbnailUrl":"https:\/\/www.concolino.it\/wp-content\/uploads\/2025\/09\/PP.png","articleSection":["Pensieri","Vetrina"],"inLanguage":"it-IT"},{"@type":"WebPage","@id":"https:\/\/www.concolino.it\/index.php\/2025\/09\/02\/sulla-parola-quotidiana-pensieri\/","url":"https:\/\/www.concolino.it\/index.php\/2025\/09\/02\/sulla-parola-quotidiana-pensieri\/","name":"Sulla parola quotidiana | Pensieri - Concolino.it","isPartOf":{"@id":"https:\/\/www.concolino.it\/#website"},"primaryImageOfPage":{"@id":"https:\/\/www.concolino.it\/index.php\/2025\/09\/02\/sulla-parola-quotidiana-pensieri\/#primaryimage"},"image":{"@id":"https:\/\/www.concolino.it\/index.php\/2025\/09\/02\/sulla-parola-quotidiana-pensieri\/#primaryimage"},"thumbnailUrl":"https:\/\/www.concolino.it\/wp-content\/uploads\/2025\/09\/PP.png","datePublished":"2025-09-02T11:33:43+00:00","dateModified":"2025-09-02T11:33:47+00:00","breadcrumb":{"@id":"https:\/\/www.concolino.it\/index.php\/2025\/09\/02\/sulla-parola-quotidiana-pensieri\/#breadcrumb"},"inLanguage":"it-IT","potentialAction":[{"@type":"ReadAction","target":["https:\/\/www.concolino.it\/index.php\/2025\/09\/02\/sulla-parola-quotidiana-pensieri\/"]}]},{"@type":"ImageObject","inLanguage":"it-IT","@id":"https:\/\/www.concolino.it\/index.php\/2025\/09\/02\/sulla-parola-quotidiana-pensieri\/#primaryimage","url":"https:\/\/www.concolino.it\/wp-content\/uploads\/2025\/09\/PP.png","contentUrl":"https:\/\/www.concolino.it\/wp-content\/uploads\/2025\/09\/PP.png","width":890,"height":498},{"@type":"BreadcrumbList","@id":"https:\/\/www.concolino.it\/index.php\/2025\/09\/02\/sulla-parola-quotidiana-pensieri\/#breadcrumb","itemListElement":[{"@type":"ListItem","position":1,"name":"Home","item":"https:\/\/www.concolino.it\/"},{"@type":"ListItem","position":2,"name":"Sulla parola quotidiana | Pensieri"}]},{"@type":"WebSite","@id":"https:\/\/www.concolino.it\/#website","url":"https:\/\/www.concolino.it\/","name":"Concolino.it","description":"Allargare gli spazi del Verbo","publisher":{"@id":"https:\/\/www.concolino.it\/#\/schema\/person\/dfa8517603a44e77da85e7eb5139c070"},"potentialAction":[{"@type":"SearchAction","target":{"@type":"EntryPoint","urlTemplate":"https:\/\/www.concolino.it\/?s={search_term_string}"},"query-input":{"@type":"PropertyValueSpecification","valueRequired":true,"valueName":"search_term_string"}}],"inLanguage":"it-IT"},{"@type":["Person","Organization"],"@id":"https:\/\/www.concolino.it\/#\/schema\/person\/dfa8517603a44e77da85e7eb5139c070","name":"Domenico Concolino","image":{"@type":"ImageObject","inLanguage":"it-IT","@id":"https:\/\/www.concolino.it\/wp-content\/uploads\/2014\/07\/CT5W9104.jpg","url":"https:\/\/www.concolino.it\/wp-content\/uploads\/2014\/07\/CT5W9104.jpg","contentUrl":"https:\/\/www.concolino.it\/wp-content\/uploads\/2014\/07\/CT5W9104.jpg","width":1276,"height":850,"caption":"Domenico Concolino"},"logo":{"@id":"https:\/\/www.concolino.it\/wp-content\/uploads\/2014\/07\/CT5W9104.jpg"},"description":"Teologo | Cappellano Campus Universit\u00e0 Magna Graecia | Direttore Ufficio Regione Universit\u00e0 Scuola Educazione (Calabria)","sameAs":["https:\/\/www.facebook.com\/don.mik.94","https:\/\/x.com\/https:\/\/twitter.com\/don_mik"],"url":"https:\/\/www.concolino.it\/index.php\/author\/admin\/"}]}},"_links":{"self":[{"href":"https:\/\/www.concolino.it\/index.php\/wp-json\/wp\/v2\/posts\/6922","targetHints":{"allow":["GET"]}}],"collection":[{"href":"https:\/\/www.concolino.it\/index.php\/wp-json\/wp\/v2\/posts"}],"about":[{"href":"https:\/\/www.concolino.it\/index.php\/wp-json\/wp\/v2\/types\/post"}],"author":[{"embeddable":true,"href":"https:\/\/www.concolino.it\/index.php\/wp-json\/wp\/v2\/users\/1"}],"replies":[{"embeddable":true,"href":"https:\/\/www.concolino.it\/index.php\/wp-json\/wp\/v2\/comments?post=6922"}],"version-history":[{"count":1,"href":"https:\/\/www.concolino.it\/index.php\/wp-json\/wp\/v2\/posts\/6922\/revisions"}],"predecessor-version":[{"id":6924,"href":"https:\/\/www.concolino.it\/index.php\/wp-json\/wp\/v2\/posts\/6922\/revisions\/6924"}],"wp:featuredmedia":[{"embeddable":true,"href":"https:\/\/www.concolino.it\/index.php\/wp-json\/wp\/v2\/media\/6923"}],"wp:attachment":[{"href":"https:\/\/www.concolino.it\/index.php\/wp-json\/wp\/v2\/media?parent=6922"}],"wp:term":[{"taxonomy":"category","embeddable":true,"href":"https:\/\/www.concolino.it\/index.php\/wp-json\/wp\/v2\/categories?post=6922"},{"taxonomy":"post_tag","embeddable":true,"href":"https:\/\/www.concolino.it\/index.php\/wp-json\/wp\/v2\/tags?post=6922"}],"curies":[{"name":"wp","href":"https:\/\/api.w.org\/{rel}","templated":true}]}}