{"id":6467,"date":"2025-03-24T12:36:42","date_gmt":"2025-03-24T11:36:42","guid":{"rendered":"https:\/\/www.concolino.it\/?p=6467"},"modified":"2025-03-28T05:38:12","modified_gmt":"2025-03-28T04:38:12","slug":"scrivere-e-leggere-una-pratica-spirituale-pensieri","status":"publish","type":"post","link":"https:\/\/www.concolino.it\/index.php\/2025\/03\/24\/scrivere-e-leggere-una-pratica-spirituale-pensieri\/","title":{"rendered":"Scrivere e leggere, una pratica spirituale | Pensieri"},"content":{"rendered":"\n<p>Tardi ho cominciato a scrivere. <\/p>\n\n\n\n<p>Molto tardi. E non perch\u00e9 non sapessi usare l\u2019alfabeto, tentando di spiegare ci\u00f2 che vedevo o ci\u00f2 che ancora non vedevo. Ma la pratica di scrittura come capacit\u00e0 di <em>distanza<\/em>, <em>memoria<\/em> e <em>profezia<\/em> mi era sconosciuta. La mia parola non aveva ancora raggiunto lo spazio della interiorit\u00e0, abitando il palazzo dell\u2019anima, e neppure aveva la consapevolezza del suo potere trasformante. Non capivo ancora che siamo fatti della stessa sostanza delle nostre parole, di quelle che diciamo e di quelle che non diciamo.\u00a0<\/p>\n\n\n\n<p>Ad ogni modo scrivere, era per lo pi\u00f9 un nominare le cose, descriverle, a volte era una specie di lista della spesa e nulla pi\u00f9. Necessaria per spiegare qualcosa ma non per incontrare qualcuno.\u00a0<\/p>\n\n\n\n<p>Ma sbagliavo. Avevo visto sola la met\u00e0 della faccenda.<\/p>\n\n\n\n<p>E tardi ho cominciato anche a leggere.\u00a0<\/p>\n\n\n\n<p>Molto tardi. Parlo di quella lettura senza una immediata utilit\u00e0. Il mio era solo un leggere per.. , in vista di\u2026 mi dedicavo a saggi, manuali, trattati.  Ma piano piano cuore e parole si rinsecchivano, diventavano isole, molto lontano dalla terraferma, lontanissime dalla vita.\u00a0A quei tempi solo la lettura del Vangelo e di qualche testo spirituale mi ristoravano.<\/p>\n\n\n\n<p>In quelle letture, della parola mi mancava la caratteristica del nutrimento, della contemplazione disinteressata, della meraviglia, dell\u2019illuminazione interiore, del capire per aiutare gli altri. Quanta strada ancora bisognava fare! Cos\u00ec iniziai a cercare. Ora  ogni lettura, ogni singolo atto di lettura, avrebbe dovuto essere <em>anche<\/em> una terapia dell&#8217;anima, una salutare sospensione interiore del tempo, un\u2019attesa, un vedere dove si va con la vita.<\/p>\n\n\n\n<p>Insomma imparai a leggere per leggermi, per mettersi in discussione, per intravedere possibilit\u00e0 di nuove forme di esistenza, dialogando, come dice Marcel Proust,\u00a0 silenziosamente con me stesso. Leggere e dialogare, dialogare &#8211; mentre si legge &#8211; come me stesso e con gli altri , ecco il nuovo passo da fare.\u00a0<\/p>\n\n\n\n<p>Addirittura in certi casi, mi sorprendeva scoprire come il Signore stesso era presente proprio li dove non ti aspetti, in luoghi, circostanze e persone molto lontane dalla fede, eppure &#8211; leggevo con gioia  &#8211; il suo richiamo era vivo e pressante. Leggere perci\u00f2 era diventato il mio pozzo di acqua pura nel deserto della vita, la mia concreta possibilit\u00e0 di incontro con mondi diversi. Ora  pezzi di esistenza si riversavano nel mio grembo come un dono, come una grazia esattamente mentre silenziosamente leggevo.\u00a0<\/p>\n\n\n\n<p>Infine tardi, molto tardi, ho iniziato a trasformare il mio linguaggio. <\/p>\n\n\n\n<p>Le mie parole, cercavano adesso un respiro diverso. Le desideravo nuove, fresche, concrete e soprattutto non ripetitive. Ora potevano nascere e rinascere da pensieri fecondati da letture e scritture diverse, ampie, quanto pi\u00f9 possibile luminose. Capivo che solo delle parole nuove, gravide di spirito, potevano illuminare e cambiare i miei gesti e il mio modo di vivere. Per questo iniziai a cercarle ovunque.  Cercavo parole che mi portavano il sapore della\u00a0 vita autentica, la memoria dell\u2019esperienza di Dio tra gli uomini. Senza la loro compagnia mi sentivo buttato fuori dalla storia, come fermo sul balcone di casa o affacciato alla finestra, mentre tutto il mondo scorreva davanti a me.<\/p>\n\n\n\n<p>Ora le parole, le mie parole, impastate di suono, energia, concetti, parlano pi\u00f9 di ieri. Lo sento. Li penso come ponti, come sentieri che aprono il passaggio verso gli altri, luoghi in cui darsi appuntamento con la vita vera. Poi, lo so, arriveranno anche nuovi gesti, nuovi programmi, altre decisioni. \u00a0 \u00a0<\/p>\n\n\n\n<p>Tardi ho cominciato a leggere e scrivere, e ancora sono in cammino. Ma forse, forse, proprio perch\u00e9 si resta in cammino la via da percorrere si fa pi\u00f9 chiara.\u00a0Qualcuno ha detto che camminando si apre cammino.  <\/p>\n","protected":false},"excerpt":{"rendered":"<p>Tardi ho cominciato a scrivere. Molto tardi. E non perch\u00e9 non sapessi usare l\u2019alfabeto, tentando di spiegare ci\u00f2 che vedevo o ci\u00f2 che ancora non vedevo. Ma la pratica di [&hellip;]<\/p>\n","protected":false},"author":1,"featured_media":6468,"comment_status":"closed","ping_status":"closed","sticky":false,"template":"","format":"image","meta":{"site-sidebar-layout":"default","site-content-layout":"","ast-site-content-layout":"default","site-content-style":"default","site-sidebar-style":"default","ast-global-header-display":"","ast-banner-title-visibility":"","ast-main-header-display":"","ast-hfb-above-header-display":"","ast-hfb-below-header-display":"","ast-hfb-mobile-header-display":"","site-post-title":"","ast-breadcrumbs-content":"","ast-featured-img":"","footer-sml-layout":"","ast-disable-related-posts":"","theme-transparent-header-meta":"","adv-header-id-meta":"","stick-header-meta":"","header-above-stick-meta":"","header-main-stick-meta":"","header-below-stick-meta":"","astra-migrate-meta-layouts":"set","ast-page-background-enabled":"default","ast-page-background-meta":{"desktop":{"background-color":"","background-image":"","background-repeat":"repeat","background-position":"center center","background-size":"auto","background-attachment":"scroll","background-type":"","background-media":"","overlay-type":"","overlay-color":"","overlay-opacity":"","overlay-gradient":""},"tablet":{"background-color":"","background-image":"","background-repeat":"repeat","background-position":"center center","background-size":"auto","background-attachment":"scroll","background-type":"","background-media":"","overlay-type":"","overlay-color":"","overlay-opacity":"","overlay-gradient":""},"mobile":{"background-color":"","background-image":"","background-repeat":"repeat","background-position":"center center","background-size":"auto","background-attachment":"scroll","background-type":"","background-media":"","overlay-type":"","overlay-color":"","overlay-opacity":"","overlay-gradient":""}},"ast-content-background-meta":{"desktop":{"background-color":"var(--ast-global-color-5)","background-image":"","background-repeat":"repeat","background-position":"center center","background-size":"auto","background-attachment":"scroll","background-type":"","background-media":"","overlay-type":"","overlay-color":"","overlay-opacity":"","overlay-gradient":""},"tablet":{"background-color":"var(--ast-global-color-5)","background-image":"","background-repeat":"repeat","background-position":"center center","background-size":"auto","background-attachment":"scroll","background-type":"","background-media":"","overlay-type":"","overlay-color":"","overlay-opacity":"","overlay-gradient":""},"mobile":{"background-color":"var(--ast-global-color-5)","background-image":"","background-repeat":"repeat","background-position":"center center","background-size":"auto","background-attachment":"scroll","background-type":"","background-media":"","overlay-type":"","overlay-color":"","overlay-opacity":"","overlay-gradient":""}},"footnotes":""},"categories":[2,5],"tags":[],"class_list":["post-6467","post","type-post","status-publish","format-image","has-post-thumbnail","hentry","category-pensieri","category-vetrina","post_format-post-format-image"],"yoast_head":"<!-- This site is optimized with the Yoast SEO plugin v27.4 - https:\/\/yoast.com\/product\/yoast-seo-wordpress\/ -->\n<title>Scrivere e leggere, una pratica spirituale | Pensieri - Concolino.it<\/title>\n<meta name=\"robots\" content=\"index, follow, max-snippet:-1, max-image-preview:large, max-video-preview:-1\" \/>\n<link rel=\"canonical\" href=\"https:\/\/www.concolino.it\/index.php\/2025\/03\/24\/scrivere-e-leggere-una-pratica-spirituale-pensieri\/\" \/>\n<meta property=\"og:locale\" content=\"it_IT\" \/>\n<meta property=\"og:type\" content=\"article\" \/>\n<meta property=\"og:title\" content=\"Scrivere e leggere, una pratica spirituale | Pensieri - Concolino.it\" \/>\n<meta property=\"og:description\" content=\"Tardi ho cominciato a scrivere. Molto tardi. E non perch\u00e9 non sapessi usare l\u2019alfabeto, tentando di spiegare ci\u00f2 che vedevo o ci\u00f2 che ancora non vedevo. Ma la pratica di [&hellip;]\" \/>\n<meta property=\"og:url\" content=\"https:\/\/www.concolino.it\/index.php\/2025\/03\/24\/scrivere-e-leggere-una-pratica-spirituale-pensieri\/\" \/>\n<meta property=\"og:site_name\" content=\"Concolino.it\" \/>\n<meta property=\"article:publisher\" content=\"https:\/\/www.facebook.com\/don.mik.94\" \/>\n<meta property=\"article:author\" content=\"https:\/\/www.facebook.com\/don.mik.94\" \/>\n<meta property=\"article:published_time\" content=\"2025-03-24T11:36:42+00:00\" \/>\n<meta property=\"article:modified_time\" content=\"2025-03-28T04:38:12+00:00\" \/>\n<meta property=\"og:image\" content=\"https:\/\/www.concolino.it\/wp-content\/uploads\/2025\/03\/Schermata-2025-03-24-alle-12.33.19.png\" \/>\n\t<meta property=\"og:image:width\" content=\"890\" \/>\n\t<meta property=\"og:image:height\" content=\"593\" \/>\n\t<meta property=\"og:image:type\" content=\"image\/png\" \/>\n<meta name=\"author\" content=\"Domenico Concolino\" \/>\n<meta name=\"twitter:card\" content=\"summary_large_image\" \/>\n<meta name=\"twitter:creator\" content=\"@https:\/\/twitter.com\/don_mik\" \/>\n<meta name=\"twitter:site\" content=\"@don_mik\" \/>\n<meta name=\"twitter:label1\" content=\"Scritto da\" \/>\n\t<meta name=\"twitter:data1\" content=\"Domenico Concolino\" \/>\n\t<meta name=\"twitter:label2\" content=\"Tempo di lettura stimato\" \/>\n\t<meta name=\"twitter:data2\" content=\"4 minuti\" \/>\n<script type=\"application\/ld+json\" class=\"yoast-schema-graph\">{\"@context\":\"https:\\\/\\\/schema.org\",\"@graph\":[{\"@type\":\"Article\",\"@id\":\"https:\\\/\\\/www.concolino.it\\\/index.php\\\/2025\\\/03\\\/24\\\/scrivere-e-leggere-una-pratica-spirituale-pensieri\\\/#article\",\"isPartOf\":{\"@id\":\"https:\\\/\\\/www.concolino.it\\\/index.php\\\/2025\\\/03\\\/24\\\/scrivere-e-leggere-una-pratica-spirituale-pensieri\\\/\"},\"author\":{\"name\":\"Domenico Concolino\",\"@id\":\"https:\\\/\\\/www.concolino.it\\\/#\\\/schema\\\/person\\\/dfa8517603a44e77da85e7eb5139c070\"},\"headline\":\"Scrivere e leggere, una pratica spirituale | Pensieri\",\"datePublished\":\"2025-03-24T11:36:42+00:00\",\"dateModified\":\"2025-03-28T04:38:12+00:00\",\"mainEntityOfPage\":{\"@id\":\"https:\\\/\\\/www.concolino.it\\\/index.php\\\/2025\\\/03\\\/24\\\/scrivere-e-leggere-una-pratica-spirituale-pensieri\\\/\"},\"wordCount\":610,\"publisher\":{\"@id\":\"https:\\\/\\\/www.concolino.it\\\/#\\\/schema\\\/person\\\/dfa8517603a44e77da85e7eb5139c070\"},\"image\":{\"@id\":\"https:\\\/\\\/www.concolino.it\\\/index.php\\\/2025\\\/03\\\/24\\\/scrivere-e-leggere-una-pratica-spirituale-pensieri\\\/#primaryimage\"},\"thumbnailUrl\":\"https:\\\/\\\/www.concolino.it\\\/wp-content\\\/uploads\\\/2025\\\/03\\\/Schermata-2025-03-24-alle-12.33.19.png\",\"articleSection\":[\"Pensieri\",\"Vetrina\"],\"inLanguage\":\"it-IT\"},{\"@type\":\"WebPage\",\"@id\":\"https:\\\/\\\/www.concolino.it\\\/index.php\\\/2025\\\/03\\\/24\\\/scrivere-e-leggere-una-pratica-spirituale-pensieri\\\/\",\"url\":\"https:\\\/\\\/www.concolino.it\\\/index.php\\\/2025\\\/03\\\/24\\\/scrivere-e-leggere-una-pratica-spirituale-pensieri\\\/\",\"name\":\"Scrivere e leggere, una pratica spirituale | Pensieri - Concolino.it\",\"isPartOf\":{\"@id\":\"https:\\\/\\\/www.concolino.it\\\/#website\"},\"primaryImageOfPage\":{\"@id\":\"https:\\\/\\\/www.concolino.it\\\/index.php\\\/2025\\\/03\\\/24\\\/scrivere-e-leggere-una-pratica-spirituale-pensieri\\\/#primaryimage\"},\"image\":{\"@id\":\"https:\\\/\\\/www.concolino.it\\\/index.php\\\/2025\\\/03\\\/24\\\/scrivere-e-leggere-una-pratica-spirituale-pensieri\\\/#primaryimage\"},\"thumbnailUrl\":\"https:\\\/\\\/www.concolino.it\\\/wp-content\\\/uploads\\\/2025\\\/03\\\/Schermata-2025-03-24-alle-12.33.19.png\",\"datePublished\":\"2025-03-24T11:36:42+00:00\",\"dateModified\":\"2025-03-28T04:38:12+00:00\",\"breadcrumb\":{\"@id\":\"https:\\\/\\\/www.concolino.it\\\/index.php\\\/2025\\\/03\\\/24\\\/scrivere-e-leggere-una-pratica-spirituale-pensieri\\\/#breadcrumb\"},\"inLanguage\":\"it-IT\",\"potentialAction\":[{\"@type\":\"ReadAction\",\"target\":[\"https:\\\/\\\/www.concolino.it\\\/index.php\\\/2025\\\/03\\\/24\\\/scrivere-e-leggere-una-pratica-spirituale-pensieri\\\/\"]}]},{\"@type\":\"ImageObject\",\"inLanguage\":\"it-IT\",\"@id\":\"https:\\\/\\\/www.concolino.it\\\/index.php\\\/2025\\\/03\\\/24\\\/scrivere-e-leggere-una-pratica-spirituale-pensieri\\\/#primaryimage\",\"url\":\"https:\\\/\\\/www.concolino.it\\\/wp-content\\\/uploads\\\/2025\\\/03\\\/Schermata-2025-03-24-alle-12.33.19.png\",\"contentUrl\":\"https:\\\/\\\/www.concolino.it\\\/wp-content\\\/uploads\\\/2025\\\/03\\\/Schermata-2025-03-24-alle-12.33.19.png\",\"width\":890,\"height\":593},{\"@type\":\"BreadcrumbList\",\"@id\":\"https:\\\/\\\/www.concolino.it\\\/index.php\\\/2025\\\/03\\\/24\\\/scrivere-e-leggere-una-pratica-spirituale-pensieri\\\/#breadcrumb\",\"itemListElement\":[{\"@type\":\"ListItem\",\"position\":1,\"name\":\"Home\",\"item\":\"https:\\\/\\\/www.concolino.it\\\/\"},{\"@type\":\"ListItem\",\"position\":2,\"name\":\"Scrivere e leggere, una pratica spirituale | Pensieri\"}]},{\"@type\":\"WebSite\",\"@id\":\"https:\\\/\\\/www.concolino.it\\\/#website\",\"url\":\"https:\\\/\\\/www.concolino.it\\\/\",\"name\":\"Concolino.it\",\"description\":\"Allargare gli spazi del Verbo\",\"publisher\":{\"@id\":\"https:\\\/\\\/www.concolino.it\\\/#\\\/schema\\\/person\\\/dfa8517603a44e77da85e7eb5139c070\"},\"potentialAction\":[{\"@type\":\"SearchAction\",\"target\":{\"@type\":\"EntryPoint\",\"urlTemplate\":\"https:\\\/\\\/www.concolino.it\\\/?s={search_term_string}\"},\"query-input\":{\"@type\":\"PropertyValueSpecification\",\"valueRequired\":true,\"valueName\":\"search_term_string\"}}],\"inLanguage\":\"it-IT\"},{\"@type\":[\"Person\",\"Organization\"],\"@id\":\"https:\\\/\\\/www.concolino.it\\\/#\\\/schema\\\/person\\\/dfa8517603a44e77da85e7eb5139c070\",\"name\":\"Domenico Concolino\",\"image\":{\"@type\":\"ImageObject\",\"inLanguage\":\"it-IT\",\"@id\":\"https:\\\/\\\/www.concolino.it\\\/wp-content\\\/uploads\\\/2014\\\/07\\\/CT5W9104.jpg\",\"url\":\"https:\\\/\\\/www.concolino.it\\\/wp-content\\\/uploads\\\/2014\\\/07\\\/CT5W9104.jpg\",\"contentUrl\":\"https:\\\/\\\/www.concolino.it\\\/wp-content\\\/uploads\\\/2014\\\/07\\\/CT5W9104.jpg\",\"width\":1276,\"height\":850,\"caption\":\"Domenico Concolino\"},\"logo\":{\"@id\":\"https:\\\/\\\/www.concolino.it\\\/wp-content\\\/uploads\\\/2014\\\/07\\\/CT5W9104.jpg\"},\"description\":\"Teologo | Cappellano Campus Universit\u00e0 Magna Graecia | Direttore Ufficio Regione Universit\u00e0 Scuola Educazione (Calabria)\",\"sameAs\":[\"https:\\\/\\\/www.facebook.com\\\/don.mik.94\",\"https:\\\/\\\/x.com\\\/https:\\\/\\\/twitter.com\\\/don_mik\"],\"url\":\"https:\\\/\\\/www.concolino.it\\\/index.php\\\/author\\\/admin\\\/\"}]}<\/script>\n<!-- \/ Yoast SEO plugin. -->","yoast_head_json":{"title":"Scrivere e leggere, una pratica spirituale | Pensieri - Concolino.it","robots":{"index":"index","follow":"follow","max-snippet":"max-snippet:-1","max-image-preview":"max-image-preview:large","max-video-preview":"max-video-preview:-1"},"canonical":"https:\/\/www.concolino.it\/index.php\/2025\/03\/24\/scrivere-e-leggere-una-pratica-spirituale-pensieri\/","og_locale":"it_IT","og_type":"article","og_title":"Scrivere e leggere, una pratica spirituale | Pensieri - Concolino.it","og_description":"Tardi ho cominciato a scrivere. Molto tardi. E non perch\u00e9 non sapessi usare l\u2019alfabeto, tentando di spiegare ci\u00f2 che vedevo o ci\u00f2 che ancora non vedevo. Ma la pratica di [&hellip;]","og_url":"https:\/\/www.concolino.it\/index.php\/2025\/03\/24\/scrivere-e-leggere-una-pratica-spirituale-pensieri\/","og_site_name":"Concolino.it","article_publisher":"https:\/\/www.facebook.com\/don.mik.94","article_author":"https:\/\/www.facebook.com\/don.mik.94","article_published_time":"2025-03-24T11:36:42+00:00","article_modified_time":"2025-03-28T04:38:12+00:00","og_image":[{"width":890,"height":593,"url":"https:\/\/www.concolino.it\/wp-content\/uploads\/2025\/03\/Schermata-2025-03-24-alle-12.33.19.png","type":"image\/png"}],"author":"Domenico Concolino","twitter_card":"summary_large_image","twitter_creator":"@https:\/\/twitter.com\/don_mik","twitter_site":"@don_mik","twitter_misc":{"Scritto da":"Domenico Concolino","Tempo di lettura stimato":"4 minuti"},"schema":{"@context":"https:\/\/schema.org","@graph":[{"@type":"Article","@id":"https:\/\/www.concolino.it\/index.php\/2025\/03\/24\/scrivere-e-leggere-una-pratica-spirituale-pensieri\/#article","isPartOf":{"@id":"https:\/\/www.concolino.it\/index.php\/2025\/03\/24\/scrivere-e-leggere-una-pratica-spirituale-pensieri\/"},"author":{"name":"Domenico Concolino","@id":"https:\/\/www.concolino.it\/#\/schema\/person\/dfa8517603a44e77da85e7eb5139c070"},"headline":"Scrivere e leggere, una pratica spirituale | Pensieri","datePublished":"2025-03-24T11:36:42+00:00","dateModified":"2025-03-28T04:38:12+00:00","mainEntityOfPage":{"@id":"https:\/\/www.concolino.it\/index.php\/2025\/03\/24\/scrivere-e-leggere-una-pratica-spirituale-pensieri\/"},"wordCount":610,"publisher":{"@id":"https:\/\/www.concolino.it\/#\/schema\/person\/dfa8517603a44e77da85e7eb5139c070"},"image":{"@id":"https:\/\/www.concolino.it\/index.php\/2025\/03\/24\/scrivere-e-leggere-una-pratica-spirituale-pensieri\/#primaryimage"},"thumbnailUrl":"https:\/\/www.concolino.it\/wp-content\/uploads\/2025\/03\/Schermata-2025-03-24-alle-12.33.19.png","articleSection":["Pensieri","Vetrina"],"inLanguage":"it-IT"},{"@type":"WebPage","@id":"https:\/\/www.concolino.it\/index.php\/2025\/03\/24\/scrivere-e-leggere-una-pratica-spirituale-pensieri\/","url":"https:\/\/www.concolino.it\/index.php\/2025\/03\/24\/scrivere-e-leggere-una-pratica-spirituale-pensieri\/","name":"Scrivere e leggere, una pratica spirituale | Pensieri - Concolino.it","isPartOf":{"@id":"https:\/\/www.concolino.it\/#website"},"primaryImageOfPage":{"@id":"https:\/\/www.concolino.it\/index.php\/2025\/03\/24\/scrivere-e-leggere-una-pratica-spirituale-pensieri\/#primaryimage"},"image":{"@id":"https:\/\/www.concolino.it\/index.php\/2025\/03\/24\/scrivere-e-leggere-una-pratica-spirituale-pensieri\/#primaryimage"},"thumbnailUrl":"https:\/\/www.concolino.it\/wp-content\/uploads\/2025\/03\/Schermata-2025-03-24-alle-12.33.19.png","datePublished":"2025-03-24T11:36:42+00:00","dateModified":"2025-03-28T04:38:12+00:00","breadcrumb":{"@id":"https:\/\/www.concolino.it\/index.php\/2025\/03\/24\/scrivere-e-leggere-una-pratica-spirituale-pensieri\/#breadcrumb"},"inLanguage":"it-IT","potentialAction":[{"@type":"ReadAction","target":["https:\/\/www.concolino.it\/index.php\/2025\/03\/24\/scrivere-e-leggere-una-pratica-spirituale-pensieri\/"]}]},{"@type":"ImageObject","inLanguage":"it-IT","@id":"https:\/\/www.concolino.it\/index.php\/2025\/03\/24\/scrivere-e-leggere-una-pratica-spirituale-pensieri\/#primaryimage","url":"https:\/\/www.concolino.it\/wp-content\/uploads\/2025\/03\/Schermata-2025-03-24-alle-12.33.19.png","contentUrl":"https:\/\/www.concolino.it\/wp-content\/uploads\/2025\/03\/Schermata-2025-03-24-alle-12.33.19.png","width":890,"height":593},{"@type":"BreadcrumbList","@id":"https:\/\/www.concolino.it\/index.php\/2025\/03\/24\/scrivere-e-leggere-una-pratica-spirituale-pensieri\/#breadcrumb","itemListElement":[{"@type":"ListItem","position":1,"name":"Home","item":"https:\/\/www.concolino.it\/"},{"@type":"ListItem","position":2,"name":"Scrivere e leggere, una pratica spirituale | Pensieri"}]},{"@type":"WebSite","@id":"https:\/\/www.concolino.it\/#website","url":"https:\/\/www.concolino.it\/","name":"Concolino.it","description":"Allargare gli spazi del Verbo","publisher":{"@id":"https:\/\/www.concolino.it\/#\/schema\/person\/dfa8517603a44e77da85e7eb5139c070"},"potentialAction":[{"@type":"SearchAction","target":{"@type":"EntryPoint","urlTemplate":"https:\/\/www.concolino.it\/?s={search_term_string}"},"query-input":{"@type":"PropertyValueSpecification","valueRequired":true,"valueName":"search_term_string"}}],"inLanguage":"it-IT"},{"@type":["Person","Organization"],"@id":"https:\/\/www.concolino.it\/#\/schema\/person\/dfa8517603a44e77da85e7eb5139c070","name":"Domenico Concolino","image":{"@type":"ImageObject","inLanguage":"it-IT","@id":"https:\/\/www.concolino.it\/wp-content\/uploads\/2014\/07\/CT5W9104.jpg","url":"https:\/\/www.concolino.it\/wp-content\/uploads\/2014\/07\/CT5W9104.jpg","contentUrl":"https:\/\/www.concolino.it\/wp-content\/uploads\/2014\/07\/CT5W9104.jpg","width":1276,"height":850,"caption":"Domenico Concolino"},"logo":{"@id":"https:\/\/www.concolino.it\/wp-content\/uploads\/2014\/07\/CT5W9104.jpg"},"description":"Teologo | Cappellano Campus Universit\u00e0 Magna Graecia | Direttore Ufficio Regione Universit\u00e0 Scuola Educazione (Calabria)","sameAs":["https:\/\/www.facebook.com\/don.mik.94","https:\/\/x.com\/https:\/\/twitter.com\/don_mik"],"url":"https:\/\/www.concolino.it\/index.php\/author\/admin\/"}]}},"_links":{"self":[{"href":"https:\/\/www.concolino.it\/index.php\/wp-json\/wp\/v2\/posts\/6467","targetHints":{"allow":["GET"]}}],"collection":[{"href":"https:\/\/www.concolino.it\/index.php\/wp-json\/wp\/v2\/posts"}],"about":[{"href":"https:\/\/www.concolino.it\/index.php\/wp-json\/wp\/v2\/types\/post"}],"author":[{"embeddable":true,"href":"https:\/\/www.concolino.it\/index.php\/wp-json\/wp\/v2\/users\/1"}],"replies":[{"embeddable":true,"href":"https:\/\/www.concolino.it\/index.php\/wp-json\/wp\/v2\/comments?post=6467"}],"version-history":[{"count":32,"href":"https:\/\/www.concolino.it\/index.php\/wp-json\/wp\/v2\/posts\/6467\/revisions"}],"predecessor-version":[{"id":6520,"href":"https:\/\/www.concolino.it\/index.php\/wp-json\/wp\/v2\/posts\/6467\/revisions\/6520"}],"wp:featuredmedia":[{"embeddable":true,"href":"https:\/\/www.concolino.it\/index.php\/wp-json\/wp\/v2\/media\/6468"}],"wp:attachment":[{"href":"https:\/\/www.concolino.it\/index.php\/wp-json\/wp\/v2\/media?parent=6467"}],"wp:term":[{"taxonomy":"category","embeddable":true,"href":"https:\/\/www.concolino.it\/index.php\/wp-json\/wp\/v2\/categories?post=6467"},{"taxonomy":"post_tag","embeddable":true,"href":"https:\/\/www.concolino.it\/index.php\/wp-json\/wp\/v2\/tags?post=6467"}],"curies":[{"name":"wp","href":"https:\/\/api.w.org\/{rel}","templated":true}]}}