{"id":6432,"date":"2025-03-13T20:10:27","date_gmt":"2025-03-13T19:10:27","guid":{"rendered":"https:\/\/www.concolino.it\/?p=6432"},"modified":"2025-03-13T20:34:15","modified_gmt":"2025-03-13T19:34:15","slug":"ildegarda-di-bingen-scrive-di-se-al-monaco-gilberto-di-gembloux-e-lui-diventa-il-suo-ultimo-segretario","status":"publish","type":"post","link":"https:\/\/www.concolino.it\/index.php\/2025\/03\/13\/ildegarda-di-bingen-scrive-di-se-al-monaco-gilberto-di-gembloux-e-lui-diventa-il-suo-ultimo-segretario\/","title":{"rendered":"Ildegarda di Bingen scrive di se al monaco Gilberto di Gembloux e lui diventa il suo ultimo segretario (Rupertsberg | 1175)"},"content":{"rendered":"\n<p>&nbsp;Anno del Signore 1175<\/p>\n\n\n\n<p>\u201c [\u2026] Dio opera dove vuole, per la gloria del suo nome, non per quella dell&#8217;uomo terreno. Ma io son sempre tremante di timore, perch\u00e9 non so con certezza di avere alcuna capacit\u00e0. Ma tendo le mani a Dio, cosicch\u00e9, come una piuma che manca di qualsiasi peso e forza, e vola al vento, possa essere sostenuta da lui. E non posso [vedere] chiaramente le cose che vedo nella mia condizione corporea e nella mia anima invisibile, perch\u00e9 in entrambe le cose l&#8217;uomo \u00e8 difettoso.<\/p>\n\n\n\n<p>&nbsp;Sin dalla mia infanzia, comunque, quando ancora non ero forte di ossa e nervi e vene, ho sempre avuto questa visione nella mia anima; fino ad ora, che ho pi\u00f9 di settant&#8217;anni. E come Dio vuole, in questa visione il mio spirito sale in alto, nelle altezze del firmamento, in aria diversa, e si dilata tra differenti nazioni, per quanto siano in regioni remote, in luoghi distanti me.&nbsp;<\/p>\n\n\n\n<p>E dato che vedo tali cose in tale modo, perci\u00f2 le osservo anche nelle forme mutevoli delle nubi e di altre cose create. Ma non le sento con le orecchie del corpo, n\u00e9 coi pensieri del cuore, n\u00e9 le avverto con uno dei cinque sensi, ma solo nell&#8217;anima mia, gli occhi aperti, in modo da non perdere mai coscienza nell&#8217;estasi (extasis); no, vedo tali cose da sveglia, giorno e notte.&nbsp;<\/p>\n\n\n\n<p>E sono costantemente tormentata da malattie, e tanto presa da forti dolori, che minacciano di condurmi a morte; ma finora Dio mi ha sorretto.<\/p>\n\n\n\n<p>&nbsp;La luce che vedo non ha spazio, ma \u00e8 molto, molto pi\u00f9 luminosa di una nuvola che avvolga il sole. Non posso valutarne l&#8217;altezza, la lunghezza o la larghezza;&nbsp; e la chiamo \u201cl&#8217;ombra della luce vivente\u201d. E come il sole, la luna e le stelle si rispecchiano nell&#8217;acqua, cos\u00ec la Scrittura, i discorsi, le virt\u00f9 e alcune opere di uomini prendono forma per me e si riflettono luminosi in quella luce.<\/p>\n\n\n\n<p>&nbsp; Qualsiasi cosa abbia visto o imparato in questa visione, me ne ricordo per lungo tempo, di modo che, se una volta ho visto e udito, posso serbarne memoria; e vedo, odo e conosco simultaneamente, e imparo quasi nello stesso momento in cui so.&nbsp;<\/p>\n\n\n\n<p>Ma non so quello che non vedo, perch\u00e9 non sono istruita. E le cose che scrivo, sono quelle che vedo e odo nella visione, n\u00e9 vi pongo altre parole che quelle che odo; le esprimo con un latino non raffinato, proprio come le odo nella visione, dato che in essa non mi si insegna a scrivere come scrivono i filosofi. E le parole che vedo e che odo in questa visione non sono come parole che vengano da labbra umane, ma sono come fiamma scintillante, come nubi che si muovano in aria pura. Inoltre, non posso assolutamente sapere la forma di questa luce, proprio come non posso distinguere bene la sfera del sole.<\/p>\n\n\n\n<p>&nbsp;E nella stessa luce a volte, non spesso, vedo un altro splendore, che io chiamo \u201clo splendore vivente\u201d: quando e come, non riesco a dire; \u201ce per il tempo che lo vedo, sono sollevata da ogni tristezza e da ogni angoscia, cosicch\u00e9 in quei mesi ho l&#8217;aspetto di una giovane innocente, e non quello di una vecchietta. Ma per via della continua malattia di cui soffro, mi stanco a volte di manifestare le parole e le visioni che mi sono mostrate; nondimeno, quando la mia anima, gustandole, vede tali cose, sono tanto trasformata nel comportamento, che, come ho detto, affido all&#8217;oblio ogni dolore e tribolazione. E ci\u00f2 che allora vedo e odo nella visione, l&#8217;anima mia se ne abbevera quasi come da una fontana: ma la fontana resta sempre piena, inesausta.<\/p>\n\n\n\n<p>L&#8217;anima mia per\u00f2 mai manca della luce detta \u201combra della luce vivente\u201d. La vedo come se guardassi un firmamento senza stelle entro una nuvola di luce. E l\u00e0 vedo cose di cui spesso parlo, e che do in risposta a coloro che mi chiedono del fulgore dello splendore vivente. &nbsp;<\/p>\n\n\n\n<p>Fu poi nella mia visione che vidi che il mio primo libro di visioni avrebbe dovuto chiamarsi Scivias [\u201cConosci le vie\u201d], perch\u00e9 fu svelato per via della luce vivente, non derivato da altro insegnamento. Ma [quanto alla tua domanda] a proposito delle tiare: ho visto che tutti gli ordini della Chiesa recano insegne luminose secondo la luminosit\u00e0 celeste, ma la verginit\u00e0 non ha un segno luminoso: null&#8217;altro che un velo nero e l&#8217;immagine della croce.&nbsp;<\/p>\n\n\n\n<p>Cos\u00ec vidi che questo sarebbe stato l&#8217;emblema della verginit\u00e0: il capo di una vergine sarebbe stato coperto da un velo bianco, per via della veste candida che l&#8217;uomo aveva in paradiso e che ha perduto. Sul capo vi sarebbe un anello (<em>rota<\/em>) con tre colori in uno &#8211; immagine della Trinit\u00e0 &#8211; e con quattro medaglioni attaccati: quello davanti a indicare l&#8217;agnello di Dio, quello di destra un cherubino, quello di sinistra un angelo, quello dietro un uomo: tutti inclinati verso la [immagine della] Trinit\u00e0. Quest&#8217;emblema datomi render\u00e0 lodi a Dio dato che ha rivestito il primo uomo del bianco splendore della luce.&nbsp;<\/p>\n\n\n\n<p>(P. Dronke, \u201c Ildegarda di Bingen\u201d in <em>Donne e cultura nel medioevo, <\/em>Milano 1986, 404-406)<\/p>\n","protected":false},"excerpt":{"rendered":"<p>&nbsp;Anno del Signore 1175 \u201c [\u2026] Dio opera dove vuole, per la gloria del suo nome, non per quella dell&#8217;uomo terreno. Ma io son sempre tremante di timore, perch\u00e9 non [&hellip;]<\/p>\n","protected":false},"author":1,"featured_media":6433,"comment_status":"closed","ping_status":"closed","sticky":false,"template":"","format":"image","meta":{"site-sidebar-layout":"default","site-content-layout":"","ast-site-content-layout":"default","site-content-style":"default","site-sidebar-style":"default","ast-global-header-display":"","ast-banner-title-visibility":"","ast-main-header-display":"","ast-hfb-above-header-display":"","ast-hfb-below-header-display":"","ast-hfb-mobile-header-display":"","site-post-title":"","ast-breadcrumbs-content":"","ast-featured-img":"","footer-sml-layout":"","ast-disable-related-posts":"","theme-transparent-header-meta":"","adv-header-id-meta":"","stick-header-meta":"","header-above-stick-meta":"","header-main-stick-meta":"","header-below-stick-meta":"","astra-migrate-meta-layouts":"set","ast-page-background-enabled":"default","ast-page-background-meta":{"desktop":{"background-color":"","background-image":"","background-repeat":"repeat","background-position":"center center","background-size":"auto","background-attachment":"scroll","background-type":"","background-media":"","overlay-type":"","overlay-color":"","overlay-opacity":"","overlay-gradient":""},"tablet":{"background-color":"","background-image":"","background-repeat":"repeat","background-position":"center center","background-size":"auto","background-attachment":"scroll","background-type":"","background-media":"","overlay-type":"","overlay-color":"","overlay-opacity":"","overlay-gradient":""},"mobile":{"background-color":"","background-image":"","background-repeat":"repeat","background-position":"center center","background-size":"auto","background-attachment":"scroll","background-type":"","background-media":"","overlay-type":"","overlay-color":"","overlay-opacity":"","overlay-gradient":""}},"ast-content-background-meta":{"desktop":{"background-color":"var(--ast-global-color-5)","background-image":"","background-repeat":"repeat","background-position":"center center","background-size":"auto","background-attachment":"scroll","background-type":"","background-media":"","overlay-type":"","overlay-color":"","overlay-opacity":"","overlay-gradient":""},"tablet":{"background-color":"var(--ast-global-color-5)","background-image":"","background-repeat":"repeat","background-position":"center center","background-size":"auto","background-attachment":"scroll","background-type":"","background-media":"","overlay-type":"","overlay-color":"","overlay-opacity":"","overlay-gradient":""},"mobile":{"background-color":"var(--ast-global-color-5)","background-image":"","background-repeat":"repeat","background-position":"center center","background-size":"auto","background-attachment":"scroll","background-type":"","background-media":"","overlay-type":"","overlay-color":"","overlay-opacity":"","overlay-gradient":""}},"footnotes":""},"categories":[8,5],"tags":[],"class_list":["post-6432","post","type-post","status-publish","format-image","has-post-thumbnail","hentry","category-citazioni","category-vetrina","post_format-post-format-image"],"yoast_head":"<!-- This site is optimized with the Yoast SEO plugin v27.4 - https:\/\/yoast.com\/product\/yoast-seo-wordpress\/ -->\n<title>Ildegarda di Bingen scrive di se al monaco Gilberto di Gembloux e lui diventa il suo ultimo segretario (Rupertsberg | 1175) - Concolino.it<\/title>\n<meta name=\"robots\" content=\"index, follow, max-snippet:-1, max-image-preview:large, max-video-preview:-1\" \/>\n<link rel=\"canonical\" href=\"https:\/\/www.concolino.it\/index.php\/2025\/03\/13\/ildegarda-di-bingen-scrive-di-se-al-monaco-gilberto-di-gembloux-e-lui-diventa-il-suo-ultimo-segretario\/\" \/>\n<meta property=\"og:locale\" content=\"it_IT\" \/>\n<meta property=\"og:type\" content=\"article\" \/>\n<meta property=\"og:title\" content=\"Ildegarda di Bingen scrive di se al monaco Gilberto di Gembloux e lui diventa il suo ultimo segretario (Rupertsberg | 1175) - Concolino.it\" \/>\n<meta property=\"og:description\" content=\"&nbsp;Anno del Signore 1175 \u201c [\u2026] Dio opera dove vuole, per la gloria del suo nome, non per quella dell&#8217;uomo terreno. Ma io son sempre tremante di timore, perch\u00e9 non [&hellip;]\" \/>\n<meta property=\"og:url\" content=\"https:\/\/www.concolino.it\/index.php\/2025\/03\/13\/ildegarda-di-bingen-scrive-di-se-al-monaco-gilberto-di-gembloux-e-lui-diventa-il-suo-ultimo-segretario\/\" \/>\n<meta property=\"og:site_name\" content=\"Concolino.it\" \/>\n<meta property=\"article:publisher\" content=\"https:\/\/www.facebook.com\/don.mik.94\" \/>\n<meta property=\"article:author\" content=\"https:\/\/www.facebook.com\/don.mik.94\" \/>\n<meta property=\"article:published_time\" content=\"2025-03-13T19:10:27+00:00\" \/>\n<meta property=\"article:modified_time\" content=\"2025-03-13T19:34:15+00:00\" \/>\n<meta property=\"og:image\" content=\"https:\/\/www.concolino.it\/wp-content\/uploads\/2025\/03\/Schermata-2025-03-13-alle-20.08.48.png\" \/>\n\t<meta property=\"og:image:width\" content=\"890\" \/>\n\t<meta property=\"og:image:height\" content=\"593\" \/>\n\t<meta property=\"og:image:type\" content=\"image\/png\" \/>\n<meta name=\"author\" content=\"Domenico Concolino\" \/>\n<meta name=\"twitter:card\" content=\"summary_large_image\" \/>\n<meta name=\"twitter:creator\" content=\"@https:\/\/twitter.com\/don_mik\" \/>\n<meta name=\"twitter:site\" content=\"@don_mik\" \/>\n<meta name=\"twitter:label1\" content=\"Scritto da\" \/>\n\t<meta name=\"twitter:data1\" content=\"Domenico Concolino\" \/>\n\t<meta name=\"twitter:label2\" content=\"Tempo di lettura stimato\" \/>\n\t<meta name=\"twitter:data2\" content=\"5 minuti\" \/>\n<script type=\"application\/ld+json\" class=\"yoast-schema-graph\">{\"@context\":\"https:\\\/\\\/schema.org\",\"@graph\":[{\"@type\":\"Article\",\"@id\":\"https:\\\/\\\/www.concolino.it\\\/index.php\\\/2025\\\/03\\\/13\\\/ildegarda-di-bingen-scrive-di-se-al-monaco-gilberto-di-gembloux-e-lui-diventa-il-suo-ultimo-segretario\\\/#article\",\"isPartOf\":{\"@id\":\"https:\\\/\\\/www.concolino.it\\\/index.php\\\/2025\\\/03\\\/13\\\/ildegarda-di-bingen-scrive-di-se-al-monaco-gilberto-di-gembloux-e-lui-diventa-il-suo-ultimo-segretario\\\/\"},\"author\":{\"name\":\"Domenico Concolino\",\"@id\":\"https:\\\/\\\/www.concolino.it\\\/#\\\/schema\\\/person\\\/dfa8517603a44e77da85e7eb5139c070\"},\"headline\":\"Ildegarda di Bingen scrive di se al monaco Gilberto di Gembloux e lui diventa il suo ultimo segretario (Rupertsberg | 1175)\",\"datePublished\":\"2025-03-13T19:10:27+00:00\",\"dateModified\":\"2025-03-13T19:34:15+00:00\",\"mainEntityOfPage\":{\"@id\":\"https:\\\/\\\/www.concolino.it\\\/index.php\\\/2025\\\/03\\\/13\\\/ildegarda-di-bingen-scrive-di-se-al-monaco-gilberto-di-gembloux-e-lui-diventa-il-suo-ultimo-segretario\\\/\"},\"wordCount\":893,\"publisher\":{\"@id\":\"https:\\\/\\\/www.concolino.it\\\/#\\\/schema\\\/person\\\/dfa8517603a44e77da85e7eb5139c070\"},\"image\":{\"@id\":\"https:\\\/\\\/www.concolino.it\\\/index.php\\\/2025\\\/03\\\/13\\\/ildegarda-di-bingen-scrive-di-se-al-monaco-gilberto-di-gembloux-e-lui-diventa-il-suo-ultimo-segretario\\\/#primaryimage\"},\"thumbnailUrl\":\"https:\\\/\\\/www.concolino.it\\\/wp-content\\\/uploads\\\/2025\\\/03\\\/Schermata-2025-03-13-alle-20.08.48.png\",\"articleSection\":[\"Citazioni\",\"Vetrina\"],\"inLanguage\":\"it-IT\"},{\"@type\":\"WebPage\",\"@id\":\"https:\\\/\\\/www.concolino.it\\\/index.php\\\/2025\\\/03\\\/13\\\/ildegarda-di-bingen-scrive-di-se-al-monaco-gilberto-di-gembloux-e-lui-diventa-il-suo-ultimo-segretario\\\/\",\"url\":\"https:\\\/\\\/www.concolino.it\\\/index.php\\\/2025\\\/03\\\/13\\\/ildegarda-di-bingen-scrive-di-se-al-monaco-gilberto-di-gembloux-e-lui-diventa-il-suo-ultimo-segretario\\\/\",\"name\":\"Ildegarda di Bingen scrive di se al monaco Gilberto di Gembloux e lui diventa il suo ultimo segretario (Rupertsberg | 1175) - Concolino.it\",\"isPartOf\":{\"@id\":\"https:\\\/\\\/www.concolino.it\\\/#website\"},\"primaryImageOfPage\":{\"@id\":\"https:\\\/\\\/www.concolino.it\\\/index.php\\\/2025\\\/03\\\/13\\\/ildegarda-di-bingen-scrive-di-se-al-monaco-gilberto-di-gembloux-e-lui-diventa-il-suo-ultimo-segretario\\\/#primaryimage\"},\"image\":{\"@id\":\"https:\\\/\\\/www.concolino.it\\\/index.php\\\/2025\\\/03\\\/13\\\/ildegarda-di-bingen-scrive-di-se-al-monaco-gilberto-di-gembloux-e-lui-diventa-il-suo-ultimo-segretario\\\/#primaryimage\"},\"thumbnailUrl\":\"https:\\\/\\\/www.concolino.it\\\/wp-content\\\/uploads\\\/2025\\\/03\\\/Schermata-2025-03-13-alle-20.08.48.png\",\"datePublished\":\"2025-03-13T19:10:27+00:00\",\"dateModified\":\"2025-03-13T19:34:15+00:00\",\"breadcrumb\":{\"@id\":\"https:\\\/\\\/www.concolino.it\\\/index.php\\\/2025\\\/03\\\/13\\\/ildegarda-di-bingen-scrive-di-se-al-monaco-gilberto-di-gembloux-e-lui-diventa-il-suo-ultimo-segretario\\\/#breadcrumb\"},\"inLanguage\":\"it-IT\",\"potentialAction\":[{\"@type\":\"ReadAction\",\"target\":[\"https:\\\/\\\/www.concolino.it\\\/index.php\\\/2025\\\/03\\\/13\\\/ildegarda-di-bingen-scrive-di-se-al-monaco-gilberto-di-gembloux-e-lui-diventa-il-suo-ultimo-segretario\\\/\"]}]},{\"@type\":\"ImageObject\",\"inLanguage\":\"it-IT\",\"@id\":\"https:\\\/\\\/www.concolino.it\\\/index.php\\\/2025\\\/03\\\/13\\\/ildegarda-di-bingen-scrive-di-se-al-monaco-gilberto-di-gembloux-e-lui-diventa-il-suo-ultimo-segretario\\\/#primaryimage\",\"url\":\"https:\\\/\\\/www.concolino.it\\\/wp-content\\\/uploads\\\/2025\\\/03\\\/Schermata-2025-03-13-alle-20.08.48.png\",\"contentUrl\":\"https:\\\/\\\/www.concolino.it\\\/wp-content\\\/uploads\\\/2025\\\/03\\\/Schermata-2025-03-13-alle-20.08.48.png\",\"width\":890,\"height\":593},{\"@type\":\"BreadcrumbList\",\"@id\":\"https:\\\/\\\/www.concolino.it\\\/index.php\\\/2025\\\/03\\\/13\\\/ildegarda-di-bingen-scrive-di-se-al-monaco-gilberto-di-gembloux-e-lui-diventa-il-suo-ultimo-segretario\\\/#breadcrumb\",\"itemListElement\":[{\"@type\":\"ListItem\",\"position\":1,\"name\":\"Home\",\"item\":\"https:\\\/\\\/www.concolino.it\\\/\"},{\"@type\":\"ListItem\",\"position\":2,\"name\":\"Ildegarda di Bingen scrive di se al monaco Gilberto di Gembloux e lui diventa il suo ultimo segretario (Rupertsberg | 1175)\"}]},{\"@type\":\"WebSite\",\"@id\":\"https:\\\/\\\/www.concolino.it\\\/#website\",\"url\":\"https:\\\/\\\/www.concolino.it\\\/\",\"name\":\"Concolino.it\",\"description\":\"Allargare gli spazi del Verbo\",\"publisher\":{\"@id\":\"https:\\\/\\\/www.concolino.it\\\/#\\\/schema\\\/person\\\/dfa8517603a44e77da85e7eb5139c070\"},\"potentialAction\":[{\"@type\":\"SearchAction\",\"target\":{\"@type\":\"EntryPoint\",\"urlTemplate\":\"https:\\\/\\\/www.concolino.it\\\/?s={search_term_string}\"},\"query-input\":{\"@type\":\"PropertyValueSpecification\",\"valueRequired\":true,\"valueName\":\"search_term_string\"}}],\"inLanguage\":\"it-IT\"},{\"@type\":[\"Person\",\"Organization\"],\"@id\":\"https:\\\/\\\/www.concolino.it\\\/#\\\/schema\\\/person\\\/dfa8517603a44e77da85e7eb5139c070\",\"name\":\"Domenico Concolino\",\"image\":{\"@type\":\"ImageObject\",\"inLanguage\":\"it-IT\",\"@id\":\"https:\\\/\\\/www.concolino.it\\\/wp-content\\\/uploads\\\/2014\\\/07\\\/CT5W9104.jpg\",\"url\":\"https:\\\/\\\/www.concolino.it\\\/wp-content\\\/uploads\\\/2014\\\/07\\\/CT5W9104.jpg\",\"contentUrl\":\"https:\\\/\\\/www.concolino.it\\\/wp-content\\\/uploads\\\/2014\\\/07\\\/CT5W9104.jpg\",\"width\":1276,\"height\":850,\"caption\":\"Domenico Concolino\"},\"logo\":{\"@id\":\"https:\\\/\\\/www.concolino.it\\\/wp-content\\\/uploads\\\/2014\\\/07\\\/CT5W9104.jpg\"},\"description\":\"Teologo | Cappellano Campus Universit\u00e0 Magna Graecia | Direttore Ufficio Regione Universit\u00e0 Scuola Educazione (Calabria)\",\"sameAs\":[\"https:\\\/\\\/www.facebook.com\\\/don.mik.94\",\"https:\\\/\\\/x.com\\\/https:\\\/\\\/twitter.com\\\/don_mik\"],\"url\":\"https:\\\/\\\/www.concolino.it\\\/index.php\\\/author\\\/admin\\\/\"}]}<\/script>\n<!-- \/ Yoast SEO plugin. -->","yoast_head_json":{"title":"Ildegarda di Bingen scrive di se al monaco Gilberto di Gembloux e lui diventa il suo ultimo segretario (Rupertsberg | 1175) - Concolino.it","robots":{"index":"index","follow":"follow","max-snippet":"max-snippet:-1","max-image-preview":"max-image-preview:large","max-video-preview":"max-video-preview:-1"},"canonical":"https:\/\/www.concolino.it\/index.php\/2025\/03\/13\/ildegarda-di-bingen-scrive-di-se-al-monaco-gilberto-di-gembloux-e-lui-diventa-il-suo-ultimo-segretario\/","og_locale":"it_IT","og_type":"article","og_title":"Ildegarda di Bingen scrive di se al monaco Gilberto di Gembloux e lui diventa il suo ultimo segretario (Rupertsberg | 1175) - Concolino.it","og_description":"&nbsp;Anno del Signore 1175 \u201c [\u2026] Dio opera dove vuole, per la gloria del suo nome, non per quella dell&#8217;uomo terreno. Ma io son sempre tremante di timore, perch\u00e9 non [&hellip;]","og_url":"https:\/\/www.concolino.it\/index.php\/2025\/03\/13\/ildegarda-di-bingen-scrive-di-se-al-monaco-gilberto-di-gembloux-e-lui-diventa-il-suo-ultimo-segretario\/","og_site_name":"Concolino.it","article_publisher":"https:\/\/www.facebook.com\/don.mik.94","article_author":"https:\/\/www.facebook.com\/don.mik.94","article_published_time":"2025-03-13T19:10:27+00:00","article_modified_time":"2025-03-13T19:34:15+00:00","og_image":[{"width":890,"height":593,"url":"https:\/\/www.concolino.it\/wp-content\/uploads\/2025\/03\/Schermata-2025-03-13-alle-20.08.48.png","type":"image\/png"}],"author":"Domenico Concolino","twitter_card":"summary_large_image","twitter_creator":"@https:\/\/twitter.com\/don_mik","twitter_site":"@don_mik","twitter_misc":{"Scritto da":"Domenico Concolino","Tempo di lettura stimato":"5 minuti"},"schema":{"@context":"https:\/\/schema.org","@graph":[{"@type":"Article","@id":"https:\/\/www.concolino.it\/index.php\/2025\/03\/13\/ildegarda-di-bingen-scrive-di-se-al-monaco-gilberto-di-gembloux-e-lui-diventa-il-suo-ultimo-segretario\/#article","isPartOf":{"@id":"https:\/\/www.concolino.it\/index.php\/2025\/03\/13\/ildegarda-di-bingen-scrive-di-se-al-monaco-gilberto-di-gembloux-e-lui-diventa-il-suo-ultimo-segretario\/"},"author":{"name":"Domenico Concolino","@id":"https:\/\/www.concolino.it\/#\/schema\/person\/dfa8517603a44e77da85e7eb5139c070"},"headline":"Ildegarda di Bingen scrive di se al monaco Gilberto di Gembloux e lui diventa il suo ultimo segretario (Rupertsberg | 1175)","datePublished":"2025-03-13T19:10:27+00:00","dateModified":"2025-03-13T19:34:15+00:00","mainEntityOfPage":{"@id":"https:\/\/www.concolino.it\/index.php\/2025\/03\/13\/ildegarda-di-bingen-scrive-di-se-al-monaco-gilberto-di-gembloux-e-lui-diventa-il-suo-ultimo-segretario\/"},"wordCount":893,"publisher":{"@id":"https:\/\/www.concolino.it\/#\/schema\/person\/dfa8517603a44e77da85e7eb5139c070"},"image":{"@id":"https:\/\/www.concolino.it\/index.php\/2025\/03\/13\/ildegarda-di-bingen-scrive-di-se-al-monaco-gilberto-di-gembloux-e-lui-diventa-il-suo-ultimo-segretario\/#primaryimage"},"thumbnailUrl":"https:\/\/www.concolino.it\/wp-content\/uploads\/2025\/03\/Schermata-2025-03-13-alle-20.08.48.png","articleSection":["Citazioni","Vetrina"],"inLanguage":"it-IT"},{"@type":"WebPage","@id":"https:\/\/www.concolino.it\/index.php\/2025\/03\/13\/ildegarda-di-bingen-scrive-di-se-al-monaco-gilberto-di-gembloux-e-lui-diventa-il-suo-ultimo-segretario\/","url":"https:\/\/www.concolino.it\/index.php\/2025\/03\/13\/ildegarda-di-bingen-scrive-di-se-al-monaco-gilberto-di-gembloux-e-lui-diventa-il-suo-ultimo-segretario\/","name":"Ildegarda di Bingen scrive di se al monaco Gilberto di Gembloux e lui diventa il suo ultimo segretario (Rupertsberg | 1175) - Concolino.it","isPartOf":{"@id":"https:\/\/www.concolino.it\/#website"},"primaryImageOfPage":{"@id":"https:\/\/www.concolino.it\/index.php\/2025\/03\/13\/ildegarda-di-bingen-scrive-di-se-al-monaco-gilberto-di-gembloux-e-lui-diventa-il-suo-ultimo-segretario\/#primaryimage"},"image":{"@id":"https:\/\/www.concolino.it\/index.php\/2025\/03\/13\/ildegarda-di-bingen-scrive-di-se-al-monaco-gilberto-di-gembloux-e-lui-diventa-il-suo-ultimo-segretario\/#primaryimage"},"thumbnailUrl":"https:\/\/www.concolino.it\/wp-content\/uploads\/2025\/03\/Schermata-2025-03-13-alle-20.08.48.png","datePublished":"2025-03-13T19:10:27+00:00","dateModified":"2025-03-13T19:34:15+00:00","breadcrumb":{"@id":"https:\/\/www.concolino.it\/index.php\/2025\/03\/13\/ildegarda-di-bingen-scrive-di-se-al-monaco-gilberto-di-gembloux-e-lui-diventa-il-suo-ultimo-segretario\/#breadcrumb"},"inLanguage":"it-IT","potentialAction":[{"@type":"ReadAction","target":["https:\/\/www.concolino.it\/index.php\/2025\/03\/13\/ildegarda-di-bingen-scrive-di-se-al-monaco-gilberto-di-gembloux-e-lui-diventa-il-suo-ultimo-segretario\/"]}]},{"@type":"ImageObject","inLanguage":"it-IT","@id":"https:\/\/www.concolino.it\/index.php\/2025\/03\/13\/ildegarda-di-bingen-scrive-di-se-al-monaco-gilberto-di-gembloux-e-lui-diventa-il-suo-ultimo-segretario\/#primaryimage","url":"https:\/\/www.concolino.it\/wp-content\/uploads\/2025\/03\/Schermata-2025-03-13-alle-20.08.48.png","contentUrl":"https:\/\/www.concolino.it\/wp-content\/uploads\/2025\/03\/Schermata-2025-03-13-alle-20.08.48.png","width":890,"height":593},{"@type":"BreadcrumbList","@id":"https:\/\/www.concolino.it\/index.php\/2025\/03\/13\/ildegarda-di-bingen-scrive-di-se-al-monaco-gilberto-di-gembloux-e-lui-diventa-il-suo-ultimo-segretario\/#breadcrumb","itemListElement":[{"@type":"ListItem","position":1,"name":"Home","item":"https:\/\/www.concolino.it\/"},{"@type":"ListItem","position":2,"name":"Ildegarda di Bingen scrive di se al monaco Gilberto di Gembloux e lui diventa il suo ultimo segretario (Rupertsberg | 1175)"}]},{"@type":"WebSite","@id":"https:\/\/www.concolino.it\/#website","url":"https:\/\/www.concolino.it\/","name":"Concolino.it","description":"Allargare gli spazi del Verbo","publisher":{"@id":"https:\/\/www.concolino.it\/#\/schema\/person\/dfa8517603a44e77da85e7eb5139c070"},"potentialAction":[{"@type":"SearchAction","target":{"@type":"EntryPoint","urlTemplate":"https:\/\/www.concolino.it\/?s={search_term_string}"},"query-input":{"@type":"PropertyValueSpecification","valueRequired":true,"valueName":"search_term_string"}}],"inLanguage":"it-IT"},{"@type":["Person","Organization"],"@id":"https:\/\/www.concolino.it\/#\/schema\/person\/dfa8517603a44e77da85e7eb5139c070","name":"Domenico Concolino","image":{"@type":"ImageObject","inLanguage":"it-IT","@id":"https:\/\/www.concolino.it\/wp-content\/uploads\/2014\/07\/CT5W9104.jpg","url":"https:\/\/www.concolino.it\/wp-content\/uploads\/2014\/07\/CT5W9104.jpg","contentUrl":"https:\/\/www.concolino.it\/wp-content\/uploads\/2014\/07\/CT5W9104.jpg","width":1276,"height":850,"caption":"Domenico Concolino"},"logo":{"@id":"https:\/\/www.concolino.it\/wp-content\/uploads\/2014\/07\/CT5W9104.jpg"},"description":"Teologo | Cappellano Campus Universit\u00e0 Magna Graecia | Direttore Ufficio Regione Universit\u00e0 Scuola Educazione (Calabria)","sameAs":["https:\/\/www.facebook.com\/don.mik.94","https:\/\/x.com\/https:\/\/twitter.com\/don_mik"],"url":"https:\/\/www.concolino.it\/index.php\/author\/admin\/"}]}},"_links":{"self":[{"href":"https:\/\/www.concolino.it\/index.php\/wp-json\/wp\/v2\/posts\/6432","targetHints":{"allow":["GET"]}}],"collection":[{"href":"https:\/\/www.concolino.it\/index.php\/wp-json\/wp\/v2\/posts"}],"about":[{"href":"https:\/\/www.concolino.it\/index.php\/wp-json\/wp\/v2\/types\/post"}],"author":[{"embeddable":true,"href":"https:\/\/www.concolino.it\/index.php\/wp-json\/wp\/v2\/users\/1"}],"replies":[{"embeddable":true,"href":"https:\/\/www.concolino.it\/index.php\/wp-json\/wp\/v2\/comments?post=6432"}],"version-history":[{"count":4,"href":"https:\/\/www.concolino.it\/index.php\/wp-json\/wp\/v2\/posts\/6432\/revisions"}],"predecessor-version":[{"id":6438,"href":"https:\/\/www.concolino.it\/index.php\/wp-json\/wp\/v2\/posts\/6432\/revisions\/6438"}],"wp:featuredmedia":[{"embeddable":true,"href":"https:\/\/www.concolino.it\/index.php\/wp-json\/wp\/v2\/media\/6433"}],"wp:attachment":[{"href":"https:\/\/www.concolino.it\/index.php\/wp-json\/wp\/v2\/media?parent=6432"}],"wp:term":[{"taxonomy":"category","embeddable":true,"href":"https:\/\/www.concolino.it\/index.php\/wp-json\/wp\/v2\/categories?post=6432"},{"taxonomy":"post_tag","embeddable":true,"href":"https:\/\/www.concolino.it\/index.php\/wp-json\/wp\/v2\/tags?post=6432"}],"curies":[{"name":"wp","href":"https:\/\/api.w.org\/{rel}","templated":true}]}}