{"id":6391,"date":"2025-03-01T12:22:03","date_gmt":"2025-03-01T11:22:03","guid":{"rendered":"https:\/\/www.concolino.it\/?p=6391"},"modified":"2025-03-01T12:22:04","modified_gmt":"2025-03-01T11:22:04","slug":"buona-e-cattiva-lettura-seneca-filosofo-4-a-c-65-d-c","status":"publish","type":"post","link":"https:\/\/www.concolino.it\/index.php\/2025\/03\/01\/buona-e-cattiva-lettura-seneca-filosofo-4-a-c-65-d-c\/","title":{"rendered":"Buona e cattiva lettura | Seneca &#8211; Filosofo (4 a.C &#8211; 65 d.C)"},"content":{"rendered":"\n<p>\u201cDa ci\u00f2 che mi scrivi, e da quello che sento, attingo buone speranze sul tuo conto: non vaghi di qua e di l\u00e0 e non sei angosciato dal cambiar continuamente di luogo. Questa frenesia \u00e8 tipica di un animo ammalato: il primo indizio di una mente equilibrata penso che sia il saper trovare un punto fermo e restare in compagnia di se stessi. Sta\u2019 bene attento, per\u00f2, che codesto tuo leggere molti autori e volumi d\u2019ogni genere non sia qualcosa di vacillante e inconsistente. <\/p>\n\n\n\n<p>\u00c8 opportuno indugiare su pensatori ben selezionati e assimilarli, se intendi ricavarne elementi utili che si mantengano facilmente nel tuo animo. Non \u00e8 in alcun luogo chi si trova dappertutto. Ecco quel che capita a chi trascorre la vita spostandosi da un luogo all\u2019altro: incontra molta gente che lo ospita, ma nessuna amicizia. E questo \u00e8 anche il destino di quanti non studiano a fondo qualche grande pensatore, ma passano in rassegna ogni cosa di corsa e senza soffermarsi su alcuna. Non serve all\u2019organismo n\u00e9 viene assimilato quel cibo che, una volta assunto, \u00e8 subito eliminato; nulla ostacola in eguale misura la salute quanto il cambiare medicamento a ogni pi\u00e8 sospinto; non riesce a cicatrizzarsi quella ferita in cui si tentano vari farmaci; non si rinvigorisce quella talea che viene spesso trapiantata. <\/p>\n\n\n\n<p>Non esiste nulla di cos\u00ec utile da poter giovare di sfuggita. <\/p>\n\n\n\n<p>La quantit\u00e0 dei libri ti mette a disagio: bene, poich\u00e9 non potresti leggere quanto saresti in grado di procurarti, \u00e8 sufficiente che tu abbia solo ci\u00f2 che potresti leggere. \u00abMa\u00bb tu dici \u00abora voglio srotolare questo volume, ora quello\u2026\u00bb \u00c8 proprio di uno stomaco viziato assaggiare molti cibi, e, se questi sono vari e in opposizione l\u2019uno all\u2019altro, intossicano, non nutrono.  Dunque leggi sempre libri di provata autorevolezza e se talvolta ti \u00e8 venuta la voglia di passare ad altri per distrarti, torna poi a quelli di prima. Ogni giorno assicurati qualche aiuto contro l\u2019indigenza, contro la morte e non meno contro altri flagelli, quindi fra i molti pensieri che ti sono passati sotto gli occhi scegline uno solo che tu possa assimilare in quel giorno. <\/p>\n\n\n\n<p>Anch\u2019io faccio lo stesso: leggo non so quanti testi e mi tengo saldamente a qualcuno. <\/p>\n\n\n\n<p>Oggi \u00e8 la volta di un pensiero che ho scovato in Epicuro (infatti ho l\u2019abitudine di passare nel campo altrui non come disertore, ma come esploratore): \u00abCosa onorevole\u00bb egli dice \u00ab\u00e8 una povert\u00e0 soddisfatta delle proprie risorse\u00bb. 6. Ma non si tratta di povert\u00e0, se \u00e8 vissuta in questo modo. <\/p>\n\n\n\n<p>Non chi ha poco, ma chi desidera di pi\u00f9 \u00e8 povero. <\/p>\n\n\n\n<p>Che importa quanto denaro quel tale tiene racchiuso nel forziere, che importano la quantit\u00e0 di cereali nei granai, la consistenza degli armenti nei pascoli o il reddito dei suoi capitali, se sta sempre l\u00ec, addosso ai beni altrui, se fa i conti non di ci\u00f2 che ha acquisito, ma di quello che potrebbe ottenere? Mi chiedi quali siano i limiti delle ricchezze? Ecco il primo: avere l\u2019indispensabile, ed ecco il successivo: avere ci\u00f2 che \u00e8 sufficiente.\u201d<\/p>\n\n\n\n<p>(Seneca,<em> Lettera a Lucilio,<\/em> II). <\/p>\n","protected":false},"excerpt":{"rendered":"<p>\u201cDa ci\u00f2 che mi scrivi, e da quello che sento, attingo buone speranze sul tuo conto: non vaghi di qua e di l\u00e0 e non sei angosciato dal cambiar continuamente [&hellip;]<\/p>\n","protected":false},"author":1,"featured_media":6392,"comment_status":"closed","ping_status":"closed","sticky":false,"template":"","format":"image","meta":{"site-sidebar-layout":"default","site-content-layout":"","ast-site-content-layout":"default","site-content-style":"default","site-sidebar-style":"default","ast-global-header-display":"","ast-banner-title-visibility":"","ast-main-header-display":"","ast-hfb-above-header-display":"","ast-hfb-below-header-display":"","ast-hfb-mobile-header-display":"","site-post-title":"","ast-breadcrumbs-content":"","ast-featured-img":"","footer-sml-layout":"","ast-disable-related-posts":"","theme-transparent-header-meta":"","adv-header-id-meta":"","stick-header-meta":"","header-above-stick-meta":"","header-main-stick-meta":"","header-below-stick-meta":"","astra-migrate-meta-layouts":"set","ast-page-background-enabled":"default","ast-page-background-meta":{"desktop":{"background-color":"","background-image":"","background-repeat":"repeat","background-position":"center center","background-size":"auto","background-attachment":"scroll","background-type":"","background-media":"","overlay-type":"","overlay-color":"","overlay-opacity":"","overlay-gradient":""},"tablet":{"background-color":"","background-image":"","background-repeat":"repeat","background-position":"center center","background-size":"auto","background-attachment":"scroll","background-type":"","background-media":"","overlay-type":"","overlay-color":"","overlay-opacity":"","overlay-gradient":""},"mobile":{"background-color":"","background-image":"","background-repeat":"repeat","background-position":"center center","background-size":"auto","background-attachment":"scroll","background-type":"","background-media":"","overlay-type":"","overlay-color":"","overlay-opacity":"","overlay-gradient":""}},"ast-content-background-meta":{"desktop":{"background-color":"var(--ast-global-color-5)","background-image":"","background-repeat":"repeat","background-position":"center center","background-size":"auto","background-attachment":"scroll","background-type":"","background-media":"","overlay-type":"","overlay-color":"","overlay-opacity":"","overlay-gradient":""},"tablet":{"background-color":"var(--ast-global-color-5)","background-image":"","background-repeat":"repeat","background-position":"center center","background-size":"auto","background-attachment":"scroll","background-type":"","background-media":"","overlay-type":"","overlay-color":"","overlay-opacity":"","overlay-gradient":""},"mobile":{"background-color":"var(--ast-global-color-5)","background-image":"","background-repeat":"repeat","background-position":"center center","background-size":"auto","background-attachment":"scroll","background-type":"","background-media":"","overlay-type":"","overlay-color":"","overlay-opacity":"","overlay-gradient":""}},"footnotes":""},"categories":[8,5],"tags":[],"class_list":["post-6391","post","type-post","status-publish","format-image","has-post-thumbnail","hentry","category-citazioni","category-vetrina","post_format-post-format-image"],"yoast_head":"<!-- This site is optimized with the Yoast SEO plugin v27.4 - https:\/\/yoast.com\/product\/yoast-seo-wordpress\/ -->\n<title>Buona e cattiva lettura | Seneca - Filosofo (4 a.C - 65 d.C) - Concolino.it<\/title>\n<meta name=\"robots\" content=\"index, follow, max-snippet:-1, max-image-preview:large, max-video-preview:-1\" \/>\n<link rel=\"canonical\" href=\"https:\/\/www.concolino.it\/index.php\/2025\/03\/01\/buona-e-cattiva-lettura-seneca-filosofo-4-a-c-65-d-c\/\" \/>\n<meta property=\"og:locale\" content=\"it_IT\" \/>\n<meta property=\"og:type\" content=\"article\" \/>\n<meta property=\"og:title\" content=\"Buona e cattiva lettura | Seneca - Filosofo (4 a.C - 65 d.C) - Concolino.it\" \/>\n<meta property=\"og:description\" content=\"\u201cDa ci\u00f2 che mi scrivi, e da quello che sento, attingo buone speranze sul tuo conto: non vaghi di qua e di l\u00e0 e non sei angosciato dal cambiar continuamente [&hellip;]\" \/>\n<meta property=\"og:url\" content=\"https:\/\/www.concolino.it\/index.php\/2025\/03\/01\/buona-e-cattiva-lettura-seneca-filosofo-4-a-c-65-d-c\/\" \/>\n<meta property=\"og:site_name\" content=\"Concolino.it\" \/>\n<meta property=\"article:publisher\" content=\"https:\/\/www.facebook.com\/don.mik.94\" \/>\n<meta property=\"article:author\" content=\"https:\/\/www.facebook.com\/don.mik.94\" \/>\n<meta property=\"article:published_time\" content=\"2025-03-01T11:22:03+00:00\" \/>\n<meta property=\"article:modified_time\" content=\"2025-03-01T11:22:04+00:00\" \/>\n<meta property=\"og:image\" content=\"https:\/\/www.concolino.it\/wp-content\/uploads\/2025\/03\/Schermata-2025-03-01-alle-12.19.20.png\" \/>\n\t<meta property=\"og:image:width\" content=\"890\" \/>\n\t<meta property=\"og:image:height\" content=\"593\" \/>\n\t<meta property=\"og:image:type\" content=\"image\/png\" \/>\n<meta name=\"author\" content=\"Domenico Concolino\" \/>\n<meta name=\"twitter:card\" content=\"summary_large_image\" \/>\n<meta name=\"twitter:creator\" content=\"@https:\/\/twitter.com\/don_mik\" \/>\n<meta name=\"twitter:site\" content=\"@don_mik\" \/>\n<meta name=\"twitter:label1\" content=\"Scritto da\" \/>\n\t<meta name=\"twitter:data1\" content=\"Domenico Concolino\" \/>\n\t<meta name=\"twitter:label2\" content=\"Tempo di lettura stimato\" \/>\n\t<meta name=\"twitter:data2\" content=\"3 minuti\" \/>\n<script type=\"application\/ld+json\" class=\"yoast-schema-graph\">{\"@context\":\"https:\\\/\\\/schema.org\",\"@graph\":[{\"@type\":\"Article\",\"@id\":\"https:\\\/\\\/www.concolino.it\\\/index.php\\\/2025\\\/03\\\/01\\\/buona-e-cattiva-lettura-seneca-filosofo-4-a-c-65-d-c\\\/#article\",\"isPartOf\":{\"@id\":\"https:\\\/\\\/www.concolino.it\\\/index.php\\\/2025\\\/03\\\/01\\\/buona-e-cattiva-lettura-seneca-filosofo-4-a-c-65-d-c\\\/\"},\"author\":{\"name\":\"Domenico Concolino\",\"@id\":\"https:\\\/\\\/www.concolino.it\\\/#\\\/schema\\\/person\\\/dfa8517603a44e77da85e7eb5139c070\"},\"headline\":\"Buona e cattiva lettura | Seneca &#8211; Filosofo (4 a.C &#8211; 65 d.C)\",\"datePublished\":\"2025-03-01T11:22:03+00:00\",\"dateModified\":\"2025-03-01T11:22:04+00:00\",\"mainEntityOfPage\":{\"@id\":\"https:\\\/\\\/www.concolino.it\\\/index.php\\\/2025\\\/03\\\/01\\\/buona-e-cattiva-lettura-seneca-filosofo-4-a-c-65-d-c\\\/\"},\"wordCount\":517,\"publisher\":{\"@id\":\"https:\\\/\\\/www.concolino.it\\\/#\\\/schema\\\/person\\\/dfa8517603a44e77da85e7eb5139c070\"},\"image\":{\"@id\":\"https:\\\/\\\/www.concolino.it\\\/index.php\\\/2025\\\/03\\\/01\\\/buona-e-cattiva-lettura-seneca-filosofo-4-a-c-65-d-c\\\/#primaryimage\"},\"thumbnailUrl\":\"https:\\\/\\\/www.concolino.it\\\/wp-content\\\/uploads\\\/2025\\\/03\\\/Schermata-2025-03-01-alle-12.19.20.png\",\"articleSection\":[\"Citazioni\",\"Vetrina\"],\"inLanguage\":\"it-IT\"},{\"@type\":\"WebPage\",\"@id\":\"https:\\\/\\\/www.concolino.it\\\/index.php\\\/2025\\\/03\\\/01\\\/buona-e-cattiva-lettura-seneca-filosofo-4-a-c-65-d-c\\\/\",\"url\":\"https:\\\/\\\/www.concolino.it\\\/index.php\\\/2025\\\/03\\\/01\\\/buona-e-cattiva-lettura-seneca-filosofo-4-a-c-65-d-c\\\/\",\"name\":\"Buona e cattiva lettura | Seneca - Filosofo (4 a.C - 65 d.C) - Concolino.it\",\"isPartOf\":{\"@id\":\"https:\\\/\\\/www.concolino.it\\\/#website\"},\"primaryImageOfPage\":{\"@id\":\"https:\\\/\\\/www.concolino.it\\\/index.php\\\/2025\\\/03\\\/01\\\/buona-e-cattiva-lettura-seneca-filosofo-4-a-c-65-d-c\\\/#primaryimage\"},\"image\":{\"@id\":\"https:\\\/\\\/www.concolino.it\\\/index.php\\\/2025\\\/03\\\/01\\\/buona-e-cattiva-lettura-seneca-filosofo-4-a-c-65-d-c\\\/#primaryimage\"},\"thumbnailUrl\":\"https:\\\/\\\/www.concolino.it\\\/wp-content\\\/uploads\\\/2025\\\/03\\\/Schermata-2025-03-01-alle-12.19.20.png\",\"datePublished\":\"2025-03-01T11:22:03+00:00\",\"dateModified\":\"2025-03-01T11:22:04+00:00\",\"breadcrumb\":{\"@id\":\"https:\\\/\\\/www.concolino.it\\\/index.php\\\/2025\\\/03\\\/01\\\/buona-e-cattiva-lettura-seneca-filosofo-4-a-c-65-d-c\\\/#breadcrumb\"},\"inLanguage\":\"it-IT\",\"potentialAction\":[{\"@type\":\"ReadAction\",\"target\":[\"https:\\\/\\\/www.concolino.it\\\/index.php\\\/2025\\\/03\\\/01\\\/buona-e-cattiva-lettura-seneca-filosofo-4-a-c-65-d-c\\\/\"]}]},{\"@type\":\"ImageObject\",\"inLanguage\":\"it-IT\",\"@id\":\"https:\\\/\\\/www.concolino.it\\\/index.php\\\/2025\\\/03\\\/01\\\/buona-e-cattiva-lettura-seneca-filosofo-4-a-c-65-d-c\\\/#primaryimage\",\"url\":\"https:\\\/\\\/www.concolino.it\\\/wp-content\\\/uploads\\\/2025\\\/03\\\/Schermata-2025-03-01-alle-12.19.20.png\",\"contentUrl\":\"https:\\\/\\\/www.concolino.it\\\/wp-content\\\/uploads\\\/2025\\\/03\\\/Schermata-2025-03-01-alle-12.19.20.png\",\"width\":890,\"height\":593},{\"@type\":\"BreadcrumbList\",\"@id\":\"https:\\\/\\\/www.concolino.it\\\/index.php\\\/2025\\\/03\\\/01\\\/buona-e-cattiva-lettura-seneca-filosofo-4-a-c-65-d-c\\\/#breadcrumb\",\"itemListElement\":[{\"@type\":\"ListItem\",\"position\":1,\"name\":\"Home\",\"item\":\"https:\\\/\\\/www.concolino.it\\\/\"},{\"@type\":\"ListItem\",\"position\":2,\"name\":\"Buona e cattiva lettura | Seneca &#8211; Filosofo (4 a.C &#8211; 65 d.C)\"}]},{\"@type\":\"WebSite\",\"@id\":\"https:\\\/\\\/www.concolino.it\\\/#website\",\"url\":\"https:\\\/\\\/www.concolino.it\\\/\",\"name\":\"Concolino.it\",\"description\":\"Allargare gli spazi del Verbo\",\"publisher\":{\"@id\":\"https:\\\/\\\/www.concolino.it\\\/#\\\/schema\\\/person\\\/dfa8517603a44e77da85e7eb5139c070\"},\"potentialAction\":[{\"@type\":\"SearchAction\",\"target\":{\"@type\":\"EntryPoint\",\"urlTemplate\":\"https:\\\/\\\/www.concolino.it\\\/?s={search_term_string}\"},\"query-input\":{\"@type\":\"PropertyValueSpecification\",\"valueRequired\":true,\"valueName\":\"search_term_string\"}}],\"inLanguage\":\"it-IT\"},{\"@type\":[\"Person\",\"Organization\"],\"@id\":\"https:\\\/\\\/www.concolino.it\\\/#\\\/schema\\\/person\\\/dfa8517603a44e77da85e7eb5139c070\",\"name\":\"Domenico Concolino\",\"image\":{\"@type\":\"ImageObject\",\"inLanguage\":\"it-IT\",\"@id\":\"https:\\\/\\\/www.concolino.it\\\/wp-content\\\/uploads\\\/2014\\\/07\\\/CT5W9104.jpg\",\"url\":\"https:\\\/\\\/www.concolino.it\\\/wp-content\\\/uploads\\\/2014\\\/07\\\/CT5W9104.jpg\",\"contentUrl\":\"https:\\\/\\\/www.concolino.it\\\/wp-content\\\/uploads\\\/2014\\\/07\\\/CT5W9104.jpg\",\"width\":1276,\"height\":850,\"caption\":\"Domenico Concolino\"},\"logo\":{\"@id\":\"https:\\\/\\\/www.concolino.it\\\/wp-content\\\/uploads\\\/2014\\\/07\\\/CT5W9104.jpg\"},\"description\":\"Teologo | Cappellano Campus Universit\u00e0 Magna Graecia | Direttore Ufficio Regione Universit\u00e0 Scuola Educazione (Calabria)\",\"sameAs\":[\"https:\\\/\\\/www.facebook.com\\\/don.mik.94\",\"https:\\\/\\\/x.com\\\/https:\\\/\\\/twitter.com\\\/don_mik\"],\"url\":\"https:\\\/\\\/www.concolino.it\\\/index.php\\\/author\\\/admin\\\/\"}]}<\/script>\n<!-- \/ Yoast SEO plugin. -->","yoast_head_json":{"title":"Buona e cattiva lettura | Seneca - Filosofo (4 a.C - 65 d.C) - Concolino.it","robots":{"index":"index","follow":"follow","max-snippet":"max-snippet:-1","max-image-preview":"max-image-preview:large","max-video-preview":"max-video-preview:-1"},"canonical":"https:\/\/www.concolino.it\/index.php\/2025\/03\/01\/buona-e-cattiva-lettura-seneca-filosofo-4-a-c-65-d-c\/","og_locale":"it_IT","og_type":"article","og_title":"Buona e cattiva lettura | Seneca - Filosofo (4 a.C - 65 d.C) - Concolino.it","og_description":"\u201cDa ci\u00f2 che mi scrivi, e da quello che sento, attingo buone speranze sul tuo conto: non vaghi di qua e di l\u00e0 e non sei angosciato dal cambiar continuamente [&hellip;]","og_url":"https:\/\/www.concolino.it\/index.php\/2025\/03\/01\/buona-e-cattiva-lettura-seneca-filosofo-4-a-c-65-d-c\/","og_site_name":"Concolino.it","article_publisher":"https:\/\/www.facebook.com\/don.mik.94","article_author":"https:\/\/www.facebook.com\/don.mik.94","article_published_time":"2025-03-01T11:22:03+00:00","article_modified_time":"2025-03-01T11:22:04+00:00","og_image":[{"width":890,"height":593,"url":"https:\/\/www.concolino.it\/wp-content\/uploads\/2025\/03\/Schermata-2025-03-01-alle-12.19.20.png","type":"image\/png"}],"author":"Domenico Concolino","twitter_card":"summary_large_image","twitter_creator":"@https:\/\/twitter.com\/don_mik","twitter_site":"@don_mik","twitter_misc":{"Scritto da":"Domenico Concolino","Tempo di lettura stimato":"3 minuti"},"schema":{"@context":"https:\/\/schema.org","@graph":[{"@type":"Article","@id":"https:\/\/www.concolino.it\/index.php\/2025\/03\/01\/buona-e-cattiva-lettura-seneca-filosofo-4-a-c-65-d-c\/#article","isPartOf":{"@id":"https:\/\/www.concolino.it\/index.php\/2025\/03\/01\/buona-e-cattiva-lettura-seneca-filosofo-4-a-c-65-d-c\/"},"author":{"name":"Domenico Concolino","@id":"https:\/\/www.concolino.it\/#\/schema\/person\/dfa8517603a44e77da85e7eb5139c070"},"headline":"Buona e cattiva lettura | Seneca &#8211; Filosofo (4 a.C &#8211; 65 d.C)","datePublished":"2025-03-01T11:22:03+00:00","dateModified":"2025-03-01T11:22:04+00:00","mainEntityOfPage":{"@id":"https:\/\/www.concolino.it\/index.php\/2025\/03\/01\/buona-e-cattiva-lettura-seneca-filosofo-4-a-c-65-d-c\/"},"wordCount":517,"publisher":{"@id":"https:\/\/www.concolino.it\/#\/schema\/person\/dfa8517603a44e77da85e7eb5139c070"},"image":{"@id":"https:\/\/www.concolino.it\/index.php\/2025\/03\/01\/buona-e-cattiva-lettura-seneca-filosofo-4-a-c-65-d-c\/#primaryimage"},"thumbnailUrl":"https:\/\/www.concolino.it\/wp-content\/uploads\/2025\/03\/Schermata-2025-03-01-alle-12.19.20.png","articleSection":["Citazioni","Vetrina"],"inLanguage":"it-IT"},{"@type":"WebPage","@id":"https:\/\/www.concolino.it\/index.php\/2025\/03\/01\/buona-e-cattiva-lettura-seneca-filosofo-4-a-c-65-d-c\/","url":"https:\/\/www.concolino.it\/index.php\/2025\/03\/01\/buona-e-cattiva-lettura-seneca-filosofo-4-a-c-65-d-c\/","name":"Buona e cattiva lettura | Seneca - Filosofo (4 a.C - 65 d.C) - Concolino.it","isPartOf":{"@id":"https:\/\/www.concolino.it\/#website"},"primaryImageOfPage":{"@id":"https:\/\/www.concolino.it\/index.php\/2025\/03\/01\/buona-e-cattiva-lettura-seneca-filosofo-4-a-c-65-d-c\/#primaryimage"},"image":{"@id":"https:\/\/www.concolino.it\/index.php\/2025\/03\/01\/buona-e-cattiva-lettura-seneca-filosofo-4-a-c-65-d-c\/#primaryimage"},"thumbnailUrl":"https:\/\/www.concolino.it\/wp-content\/uploads\/2025\/03\/Schermata-2025-03-01-alle-12.19.20.png","datePublished":"2025-03-01T11:22:03+00:00","dateModified":"2025-03-01T11:22:04+00:00","breadcrumb":{"@id":"https:\/\/www.concolino.it\/index.php\/2025\/03\/01\/buona-e-cattiva-lettura-seneca-filosofo-4-a-c-65-d-c\/#breadcrumb"},"inLanguage":"it-IT","potentialAction":[{"@type":"ReadAction","target":["https:\/\/www.concolino.it\/index.php\/2025\/03\/01\/buona-e-cattiva-lettura-seneca-filosofo-4-a-c-65-d-c\/"]}]},{"@type":"ImageObject","inLanguage":"it-IT","@id":"https:\/\/www.concolino.it\/index.php\/2025\/03\/01\/buona-e-cattiva-lettura-seneca-filosofo-4-a-c-65-d-c\/#primaryimage","url":"https:\/\/www.concolino.it\/wp-content\/uploads\/2025\/03\/Schermata-2025-03-01-alle-12.19.20.png","contentUrl":"https:\/\/www.concolino.it\/wp-content\/uploads\/2025\/03\/Schermata-2025-03-01-alle-12.19.20.png","width":890,"height":593},{"@type":"BreadcrumbList","@id":"https:\/\/www.concolino.it\/index.php\/2025\/03\/01\/buona-e-cattiva-lettura-seneca-filosofo-4-a-c-65-d-c\/#breadcrumb","itemListElement":[{"@type":"ListItem","position":1,"name":"Home","item":"https:\/\/www.concolino.it\/"},{"@type":"ListItem","position":2,"name":"Buona e cattiva lettura | Seneca &#8211; Filosofo (4 a.C &#8211; 65 d.C)"}]},{"@type":"WebSite","@id":"https:\/\/www.concolino.it\/#website","url":"https:\/\/www.concolino.it\/","name":"Concolino.it","description":"Allargare gli spazi del Verbo","publisher":{"@id":"https:\/\/www.concolino.it\/#\/schema\/person\/dfa8517603a44e77da85e7eb5139c070"},"potentialAction":[{"@type":"SearchAction","target":{"@type":"EntryPoint","urlTemplate":"https:\/\/www.concolino.it\/?s={search_term_string}"},"query-input":{"@type":"PropertyValueSpecification","valueRequired":true,"valueName":"search_term_string"}}],"inLanguage":"it-IT"},{"@type":["Person","Organization"],"@id":"https:\/\/www.concolino.it\/#\/schema\/person\/dfa8517603a44e77da85e7eb5139c070","name":"Domenico Concolino","image":{"@type":"ImageObject","inLanguage":"it-IT","@id":"https:\/\/www.concolino.it\/wp-content\/uploads\/2014\/07\/CT5W9104.jpg","url":"https:\/\/www.concolino.it\/wp-content\/uploads\/2014\/07\/CT5W9104.jpg","contentUrl":"https:\/\/www.concolino.it\/wp-content\/uploads\/2014\/07\/CT5W9104.jpg","width":1276,"height":850,"caption":"Domenico Concolino"},"logo":{"@id":"https:\/\/www.concolino.it\/wp-content\/uploads\/2014\/07\/CT5W9104.jpg"},"description":"Teologo | Cappellano Campus Universit\u00e0 Magna Graecia | Direttore Ufficio Regione Universit\u00e0 Scuola Educazione (Calabria)","sameAs":["https:\/\/www.facebook.com\/don.mik.94","https:\/\/x.com\/https:\/\/twitter.com\/don_mik"],"url":"https:\/\/www.concolino.it\/index.php\/author\/admin\/"}]}},"_links":{"self":[{"href":"https:\/\/www.concolino.it\/index.php\/wp-json\/wp\/v2\/posts\/6391","targetHints":{"allow":["GET"]}}],"collection":[{"href":"https:\/\/www.concolino.it\/index.php\/wp-json\/wp\/v2\/posts"}],"about":[{"href":"https:\/\/www.concolino.it\/index.php\/wp-json\/wp\/v2\/types\/post"}],"author":[{"embeddable":true,"href":"https:\/\/www.concolino.it\/index.php\/wp-json\/wp\/v2\/users\/1"}],"replies":[{"embeddable":true,"href":"https:\/\/www.concolino.it\/index.php\/wp-json\/wp\/v2\/comments?post=6391"}],"version-history":[{"count":1,"href":"https:\/\/www.concolino.it\/index.php\/wp-json\/wp\/v2\/posts\/6391\/revisions"}],"predecessor-version":[{"id":6393,"href":"https:\/\/www.concolino.it\/index.php\/wp-json\/wp\/v2\/posts\/6391\/revisions\/6393"}],"wp:featuredmedia":[{"embeddable":true,"href":"https:\/\/www.concolino.it\/index.php\/wp-json\/wp\/v2\/media\/6392"}],"wp:attachment":[{"href":"https:\/\/www.concolino.it\/index.php\/wp-json\/wp\/v2\/media?parent=6391"}],"wp:term":[{"taxonomy":"category","embeddable":true,"href":"https:\/\/www.concolino.it\/index.php\/wp-json\/wp\/v2\/categories?post=6391"},{"taxonomy":"post_tag","embeddable":true,"href":"https:\/\/www.concolino.it\/index.php\/wp-json\/wp\/v2\/tags?post=6391"}],"curies":[{"name":"wp","href":"https:\/\/api.w.org\/{rel}","templated":true}]}}