{"id":6353,"date":"2025-02-10T19:23:26","date_gmt":"2025-02-10T18:23:26","guid":{"rendered":"https:\/\/www.concolino.it\/?p=6353"},"modified":"2025-02-11T06:27:48","modified_gmt":"2025-02-11T05:27:48","slug":"nati-per-loralita-ma-poi-abbiamo-imparato-leggere-maryanne-wolf-neuroscienzata-1947","status":"publish","type":"post","link":"https:\/\/www.concolino.it\/index.php\/2025\/02\/10\/nati-per-loralita-ma-poi-abbiamo-imparato-leggere-maryanne-wolf-neuroscienzata-1947\/","title":{"rendered":"Nati per l&#8217;oralit\u00e0, ma poi abbiamo imparato leggere | Maryanne Wolf &#8211; Neuroscienzata (1947 &#8211;  )"},"content":{"rendered":"\n<p>\u201cNon siamo nati per leggere. \u00c8 passato solo qualche migliaio di anni dall\u2019invenzione della lettura. L\u2019invenzione ha portato con s\u00e9 una parziale riorganizzazione del nostro cervello, che, a sua volta, ha allargato i confini del nostro modo di pensare mutando l\u2019evoluzione intellettuale della nostra specie.<\/p>\n\n\n\n<p> La lettura \u00e8 una delle invenzioni pi\u00f9 straordinarie della storia; la possibilit\u00e0 di documentare i fatti storici \u00e8 una delle sue conseguenze. <\/p>\n\n\n\n<p>Ma questa invenzione dei nostri antenati \u00e8 stata possibile solo grazie alla straordinaria capacit\u00e0 del cervello umano di stabilire nuovi collegamenti tra le sue strutture preesistenti; un procedimento reso possibile dalla sua capacit\u00e0 di essere modellato dall\u2019esperienza. Questa plasticit\u00e0 che sta al cuore della struttura del cervello \u00e8 la base di gran parte di ci\u00f2 che siamo e di ci\u00f2 che possiamo diventare\u201d<\/p>\n\n\n\n<p>in questo senso: <\/p>\n\n\n\n<p>\u201cIl nostro cervello \u00e8 un ottimo esempio di architettura aperta. Grazie a questo tipo di progetto, noi veniamo al mondo programmati per modificare ci\u00f2 che abbiamo ricevuto dalla natura, e per potere andare oltre. A quanto pare, siamo geneticamente predisposti allo sviluppo. Il cervello che legge \u00e8 quindi un aspetto di una dinamica bidirezionale assai efficace. <\/p>\n\n\n\n<p>La lettura pu\u00f2 essere appresa solo grazie all\u2019innata plasticit\u00e0 del nostro cervello; ma appena una persona impara a leggere, il suo cervello cambia per sempre, sia fisiologicamente che intellettualmente.\u201d<\/p>\n\n\n\n<p>(Maryanne Wolf, Proust e il calamaro. <em>Storia e scienza del cervello che legge,<\/em> Milano 2022)<\/p>\n\n\n\n<p>\u201c<\/p>\n","protected":false},"excerpt":{"rendered":"<p>\u201cNon siamo nati per leggere. \u00c8 passato solo qualche migliaio di anni dall\u2019invenzione della lettura. L\u2019invenzione ha portato con s\u00e9 una parziale riorganizzazione del nostro cervello, che, a sua volta, [&hellip;]<\/p>\n","protected":false},"author":1,"featured_media":6354,"comment_status":"closed","ping_status":"closed","sticky":false,"template":"","format":"image","meta":{"site-sidebar-layout":"default","site-content-layout":"","ast-site-content-layout":"default","site-content-style":"default","site-sidebar-style":"default","ast-global-header-display":"","ast-banner-title-visibility":"","ast-main-header-display":"","ast-hfb-above-header-display":"","ast-hfb-below-header-display":"","ast-hfb-mobile-header-display":"","site-post-title":"","ast-breadcrumbs-content":"","ast-featured-img":"","footer-sml-layout":"","ast-disable-related-posts":"","theme-transparent-header-meta":"","adv-header-id-meta":"","stick-header-meta":"","header-above-stick-meta":"","header-main-stick-meta":"","header-below-stick-meta":"","astra-migrate-meta-layouts":"set","ast-page-background-enabled":"default","ast-page-background-meta":{"desktop":{"background-color":"","background-image":"","background-repeat":"repeat","background-position":"center center","background-size":"auto","background-attachment":"scroll","background-type":"","background-media":"","overlay-type":"","overlay-color":"","overlay-opacity":"","overlay-gradient":""},"tablet":{"background-color":"","background-image":"","background-repeat":"repeat","background-position":"center center","background-size":"auto","background-attachment":"scroll","background-type":"","background-media":"","overlay-type":"","overlay-color":"","overlay-opacity":"","overlay-gradient":""},"mobile":{"background-color":"","background-image":"","background-repeat":"repeat","background-position":"center center","background-size":"auto","background-attachment":"scroll","background-type":"","background-media":"","overlay-type":"","overlay-color":"","overlay-opacity":"","overlay-gradient":""}},"ast-content-background-meta":{"desktop":{"background-color":"var(--ast-global-color-5)","background-image":"","background-repeat":"repeat","background-position":"center center","background-size":"auto","background-attachment":"scroll","background-type":"","background-media":"","overlay-type":"","overlay-color":"","overlay-opacity":"","overlay-gradient":""},"tablet":{"background-color":"var(--ast-global-color-5)","background-image":"","background-repeat":"repeat","background-position":"center center","background-size":"auto","background-attachment":"scroll","background-type":"","background-media":"","overlay-type":"","overlay-color":"","overlay-opacity":"","overlay-gradient":""},"mobile":{"background-color":"var(--ast-global-color-5)","background-image":"","background-repeat":"repeat","background-position":"center center","background-size":"auto","background-attachment":"scroll","background-type":"","background-media":"","overlay-type":"","overlay-color":"","overlay-opacity":"","overlay-gradient":""}},"footnotes":""},"categories":[8,5],"tags":[],"class_list":["post-6353","post","type-post","status-publish","format-image","has-post-thumbnail","hentry","category-citazioni","category-vetrina","post_format-post-format-image"],"yoast_head":"<!-- This site is optimized with the Yoast SEO plugin v27.4 - https:\/\/yoast.com\/product\/yoast-seo-wordpress\/ -->\n<title>Nati per l&#039;oralit\u00e0, ma poi abbiamo imparato leggere | Maryanne Wolf - Neuroscienzata (1947 - ) - Concolino.it<\/title>\n<meta name=\"robots\" content=\"index, follow, max-snippet:-1, max-image-preview:large, max-video-preview:-1\" \/>\n<link rel=\"canonical\" href=\"https:\/\/www.concolino.it\/index.php\/2025\/02\/10\/nati-per-loralita-ma-poi-abbiamo-imparato-leggere-maryanne-wolf-neuroscienzata-1947\/\" \/>\n<meta property=\"og:locale\" content=\"it_IT\" \/>\n<meta property=\"og:type\" content=\"article\" \/>\n<meta property=\"og:title\" content=\"Nati per l&#039;oralit\u00e0, ma poi abbiamo imparato leggere | Maryanne Wolf - Neuroscienzata (1947 - ) - Concolino.it\" \/>\n<meta property=\"og:description\" content=\"\u201cNon siamo nati per leggere. \u00c8 passato solo qualche migliaio di anni dall\u2019invenzione della lettura. L\u2019invenzione ha portato con s\u00e9 una parziale riorganizzazione del nostro cervello, che, a sua volta, [&hellip;]\" \/>\n<meta property=\"og:url\" content=\"https:\/\/www.concolino.it\/index.php\/2025\/02\/10\/nati-per-loralita-ma-poi-abbiamo-imparato-leggere-maryanne-wolf-neuroscienzata-1947\/\" \/>\n<meta property=\"og:site_name\" content=\"Concolino.it\" \/>\n<meta property=\"article:publisher\" content=\"https:\/\/www.facebook.com\/don.mik.94\" \/>\n<meta property=\"article:author\" content=\"https:\/\/www.facebook.com\/don.mik.94\" \/>\n<meta property=\"article:published_time\" content=\"2025-02-10T18:23:26+00:00\" \/>\n<meta property=\"article:modified_time\" content=\"2025-02-11T05:27:48+00:00\" \/>\n<meta property=\"og:image\" content=\"https:\/\/www.concolino.it\/wp-content\/uploads\/2025\/02\/Schermata-2025-02-10-alle-19.21.21.png\" \/>\n\t<meta property=\"og:image:width\" content=\"890\" \/>\n\t<meta property=\"og:image:height\" content=\"580\" \/>\n\t<meta property=\"og:image:type\" content=\"image\/png\" \/>\n<meta name=\"author\" content=\"Domenico Concolino\" \/>\n<meta name=\"twitter:card\" content=\"summary_large_image\" \/>\n<meta name=\"twitter:creator\" content=\"@https:\/\/twitter.com\/don_mik\" \/>\n<meta name=\"twitter:site\" content=\"@don_mik\" \/>\n<meta name=\"twitter:label1\" content=\"Scritto da\" \/>\n\t<meta name=\"twitter:data1\" content=\"Domenico Concolino\" \/>\n\t<meta name=\"twitter:label2\" content=\"Tempo di lettura stimato\" \/>\n\t<meta name=\"twitter:data2\" content=\"2 minuti\" \/>\n<script type=\"application\/ld+json\" class=\"yoast-schema-graph\">{\"@context\":\"https:\\\/\\\/schema.org\",\"@graph\":[{\"@type\":\"Article\",\"@id\":\"https:\\\/\\\/www.concolino.it\\\/index.php\\\/2025\\\/02\\\/10\\\/nati-per-loralita-ma-poi-abbiamo-imparato-leggere-maryanne-wolf-neuroscienzata-1947\\\/#article\",\"isPartOf\":{\"@id\":\"https:\\\/\\\/www.concolino.it\\\/index.php\\\/2025\\\/02\\\/10\\\/nati-per-loralita-ma-poi-abbiamo-imparato-leggere-maryanne-wolf-neuroscienzata-1947\\\/\"},\"author\":{\"name\":\"Domenico Concolino\",\"@id\":\"https:\\\/\\\/www.concolino.it\\\/#\\\/schema\\\/person\\\/dfa8517603a44e77da85e7eb5139c070\"},\"headline\":\"Nati per l&#8217;oralit\u00e0, ma poi abbiamo imparato leggere | Maryanne Wolf &#8211; Neuroscienzata (1947 &#8211; )\",\"datePublished\":\"2025-02-10T18:23:26+00:00\",\"dateModified\":\"2025-02-11T05:27:48+00:00\",\"mainEntityOfPage\":{\"@id\":\"https:\\\/\\\/www.concolino.it\\\/index.php\\\/2025\\\/02\\\/10\\\/nati-per-loralita-ma-poi-abbiamo-imparato-leggere-maryanne-wolf-neuroscienzata-1947\\\/\"},\"wordCount\":244,\"publisher\":{\"@id\":\"https:\\\/\\\/www.concolino.it\\\/#\\\/schema\\\/person\\\/dfa8517603a44e77da85e7eb5139c070\"},\"image\":{\"@id\":\"https:\\\/\\\/www.concolino.it\\\/index.php\\\/2025\\\/02\\\/10\\\/nati-per-loralita-ma-poi-abbiamo-imparato-leggere-maryanne-wolf-neuroscienzata-1947\\\/#primaryimage\"},\"thumbnailUrl\":\"https:\\\/\\\/www.concolino.it\\\/wp-content\\\/uploads\\\/2025\\\/02\\\/Schermata-2025-02-10-alle-19.21.21.png\",\"articleSection\":[\"Citazioni\",\"Vetrina\"],\"inLanguage\":\"it-IT\"},{\"@type\":\"WebPage\",\"@id\":\"https:\\\/\\\/www.concolino.it\\\/index.php\\\/2025\\\/02\\\/10\\\/nati-per-loralita-ma-poi-abbiamo-imparato-leggere-maryanne-wolf-neuroscienzata-1947\\\/\",\"url\":\"https:\\\/\\\/www.concolino.it\\\/index.php\\\/2025\\\/02\\\/10\\\/nati-per-loralita-ma-poi-abbiamo-imparato-leggere-maryanne-wolf-neuroscienzata-1947\\\/\",\"name\":\"Nati per l'oralit\u00e0, ma poi abbiamo imparato leggere | Maryanne Wolf - Neuroscienzata (1947 - ) - Concolino.it\",\"isPartOf\":{\"@id\":\"https:\\\/\\\/www.concolino.it\\\/#website\"},\"primaryImageOfPage\":{\"@id\":\"https:\\\/\\\/www.concolino.it\\\/index.php\\\/2025\\\/02\\\/10\\\/nati-per-loralita-ma-poi-abbiamo-imparato-leggere-maryanne-wolf-neuroscienzata-1947\\\/#primaryimage\"},\"image\":{\"@id\":\"https:\\\/\\\/www.concolino.it\\\/index.php\\\/2025\\\/02\\\/10\\\/nati-per-loralita-ma-poi-abbiamo-imparato-leggere-maryanne-wolf-neuroscienzata-1947\\\/#primaryimage\"},\"thumbnailUrl\":\"https:\\\/\\\/www.concolino.it\\\/wp-content\\\/uploads\\\/2025\\\/02\\\/Schermata-2025-02-10-alle-19.21.21.png\",\"datePublished\":\"2025-02-10T18:23:26+00:00\",\"dateModified\":\"2025-02-11T05:27:48+00:00\",\"breadcrumb\":{\"@id\":\"https:\\\/\\\/www.concolino.it\\\/index.php\\\/2025\\\/02\\\/10\\\/nati-per-loralita-ma-poi-abbiamo-imparato-leggere-maryanne-wolf-neuroscienzata-1947\\\/#breadcrumb\"},\"inLanguage\":\"it-IT\",\"potentialAction\":[{\"@type\":\"ReadAction\",\"target\":[\"https:\\\/\\\/www.concolino.it\\\/index.php\\\/2025\\\/02\\\/10\\\/nati-per-loralita-ma-poi-abbiamo-imparato-leggere-maryanne-wolf-neuroscienzata-1947\\\/\"]}]},{\"@type\":\"ImageObject\",\"inLanguage\":\"it-IT\",\"@id\":\"https:\\\/\\\/www.concolino.it\\\/index.php\\\/2025\\\/02\\\/10\\\/nati-per-loralita-ma-poi-abbiamo-imparato-leggere-maryanne-wolf-neuroscienzata-1947\\\/#primaryimage\",\"url\":\"https:\\\/\\\/www.concolino.it\\\/wp-content\\\/uploads\\\/2025\\\/02\\\/Schermata-2025-02-10-alle-19.21.21.png\",\"contentUrl\":\"https:\\\/\\\/www.concolino.it\\\/wp-content\\\/uploads\\\/2025\\\/02\\\/Schermata-2025-02-10-alle-19.21.21.png\",\"width\":890,\"height\":580},{\"@type\":\"BreadcrumbList\",\"@id\":\"https:\\\/\\\/www.concolino.it\\\/index.php\\\/2025\\\/02\\\/10\\\/nati-per-loralita-ma-poi-abbiamo-imparato-leggere-maryanne-wolf-neuroscienzata-1947\\\/#breadcrumb\",\"itemListElement\":[{\"@type\":\"ListItem\",\"position\":1,\"name\":\"Home\",\"item\":\"https:\\\/\\\/www.concolino.it\\\/\"},{\"@type\":\"ListItem\",\"position\":2,\"name\":\"Nati per l&#8217;oralit\u00e0, ma poi abbiamo imparato leggere | Maryanne Wolf &#8211; Neuroscienzata (1947 &#8211; )\"}]},{\"@type\":\"WebSite\",\"@id\":\"https:\\\/\\\/www.concolino.it\\\/#website\",\"url\":\"https:\\\/\\\/www.concolino.it\\\/\",\"name\":\"Concolino.it\",\"description\":\"Allargare gli spazi del Verbo\",\"publisher\":{\"@id\":\"https:\\\/\\\/www.concolino.it\\\/#\\\/schema\\\/person\\\/dfa8517603a44e77da85e7eb5139c070\"},\"potentialAction\":[{\"@type\":\"SearchAction\",\"target\":{\"@type\":\"EntryPoint\",\"urlTemplate\":\"https:\\\/\\\/www.concolino.it\\\/?s={search_term_string}\"},\"query-input\":{\"@type\":\"PropertyValueSpecification\",\"valueRequired\":true,\"valueName\":\"search_term_string\"}}],\"inLanguage\":\"it-IT\"},{\"@type\":[\"Person\",\"Organization\"],\"@id\":\"https:\\\/\\\/www.concolino.it\\\/#\\\/schema\\\/person\\\/dfa8517603a44e77da85e7eb5139c070\",\"name\":\"Domenico Concolino\",\"image\":{\"@type\":\"ImageObject\",\"inLanguage\":\"it-IT\",\"@id\":\"https:\\\/\\\/www.concolino.it\\\/wp-content\\\/uploads\\\/2014\\\/07\\\/CT5W9104.jpg\",\"url\":\"https:\\\/\\\/www.concolino.it\\\/wp-content\\\/uploads\\\/2014\\\/07\\\/CT5W9104.jpg\",\"contentUrl\":\"https:\\\/\\\/www.concolino.it\\\/wp-content\\\/uploads\\\/2014\\\/07\\\/CT5W9104.jpg\",\"width\":1276,\"height\":850,\"caption\":\"Domenico Concolino\"},\"logo\":{\"@id\":\"https:\\\/\\\/www.concolino.it\\\/wp-content\\\/uploads\\\/2014\\\/07\\\/CT5W9104.jpg\"},\"description\":\"Teologo | Cappellano Campus Universit\u00e0 Magna Graecia | Direttore Ufficio Regione Universit\u00e0 Scuola Educazione (Calabria)\",\"sameAs\":[\"https:\\\/\\\/www.facebook.com\\\/don.mik.94\",\"https:\\\/\\\/x.com\\\/https:\\\/\\\/twitter.com\\\/don_mik\"],\"url\":\"https:\\\/\\\/www.concolino.it\\\/index.php\\\/author\\\/admin\\\/\"}]}<\/script>\n<!-- \/ Yoast SEO plugin. -->","yoast_head_json":{"title":"Nati per l'oralit\u00e0, ma poi abbiamo imparato leggere | Maryanne Wolf - Neuroscienzata (1947 - ) - Concolino.it","robots":{"index":"index","follow":"follow","max-snippet":"max-snippet:-1","max-image-preview":"max-image-preview:large","max-video-preview":"max-video-preview:-1"},"canonical":"https:\/\/www.concolino.it\/index.php\/2025\/02\/10\/nati-per-loralita-ma-poi-abbiamo-imparato-leggere-maryanne-wolf-neuroscienzata-1947\/","og_locale":"it_IT","og_type":"article","og_title":"Nati per l'oralit\u00e0, ma poi abbiamo imparato leggere | Maryanne Wolf - Neuroscienzata (1947 - ) - Concolino.it","og_description":"\u201cNon siamo nati per leggere. \u00c8 passato solo qualche migliaio di anni dall\u2019invenzione della lettura. L\u2019invenzione ha portato con s\u00e9 una parziale riorganizzazione del nostro cervello, che, a sua volta, [&hellip;]","og_url":"https:\/\/www.concolino.it\/index.php\/2025\/02\/10\/nati-per-loralita-ma-poi-abbiamo-imparato-leggere-maryanne-wolf-neuroscienzata-1947\/","og_site_name":"Concolino.it","article_publisher":"https:\/\/www.facebook.com\/don.mik.94","article_author":"https:\/\/www.facebook.com\/don.mik.94","article_published_time":"2025-02-10T18:23:26+00:00","article_modified_time":"2025-02-11T05:27:48+00:00","og_image":[{"width":890,"height":580,"url":"https:\/\/www.concolino.it\/wp-content\/uploads\/2025\/02\/Schermata-2025-02-10-alle-19.21.21.png","type":"image\/png"}],"author":"Domenico Concolino","twitter_card":"summary_large_image","twitter_creator":"@https:\/\/twitter.com\/don_mik","twitter_site":"@don_mik","twitter_misc":{"Scritto da":"Domenico Concolino","Tempo di lettura stimato":"2 minuti"},"schema":{"@context":"https:\/\/schema.org","@graph":[{"@type":"Article","@id":"https:\/\/www.concolino.it\/index.php\/2025\/02\/10\/nati-per-loralita-ma-poi-abbiamo-imparato-leggere-maryanne-wolf-neuroscienzata-1947\/#article","isPartOf":{"@id":"https:\/\/www.concolino.it\/index.php\/2025\/02\/10\/nati-per-loralita-ma-poi-abbiamo-imparato-leggere-maryanne-wolf-neuroscienzata-1947\/"},"author":{"name":"Domenico Concolino","@id":"https:\/\/www.concolino.it\/#\/schema\/person\/dfa8517603a44e77da85e7eb5139c070"},"headline":"Nati per l&#8217;oralit\u00e0, ma poi abbiamo imparato leggere | Maryanne Wolf &#8211; Neuroscienzata (1947 &#8211; )","datePublished":"2025-02-10T18:23:26+00:00","dateModified":"2025-02-11T05:27:48+00:00","mainEntityOfPage":{"@id":"https:\/\/www.concolino.it\/index.php\/2025\/02\/10\/nati-per-loralita-ma-poi-abbiamo-imparato-leggere-maryanne-wolf-neuroscienzata-1947\/"},"wordCount":244,"publisher":{"@id":"https:\/\/www.concolino.it\/#\/schema\/person\/dfa8517603a44e77da85e7eb5139c070"},"image":{"@id":"https:\/\/www.concolino.it\/index.php\/2025\/02\/10\/nati-per-loralita-ma-poi-abbiamo-imparato-leggere-maryanne-wolf-neuroscienzata-1947\/#primaryimage"},"thumbnailUrl":"https:\/\/www.concolino.it\/wp-content\/uploads\/2025\/02\/Schermata-2025-02-10-alle-19.21.21.png","articleSection":["Citazioni","Vetrina"],"inLanguage":"it-IT"},{"@type":"WebPage","@id":"https:\/\/www.concolino.it\/index.php\/2025\/02\/10\/nati-per-loralita-ma-poi-abbiamo-imparato-leggere-maryanne-wolf-neuroscienzata-1947\/","url":"https:\/\/www.concolino.it\/index.php\/2025\/02\/10\/nati-per-loralita-ma-poi-abbiamo-imparato-leggere-maryanne-wolf-neuroscienzata-1947\/","name":"Nati per l'oralit\u00e0, ma poi abbiamo imparato leggere | Maryanne Wolf - Neuroscienzata (1947 - ) - Concolino.it","isPartOf":{"@id":"https:\/\/www.concolino.it\/#website"},"primaryImageOfPage":{"@id":"https:\/\/www.concolino.it\/index.php\/2025\/02\/10\/nati-per-loralita-ma-poi-abbiamo-imparato-leggere-maryanne-wolf-neuroscienzata-1947\/#primaryimage"},"image":{"@id":"https:\/\/www.concolino.it\/index.php\/2025\/02\/10\/nati-per-loralita-ma-poi-abbiamo-imparato-leggere-maryanne-wolf-neuroscienzata-1947\/#primaryimage"},"thumbnailUrl":"https:\/\/www.concolino.it\/wp-content\/uploads\/2025\/02\/Schermata-2025-02-10-alle-19.21.21.png","datePublished":"2025-02-10T18:23:26+00:00","dateModified":"2025-02-11T05:27:48+00:00","breadcrumb":{"@id":"https:\/\/www.concolino.it\/index.php\/2025\/02\/10\/nati-per-loralita-ma-poi-abbiamo-imparato-leggere-maryanne-wolf-neuroscienzata-1947\/#breadcrumb"},"inLanguage":"it-IT","potentialAction":[{"@type":"ReadAction","target":["https:\/\/www.concolino.it\/index.php\/2025\/02\/10\/nati-per-loralita-ma-poi-abbiamo-imparato-leggere-maryanne-wolf-neuroscienzata-1947\/"]}]},{"@type":"ImageObject","inLanguage":"it-IT","@id":"https:\/\/www.concolino.it\/index.php\/2025\/02\/10\/nati-per-loralita-ma-poi-abbiamo-imparato-leggere-maryanne-wolf-neuroscienzata-1947\/#primaryimage","url":"https:\/\/www.concolino.it\/wp-content\/uploads\/2025\/02\/Schermata-2025-02-10-alle-19.21.21.png","contentUrl":"https:\/\/www.concolino.it\/wp-content\/uploads\/2025\/02\/Schermata-2025-02-10-alle-19.21.21.png","width":890,"height":580},{"@type":"BreadcrumbList","@id":"https:\/\/www.concolino.it\/index.php\/2025\/02\/10\/nati-per-loralita-ma-poi-abbiamo-imparato-leggere-maryanne-wolf-neuroscienzata-1947\/#breadcrumb","itemListElement":[{"@type":"ListItem","position":1,"name":"Home","item":"https:\/\/www.concolino.it\/"},{"@type":"ListItem","position":2,"name":"Nati per l&#8217;oralit\u00e0, ma poi abbiamo imparato leggere | Maryanne Wolf &#8211; Neuroscienzata (1947 &#8211; )"}]},{"@type":"WebSite","@id":"https:\/\/www.concolino.it\/#website","url":"https:\/\/www.concolino.it\/","name":"Concolino.it","description":"Allargare gli spazi del Verbo","publisher":{"@id":"https:\/\/www.concolino.it\/#\/schema\/person\/dfa8517603a44e77da85e7eb5139c070"},"potentialAction":[{"@type":"SearchAction","target":{"@type":"EntryPoint","urlTemplate":"https:\/\/www.concolino.it\/?s={search_term_string}"},"query-input":{"@type":"PropertyValueSpecification","valueRequired":true,"valueName":"search_term_string"}}],"inLanguage":"it-IT"},{"@type":["Person","Organization"],"@id":"https:\/\/www.concolino.it\/#\/schema\/person\/dfa8517603a44e77da85e7eb5139c070","name":"Domenico Concolino","image":{"@type":"ImageObject","inLanguage":"it-IT","@id":"https:\/\/www.concolino.it\/wp-content\/uploads\/2014\/07\/CT5W9104.jpg","url":"https:\/\/www.concolino.it\/wp-content\/uploads\/2014\/07\/CT5W9104.jpg","contentUrl":"https:\/\/www.concolino.it\/wp-content\/uploads\/2014\/07\/CT5W9104.jpg","width":1276,"height":850,"caption":"Domenico Concolino"},"logo":{"@id":"https:\/\/www.concolino.it\/wp-content\/uploads\/2014\/07\/CT5W9104.jpg"},"description":"Teologo | Cappellano Campus Universit\u00e0 Magna Graecia | Direttore Ufficio Regione Universit\u00e0 Scuola Educazione (Calabria)","sameAs":["https:\/\/www.facebook.com\/don.mik.94","https:\/\/x.com\/https:\/\/twitter.com\/don_mik"],"url":"https:\/\/www.concolino.it\/index.php\/author\/admin\/"}]}},"_links":{"self":[{"href":"https:\/\/www.concolino.it\/index.php\/wp-json\/wp\/v2\/posts\/6353","targetHints":{"allow":["GET"]}}],"collection":[{"href":"https:\/\/www.concolino.it\/index.php\/wp-json\/wp\/v2\/posts"}],"about":[{"href":"https:\/\/www.concolino.it\/index.php\/wp-json\/wp\/v2\/types\/post"}],"author":[{"embeddable":true,"href":"https:\/\/www.concolino.it\/index.php\/wp-json\/wp\/v2\/users\/1"}],"replies":[{"embeddable":true,"href":"https:\/\/www.concolino.it\/index.php\/wp-json\/wp\/v2\/comments?post=6353"}],"version-history":[{"count":3,"href":"https:\/\/www.concolino.it\/index.php\/wp-json\/wp\/v2\/posts\/6353\/revisions"}],"predecessor-version":[{"id":6357,"href":"https:\/\/www.concolino.it\/index.php\/wp-json\/wp\/v2\/posts\/6353\/revisions\/6357"}],"wp:featuredmedia":[{"embeddable":true,"href":"https:\/\/www.concolino.it\/index.php\/wp-json\/wp\/v2\/media\/6354"}],"wp:attachment":[{"href":"https:\/\/www.concolino.it\/index.php\/wp-json\/wp\/v2\/media?parent=6353"}],"wp:term":[{"taxonomy":"category","embeddable":true,"href":"https:\/\/www.concolino.it\/index.php\/wp-json\/wp\/v2\/categories?post=6353"},{"taxonomy":"post_tag","embeddable":true,"href":"https:\/\/www.concolino.it\/index.php\/wp-json\/wp\/v2\/tags?post=6353"}],"curies":[{"name":"wp","href":"https:\/\/api.w.org\/{rel}","templated":true}]}}