{"id":6249,"date":"2024-11-18T20:17:48","date_gmt":"2024-11-18T19:17:48","guid":{"rendered":"https:\/\/www.concolino.it\/?p=6249"},"modified":"2024-11-18T20:40:12","modified_gmt":"2024-11-18T19:40:12","slug":"a-proposito-di-cura-oltre-il-dogma-della-competitivita-roberto-mancini-filosofo-1958","status":"publish","type":"post","link":"https:\/\/www.concolino.it\/index.php\/2024\/11\/18\/a-proposito-di-cura-oltre-il-dogma-della-competitivita-roberto-mancini-filosofo-1958\/","title":{"rendered":"A proposito di &#8216;cura&#8217; oltre il dogma della competitivit\u00e0 | Roberto Mancini &#8211; Filosofo 1958 &#8211; ."},"content":{"rendered":"\n<p>Bisogna tornare a mettere in discussione il dogma secondo cui la societ\u00e0 \u00e8 basata sulla competizione. <\/p>\n\n\n\n<p>Noi diamo per scontato che proprio la competizione sia il cemento della societ\u00e0, il suo fondamento. Ma se provassimo a prendere la cosa alla lettera e ad applicare la competizione alla nostra esperienza, quotidiana e affettiva, alla vita di coppia e all&#8217;amicizia, al condominio e alla scuola, non andremo molto lontano. <\/p>\n\n\n\n<p>In realt\u00e0, la condizione umana si sviluppa grazie a processi di cooperazione che, quando diventano profondi, ci consentono addirittura di sperimentare il conflitto costruttivo. Questo \u00e8 il grande apprendimento umano, poter vivere i conflitti in modo non distruttivo, non              lacerante. <\/p>\n\n\n\n<p>Simili esempi ci aiutano realizzare quanto sia perniciosa la mancanza di pensiero, la pigrizia intellettuale, quale danno produca il parlare per frasi fatte, l&#8217;attenersi a un&#8217;immagine mediatica del mondo. <\/p>\n\n\n\n<p>Se non pensiamo, perdiamo il senso della realt\u00e0 concreta, che non \u00e8  mai spontaneo. A differenza degli animali, che aderiscono interamente al momento presente, l&#8217;essere umano abita la realt\u00e0 ma deve elaborare il rapporto con ssa attraverso il pensiero. Tanto che ognuno pu\u00f2 vivere in modo diverso, pu\u00f2 ignorarla, pu\u00f2 deformarla, pu\u00f2 nutrirsi di allucinazioni.<\/p>\n\n\n\n<p>La realt\u00e0 non \u00e8 scontata, chiede un rapporto lucido, una presenza attiva. Se rinunciamo a pensare, ci accontentiamo di accettare acriticamente quanto ci viene offerto. <\/p>\n\n\n\n<p>Ecco, allora, che il pensiero non \u00e8 un padrone ma un grande servitore nei confronti della vita e della sua umanizzazione: pensare ci permette di abitare la realt\u00e0 umanizzandola.da questo punto di vista, l&#8217;incuria del pensiero rappresenta un grande rischio. Affiniamo le tecniche logiche, sviluppiamo una razionalit\u00e0 puramente tecnica, oppure puramente sistematica, con cui consideriamo la globalit\u00e0 dei processi, ma intanto perdiamo l&#8217;umanit\u00e0 della riflessione.<\/p>\n\n\n\n<p>Sono convinto del fatto che pensiamo non tanto con il cervello quanto con la nostra umanit\u00e0; il nostro pensiero dipende dal tipo di persone che stiamo diventando, dalla nostra storia, dalle capacit\u00e0 di aprirsi alla realt\u00e0, di vivere responsabilmente le relazioni che incontriamo.al contrario il pensiero the cade quando lo riduciamo a uno strumento di dominio, di calcolo, \u00e8 uno strumento strategico insomma.<\/p>\n\n\n\n<p>Ecco, allora, il senso della parola &#8220;cura&#8221;, non nel significato astratto di guarigione, nell&#8217;accezione medico terapeutica, che tiene a distanza e mette soggezione. Che cosa dovrei fare per avere cura di me? E, in particolare, per avere cura del mio pensiero? Possiamo attribuire un valore umano e concreto al concetto di cura se la intendiamo, da un lato, come un risveglio della coscienza, che riconosce un mondo comune, che ci induce a uscire dal sonno, a liberarci dalla pigrizia, a scollarci di dosso l&#8217;atteggiamento di stasi, di paralisi.<\/p>\n\n\n\n<p>Dall&#8217;altro lato, \u00e8 utile pensare alla cura in senso educativo: una cura che coltiva, che fa crescere in umanit\u00e0<\/p>\n\n\n\n<p>Mancini R. &#8211; A. Massarenti, <em>Cura del pensiero, <\/em> Bologna 2103, 25-28.<\/p>\n","protected":false},"excerpt":{"rendered":"<p>Bisogna tornare a mettere in discussione il dogma secondo cui la societ\u00e0 \u00e8 basata sulla competizione. Noi diamo per scontato che proprio la competizione sia il cemento della societ\u00e0, il [&hellip;]<\/p>\n","protected":false},"author":1,"featured_media":6259,"comment_status":"closed","ping_status":"closed","sticky":false,"template":"","format":"image","meta":{"site-sidebar-layout":"default","site-content-layout":"","ast-site-content-layout":"default","site-content-style":"default","site-sidebar-style":"default","ast-global-header-display":"","ast-banner-title-visibility":"","ast-main-header-display":"","ast-hfb-above-header-display":"","ast-hfb-below-header-display":"","ast-hfb-mobile-header-display":"","site-post-title":"","ast-breadcrumbs-content":"","ast-featured-img":"","footer-sml-layout":"","ast-disable-related-posts":"","theme-transparent-header-meta":"","adv-header-id-meta":"","stick-header-meta":"","header-above-stick-meta":"","header-main-stick-meta":"","header-below-stick-meta":"","astra-migrate-meta-layouts":"set","ast-page-background-enabled":"default","ast-page-background-meta":{"desktop":{"background-color":"","background-image":"","background-repeat":"repeat","background-position":"center center","background-size":"auto","background-attachment":"scroll","background-type":"","background-media":"","overlay-type":"","overlay-color":"","overlay-opacity":"","overlay-gradient":""},"tablet":{"background-color":"","background-image":"","background-repeat":"repeat","background-position":"center center","background-size":"auto","background-attachment":"scroll","background-type":"","background-media":"","overlay-type":"","overlay-color":"","overlay-opacity":"","overlay-gradient":""},"mobile":{"background-color":"","background-image":"","background-repeat":"repeat","background-position":"center center","background-size":"auto","background-attachment":"scroll","background-type":"","background-media":"","overlay-type":"","overlay-color":"","overlay-opacity":"","overlay-gradient":""}},"ast-content-background-meta":{"desktop":{"background-color":"var(--ast-global-color-5)","background-image":"","background-repeat":"repeat","background-position":"center center","background-size":"auto","background-attachment":"scroll","background-type":"","background-media":"","overlay-type":"","overlay-color":"","overlay-opacity":"","overlay-gradient":""},"tablet":{"background-color":"var(--ast-global-color-5)","background-image":"","background-repeat":"repeat","background-position":"center center","background-size":"auto","background-attachment":"scroll","background-type":"","background-media":"","overlay-type":"","overlay-color":"","overlay-opacity":"","overlay-gradient":""},"mobile":{"background-color":"var(--ast-global-color-5)","background-image":"","background-repeat":"repeat","background-position":"center center","background-size":"auto","background-attachment":"scroll","background-type":"","background-media":"","overlay-type":"","overlay-color":"","overlay-opacity":"","overlay-gradient":""}},"footnotes":""},"categories":[8,5],"tags":[],"class_list":["post-6249","post","type-post","status-publish","format-image","has-post-thumbnail","hentry","category-citazioni","category-vetrina","post_format-post-format-image"],"yoast_head":"<!-- This site is optimized with the Yoast SEO plugin v27.4 - https:\/\/yoast.com\/product\/yoast-seo-wordpress\/ -->\n<title>A proposito di &#039;cura&#039; oltre il dogma della competitivit\u00e0 | Roberto Mancini - Filosofo 1958 - . - Concolino.it<\/title>\n<meta name=\"robots\" content=\"index, follow, max-snippet:-1, max-image-preview:large, max-video-preview:-1\" \/>\n<link rel=\"canonical\" href=\"https:\/\/www.concolino.it\/index.php\/2024\/11\/18\/a-proposito-di-cura-oltre-il-dogma-della-competitivita-roberto-mancini-filosofo-1958\/\" \/>\n<meta property=\"og:locale\" content=\"it_IT\" \/>\n<meta property=\"og:type\" content=\"article\" \/>\n<meta property=\"og:title\" content=\"A proposito di &#039;cura&#039; oltre il dogma della competitivit\u00e0 | Roberto Mancini - Filosofo 1958 - . - Concolino.it\" \/>\n<meta property=\"og:description\" content=\"Bisogna tornare a mettere in discussione il dogma secondo cui la societ\u00e0 \u00e8 basata sulla competizione. Noi diamo per scontato che proprio la competizione sia il cemento della societ\u00e0, il [&hellip;]\" \/>\n<meta property=\"og:url\" content=\"https:\/\/www.concolino.it\/index.php\/2024\/11\/18\/a-proposito-di-cura-oltre-il-dogma-della-competitivita-roberto-mancini-filosofo-1958\/\" \/>\n<meta property=\"og:site_name\" content=\"Concolino.it\" \/>\n<meta property=\"article:publisher\" content=\"https:\/\/www.facebook.com\/don.mik.94\" \/>\n<meta property=\"article:author\" content=\"https:\/\/www.facebook.com\/don.mik.94\" \/>\n<meta property=\"article:published_time\" content=\"2024-11-18T19:17:48+00:00\" \/>\n<meta property=\"article:modified_time\" content=\"2024-11-18T19:40:12+00:00\" \/>\n<meta property=\"og:image\" content=\"https:\/\/www.concolino.it\/wp-content\/uploads\/2024\/11\/Schermata-2024-11-18-alle-20.37.06.png\" \/>\n\t<meta property=\"og:image:width\" content=\"800\" \/>\n\t<meta property=\"og:image:height\" content=\"453\" \/>\n\t<meta property=\"og:image:type\" content=\"image\/png\" \/>\n<meta name=\"author\" content=\"Domenico Concolino\" \/>\n<meta name=\"twitter:card\" content=\"summary_large_image\" \/>\n<meta name=\"twitter:creator\" content=\"@https:\/\/twitter.com\/don_mik\" \/>\n<meta name=\"twitter:site\" content=\"@don_mik\" \/>\n<meta name=\"twitter:label1\" content=\"Scritto da\" \/>\n\t<meta name=\"twitter:data1\" content=\"Domenico Concolino\" \/>\n\t<meta name=\"twitter:label2\" content=\"Tempo di lettura stimato\" \/>\n\t<meta name=\"twitter:data2\" content=\"3 minuti\" \/>\n<script type=\"application\/ld+json\" class=\"yoast-schema-graph\">{\"@context\":\"https:\\\/\\\/schema.org\",\"@graph\":[{\"@type\":\"Article\",\"@id\":\"https:\\\/\\\/www.concolino.it\\\/index.php\\\/2024\\\/11\\\/18\\\/a-proposito-di-cura-oltre-il-dogma-della-competitivita-roberto-mancini-filosofo-1958\\\/#article\",\"isPartOf\":{\"@id\":\"https:\\\/\\\/www.concolino.it\\\/index.php\\\/2024\\\/11\\\/18\\\/a-proposito-di-cura-oltre-il-dogma-della-competitivita-roberto-mancini-filosofo-1958\\\/\"},\"author\":{\"name\":\"Domenico Concolino\",\"@id\":\"https:\\\/\\\/www.concolino.it\\\/#\\\/schema\\\/person\\\/dfa8517603a44e77da85e7eb5139c070\"},\"headline\":\"A proposito di &#8216;cura&#8217; oltre il dogma della competitivit\u00e0 | Roberto Mancini &#8211; Filosofo 1958 &#8211; .\",\"datePublished\":\"2024-11-18T19:17:48+00:00\",\"dateModified\":\"2024-11-18T19:40:12+00:00\",\"mainEntityOfPage\":{\"@id\":\"https:\\\/\\\/www.concolino.it\\\/index.php\\\/2024\\\/11\\\/18\\\/a-proposito-di-cura-oltre-il-dogma-della-competitivita-roberto-mancini-filosofo-1958\\\/\"},\"wordCount\":479,\"publisher\":{\"@id\":\"https:\\\/\\\/www.concolino.it\\\/#\\\/schema\\\/person\\\/dfa8517603a44e77da85e7eb5139c070\"},\"image\":{\"@id\":\"https:\\\/\\\/www.concolino.it\\\/index.php\\\/2024\\\/11\\\/18\\\/a-proposito-di-cura-oltre-il-dogma-della-competitivita-roberto-mancini-filosofo-1958\\\/#primaryimage\"},\"thumbnailUrl\":\"https:\\\/\\\/www.concolino.it\\\/wp-content\\\/uploads\\\/2024\\\/11\\\/Schermata-2024-11-18-alle-20.37.06.png\",\"articleSection\":[\"Citazioni\",\"Vetrina\"],\"inLanguage\":\"it-IT\"},{\"@type\":\"WebPage\",\"@id\":\"https:\\\/\\\/www.concolino.it\\\/index.php\\\/2024\\\/11\\\/18\\\/a-proposito-di-cura-oltre-il-dogma-della-competitivita-roberto-mancini-filosofo-1958\\\/\",\"url\":\"https:\\\/\\\/www.concolino.it\\\/index.php\\\/2024\\\/11\\\/18\\\/a-proposito-di-cura-oltre-il-dogma-della-competitivita-roberto-mancini-filosofo-1958\\\/\",\"name\":\"A proposito di 'cura' oltre il dogma della competitivit\u00e0 | Roberto Mancini - Filosofo 1958 - . - Concolino.it\",\"isPartOf\":{\"@id\":\"https:\\\/\\\/www.concolino.it\\\/#website\"},\"primaryImageOfPage\":{\"@id\":\"https:\\\/\\\/www.concolino.it\\\/index.php\\\/2024\\\/11\\\/18\\\/a-proposito-di-cura-oltre-il-dogma-della-competitivita-roberto-mancini-filosofo-1958\\\/#primaryimage\"},\"image\":{\"@id\":\"https:\\\/\\\/www.concolino.it\\\/index.php\\\/2024\\\/11\\\/18\\\/a-proposito-di-cura-oltre-il-dogma-della-competitivita-roberto-mancini-filosofo-1958\\\/#primaryimage\"},\"thumbnailUrl\":\"https:\\\/\\\/www.concolino.it\\\/wp-content\\\/uploads\\\/2024\\\/11\\\/Schermata-2024-11-18-alle-20.37.06.png\",\"datePublished\":\"2024-11-18T19:17:48+00:00\",\"dateModified\":\"2024-11-18T19:40:12+00:00\",\"breadcrumb\":{\"@id\":\"https:\\\/\\\/www.concolino.it\\\/index.php\\\/2024\\\/11\\\/18\\\/a-proposito-di-cura-oltre-il-dogma-della-competitivita-roberto-mancini-filosofo-1958\\\/#breadcrumb\"},\"inLanguage\":\"it-IT\",\"potentialAction\":[{\"@type\":\"ReadAction\",\"target\":[\"https:\\\/\\\/www.concolino.it\\\/index.php\\\/2024\\\/11\\\/18\\\/a-proposito-di-cura-oltre-il-dogma-della-competitivita-roberto-mancini-filosofo-1958\\\/\"]}]},{\"@type\":\"ImageObject\",\"inLanguage\":\"it-IT\",\"@id\":\"https:\\\/\\\/www.concolino.it\\\/index.php\\\/2024\\\/11\\\/18\\\/a-proposito-di-cura-oltre-il-dogma-della-competitivita-roberto-mancini-filosofo-1958\\\/#primaryimage\",\"url\":\"https:\\\/\\\/www.concolino.it\\\/wp-content\\\/uploads\\\/2024\\\/11\\\/Schermata-2024-11-18-alle-20.37.06.png\",\"contentUrl\":\"https:\\\/\\\/www.concolino.it\\\/wp-content\\\/uploads\\\/2024\\\/11\\\/Schermata-2024-11-18-alle-20.37.06.png\",\"width\":800,\"height\":453},{\"@type\":\"BreadcrumbList\",\"@id\":\"https:\\\/\\\/www.concolino.it\\\/index.php\\\/2024\\\/11\\\/18\\\/a-proposito-di-cura-oltre-il-dogma-della-competitivita-roberto-mancini-filosofo-1958\\\/#breadcrumb\",\"itemListElement\":[{\"@type\":\"ListItem\",\"position\":1,\"name\":\"Home\",\"item\":\"https:\\\/\\\/www.concolino.it\\\/\"},{\"@type\":\"ListItem\",\"position\":2,\"name\":\"A proposito di &#8216;cura&#8217; oltre il dogma della competitivit\u00e0 | Roberto Mancini &#8211; Filosofo 1958 &#8211; .\"}]},{\"@type\":\"WebSite\",\"@id\":\"https:\\\/\\\/www.concolino.it\\\/#website\",\"url\":\"https:\\\/\\\/www.concolino.it\\\/\",\"name\":\"Concolino.it\",\"description\":\"Allargare gli spazi del Verbo\",\"publisher\":{\"@id\":\"https:\\\/\\\/www.concolino.it\\\/#\\\/schema\\\/person\\\/dfa8517603a44e77da85e7eb5139c070\"},\"potentialAction\":[{\"@type\":\"SearchAction\",\"target\":{\"@type\":\"EntryPoint\",\"urlTemplate\":\"https:\\\/\\\/www.concolino.it\\\/?s={search_term_string}\"},\"query-input\":{\"@type\":\"PropertyValueSpecification\",\"valueRequired\":true,\"valueName\":\"search_term_string\"}}],\"inLanguage\":\"it-IT\"},{\"@type\":[\"Person\",\"Organization\"],\"@id\":\"https:\\\/\\\/www.concolino.it\\\/#\\\/schema\\\/person\\\/dfa8517603a44e77da85e7eb5139c070\",\"name\":\"Domenico Concolino\",\"image\":{\"@type\":\"ImageObject\",\"inLanguage\":\"it-IT\",\"@id\":\"https:\\\/\\\/www.concolino.it\\\/wp-content\\\/uploads\\\/2014\\\/07\\\/CT5W9104.jpg\",\"url\":\"https:\\\/\\\/www.concolino.it\\\/wp-content\\\/uploads\\\/2014\\\/07\\\/CT5W9104.jpg\",\"contentUrl\":\"https:\\\/\\\/www.concolino.it\\\/wp-content\\\/uploads\\\/2014\\\/07\\\/CT5W9104.jpg\",\"width\":1276,\"height\":850,\"caption\":\"Domenico Concolino\"},\"logo\":{\"@id\":\"https:\\\/\\\/www.concolino.it\\\/wp-content\\\/uploads\\\/2014\\\/07\\\/CT5W9104.jpg\"},\"description\":\"Teologo | Cappellano Campus Universit\u00e0 Magna Graecia | Direttore Ufficio Regione Universit\u00e0 Scuola Educazione (Calabria)\",\"sameAs\":[\"https:\\\/\\\/www.facebook.com\\\/don.mik.94\",\"https:\\\/\\\/x.com\\\/https:\\\/\\\/twitter.com\\\/don_mik\"],\"url\":\"https:\\\/\\\/www.concolino.it\\\/index.php\\\/author\\\/admin\\\/\"}]}<\/script>\n<!-- \/ Yoast SEO plugin. -->","yoast_head_json":{"title":"A proposito di 'cura' oltre il dogma della competitivit\u00e0 | Roberto Mancini - Filosofo 1958 - . - Concolino.it","robots":{"index":"index","follow":"follow","max-snippet":"max-snippet:-1","max-image-preview":"max-image-preview:large","max-video-preview":"max-video-preview:-1"},"canonical":"https:\/\/www.concolino.it\/index.php\/2024\/11\/18\/a-proposito-di-cura-oltre-il-dogma-della-competitivita-roberto-mancini-filosofo-1958\/","og_locale":"it_IT","og_type":"article","og_title":"A proposito di 'cura' oltre il dogma della competitivit\u00e0 | Roberto Mancini - Filosofo 1958 - . - Concolino.it","og_description":"Bisogna tornare a mettere in discussione il dogma secondo cui la societ\u00e0 \u00e8 basata sulla competizione. Noi diamo per scontato che proprio la competizione sia il cemento della societ\u00e0, il [&hellip;]","og_url":"https:\/\/www.concolino.it\/index.php\/2024\/11\/18\/a-proposito-di-cura-oltre-il-dogma-della-competitivita-roberto-mancini-filosofo-1958\/","og_site_name":"Concolino.it","article_publisher":"https:\/\/www.facebook.com\/don.mik.94","article_author":"https:\/\/www.facebook.com\/don.mik.94","article_published_time":"2024-11-18T19:17:48+00:00","article_modified_time":"2024-11-18T19:40:12+00:00","og_image":[{"width":800,"height":453,"url":"https:\/\/www.concolino.it\/wp-content\/uploads\/2024\/11\/Schermata-2024-11-18-alle-20.37.06.png","type":"image\/png"}],"author":"Domenico Concolino","twitter_card":"summary_large_image","twitter_creator":"@https:\/\/twitter.com\/don_mik","twitter_site":"@don_mik","twitter_misc":{"Scritto da":"Domenico Concolino","Tempo di lettura stimato":"3 minuti"},"schema":{"@context":"https:\/\/schema.org","@graph":[{"@type":"Article","@id":"https:\/\/www.concolino.it\/index.php\/2024\/11\/18\/a-proposito-di-cura-oltre-il-dogma-della-competitivita-roberto-mancini-filosofo-1958\/#article","isPartOf":{"@id":"https:\/\/www.concolino.it\/index.php\/2024\/11\/18\/a-proposito-di-cura-oltre-il-dogma-della-competitivita-roberto-mancini-filosofo-1958\/"},"author":{"name":"Domenico Concolino","@id":"https:\/\/www.concolino.it\/#\/schema\/person\/dfa8517603a44e77da85e7eb5139c070"},"headline":"A proposito di &#8216;cura&#8217; oltre il dogma della competitivit\u00e0 | Roberto Mancini &#8211; Filosofo 1958 &#8211; .","datePublished":"2024-11-18T19:17:48+00:00","dateModified":"2024-11-18T19:40:12+00:00","mainEntityOfPage":{"@id":"https:\/\/www.concolino.it\/index.php\/2024\/11\/18\/a-proposito-di-cura-oltre-il-dogma-della-competitivita-roberto-mancini-filosofo-1958\/"},"wordCount":479,"publisher":{"@id":"https:\/\/www.concolino.it\/#\/schema\/person\/dfa8517603a44e77da85e7eb5139c070"},"image":{"@id":"https:\/\/www.concolino.it\/index.php\/2024\/11\/18\/a-proposito-di-cura-oltre-il-dogma-della-competitivita-roberto-mancini-filosofo-1958\/#primaryimage"},"thumbnailUrl":"https:\/\/www.concolino.it\/wp-content\/uploads\/2024\/11\/Schermata-2024-11-18-alle-20.37.06.png","articleSection":["Citazioni","Vetrina"],"inLanguage":"it-IT"},{"@type":"WebPage","@id":"https:\/\/www.concolino.it\/index.php\/2024\/11\/18\/a-proposito-di-cura-oltre-il-dogma-della-competitivita-roberto-mancini-filosofo-1958\/","url":"https:\/\/www.concolino.it\/index.php\/2024\/11\/18\/a-proposito-di-cura-oltre-il-dogma-della-competitivita-roberto-mancini-filosofo-1958\/","name":"A proposito di 'cura' oltre il dogma della competitivit\u00e0 | Roberto Mancini - Filosofo 1958 - . - Concolino.it","isPartOf":{"@id":"https:\/\/www.concolino.it\/#website"},"primaryImageOfPage":{"@id":"https:\/\/www.concolino.it\/index.php\/2024\/11\/18\/a-proposito-di-cura-oltre-il-dogma-della-competitivita-roberto-mancini-filosofo-1958\/#primaryimage"},"image":{"@id":"https:\/\/www.concolino.it\/index.php\/2024\/11\/18\/a-proposito-di-cura-oltre-il-dogma-della-competitivita-roberto-mancini-filosofo-1958\/#primaryimage"},"thumbnailUrl":"https:\/\/www.concolino.it\/wp-content\/uploads\/2024\/11\/Schermata-2024-11-18-alle-20.37.06.png","datePublished":"2024-11-18T19:17:48+00:00","dateModified":"2024-11-18T19:40:12+00:00","breadcrumb":{"@id":"https:\/\/www.concolino.it\/index.php\/2024\/11\/18\/a-proposito-di-cura-oltre-il-dogma-della-competitivita-roberto-mancini-filosofo-1958\/#breadcrumb"},"inLanguage":"it-IT","potentialAction":[{"@type":"ReadAction","target":["https:\/\/www.concolino.it\/index.php\/2024\/11\/18\/a-proposito-di-cura-oltre-il-dogma-della-competitivita-roberto-mancini-filosofo-1958\/"]}]},{"@type":"ImageObject","inLanguage":"it-IT","@id":"https:\/\/www.concolino.it\/index.php\/2024\/11\/18\/a-proposito-di-cura-oltre-il-dogma-della-competitivita-roberto-mancini-filosofo-1958\/#primaryimage","url":"https:\/\/www.concolino.it\/wp-content\/uploads\/2024\/11\/Schermata-2024-11-18-alle-20.37.06.png","contentUrl":"https:\/\/www.concolino.it\/wp-content\/uploads\/2024\/11\/Schermata-2024-11-18-alle-20.37.06.png","width":800,"height":453},{"@type":"BreadcrumbList","@id":"https:\/\/www.concolino.it\/index.php\/2024\/11\/18\/a-proposito-di-cura-oltre-il-dogma-della-competitivita-roberto-mancini-filosofo-1958\/#breadcrumb","itemListElement":[{"@type":"ListItem","position":1,"name":"Home","item":"https:\/\/www.concolino.it\/"},{"@type":"ListItem","position":2,"name":"A proposito di &#8216;cura&#8217; oltre il dogma della competitivit\u00e0 | Roberto Mancini &#8211; Filosofo 1958 &#8211; ."}]},{"@type":"WebSite","@id":"https:\/\/www.concolino.it\/#website","url":"https:\/\/www.concolino.it\/","name":"Concolino.it","description":"Allargare gli spazi del Verbo","publisher":{"@id":"https:\/\/www.concolino.it\/#\/schema\/person\/dfa8517603a44e77da85e7eb5139c070"},"potentialAction":[{"@type":"SearchAction","target":{"@type":"EntryPoint","urlTemplate":"https:\/\/www.concolino.it\/?s={search_term_string}"},"query-input":{"@type":"PropertyValueSpecification","valueRequired":true,"valueName":"search_term_string"}}],"inLanguage":"it-IT"},{"@type":["Person","Organization"],"@id":"https:\/\/www.concolino.it\/#\/schema\/person\/dfa8517603a44e77da85e7eb5139c070","name":"Domenico Concolino","image":{"@type":"ImageObject","inLanguage":"it-IT","@id":"https:\/\/www.concolino.it\/wp-content\/uploads\/2014\/07\/CT5W9104.jpg","url":"https:\/\/www.concolino.it\/wp-content\/uploads\/2014\/07\/CT5W9104.jpg","contentUrl":"https:\/\/www.concolino.it\/wp-content\/uploads\/2014\/07\/CT5W9104.jpg","width":1276,"height":850,"caption":"Domenico Concolino"},"logo":{"@id":"https:\/\/www.concolino.it\/wp-content\/uploads\/2014\/07\/CT5W9104.jpg"},"description":"Teologo | Cappellano Campus Universit\u00e0 Magna Graecia | Direttore Ufficio Regione Universit\u00e0 Scuola Educazione (Calabria)","sameAs":["https:\/\/www.facebook.com\/don.mik.94","https:\/\/x.com\/https:\/\/twitter.com\/don_mik"],"url":"https:\/\/www.concolino.it\/index.php\/author\/admin\/"}]}},"_links":{"self":[{"href":"https:\/\/www.concolino.it\/index.php\/wp-json\/wp\/v2\/posts\/6249","targetHints":{"allow":["GET"]}}],"collection":[{"href":"https:\/\/www.concolino.it\/index.php\/wp-json\/wp\/v2\/posts"}],"about":[{"href":"https:\/\/www.concolino.it\/index.php\/wp-json\/wp\/v2\/types\/post"}],"author":[{"embeddable":true,"href":"https:\/\/www.concolino.it\/index.php\/wp-json\/wp\/v2\/users\/1"}],"replies":[{"embeddable":true,"href":"https:\/\/www.concolino.it\/index.php\/wp-json\/wp\/v2\/comments?post=6249"}],"version-history":[{"count":6,"href":"https:\/\/www.concolino.it\/index.php\/wp-json\/wp\/v2\/posts\/6249\/revisions"}],"predecessor-version":[{"id":6257,"href":"https:\/\/www.concolino.it\/index.php\/wp-json\/wp\/v2\/posts\/6249\/revisions\/6257"}],"wp:featuredmedia":[{"embeddable":true,"href":"https:\/\/www.concolino.it\/index.php\/wp-json\/wp\/v2\/media\/6259"}],"wp:attachment":[{"href":"https:\/\/www.concolino.it\/index.php\/wp-json\/wp\/v2\/media?parent=6249"}],"wp:term":[{"taxonomy":"category","embeddable":true,"href":"https:\/\/www.concolino.it\/index.php\/wp-json\/wp\/v2\/categories?post=6249"},{"taxonomy":"post_tag","embeddable":true,"href":"https:\/\/www.concolino.it\/index.php\/wp-json\/wp\/v2\/tags?post=6249"}],"curies":[{"name":"wp","href":"https:\/\/api.w.org\/{rel}","templated":true}]}}