{"id":6120,"date":"2024-08-26T19:34:33","date_gmt":"2024-08-26T17:34:33","guid":{"rendered":"https:\/\/www.concolino.it\/?p=6120"},"modified":"2024-08-30T05:30:16","modified_gmt":"2024-08-30T03:30:16","slug":"frutti-e-limiti-della-lettura-silenziosa-marcell-proust-scrittore-1871-1922","status":"publish","type":"post","link":"https:\/\/www.concolino.it\/index.php\/2024\/08\/26\/frutti-e-limiti-della-lettura-silenziosa-marcell-proust-scrittore-1871-1922\/","title":{"rendered":"Frutti e limiti della lettura silenziosa | Marcell Proust &#8211; scrittore (1871 -1922)"},"content":{"rendered":"\n<p> &#8220;La lettura sta sulla soglia della vita spirituale; pu\u00f2 introduci in essa: ma non la costituisce.<\/p>\n\n\n\n<p>Ci sono tuttavia alcuni casi, casi patologici per cos\u00ec dire, di depressione spirituale in cui la lettura pu\u00f2 diventare una sorta di disciplina terapeutica e incaricarsi, con ripetuti incitamenti, di ricondurre costantemente un animo pigro alla vita spirituale. I libri allora svolgono per lui un ruolo analogo a quello degli psicoterapeuti per certi nevrastenici.<\/p>\n\n\n\n<p>Si sa che, in certi affezioni del sistema nervoso, il malato, senza che nessuno dei suoi organi sia in s\u00e9 compromesso, piomba in una sorta di <em>impossibilit\u00e0 di volere, <\/em>come in un solco profondo da cui non \u00e8 in grado di tirarsi fuori da solo, e dove finirebbe per deperire, se non gli venisse tesa una mano salda e soccorrevole. Il suo cervello, le sue gambe, i suoi polmoni, il suo stomaco sono intatti. Non ha alcuna impossibilit\u00e0 reale di lavorare, camminare, esposti al freddo, mangiare. Ma queste svariate attivit\u00e0, che sarebbe perfettamente in grado di svolgere, \u00e8 incapace di volerle. E un deperimento organico, che finirebbe per diventare l&#8217;equivalente delle malattie che non ha, sarebbe la conseguenza irrimediabile dell&#8217;inerzia della sua volont\u00e0, se lo stimolo che \u00e8 incapace di trovare in se stesso non gli venisse dall&#8217;esterno, da un medico che voglia per lui, fino al giorno in cui a poco a poco i suoi beni e vari impulsi organici non sono stati rieducati. <\/p>\n\n\n\n<p>Si d\u00e0 il caso che esistano alcuni ingegni paragonabili a questi malati ai quali una sorte di pigrizia o frivolezza impedisce di scendere spontaneamente nelle regioni profonde di s\u00e9 stessi, dove inizia l&#8217;autentica vita dello spirito. <\/p>\n\n\n\n<p>Non che una volta che vi siano stati condotti siano capaci di scoprirvi e farvi fruttare autentica ricchezze, ma, senza un intervento esterno, vivono in superficie, in un perenne oblio di s\u00e9, in una sorta di passivit\u00e0 che li rende il trastullo di tutti i piaceri, abbassandoli a livello di ci\u00f2 che li circonda e li sollecita e non diversamente da quel gentiluomo che, condividendo fin dall&#8217;infanzia la vita da dei ladri di strada, non aveva pi\u00f9 memoria del proprio nome, avendo smesso di portarlo da troppo tempo, finirebbero per abolire in s\u00e9 ogni sentimento ogni ricordo della propria nobilt\u00e0 spirituale, se un impulso esterno non venisse a riportarli in qualche modo a forza dentro la vita dello spirito, dove ritrovano immediatamente la capacit\u00e0 di pensare autonomamente e di creare.<\/p>\n\n\n\n<p>Ma questo impulso che l&#8217;animo pigro non \u00e8 in grado di trovare in se stesso e deve venire da un altro, e chiaro che <em>deve riceverlo in piena solitudine,<\/em> al di fuori della quale, come abbiamo visto, non pu\u00f2 prodursi quell&#8217;attivit\u00e0 creatrice che si tratta precisamente di resuscitare in lui.<\/p>\n\n\n\n<p>Dalla pura solitudine, l&#8217;animo pigro non potrebbe ricavare nulla, perch\u00e9 incapace di mettere in moto da solo la propria attivit\u00e0 creatrice. Ma nemmeno la conversazione pi\u00f9 elevata, i consigli pi\u00f9 pressanti gli servirebbero a nulla, perch\u00e9 non sono in grado di produrre direttamente un&#8217;attivit\u00e0 originale.ci\u00f2 che ci vuole, dunque, \u00e8 un intervento che, pur provenendo da un altro, si produca al fondo di noi stessi, e l&#8217;impulso di un&#8217;altra mente, ma accolto in piena solitudine. <\/p>\n\n\n\n<p>E abbiamo visto che proprio questa \u00e8 la definizione della lettura, e solo alla lettura essa si addice.l&#8217;unica disciplina che possa esercitare un influsso positivo su menti del genere e dunque la lettura&#8230; <\/p>\n\n\n\n<p>Ma, anche in questo caso, la lettura agisce solo con incitamento e <em>non pu\u00f2 minimamente sostituirsi alla nostra attivit\u00e0 personale<\/em>; si limita a restituircene l&#8217;uso come, nelle affezioni nervose a cui facevamo allusione poc&#8217;anzi, lo psicoterapeuta non fa che restituire al malato la volont\u00e0 di servizi del  proprio stomaco, delle proprie gambe, del proprio cervello, rimasti intatti&#8230;&#8221;<\/p>\n\n\n\n<p>Marcel Proust, <em>Sur la lecture<\/em> | trad, Ital. <em>Il piacere della lettura<\/em>, Feltrinelli Milano 2016, 44-46<\/p>\n","protected":false},"excerpt":{"rendered":"<p>&#8220;La lettura sta sulla soglia della vita spirituale; pu\u00f2 introduci in essa: ma non la costituisce. Ci sono tuttavia alcuni casi, casi patologici per cos\u00ec dire, di depressione spirituale in [&hellip;]<\/p>\n","protected":false},"author":1,"featured_media":6126,"comment_status":"closed","ping_status":"closed","sticky":false,"template":"","format":"image","meta":{"site-sidebar-layout":"default","site-content-layout":"","ast-site-content-layout":"default","site-content-style":"default","site-sidebar-style":"default","ast-global-header-display":"","ast-banner-title-visibility":"","ast-main-header-display":"","ast-hfb-above-header-display":"","ast-hfb-below-header-display":"","ast-hfb-mobile-header-display":"","site-post-title":"","ast-breadcrumbs-content":"","ast-featured-img":"","footer-sml-layout":"","ast-disable-related-posts":"","theme-transparent-header-meta":"","adv-header-id-meta":"","stick-header-meta":"","header-above-stick-meta":"","header-main-stick-meta":"","header-below-stick-meta":"","astra-migrate-meta-layouts":"set","ast-page-background-enabled":"default","ast-page-background-meta":{"desktop":{"background-color":"","background-image":"","background-repeat":"repeat","background-position":"center center","background-size":"auto","background-attachment":"scroll","background-type":"","background-media":"","overlay-type":"","overlay-color":"","overlay-opacity":"","overlay-gradient":""},"tablet":{"background-color":"","background-image":"","background-repeat":"repeat","background-position":"center center","background-size":"auto","background-attachment":"scroll","background-type":"","background-media":"","overlay-type":"","overlay-color":"","overlay-opacity":"","overlay-gradient":""},"mobile":{"background-color":"","background-image":"","background-repeat":"repeat","background-position":"center center","background-size":"auto","background-attachment":"scroll","background-type":"","background-media":"","overlay-type":"","overlay-color":"","overlay-opacity":"","overlay-gradient":""}},"ast-content-background-meta":{"desktop":{"background-color":"var(--ast-global-color-5)","background-image":"","background-repeat":"repeat","background-position":"center center","background-size":"auto","background-attachment":"scroll","background-type":"","background-media":"","overlay-type":"","overlay-color":"","overlay-opacity":"","overlay-gradient":""},"tablet":{"background-color":"var(--ast-global-color-5)","background-image":"","background-repeat":"repeat","background-position":"center center","background-size":"auto","background-attachment":"scroll","background-type":"","background-media":"","overlay-type":"","overlay-color":"","overlay-opacity":"","overlay-gradient":""},"mobile":{"background-color":"var(--ast-global-color-5)","background-image":"","background-repeat":"repeat","background-position":"center center","background-size":"auto","background-attachment":"scroll","background-type":"","background-media":"","overlay-type":"","overlay-color":"","overlay-opacity":"","overlay-gradient":""}},"footnotes":""},"categories":[8,5],"tags":[],"class_list":["post-6120","post","type-post","status-publish","format-image","has-post-thumbnail","hentry","category-citazioni","category-vetrina","post_format-post-format-image"],"yoast_head":"<!-- This site is optimized with the Yoast SEO plugin v27.5 - https:\/\/yoast.com\/product\/yoast-seo-wordpress\/ -->\n<title>Frutti e limiti della lettura silenziosa | Marcell Proust - scrittore (1871 -1922) - Concolino.it<\/title>\n<meta name=\"robots\" content=\"index, follow, max-snippet:-1, max-image-preview:large, max-video-preview:-1\" \/>\n<link rel=\"canonical\" href=\"https:\/\/www.concolino.it\/index.php\/2024\/08\/26\/frutti-e-limiti-della-lettura-silenziosa-marcell-proust-scrittore-1871-1922\/\" \/>\n<meta property=\"og:locale\" content=\"it_IT\" \/>\n<meta property=\"og:type\" content=\"article\" \/>\n<meta property=\"og:title\" content=\"Frutti e limiti della lettura silenziosa | Marcell Proust - scrittore (1871 -1922) - Concolino.it\" \/>\n<meta property=\"og:description\" content=\"&#8220;La lettura sta sulla soglia della vita spirituale; pu\u00f2 introduci in essa: ma non la costituisce. Ci sono tuttavia alcuni casi, casi patologici per cos\u00ec dire, di depressione spirituale in [&hellip;]\" \/>\n<meta property=\"og:url\" content=\"https:\/\/www.concolino.it\/index.php\/2024\/08\/26\/frutti-e-limiti-della-lettura-silenziosa-marcell-proust-scrittore-1871-1922\/\" \/>\n<meta property=\"og:site_name\" content=\"Concolino.it\" \/>\n<meta property=\"article:publisher\" content=\"https:\/\/www.facebook.com\/don.mik.94\" \/>\n<meta property=\"article:author\" content=\"https:\/\/www.facebook.com\/don.mik.94\" \/>\n<meta property=\"article:published_time\" content=\"2024-08-26T17:34:33+00:00\" \/>\n<meta property=\"article:modified_time\" content=\"2024-08-30T03:30:16+00:00\" \/>\n<meta property=\"og:image\" content=\"https:\/\/www.concolino.it\/wp-content\/uploads\/2024\/08\/Schermata-2024-08-26-alle-19.40.28.png\" \/>\n\t<meta property=\"og:image:width\" content=\"890\" \/>\n\t<meta property=\"og:image:height\" content=\"581\" \/>\n\t<meta property=\"og:image:type\" content=\"image\/png\" \/>\n<meta name=\"author\" content=\"Domenico Concolino\" \/>\n<meta name=\"twitter:card\" content=\"summary_large_image\" \/>\n<meta name=\"twitter:creator\" content=\"@https:\/\/twitter.com\/don_mik\" \/>\n<meta name=\"twitter:site\" content=\"@don_mik\" \/>\n<meta name=\"twitter:label1\" content=\"Scritto da\" \/>\n\t<meta name=\"twitter:data1\" content=\"Domenico Concolino\" \/>\n\t<meta name=\"twitter:label2\" content=\"Tempo di lettura stimato\" \/>\n\t<meta name=\"twitter:data2\" content=\"4 minuti\" \/>\n<script type=\"application\/ld+json\" class=\"yoast-schema-graph\">{\"@context\":\"https:\\\/\\\/schema.org\",\"@graph\":[{\"@type\":\"Article\",\"@id\":\"https:\\\/\\\/www.concolino.it\\\/index.php\\\/2024\\\/08\\\/26\\\/frutti-e-limiti-della-lettura-silenziosa-marcell-proust-scrittore-1871-1922\\\/#article\",\"isPartOf\":{\"@id\":\"https:\\\/\\\/www.concolino.it\\\/index.php\\\/2024\\\/08\\\/26\\\/frutti-e-limiti-della-lettura-silenziosa-marcell-proust-scrittore-1871-1922\\\/\"},\"author\":{\"name\":\"Domenico Concolino\",\"@id\":\"https:\\\/\\\/www.concolino.it\\\/#\\\/schema\\\/person\\\/dfa8517603a44e77da85e7eb5139c070\"},\"headline\":\"Frutti e limiti della lettura silenziosa | Marcell Proust &#8211; scrittore (1871 -1922)\",\"datePublished\":\"2024-08-26T17:34:33+00:00\",\"dateModified\":\"2024-08-30T03:30:16+00:00\",\"mainEntityOfPage\":{\"@id\":\"https:\\\/\\\/www.concolino.it\\\/index.php\\\/2024\\\/08\\\/26\\\/frutti-e-limiti-della-lettura-silenziosa-marcell-proust-scrittore-1871-1922\\\/\"},\"wordCount\":651,\"publisher\":{\"@id\":\"https:\\\/\\\/www.concolino.it\\\/#\\\/schema\\\/person\\\/dfa8517603a44e77da85e7eb5139c070\"},\"image\":{\"@id\":\"https:\\\/\\\/www.concolino.it\\\/index.php\\\/2024\\\/08\\\/26\\\/frutti-e-limiti-della-lettura-silenziosa-marcell-proust-scrittore-1871-1922\\\/#primaryimage\"},\"thumbnailUrl\":\"https:\\\/\\\/www.concolino.it\\\/wp-content\\\/uploads\\\/2024\\\/08\\\/Schermata-2024-08-26-alle-19.40.28.png\",\"articleSection\":[\"Citazioni\",\"Vetrina\"],\"inLanguage\":\"it-IT\"},{\"@type\":\"WebPage\",\"@id\":\"https:\\\/\\\/www.concolino.it\\\/index.php\\\/2024\\\/08\\\/26\\\/frutti-e-limiti-della-lettura-silenziosa-marcell-proust-scrittore-1871-1922\\\/\",\"url\":\"https:\\\/\\\/www.concolino.it\\\/index.php\\\/2024\\\/08\\\/26\\\/frutti-e-limiti-della-lettura-silenziosa-marcell-proust-scrittore-1871-1922\\\/\",\"name\":\"Frutti e limiti della lettura silenziosa | Marcell Proust - scrittore (1871 -1922) - Concolino.it\",\"isPartOf\":{\"@id\":\"https:\\\/\\\/www.concolino.it\\\/#website\"},\"primaryImageOfPage\":{\"@id\":\"https:\\\/\\\/www.concolino.it\\\/index.php\\\/2024\\\/08\\\/26\\\/frutti-e-limiti-della-lettura-silenziosa-marcell-proust-scrittore-1871-1922\\\/#primaryimage\"},\"image\":{\"@id\":\"https:\\\/\\\/www.concolino.it\\\/index.php\\\/2024\\\/08\\\/26\\\/frutti-e-limiti-della-lettura-silenziosa-marcell-proust-scrittore-1871-1922\\\/#primaryimage\"},\"thumbnailUrl\":\"https:\\\/\\\/www.concolino.it\\\/wp-content\\\/uploads\\\/2024\\\/08\\\/Schermata-2024-08-26-alle-19.40.28.png\",\"datePublished\":\"2024-08-26T17:34:33+00:00\",\"dateModified\":\"2024-08-30T03:30:16+00:00\",\"breadcrumb\":{\"@id\":\"https:\\\/\\\/www.concolino.it\\\/index.php\\\/2024\\\/08\\\/26\\\/frutti-e-limiti-della-lettura-silenziosa-marcell-proust-scrittore-1871-1922\\\/#breadcrumb\"},\"inLanguage\":\"it-IT\",\"potentialAction\":[{\"@type\":\"ReadAction\",\"target\":[\"https:\\\/\\\/www.concolino.it\\\/index.php\\\/2024\\\/08\\\/26\\\/frutti-e-limiti-della-lettura-silenziosa-marcell-proust-scrittore-1871-1922\\\/\"]}]},{\"@type\":\"ImageObject\",\"inLanguage\":\"it-IT\",\"@id\":\"https:\\\/\\\/www.concolino.it\\\/index.php\\\/2024\\\/08\\\/26\\\/frutti-e-limiti-della-lettura-silenziosa-marcell-proust-scrittore-1871-1922\\\/#primaryimage\",\"url\":\"https:\\\/\\\/www.concolino.it\\\/wp-content\\\/uploads\\\/2024\\\/08\\\/Schermata-2024-08-26-alle-19.40.28.png\",\"contentUrl\":\"https:\\\/\\\/www.concolino.it\\\/wp-content\\\/uploads\\\/2024\\\/08\\\/Schermata-2024-08-26-alle-19.40.28.png\",\"width\":890,\"height\":581},{\"@type\":\"BreadcrumbList\",\"@id\":\"https:\\\/\\\/www.concolino.it\\\/index.php\\\/2024\\\/08\\\/26\\\/frutti-e-limiti-della-lettura-silenziosa-marcell-proust-scrittore-1871-1922\\\/#breadcrumb\",\"itemListElement\":[{\"@type\":\"ListItem\",\"position\":1,\"name\":\"Home\",\"item\":\"https:\\\/\\\/www.concolino.it\\\/\"},{\"@type\":\"ListItem\",\"position\":2,\"name\":\"Frutti e limiti della lettura silenziosa | Marcell Proust &#8211; scrittore (1871 -1922)\"}]},{\"@type\":\"WebSite\",\"@id\":\"https:\\\/\\\/www.concolino.it\\\/#website\",\"url\":\"https:\\\/\\\/www.concolino.it\\\/\",\"name\":\"Concolino.it\",\"description\":\"Allargare gli spazi del Verbo\",\"publisher\":{\"@id\":\"https:\\\/\\\/www.concolino.it\\\/#\\\/schema\\\/person\\\/dfa8517603a44e77da85e7eb5139c070\"},\"potentialAction\":[{\"@type\":\"SearchAction\",\"target\":{\"@type\":\"EntryPoint\",\"urlTemplate\":\"https:\\\/\\\/www.concolino.it\\\/?s={search_term_string}\"},\"query-input\":{\"@type\":\"PropertyValueSpecification\",\"valueRequired\":true,\"valueName\":\"search_term_string\"}}],\"inLanguage\":\"it-IT\"},{\"@type\":[\"Person\",\"Organization\"],\"@id\":\"https:\\\/\\\/www.concolino.it\\\/#\\\/schema\\\/person\\\/dfa8517603a44e77da85e7eb5139c070\",\"name\":\"Domenico Concolino\",\"image\":{\"@type\":\"ImageObject\",\"inLanguage\":\"it-IT\",\"@id\":\"https:\\\/\\\/www.concolino.it\\\/wp-content\\\/uploads\\\/2014\\\/07\\\/CT5W9104.jpg\",\"url\":\"https:\\\/\\\/www.concolino.it\\\/wp-content\\\/uploads\\\/2014\\\/07\\\/CT5W9104.jpg\",\"contentUrl\":\"https:\\\/\\\/www.concolino.it\\\/wp-content\\\/uploads\\\/2014\\\/07\\\/CT5W9104.jpg\",\"width\":1276,\"height\":850,\"caption\":\"Domenico Concolino\"},\"logo\":{\"@id\":\"https:\\\/\\\/www.concolino.it\\\/wp-content\\\/uploads\\\/2014\\\/07\\\/CT5W9104.jpg\"},\"description\":\"Teologo | Cappellano Campus Universit\u00e0 Magna Graecia | Direttore Ufficio Regione Universit\u00e0 Scuola Educazione (Calabria)\",\"sameAs\":[\"https:\\\/\\\/www.facebook.com\\\/don.mik.94\",\"https:\\\/\\\/x.com\\\/https:\\\/\\\/twitter.com\\\/don_mik\"],\"url\":\"https:\\\/\\\/www.concolino.it\\\/index.php\\\/author\\\/admin\\\/\"}]}<\/script>\n<!-- \/ Yoast SEO plugin. -->","yoast_head_json":{"title":"Frutti e limiti della lettura silenziosa | Marcell Proust - scrittore (1871 -1922) - Concolino.it","robots":{"index":"index","follow":"follow","max-snippet":"max-snippet:-1","max-image-preview":"max-image-preview:large","max-video-preview":"max-video-preview:-1"},"canonical":"https:\/\/www.concolino.it\/index.php\/2024\/08\/26\/frutti-e-limiti-della-lettura-silenziosa-marcell-proust-scrittore-1871-1922\/","og_locale":"it_IT","og_type":"article","og_title":"Frutti e limiti della lettura silenziosa | Marcell Proust - scrittore (1871 -1922) - Concolino.it","og_description":"&#8220;La lettura sta sulla soglia della vita spirituale; pu\u00f2 introduci in essa: ma non la costituisce. Ci sono tuttavia alcuni casi, casi patologici per cos\u00ec dire, di depressione spirituale in [&hellip;]","og_url":"https:\/\/www.concolino.it\/index.php\/2024\/08\/26\/frutti-e-limiti-della-lettura-silenziosa-marcell-proust-scrittore-1871-1922\/","og_site_name":"Concolino.it","article_publisher":"https:\/\/www.facebook.com\/don.mik.94","article_author":"https:\/\/www.facebook.com\/don.mik.94","article_published_time":"2024-08-26T17:34:33+00:00","article_modified_time":"2024-08-30T03:30:16+00:00","og_image":[{"width":890,"height":581,"url":"https:\/\/www.concolino.it\/wp-content\/uploads\/2024\/08\/Schermata-2024-08-26-alle-19.40.28.png","type":"image\/png"}],"author":"Domenico Concolino","twitter_card":"summary_large_image","twitter_creator":"@https:\/\/twitter.com\/don_mik","twitter_site":"@don_mik","twitter_misc":{"Scritto da":"Domenico Concolino","Tempo di lettura stimato":"4 minuti"},"schema":{"@context":"https:\/\/schema.org","@graph":[{"@type":"Article","@id":"https:\/\/www.concolino.it\/index.php\/2024\/08\/26\/frutti-e-limiti-della-lettura-silenziosa-marcell-proust-scrittore-1871-1922\/#article","isPartOf":{"@id":"https:\/\/www.concolino.it\/index.php\/2024\/08\/26\/frutti-e-limiti-della-lettura-silenziosa-marcell-proust-scrittore-1871-1922\/"},"author":{"name":"Domenico Concolino","@id":"https:\/\/www.concolino.it\/#\/schema\/person\/dfa8517603a44e77da85e7eb5139c070"},"headline":"Frutti e limiti della lettura silenziosa | Marcell Proust &#8211; scrittore (1871 -1922)","datePublished":"2024-08-26T17:34:33+00:00","dateModified":"2024-08-30T03:30:16+00:00","mainEntityOfPage":{"@id":"https:\/\/www.concolino.it\/index.php\/2024\/08\/26\/frutti-e-limiti-della-lettura-silenziosa-marcell-proust-scrittore-1871-1922\/"},"wordCount":651,"publisher":{"@id":"https:\/\/www.concolino.it\/#\/schema\/person\/dfa8517603a44e77da85e7eb5139c070"},"image":{"@id":"https:\/\/www.concolino.it\/index.php\/2024\/08\/26\/frutti-e-limiti-della-lettura-silenziosa-marcell-proust-scrittore-1871-1922\/#primaryimage"},"thumbnailUrl":"https:\/\/www.concolino.it\/wp-content\/uploads\/2024\/08\/Schermata-2024-08-26-alle-19.40.28.png","articleSection":["Citazioni","Vetrina"],"inLanguage":"it-IT"},{"@type":"WebPage","@id":"https:\/\/www.concolino.it\/index.php\/2024\/08\/26\/frutti-e-limiti-della-lettura-silenziosa-marcell-proust-scrittore-1871-1922\/","url":"https:\/\/www.concolino.it\/index.php\/2024\/08\/26\/frutti-e-limiti-della-lettura-silenziosa-marcell-proust-scrittore-1871-1922\/","name":"Frutti e limiti della lettura silenziosa | Marcell Proust - scrittore (1871 -1922) - Concolino.it","isPartOf":{"@id":"https:\/\/www.concolino.it\/#website"},"primaryImageOfPage":{"@id":"https:\/\/www.concolino.it\/index.php\/2024\/08\/26\/frutti-e-limiti-della-lettura-silenziosa-marcell-proust-scrittore-1871-1922\/#primaryimage"},"image":{"@id":"https:\/\/www.concolino.it\/index.php\/2024\/08\/26\/frutti-e-limiti-della-lettura-silenziosa-marcell-proust-scrittore-1871-1922\/#primaryimage"},"thumbnailUrl":"https:\/\/www.concolino.it\/wp-content\/uploads\/2024\/08\/Schermata-2024-08-26-alle-19.40.28.png","datePublished":"2024-08-26T17:34:33+00:00","dateModified":"2024-08-30T03:30:16+00:00","breadcrumb":{"@id":"https:\/\/www.concolino.it\/index.php\/2024\/08\/26\/frutti-e-limiti-della-lettura-silenziosa-marcell-proust-scrittore-1871-1922\/#breadcrumb"},"inLanguage":"it-IT","potentialAction":[{"@type":"ReadAction","target":["https:\/\/www.concolino.it\/index.php\/2024\/08\/26\/frutti-e-limiti-della-lettura-silenziosa-marcell-proust-scrittore-1871-1922\/"]}]},{"@type":"ImageObject","inLanguage":"it-IT","@id":"https:\/\/www.concolino.it\/index.php\/2024\/08\/26\/frutti-e-limiti-della-lettura-silenziosa-marcell-proust-scrittore-1871-1922\/#primaryimage","url":"https:\/\/www.concolino.it\/wp-content\/uploads\/2024\/08\/Schermata-2024-08-26-alle-19.40.28.png","contentUrl":"https:\/\/www.concolino.it\/wp-content\/uploads\/2024\/08\/Schermata-2024-08-26-alle-19.40.28.png","width":890,"height":581},{"@type":"BreadcrumbList","@id":"https:\/\/www.concolino.it\/index.php\/2024\/08\/26\/frutti-e-limiti-della-lettura-silenziosa-marcell-proust-scrittore-1871-1922\/#breadcrumb","itemListElement":[{"@type":"ListItem","position":1,"name":"Home","item":"https:\/\/www.concolino.it\/"},{"@type":"ListItem","position":2,"name":"Frutti e limiti della lettura silenziosa | Marcell Proust &#8211; scrittore (1871 -1922)"}]},{"@type":"WebSite","@id":"https:\/\/www.concolino.it\/#website","url":"https:\/\/www.concolino.it\/","name":"Concolino.it","description":"Allargare gli spazi del Verbo","publisher":{"@id":"https:\/\/www.concolino.it\/#\/schema\/person\/dfa8517603a44e77da85e7eb5139c070"},"potentialAction":[{"@type":"SearchAction","target":{"@type":"EntryPoint","urlTemplate":"https:\/\/www.concolino.it\/?s={search_term_string}"},"query-input":{"@type":"PropertyValueSpecification","valueRequired":true,"valueName":"search_term_string"}}],"inLanguage":"it-IT"},{"@type":["Person","Organization"],"@id":"https:\/\/www.concolino.it\/#\/schema\/person\/dfa8517603a44e77da85e7eb5139c070","name":"Domenico Concolino","image":{"@type":"ImageObject","inLanguage":"it-IT","@id":"https:\/\/www.concolino.it\/wp-content\/uploads\/2014\/07\/CT5W9104.jpg","url":"https:\/\/www.concolino.it\/wp-content\/uploads\/2014\/07\/CT5W9104.jpg","contentUrl":"https:\/\/www.concolino.it\/wp-content\/uploads\/2014\/07\/CT5W9104.jpg","width":1276,"height":850,"caption":"Domenico Concolino"},"logo":{"@id":"https:\/\/www.concolino.it\/wp-content\/uploads\/2014\/07\/CT5W9104.jpg"},"description":"Teologo | Cappellano Campus Universit\u00e0 Magna Graecia | Direttore Ufficio Regione Universit\u00e0 Scuola Educazione (Calabria)","sameAs":["https:\/\/www.facebook.com\/don.mik.94","https:\/\/x.com\/https:\/\/twitter.com\/don_mik"],"url":"https:\/\/www.concolino.it\/index.php\/author\/admin\/"}]}},"_links":{"self":[{"href":"https:\/\/www.concolino.it\/index.php\/wp-json\/wp\/v2\/posts\/6120","targetHints":{"allow":["GET"]}}],"collection":[{"href":"https:\/\/www.concolino.it\/index.php\/wp-json\/wp\/v2\/posts"}],"about":[{"href":"https:\/\/www.concolino.it\/index.php\/wp-json\/wp\/v2\/types\/post"}],"author":[{"embeddable":true,"href":"https:\/\/www.concolino.it\/index.php\/wp-json\/wp\/v2\/users\/1"}],"replies":[{"embeddable":true,"href":"https:\/\/www.concolino.it\/index.php\/wp-json\/wp\/v2\/comments?post=6120"}],"version-history":[{"count":10,"href":"https:\/\/www.concolino.it\/index.php\/wp-json\/wp\/v2\/posts\/6120\/revisions"}],"predecessor-version":[{"id":6151,"href":"https:\/\/www.concolino.it\/index.php\/wp-json\/wp\/v2\/posts\/6120\/revisions\/6151"}],"wp:featuredmedia":[{"embeddable":true,"href":"https:\/\/www.concolino.it\/index.php\/wp-json\/wp\/v2\/media\/6126"}],"wp:attachment":[{"href":"https:\/\/www.concolino.it\/index.php\/wp-json\/wp\/v2\/media?parent=6120"}],"wp:term":[{"taxonomy":"category","embeddable":true,"href":"https:\/\/www.concolino.it\/index.php\/wp-json\/wp\/v2\/categories?post=6120"},{"taxonomy":"post_tag","embeddable":true,"href":"https:\/\/www.concolino.it\/index.php\/wp-json\/wp\/v2\/tags?post=6120"}],"curies":[{"name":"wp","href":"https:\/\/api.w.org\/{rel}","templated":true}]}}