{"id":5999,"date":"2024-04-25T09:12:56","date_gmt":"2024-04-25T07:12:56","guid":{"rendered":"https:\/\/www.concolino.it\/?p=5999"},"modified":"2024-04-25T09:12:57","modified_gmt":"2024-04-25T07:12:57","slug":"il-silenzio-nella-vita-di-ogni-giorno-eugenio-borgna-1930","status":"publish","type":"post","link":"https:\/\/www.concolino.it\/index.php\/2024\/04\/25\/il-silenzio-nella-vita-di-ogni-giorno-eugenio-borgna-1930\/","title":{"rendered":"Il silenzio nella vita di ogni giorno | Eugenio Borgna (1930 &#8211;  )"},"content":{"rendered":"\n<p>Sono cose molto belle quelle che non me lo guardi nella scritto sul silenzio della vita di ogni giorno, dicendo che solo nel silenzio si attua la conoscenza autentica.<\/p>\n\n\n\n<p>&#8220;E ci\u00f2 che vale e della conoscenza vale anche nel rapporto umano.esso consiste in buona parte nel dare gli altri qualcosa di se stessi: una simpatia, un aiuto, una compagnia, fino alle forme di comunione completa. Ma pu\u00f2 uno dar via qualcosa di s\u00e9 stesso, se non possiede affatto se stesso? Chi non fa che parlare, non si possiede realmente, gi\u00e0 che scivola via di continuo da se stesso, e ci\u00f2 che gli dona agli altri non sono pi\u00f9 acqua e parole&#8221;.<\/p>\n\n\n\n<p>Certo, bisogna difendersi dal fiume di parole che non dicono nulla nella vita interiore di ciascuno di noi. <\/p>\n\n\n\n<p>Lo dice ancora Romano Guardini: &#8220;Quante cose superflue noi diciamo in un giorno, quante cose sciocche! Dobbiamo imparare a capire che il silenzio \u00e8 bello; che non \u00e8 vuoto, la vita e genuine colma.di pi\u00f9 ancora, bisogna imparare il silenzio interiore; i calmi indugi sulle domande importanti, sui compiti gravi della vita, sui problemi riguardanti una persona che ci deve stare a cuore.allora faremo una singolare esperienza: il nostro mondo interiore vasto; che in esso si pu\u00f2 andare sempre pi\u00f9 a fondo&#8221;.<\/p>\n\n\n\n<p>(E. Borgna, <em>In ascolto del silenzio<\/em>, Einaudi, Torino 2024, 40.)<\/p>\n\n\n\n<p><\/p>\n","protected":false},"excerpt":{"rendered":"<p>Sono cose molto belle quelle che non me lo guardi nella scritto sul silenzio della vita di ogni giorno, dicendo che solo nel silenzio si attua la conoscenza autentica. &#8220;E [&hellip;]<\/p>\n","protected":false},"author":1,"featured_media":6000,"comment_status":"closed","ping_status":"closed","sticky":false,"template":"","format":"image","meta":{"site-sidebar-layout":"default","site-content-layout":"","ast-site-content-layout":"default","site-content-style":"default","site-sidebar-style":"default","ast-global-header-display":"","ast-banner-title-visibility":"","ast-main-header-display":"","ast-hfb-above-header-display":"","ast-hfb-below-header-display":"","ast-hfb-mobile-header-display":"","site-post-title":"","ast-breadcrumbs-content":"","ast-featured-img":"","footer-sml-layout":"","ast-disable-related-posts":"","theme-transparent-header-meta":"","adv-header-id-meta":"","stick-header-meta":"","header-above-stick-meta":"","header-main-stick-meta":"","header-below-stick-meta":"","astra-migrate-meta-layouts":"set","ast-page-background-enabled":"default","ast-page-background-meta":{"desktop":{"background-color":"","background-image":"","background-repeat":"repeat","background-position":"center center","background-size":"auto","background-attachment":"scroll","background-type":"","background-media":"","overlay-type":"","overlay-color":"","overlay-opacity":"","overlay-gradient":""},"tablet":{"background-color":"","background-image":"","background-repeat":"repeat","background-position":"center center","background-size":"auto","background-attachment":"scroll","background-type":"","background-media":"","overlay-type":"","overlay-color":"","overlay-opacity":"","overlay-gradient":""},"mobile":{"background-color":"","background-image":"","background-repeat":"repeat","background-position":"center center","background-size":"auto","background-attachment":"scroll","background-type":"","background-media":"","overlay-type":"","overlay-color":"","overlay-opacity":"","overlay-gradient":""}},"ast-content-background-meta":{"desktop":{"background-color":"var(--ast-global-color-5)","background-image":"","background-repeat":"repeat","background-position":"center center","background-size":"auto","background-attachment":"scroll","background-type":"","background-media":"","overlay-type":"","overlay-color":"","overlay-opacity":"","overlay-gradient":""},"tablet":{"background-color":"var(--ast-global-color-5)","background-image":"","background-repeat":"repeat","background-position":"center center","background-size":"auto","background-attachment":"scroll","background-type":"","background-media":"","overlay-type":"","overlay-color":"","overlay-opacity":"","overlay-gradient":""},"mobile":{"background-color":"var(--ast-global-color-5)","background-image":"","background-repeat":"repeat","background-position":"center center","background-size":"auto","background-attachment":"scroll","background-type":"","background-media":"","overlay-type":"","overlay-color":"","overlay-opacity":"","overlay-gradient":""}},"footnotes":""},"categories":[8,5],"tags":[],"class_list":["post-5999","post","type-post","status-publish","format-image","has-post-thumbnail","hentry","category-citazioni","category-vetrina","post_format-post-format-image"],"yoast_head":"<!-- This site is optimized with the Yoast SEO plugin v27.5 - https:\/\/yoast.com\/product\/yoast-seo-wordpress\/ -->\n<title>Il silenzio nella vita di ogni giorno | Eugenio Borgna (1930 - ) - Concolino.it<\/title>\n<meta name=\"robots\" content=\"index, follow, max-snippet:-1, max-image-preview:large, max-video-preview:-1\" \/>\n<link rel=\"canonical\" href=\"https:\/\/www.concolino.it\/index.php\/2024\/04\/25\/il-silenzio-nella-vita-di-ogni-giorno-eugenio-borgna-1930\/\" \/>\n<meta property=\"og:locale\" content=\"it_IT\" \/>\n<meta property=\"og:type\" content=\"article\" \/>\n<meta property=\"og:title\" content=\"Il silenzio nella vita di ogni giorno | Eugenio Borgna (1930 - ) - Concolino.it\" \/>\n<meta property=\"og:description\" content=\"Sono cose molto belle quelle che non me lo guardi nella scritto sul silenzio della vita di ogni giorno, dicendo che solo nel silenzio si attua la conoscenza autentica. &#8220;E [&hellip;]\" \/>\n<meta property=\"og:url\" content=\"https:\/\/www.concolino.it\/index.php\/2024\/04\/25\/il-silenzio-nella-vita-di-ogni-giorno-eugenio-borgna-1930\/\" \/>\n<meta property=\"og:site_name\" content=\"Concolino.it\" \/>\n<meta property=\"article:publisher\" content=\"https:\/\/www.facebook.com\/don.mik.94\" \/>\n<meta property=\"article:author\" content=\"https:\/\/www.facebook.com\/don.mik.94\" \/>\n<meta property=\"article:published_time\" content=\"2024-04-25T07:12:56+00:00\" \/>\n<meta property=\"article:modified_time\" content=\"2024-04-25T07:12:57+00:00\" \/>\n<meta property=\"og:image\" content=\"https:\/\/www.concolino.it\/wp-content\/uploads\/2024\/04\/silent.png\" \/>\n\t<meta property=\"og:image:width\" content=\"890\" \/>\n\t<meta property=\"og:image:height\" content=\"1197\" \/>\n\t<meta property=\"og:image:type\" content=\"image\/png\" \/>\n<meta name=\"author\" content=\"Domenico Concolino\" \/>\n<meta name=\"twitter:card\" content=\"summary_large_image\" \/>\n<meta name=\"twitter:creator\" content=\"@https:\/\/twitter.com\/don_mik\" \/>\n<meta name=\"twitter:site\" content=\"@don_mik\" \/>\n<meta name=\"twitter:label1\" content=\"Scritto da\" \/>\n\t<meta name=\"twitter:data1\" content=\"Domenico Concolino\" \/>\n\t<meta name=\"twitter:label2\" content=\"Tempo di lettura stimato\" \/>\n\t<meta name=\"twitter:data2\" content=\"2 minuti\" \/>\n<script type=\"application\/ld+json\" class=\"yoast-schema-graph\">{\"@context\":\"https:\\\/\\\/schema.org\",\"@graph\":[{\"@type\":\"Article\",\"@id\":\"https:\\\/\\\/www.concolino.it\\\/index.php\\\/2024\\\/04\\\/25\\\/il-silenzio-nella-vita-di-ogni-giorno-eugenio-borgna-1930\\\/#article\",\"isPartOf\":{\"@id\":\"https:\\\/\\\/www.concolino.it\\\/index.php\\\/2024\\\/04\\\/25\\\/il-silenzio-nella-vita-di-ogni-giorno-eugenio-borgna-1930\\\/\"},\"author\":{\"name\":\"Domenico Concolino\",\"@id\":\"https:\\\/\\\/www.concolino.it\\\/#\\\/schema\\\/person\\\/dfa8517603a44e77da85e7eb5139c070\"},\"headline\":\"Il silenzio nella vita di ogni giorno | Eugenio Borgna (1930 &#8211; )\",\"datePublished\":\"2024-04-25T07:12:56+00:00\",\"dateModified\":\"2024-04-25T07:12:57+00:00\",\"mainEntityOfPage\":{\"@id\":\"https:\\\/\\\/www.concolino.it\\\/index.php\\\/2024\\\/04\\\/25\\\/il-silenzio-nella-vita-di-ogni-giorno-eugenio-borgna-1930\\\/\"},\"wordCount\":230,\"publisher\":{\"@id\":\"https:\\\/\\\/www.concolino.it\\\/#\\\/schema\\\/person\\\/dfa8517603a44e77da85e7eb5139c070\"},\"image\":{\"@id\":\"https:\\\/\\\/www.concolino.it\\\/index.php\\\/2024\\\/04\\\/25\\\/il-silenzio-nella-vita-di-ogni-giorno-eugenio-borgna-1930\\\/#primaryimage\"},\"thumbnailUrl\":\"https:\\\/\\\/www.concolino.it\\\/wp-content\\\/uploads\\\/2024\\\/04\\\/silent.png\",\"articleSection\":[\"Citazioni\",\"Vetrina\"],\"inLanguage\":\"it-IT\"},{\"@type\":\"WebPage\",\"@id\":\"https:\\\/\\\/www.concolino.it\\\/index.php\\\/2024\\\/04\\\/25\\\/il-silenzio-nella-vita-di-ogni-giorno-eugenio-borgna-1930\\\/\",\"url\":\"https:\\\/\\\/www.concolino.it\\\/index.php\\\/2024\\\/04\\\/25\\\/il-silenzio-nella-vita-di-ogni-giorno-eugenio-borgna-1930\\\/\",\"name\":\"Il silenzio nella vita di ogni giorno | Eugenio Borgna (1930 - ) - Concolino.it\",\"isPartOf\":{\"@id\":\"https:\\\/\\\/www.concolino.it\\\/#website\"},\"primaryImageOfPage\":{\"@id\":\"https:\\\/\\\/www.concolino.it\\\/index.php\\\/2024\\\/04\\\/25\\\/il-silenzio-nella-vita-di-ogni-giorno-eugenio-borgna-1930\\\/#primaryimage\"},\"image\":{\"@id\":\"https:\\\/\\\/www.concolino.it\\\/index.php\\\/2024\\\/04\\\/25\\\/il-silenzio-nella-vita-di-ogni-giorno-eugenio-borgna-1930\\\/#primaryimage\"},\"thumbnailUrl\":\"https:\\\/\\\/www.concolino.it\\\/wp-content\\\/uploads\\\/2024\\\/04\\\/silent.png\",\"datePublished\":\"2024-04-25T07:12:56+00:00\",\"dateModified\":\"2024-04-25T07:12:57+00:00\",\"breadcrumb\":{\"@id\":\"https:\\\/\\\/www.concolino.it\\\/index.php\\\/2024\\\/04\\\/25\\\/il-silenzio-nella-vita-di-ogni-giorno-eugenio-borgna-1930\\\/#breadcrumb\"},\"inLanguage\":\"it-IT\",\"potentialAction\":[{\"@type\":\"ReadAction\",\"target\":[\"https:\\\/\\\/www.concolino.it\\\/index.php\\\/2024\\\/04\\\/25\\\/il-silenzio-nella-vita-di-ogni-giorno-eugenio-borgna-1930\\\/\"]}]},{\"@type\":\"ImageObject\",\"inLanguage\":\"it-IT\",\"@id\":\"https:\\\/\\\/www.concolino.it\\\/index.php\\\/2024\\\/04\\\/25\\\/il-silenzio-nella-vita-di-ogni-giorno-eugenio-borgna-1930\\\/#primaryimage\",\"url\":\"https:\\\/\\\/www.concolino.it\\\/wp-content\\\/uploads\\\/2024\\\/04\\\/silent.png\",\"contentUrl\":\"https:\\\/\\\/www.concolino.it\\\/wp-content\\\/uploads\\\/2024\\\/04\\\/silent.png\",\"width\":890,\"height\":1197},{\"@type\":\"BreadcrumbList\",\"@id\":\"https:\\\/\\\/www.concolino.it\\\/index.php\\\/2024\\\/04\\\/25\\\/il-silenzio-nella-vita-di-ogni-giorno-eugenio-borgna-1930\\\/#breadcrumb\",\"itemListElement\":[{\"@type\":\"ListItem\",\"position\":1,\"name\":\"Home\",\"item\":\"https:\\\/\\\/www.concolino.it\\\/\"},{\"@type\":\"ListItem\",\"position\":2,\"name\":\"Il silenzio nella vita di ogni giorno | Eugenio Borgna (1930 &#8211; )\"}]},{\"@type\":\"WebSite\",\"@id\":\"https:\\\/\\\/www.concolino.it\\\/#website\",\"url\":\"https:\\\/\\\/www.concolino.it\\\/\",\"name\":\"Concolino.it\",\"description\":\"Allargare gli spazi del Verbo\",\"publisher\":{\"@id\":\"https:\\\/\\\/www.concolino.it\\\/#\\\/schema\\\/person\\\/dfa8517603a44e77da85e7eb5139c070\"},\"potentialAction\":[{\"@type\":\"SearchAction\",\"target\":{\"@type\":\"EntryPoint\",\"urlTemplate\":\"https:\\\/\\\/www.concolino.it\\\/?s={search_term_string}\"},\"query-input\":{\"@type\":\"PropertyValueSpecification\",\"valueRequired\":true,\"valueName\":\"search_term_string\"}}],\"inLanguage\":\"it-IT\"},{\"@type\":[\"Person\",\"Organization\"],\"@id\":\"https:\\\/\\\/www.concolino.it\\\/#\\\/schema\\\/person\\\/dfa8517603a44e77da85e7eb5139c070\",\"name\":\"Domenico Concolino\",\"image\":{\"@type\":\"ImageObject\",\"inLanguage\":\"it-IT\",\"@id\":\"https:\\\/\\\/www.concolino.it\\\/wp-content\\\/uploads\\\/2014\\\/07\\\/CT5W9104.jpg\",\"url\":\"https:\\\/\\\/www.concolino.it\\\/wp-content\\\/uploads\\\/2014\\\/07\\\/CT5W9104.jpg\",\"contentUrl\":\"https:\\\/\\\/www.concolino.it\\\/wp-content\\\/uploads\\\/2014\\\/07\\\/CT5W9104.jpg\",\"width\":1276,\"height\":850,\"caption\":\"Domenico Concolino\"},\"logo\":{\"@id\":\"https:\\\/\\\/www.concolino.it\\\/wp-content\\\/uploads\\\/2014\\\/07\\\/CT5W9104.jpg\"},\"description\":\"Teologo | Cappellano Campus Universit\u00e0 Magna Graecia | Direttore Ufficio Regione Universit\u00e0 Scuola Educazione (Calabria)\",\"sameAs\":[\"https:\\\/\\\/www.facebook.com\\\/don.mik.94\",\"https:\\\/\\\/x.com\\\/https:\\\/\\\/twitter.com\\\/don_mik\"],\"url\":\"https:\\\/\\\/www.concolino.it\\\/index.php\\\/author\\\/admin\\\/\"}]}<\/script>\n<!-- \/ Yoast SEO plugin. -->","yoast_head_json":{"title":"Il silenzio nella vita di ogni giorno | Eugenio Borgna (1930 - ) - Concolino.it","robots":{"index":"index","follow":"follow","max-snippet":"max-snippet:-1","max-image-preview":"max-image-preview:large","max-video-preview":"max-video-preview:-1"},"canonical":"https:\/\/www.concolino.it\/index.php\/2024\/04\/25\/il-silenzio-nella-vita-di-ogni-giorno-eugenio-borgna-1930\/","og_locale":"it_IT","og_type":"article","og_title":"Il silenzio nella vita di ogni giorno | Eugenio Borgna (1930 - ) - Concolino.it","og_description":"Sono cose molto belle quelle che non me lo guardi nella scritto sul silenzio della vita di ogni giorno, dicendo che solo nel silenzio si attua la conoscenza autentica. &#8220;E [&hellip;]","og_url":"https:\/\/www.concolino.it\/index.php\/2024\/04\/25\/il-silenzio-nella-vita-di-ogni-giorno-eugenio-borgna-1930\/","og_site_name":"Concolino.it","article_publisher":"https:\/\/www.facebook.com\/don.mik.94","article_author":"https:\/\/www.facebook.com\/don.mik.94","article_published_time":"2024-04-25T07:12:56+00:00","article_modified_time":"2024-04-25T07:12:57+00:00","og_image":[{"width":890,"height":1197,"url":"https:\/\/www.concolino.it\/wp-content\/uploads\/2024\/04\/silent.png","type":"image\/png"}],"author":"Domenico Concolino","twitter_card":"summary_large_image","twitter_creator":"@https:\/\/twitter.com\/don_mik","twitter_site":"@don_mik","twitter_misc":{"Scritto da":"Domenico Concolino","Tempo di lettura stimato":"2 minuti"},"schema":{"@context":"https:\/\/schema.org","@graph":[{"@type":"Article","@id":"https:\/\/www.concolino.it\/index.php\/2024\/04\/25\/il-silenzio-nella-vita-di-ogni-giorno-eugenio-borgna-1930\/#article","isPartOf":{"@id":"https:\/\/www.concolino.it\/index.php\/2024\/04\/25\/il-silenzio-nella-vita-di-ogni-giorno-eugenio-borgna-1930\/"},"author":{"name":"Domenico Concolino","@id":"https:\/\/www.concolino.it\/#\/schema\/person\/dfa8517603a44e77da85e7eb5139c070"},"headline":"Il silenzio nella vita di ogni giorno | Eugenio Borgna (1930 &#8211; )","datePublished":"2024-04-25T07:12:56+00:00","dateModified":"2024-04-25T07:12:57+00:00","mainEntityOfPage":{"@id":"https:\/\/www.concolino.it\/index.php\/2024\/04\/25\/il-silenzio-nella-vita-di-ogni-giorno-eugenio-borgna-1930\/"},"wordCount":230,"publisher":{"@id":"https:\/\/www.concolino.it\/#\/schema\/person\/dfa8517603a44e77da85e7eb5139c070"},"image":{"@id":"https:\/\/www.concolino.it\/index.php\/2024\/04\/25\/il-silenzio-nella-vita-di-ogni-giorno-eugenio-borgna-1930\/#primaryimage"},"thumbnailUrl":"https:\/\/www.concolino.it\/wp-content\/uploads\/2024\/04\/silent.png","articleSection":["Citazioni","Vetrina"],"inLanguage":"it-IT"},{"@type":"WebPage","@id":"https:\/\/www.concolino.it\/index.php\/2024\/04\/25\/il-silenzio-nella-vita-di-ogni-giorno-eugenio-borgna-1930\/","url":"https:\/\/www.concolino.it\/index.php\/2024\/04\/25\/il-silenzio-nella-vita-di-ogni-giorno-eugenio-borgna-1930\/","name":"Il silenzio nella vita di ogni giorno | Eugenio Borgna (1930 - ) - Concolino.it","isPartOf":{"@id":"https:\/\/www.concolino.it\/#website"},"primaryImageOfPage":{"@id":"https:\/\/www.concolino.it\/index.php\/2024\/04\/25\/il-silenzio-nella-vita-di-ogni-giorno-eugenio-borgna-1930\/#primaryimage"},"image":{"@id":"https:\/\/www.concolino.it\/index.php\/2024\/04\/25\/il-silenzio-nella-vita-di-ogni-giorno-eugenio-borgna-1930\/#primaryimage"},"thumbnailUrl":"https:\/\/www.concolino.it\/wp-content\/uploads\/2024\/04\/silent.png","datePublished":"2024-04-25T07:12:56+00:00","dateModified":"2024-04-25T07:12:57+00:00","breadcrumb":{"@id":"https:\/\/www.concolino.it\/index.php\/2024\/04\/25\/il-silenzio-nella-vita-di-ogni-giorno-eugenio-borgna-1930\/#breadcrumb"},"inLanguage":"it-IT","potentialAction":[{"@type":"ReadAction","target":["https:\/\/www.concolino.it\/index.php\/2024\/04\/25\/il-silenzio-nella-vita-di-ogni-giorno-eugenio-borgna-1930\/"]}]},{"@type":"ImageObject","inLanguage":"it-IT","@id":"https:\/\/www.concolino.it\/index.php\/2024\/04\/25\/il-silenzio-nella-vita-di-ogni-giorno-eugenio-borgna-1930\/#primaryimage","url":"https:\/\/www.concolino.it\/wp-content\/uploads\/2024\/04\/silent.png","contentUrl":"https:\/\/www.concolino.it\/wp-content\/uploads\/2024\/04\/silent.png","width":890,"height":1197},{"@type":"BreadcrumbList","@id":"https:\/\/www.concolino.it\/index.php\/2024\/04\/25\/il-silenzio-nella-vita-di-ogni-giorno-eugenio-borgna-1930\/#breadcrumb","itemListElement":[{"@type":"ListItem","position":1,"name":"Home","item":"https:\/\/www.concolino.it\/"},{"@type":"ListItem","position":2,"name":"Il silenzio nella vita di ogni giorno | Eugenio Borgna (1930 &#8211; )"}]},{"@type":"WebSite","@id":"https:\/\/www.concolino.it\/#website","url":"https:\/\/www.concolino.it\/","name":"Concolino.it","description":"Allargare gli spazi del Verbo","publisher":{"@id":"https:\/\/www.concolino.it\/#\/schema\/person\/dfa8517603a44e77da85e7eb5139c070"},"potentialAction":[{"@type":"SearchAction","target":{"@type":"EntryPoint","urlTemplate":"https:\/\/www.concolino.it\/?s={search_term_string}"},"query-input":{"@type":"PropertyValueSpecification","valueRequired":true,"valueName":"search_term_string"}}],"inLanguage":"it-IT"},{"@type":["Person","Organization"],"@id":"https:\/\/www.concolino.it\/#\/schema\/person\/dfa8517603a44e77da85e7eb5139c070","name":"Domenico Concolino","image":{"@type":"ImageObject","inLanguage":"it-IT","@id":"https:\/\/www.concolino.it\/wp-content\/uploads\/2014\/07\/CT5W9104.jpg","url":"https:\/\/www.concolino.it\/wp-content\/uploads\/2014\/07\/CT5W9104.jpg","contentUrl":"https:\/\/www.concolino.it\/wp-content\/uploads\/2014\/07\/CT5W9104.jpg","width":1276,"height":850,"caption":"Domenico Concolino"},"logo":{"@id":"https:\/\/www.concolino.it\/wp-content\/uploads\/2014\/07\/CT5W9104.jpg"},"description":"Teologo | Cappellano Campus Universit\u00e0 Magna Graecia | Direttore Ufficio Regione Universit\u00e0 Scuola Educazione (Calabria)","sameAs":["https:\/\/www.facebook.com\/don.mik.94","https:\/\/x.com\/https:\/\/twitter.com\/don_mik"],"url":"https:\/\/www.concolino.it\/index.php\/author\/admin\/"}]}},"_links":{"self":[{"href":"https:\/\/www.concolino.it\/index.php\/wp-json\/wp\/v2\/posts\/5999","targetHints":{"allow":["GET"]}}],"collection":[{"href":"https:\/\/www.concolino.it\/index.php\/wp-json\/wp\/v2\/posts"}],"about":[{"href":"https:\/\/www.concolino.it\/index.php\/wp-json\/wp\/v2\/types\/post"}],"author":[{"embeddable":true,"href":"https:\/\/www.concolino.it\/index.php\/wp-json\/wp\/v2\/users\/1"}],"replies":[{"embeddable":true,"href":"https:\/\/www.concolino.it\/index.php\/wp-json\/wp\/v2\/comments?post=5999"}],"version-history":[{"count":1,"href":"https:\/\/www.concolino.it\/index.php\/wp-json\/wp\/v2\/posts\/5999\/revisions"}],"predecessor-version":[{"id":6001,"href":"https:\/\/www.concolino.it\/index.php\/wp-json\/wp\/v2\/posts\/5999\/revisions\/6001"}],"wp:featuredmedia":[{"embeddable":true,"href":"https:\/\/www.concolino.it\/index.php\/wp-json\/wp\/v2\/media\/6000"}],"wp:attachment":[{"href":"https:\/\/www.concolino.it\/index.php\/wp-json\/wp\/v2\/media?parent=5999"}],"wp:term":[{"taxonomy":"category","embeddable":true,"href":"https:\/\/www.concolino.it\/index.php\/wp-json\/wp\/v2\/categories?post=5999"},{"taxonomy":"post_tag","embeddable":true,"href":"https:\/\/www.concolino.it\/index.php\/wp-json\/wp\/v2\/tags?post=5999"}],"curies":[{"name":"wp","href":"https:\/\/api.w.org\/{rel}","templated":true}]}}