{"id":5985,"date":"2024-04-16T19:32:16","date_gmt":"2024-04-16T17:32:16","guid":{"rendered":"https:\/\/www.concolino.it\/?p=5985"},"modified":"2024-04-17T12:01:09","modified_gmt":"2024-04-17T10:01:09","slug":"lead-kindly-light-pensieri","status":"publish","type":"post","link":"https:\/\/www.concolino.it\/index.php\/2024\/04\/16\/lead-kindly-light-pensieri\/","title":{"rendered":"Lead, Kindly Light  | Pensieri"},"content":{"rendered":"\n<p>Una delle folgoranti frasi di mio padre, ripetute nei momenti in cui notava in me o in altri, un difetto di valutazione nelle decisioni era questa: \u201cIl Signore non ti ha dato il cervello come peso, ma come strumento!\u201d,&nbsp; poi sorridendo aggiungeva la sua soluzione. In realt\u00e0 negli anni mi sono reso conto di quella semplice verit\u00e0 contenuta in quel modo di dire: ragionare, prendersi tempo per analizzare e soppesare le cose, poteva evitare spiacevoli inconvenienti e poteva dare nuove direzioni di vita. Non \u00e8 forse questa l\u2019insegnamento contenuto nell\u2019espressione <em>lumen rationis <\/em> &#8211; alla lettera<em> luce della ragione<\/em> &#8211; accanto poi al <em>lumen fidei, <\/em>l\u2019altra luce che ci viene in soccorso in questo mondo?<\/p>\n\n\n\n<p>C\u2019\u00e8 dunque una <em>luce<\/em> dunque che \u00e8 alla nostra portata, che \u00e8 possibile trovare in noi, e si accende nell\u2019atto in cui il <em>credere<\/em> e il <em>capire<\/em> vengono attivati. Un bella <em>luce. <\/em>Una gioiosa <em>Luce.<\/em><\/p>\n\n\n\n<p>Ma questa luce necessita di un viaggio. Di un cammino che non si fa con le gambe, ma con il cuore e il coraggio. <\/p>\n\n\n\n<p>John Henry Newman, il grande convertito, scopr\u00ec questa Luce. Superata una gravissima malattia  in Sicilia, durante il viaggio di ritorno verso l\u2019Inghilterra e la sua amata Littlemore, parl\u00f2 esattamente di una <em>Luce<\/em> a cui <em>affidarsi<\/em> durante il cammino della sua vita, una luce non irruente, gentile, che va invocata, pregata, perch\u00e9 quella luce \u00e8 Ges\u00f9. \u00c9 strano che non tanto nella gioia quanto nella sofferenza noi tocchiamo la sostanza della nostra vita. Forse anche in quelle gioie che per\u00f2 sono frutto di sofferta partecipazione.<\/p>\n\n\n\n<p>Ecco le sue parole:<\/p>\n\n\n\n<p>\u201cGuidami Tu, Luce gentile,<br \/>attraverso il buio che mi circonda,<br \/>sii Tu a condurmi!<br \/>La notte \u00e8 oscura e sono lontano da casa,<br \/>sii Tu a condurmi!<br \/>Sostieni i miei piedi vacillanti:<br \/>io non chiedo di vedere<br \/>ci\u00f2 che mi attende all\u2019orizzonte,<br \/>un passo solo mi sar\u00e0 sufficiente.<br \/>Non mi sono mai sentito come mi sento ora,<br \/>n\u00e9 ho pregato che fossi Tu a condurmi.<br \/>Amavo scegliere e scrutare il mio cammino;<br \/>ma ora sii Tu a condurmi!<em>&nbsp;&#8220;<\/em><\/p>\n\n\n\n<p>Lasciarsi guidare da questa <em>Luce gentile<\/em>, scoprirla attraverso ricerca, fatica e cammino per poi affidarsi con tutto il cuore con tutta l\u2019anima e con tutta la mente, era proprio questo il segreto atteggiamento della sua vita.&nbsp;<\/p>\n\n\n\n<p>Trova la luce e trovi la tua vita. Alla fine della fiera \u00e8 proprio questa correlazione che ci rende vivi e veri dentro la tempesta. Alla fine della fiera in <em>Ges\u00f9 Luce del mondo<\/em>, come ogni ministro della parola grida la notte di pasqua in mezzo al sacro tempio, troviamo <em>la nostra luce. <\/em>C\u2019\u00e8 una preghiera del messale che dice proprio cos\u00ec: <em>alla tua luce vediamo la luce<\/em>,ed io ho sempre pensato che significasse proprio questo.&nbsp;<\/p>\n\n\n\n<p>Ecco dunque che le semplici parole di Newman, oggi santo, possono continuare a risuonare come un invito aperto a tutti: <em>Lead, Kindly Light \u2026 Lead Thou me on!<\/em>, guidami Luce gentile\u2026 si Tu a condurmi.&nbsp;<\/p>\n\n\n\n<p>Noi abbiamo bisogno di una luce a cui dare il \u2018Tu\u2019. Abbiamo bisogno di viaggiare e sudare per trovarci alla sua presenza. Abbiamo bisogno di toccare con consapevolezza chi siamo e che non bastiamo a noi stessi. E nessuno pu\u00f2 fare questo lavoro per noi. La pappa pronta non \u00e8 per noi.&nbsp;<\/p>\n","protected":false},"excerpt":{"rendered":"<p>Una delle folgoranti frasi di mio padre, ripetute nei momenti in cui notava in me o in altri, un difetto di valutazione nelle decisioni era questa: \u201cIl Signore non ti [&hellip;]<\/p>\n","protected":false},"author":1,"featured_media":5986,"comment_status":"closed","ping_status":"closed","sticky":false,"template":"","format":"image","meta":{"site-sidebar-layout":"default","site-content-layout":"","ast-site-content-layout":"default","site-content-style":"default","site-sidebar-style":"default","ast-global-header-display":"","ast-banner-title-visibility":"","ast-main-header-display":"","ast-hfb-above-header-display":"","ast-hfb-below-header-display":"","ast-hfb-mobile-header-display":"","site-post-title":"","ast-breadcrumbs-content":"","ast-featured-img":"","footer-sml-layout":"","ast-disable-related-posts":"","theme-transparent-header-meta":"","adv-header-id-meta":"","stick-header-meta":"","header-above-stick-meta":"","header-main-stick-meta":"","header-below-stick-meta":"","astra-migrate-meta-layouts":"set","ast-page-background-enabled":"default","ast-page-background-meta":{"desktop":{"background-color":"","background-image":"","background-repeat":"repeat","background-position":"center center","background-size":"auto","background-attachment":"scroll","background-type":"","background-media":"","overlay-type":"","overlay-color":"","overlay-opacity":"","overlay-gradient":""},"tablet":{"background-color":"","background-image":"","background-repeat":"repeat","background-position":"center center","background-size":"auto","background-attachment":"scroll","background-type":"","background-media":"","overlay-type":"","overlay-color":"","overlay-opacity":"","overlay-gradient":""},"mobile":{"background-color":"","background-image":"","background-repeat":"repeat","background-position":"center center","background-size":"auto","background-attachment":"scroll","background-type":"","background-media":"","overlay-type":"","overlay-color":"","overlay-opacity":"","overlay-gradient":""}},"ast-content-background-meta":{"desktop":{"background-color":"var(--ast-global-color-5)","background-image":"","background-repeat":"repeat","background-position":"center center","background-size":"auto","background-attachment":"scroll","background-type":"","background-media":"","overlay-type":"","overlay-color":"","overlay-opacity":"","overlay-gradient":""},"tablet":{"background-color":"var(--ast-global-color-5)","background-image":"","background-repeat":"repeat","background-position":"center center","background-size":"auto","background-attachment":"scroll","background-type":"","background-media":"","overlay-type":"","overlay-color":"","overlay-opacity":"","overlay-gradient":""},"mobile":{"background-color":"var(--ast-global-color-5)","background-image":"","background-repeat":"repeat","background-position":"center center","background-size":"auto","background-attachment":"scroll","background-type":"","background-media":"","overlay-type":"","overlay-color":"","overlay-opacity":"","overlay-gradient":""}},"footnotes":""},"categories":[2,5],"tags":[],"class_list":["post-5985","post","type-post","status-publish","format-image","has-post-thumbnail","hentry","category-pensieri","category-vetrina","post_format-post-format-image"],"yoast_head":"<!-- This site is optimized with the Yoast SEO plugin v27.5 - https:\/\/yoast.com\/product\/yoast-seo-wordpress\/ -->\n<title>Lead, Kindly Light | Pensieri - Concolino.it<\/title>\n<meta name=\"robots\" content=\"index, follow, max-snippet:-1, max-image-preview:large, max-video-preview:-1\" \/>\n<link rel=\"canonical\" href=\"https:\/\/www.concolino.it\/index.php\/2024\/04\/16\/lead-kindly-light-pensieri\/\" \/>\n<meta property=\"og:locale\" content=\"it_IT\" \/>\n<meta property=\"og:type\" content=\"article\" \/>\n<meta property=\"og:title\" content=\"Lead, Kindly Light | Pensieri - Concolino.it\" \/>\n<meta property=\"og:description\" content=\"Una delle folgoranti frasi di mio padre, ripetute nei momenti in cui notava in me o in altri, un difetto di valutazione nelle decisioni era questa: \u201cIl Signore non ti [&hellip;]\" \/>\n<meta property=\"og:url\" content=\"https:\/\/www.concolino.it\/index.php\/2024\/04\/16\/lead-kindly-light-pensieri\/\" \/>\n<meta property=\"og:site_name\" content=\"Concolino.it\" \/>\n<meta property=\"article:publisher\" content=\"https:\/\/www.facebook.com\/don.mik.94\" \/>\n<meta property=\"article:author\" content=\"https:\/\/www.facebook.com\/don.mik.94\" \/>\n<meta property=\"article:published_time\" content=\"2024-04-16T17:32:16+00:00\" \/>\n<meta property=\"article:modified_time\" content=\"2024-04-17T10:01:09+00:00\" \/>\n<meta property=\"og:image\" content=\"https:\/\/www.concolino.it\/wp-content\/uploads\/2024\/04\/barca-.jpg\" \/>\n\t<meta property=\"og:image:width\" content=\"890\" \/>\n\t<meta property=\"og:image:height\" content=\"1192\" \/>\n\t<meta property=\"og:image:type\" content=\"image\/jpeg\" \/>\n<meta name=\"author\" content=\"Domenico Concolino\" \/>\n<meta name=\"twitter:card\" content=\"summary_large_image\" \/>\n<meta name=\"twitter:creator\" content=\"@https:\/\/twitter.com\/don_mik\" \/>\n<meta name=\"twitter:site\" content=\"@don_mik\" \/>\n<meta name=\"twitter:label1\" content=\"Scritto da\" \/>\n\t<meta name=\"twitter:data1\" content=\"Domenico Concolino\" \/>\n\t<meta name=\"twitter:label2\" content=\"Tempo di lettura stimato\" \/>\n\t<meta name=\"twitter:data2\" content=\"4 minuti\" \/>\n<script type=\"application\/ld+json\" class=\"yoast-schema-graph\">{\"@context\":\"https:\\\/\\\/schema.org\",\"@graph\":[{\"@type\":\"Article\",\"@id\":\"https:\\\/\\\/www.concolino.it\\\/index.php\\\/2024\\\/04\\\/16\\\/lead-kindly-light-pensieri\\\/#article\",\"isPartOf\":{\"@id\":\"https:\\\/\\\/www.concolino.it\\\/index.php\\\/2024\\\/04\\\/16\\\/lead-kindly-light-pensieri\\\/\"},\"author\":{\"name\":\"Domenico Concolino\",\"@id\":\"https:\\\/\\\/www.concolino.it\\\/#\\\/schema\\\/person\\\/dfa8517603a44e77da85e7eb5139c070\"},\"headline\":\"Lead, Kindly Light | Pensieri\",\"datePublished\":\"2024-04-16T17:32:16+00:00\",\"dateModified\":\"2024-04-17T10:01:09+00:00\",\"mainEntityOfPage\":{\"@id\":\"https:\\\/\\\/www.concolino.it\\\/index.php\\\/2024\\\/04\\\/16\\\/lead-kindly-light-pensieri\\\/\"},\"wordCount\":546,\"publisher\":{\"@id\":\"https:\\\/\\\/www.concolino.it\\\/#\\\/schema\\\/person\\\/dfa8517603a44e77da85e7eb5139c070\"},\"image\":{\"@id\":\"https:\\\/\\\/www.concolino.it\\\/index.php\\\/2024\\\/04\\\/16\\\/lead-kindly-light-pensieri\\\/#primaryimage\"},\"thumbnailUrl\":\"https:\\\/\\\/www.concolino.it\\\/wp-content\\\/uploads\\\/2024\\\/04\\\/barca-.jpg\",\"articleSection\":[\"Pensieri\",\"Vetrina\"],\"inLanguage\":\"it-IT\"},{\"@type\":\"WebPage\",\"@id\":\"https:\\\/\\\/www.concolino.it\\\/index.php\\\/2024\\\/04\\\/16\\\/lead-kindly-light-pensieri\\\/\",\"url\":\"https:\\\/\\\/www.concolino.it\\\/index.php\\\/2024\\\/04\\\/16\\\/lead-kindly-light-pensieri\\\/\",\"name\":\"Lead, Kindly Light | Pensieri - Concolino.it\",\"isPartOf\":{\"@id\":\"https:\\\/\\\/www.concolino.it\\\/#website\"},\"primaryImageOfPage\":{\"@id\":\"https:\\\/\\\/www.concolino.it\\\/index.php\\\/2024\\\/04\\\/16\\\/lead-kindly-light-pensieri\\\/#primaryimage\"},\"image\":{\"@id\":\"https:\\\/\\\/www.concolino.it\\\/index.php\\\/2024\\\/04\\\/16\\\/lead-kindly-light-pensieri\\\/#primaryimage\"},\"thumbnailUrl\":\"https:\\\/\\\/www.concolino.it\\\/wp-content\\\/uploads\\\/2024\\\/04\\\/barca-.jpg\",\"datePublished\":\"2024-04-16T17:32:16+00:00\",\"dateModified\":\"2024-04-17T10:01:09+00:00\",\"breadcrumb\":{\"@id\":\"https:\\\/\\\/www.concolino.it\\\/index.php\\\/2024\\\/04\\\/16\\\/lead-kindly-light-pensieri\\\/#breadcrumb\"},\"inLanguage\":\"it-IT\",\"potentialAction\":[{\"@type\":\"ReadAction\",\"target\":[\"https:\\\/\\\/www.concolino.it\\\/index.php\\\/2024\\\/04\\\/16\\\/lead-kindly-light-pensieri\\\/\"]}]},{\"@type\":\"ImageObject\",\"inLanguage\":\"it-IT\",\"@id\":\"https:\\\/\\\/www.concolino.it\\\/index.php\\\/2024\\\/04\\\/16\\\/lead-kindly-light-pensieri\\\/#primaryimage\",\"url\":\"https:\\\/\\\/www.concolino.it\\\/wp-content\\\/uploads\\\/2024\\\/04\\\/barca-.jpg\",\"contentUrl\":\"https:\\\/\\\/www.concolino.it\\\/wp-content\\\/uploads\\\/2024\\\/04\\\/barca-.jpg\",\"width\":890,\"height\":1192},{\"@type\":\"BreadcrumbList\",\"@id\":\"https:\\\/\\\/www.concolino.it\\\/index.php\\\/2024\\\/04\\\/16\\\/lead-kindly-light-pensieri\\\/#breadcrumb\",\"itemListElement\":[{\"@type\":\"ListItem\",\"position\":1,\"name\":\"Home\",\"item\":\"https:\\\/\\\/www.concolino.it\\\/\"},{\"@type\":\"ListItem\",\"position\":2,\"name\":\"Lead, Kindly Light | Pensieri\"}]},{\"@type\":\"WebSite\",\"@id\":\"https:\\\/\\\/www.concolino.it\\\/#website\",\"url\":\"https:\\\/\\\/www.concolino.it\\\/\",\"name\":\"Concolino.it\",\"description\":\"Allargare gli spazi del Verbo\",\"publisher\":{\"@id\":\"https:\\\/\\\/www.concolino.it\\\/#\\\/schema\\\/person\\\/dfa8517603a44e77da85e7eb5139c070\"},\"potentialAction\":[{\"@type\":\"SearchAction\",\"target\":{\"@type\":\"EntryPoint\",\"urlTemplate\":\"https:\\\/\\\/www.concolino.it\\\/?s={search_term_string}\"},\"query-input\":{\"@type\":\"PropertyValueSpecification\",\"valueRequired\":true,\"valueName\":\"search_term_string\"}}],\"inLanguage\":\"it-IT\"},{\"@type\":[\"Person\",\"Organization\"],\"@id\":\"https:\\\/\\\/www.concolino.it\\\/#\\\/schema\\\/person\\\/dfa8517603a44e77da85e7eb5139c070\",\"name\":\"Domenico Concolino\",\"image\":{\"@type\":\"ImageObject\",\"inLanguage\":\"it-IT\",\"@id\":\"https:\\\/\\\/www.concolino.it\\\/wp-content\\\/uploads\\\/2014\\\/07\\\/CT5W9104.jpg\",\"url\":\"https:\\\/\\\/www.concolino.it\\\/wp-content\\\/uploads\\\/2014\\\/07\\\/CT5W9104.jpg\",\"contentUrl\":\"https:\\\/\\\/www.concolino.it\\\/wp-content\\\/uploads\\\/2014\\\/07\\\/CT5W9104.jpg\",\"width\":1276,\"height\":850,\"caption\":\"Domenico Concolino\"},\"logo\":{\"@id\":\"https:\\\/\\\/www.concolino.it\\\/wp-content\\\/uploads\\\/2014\\\/07\\\/CT5W9104.jpg\"},\"description\":\"Teologo | Cappellano Campus Universit\u00e0 Magna Graecia | Direttore Ufficio Regione Universit\u00e0 Scuola Educazione (Calabria)\",\"sameAs\":[\"https:\\\/\\\/www.facebook.com\\\/don.mik.94\",\"https:\\\/\\\/x.com\\\/https:\\\/\\\/twitter.com\\\/don_mik\"],\"url\":\"https:\\\/\\\/www.concolino.it\\\/index.php\\\/author\\\/admin\\\/\"}]}<\/script>\n<!-- \/ Yoast SEO plugin. -->","yoast_head_json":{"title":"Lead, Kindly Light | Pensieri - Concolino.it","robots":{"index":"index","follow":"follow","max-snippet":"max-snippet:-1","max-image-preview":"max-image-preview:large","max-video-preview":"max-video-preview:-1"},"canonical":"https:\/\/www.concolino.it\/index.php\/2024\/04\/16\/lead-kindly-light-pensieri\/","og_locale":"it_IT","og_type":"article","og_title":"Lead, Kindly Light | Pensieri - Concolino.it","og_description":"Una delle folgoranti frasi di mio padre, ripetute nei momenti in cui notava in me o in altri, un difetto di valutazione nelle decisioni era questa: \u201cIl Signore non ti [&hellip;]","og_url":"https:\/\/www.concolino.it\/index.php\/2024\/04\/16\/lead-kindly-light-pensieri\/","og_site_name":"Concolino.it","article_publisher":"https:\/\/www.facebook.com\/don.mik.94","article_author":"https:\/\/www.facebook.com\/don.mik.94","article_published_time":"2024-04-16T17:32:16+00:00","article_modified_time":"2024-04-17T10:01:09+00:00","og_image":[{"width":890,"height":1192,"url":"https:\/\/www.concolino.it\/wp-content\/uploads\/2024\/04\/barca-.jpg","type":"image\/jpeg"}],"author":"Domenico Concolino","twitter_card":"summary_large_image","twitter_creator":"@https:\/\/twitter.com\/don_mik","twitter_site":"@don_mik","twitter_misc":{"Scritto da":"Domenico Concolino","Tempo di lettura stimato":"4 minuti"},"schema":{"@context":"https:\/\/schema.org","@graph":[{"@type":"Article","@id":"https:\/\/www.concolino.it\/index.php\/2024\/04\/16\/lead-kindly-light-pensieri\/#article","isPartOf":{"@id":"https:\/\/www.concolino.it\/index.php\/2024\/04\/16\/lead-kindly-light-pensieri\/"},"author":{"name":"Domenico Concolino","@id":"https:\/\/www.concolino.it\/#\/schema\/person\/dfa8517603a44e77da85e7eb5139c070"},"headline":"Lead, Kindly Light | Pensieri","datePublished":"2024-04-16T17:32:16+00:00","dateModified":"2024-04-17T10:01:09+00:00","mainEntityOfPage":{"@id":"https:\/\/www.concolino.it\/index.php\/2024\/04\/16\/lead-kindly-light-pensieri\/"},"wordCount":546,"publisher":{"@id":"https:\/\/www.concolino.it\/#\/schema\/person\/dfa8517603a44e77da85e7eb5139c070"},"image":{"@id":"https:\/\/www.concolino.it\/index.php\/2024\/04\/16\/lead-kindly-light-pensieri\/#primaryimage"},"thumbnailUrl":"https:\/\/www.concolino.it\/wp-content\/uploads\/2024\/04\/barca-.jpg","articleSection":["Pensieri","Vetrina"],"inLanguage":"it-IT"},{"@type":"WebPage","@id":"https:\/\/www.concolino.it\/index.php\/2024\/04\/16\/lead-kindly-light-pensieri\/","url":"https:\/\/www.concolino.it\/index.php\/2024\/04\/16\/lead-kindly-light-pensieri\/","name":"Lead, Kindly Light | Pensieri - Concolino.it","isPartOf":{"@id":"https:\/\/www.concolino.it\/#website"},"primaryImageOfPage":{"@id":"https:\/\/www.concolino.it\/index.php\/2024\/04\/16\/lead-kindly-light-pensieri\/#primaryimage"},"image":{"@id":"https:\/\/www.concolino.it\/index.php\/2024\/04\/16\/lead-kindly-light-pensieri\/#primaryimage"},"thumbnailUrl":"https:\/\/www.concolino.it\/wp-content\/uploads\/2024\/04\/barca-.jpg","datePublished":"2024-04-16T17:32:16+00:00","dateModified":"2024-04-17T10:01:09+00:00","breadcrumb":{"@id":"https:\/\/www.concolino.it\/index.php\/2024\/04\/16\/lead-kindly-light-pensieri\/#breadcrumb"},"inLanguage":"it-IT","potentialAction":[{"@type":"ReadAction","target":["https:\/\/www.concolino.it\/index.php\/2024\/04\/16\/lead-kindly-light-pensieri\/"]}]},{"@type":"ImageObject","inLanguage":"it-IT","@id":"https:\/\/www.concolino.it\/index.php\/2024\/04\/16\/lead-kindly-light-pensieri\/#primaryimage","url":"https:\/\/www.concolino.it\/wp-content\/uploads\/2024\/04\/barca-.jpg","contentUrl":"https:\/\/www.concolino.it\/wp-content\/uploads\/2024\/04\/barca-.jpg","width":890,"height":1192},{"@type":"BreadcrumbList","@id":"https:\/\/www.concolino.it\/index.php\/2024\/04\/16\/lead-kindly-light-pensieri\/#breadcrumb","itemListElement":[{"@type":"ListItem","position":1,"name":"Home","item":"https:\/\/www.concolino.it\/"},{"@type":"ListItem","position":2,"name":"Lead, Kindly Light | Pensieri"}]},{"@type":"WebSite","@id":"https:\/\/www.concolino.it\/#website","url":"https:\/\/www.concolino.it\/","name":"Concolino.it","description":"Allargare gli spazi del Verbo","publisher":{"@id":"https:\/\/www.concolino.it\/#\/schema\/person\/dfa8517603a44e77da85e7eb5139c070"},"potentialAction":[{"@type":"SearchAction","target":{"@type":"EntryPoint","urlTemplate":"https:\/\/www.concolino.it\/?s={search_term_string}"},"query-input":{"@type":"PropertyValueSpecification","valueRequired":true,"valueName":"search_term_string"}}],"inLanguage":"it-IT"},{"@type":["Person","Organization"],"@id":"https:\/\/www.concolino.it\/#\/schema\/person\/dfa8517603a44e77da85e7eb5139c070","name":"Domenico Concolino","image":{"@type":"ImageObject","inLanguage":"it-IT","@id":"https:\/\/www.concolino.it\/wp-content\/uploads\/2014\/07\/CT5W9104.jpg","url":"https:\/\/www.concolino.it\/wp-content\/uploads\/2014\/07\/CT5W9104.jpg","contentUrl":"https:\/\/www.concolino.it\/wp-content\/uploads\/2014\/07\/CT5W9104.jpg","width":1276,"height":850,"caption":"Domenico Concolino"},"logo":{"@id":"https:\/\/www.concolino.it\/wp-content\/uploads\/2014\/07\/CT5W9104.jpg"},"description":"Teologo | Cappellano Campus Universit\u00e0 Magna Graecia | Direttore Ufficio Regione Universit\u00e0 Scuola Educazione (Calabria)","sameAs":["https:\/\/www.facebook.com\/don.mik.94","https:\/\/x.com\/https:\/\/twitter.com\/don_mik"],"url":"https:\/\/www.concolino.it\/index.php\/author\/admin\/"}]}},"_links":{"self":[{"href":"https:\/\/www.concolino.it\/index.php\/wp-json\/wp\/v2\/posts\/5985","targetHints":{"allow":["GET"]}}],"collection":[{"href":"https:\/\/www.concolino.it\/index.php\/wp-json\/wp\/v2\/posts"}],"about":[{"href":"https:\/\/www.concolino.it\/index.php\/wp-json\/wp\/v2\/types\/post"}],"author":[{"embeddable":true,"href":"https:\/\/www.concolino.it\/index.php\/wp-json\/wp\/v2\/users\/1"}],"replies":[{"embeddable":true,"href":"https:\/\/www.concolino.it\/index.php\/wp-json\/wp\/v2\/comments?post=5985"}],"version-history":[{"count":7,"href":"https:\/\/www.concolino.it\/index.php\/wp-json\/wp\/v2\/posts\/5985\/revisions"}],"predecessor-version":[{"id":5997,"href":"https:\/\/www.concolino.it\/index.php\/wp-json\/wp\/v2\/posts\/5985\/revisions\/5997"}],"wp:featuredmedia":[{"embeddable":true,"href":"https:\/\/www.concolino.it\/index.php\/wp-json\/wp\/v2\/media\/5986"}],"wp:attachment":[{"href":"https:\/\/www.concolino.it\/index.php\/wp-json\/wp\/v2\/media?parent=5985"}],"wp:term":[{"taxonomy":"category","embeddable":true,"href":"https:\/\/www.concolino.it\/index.php\/wp-json\/wp\/v2\/categories?post=5985"},{"taxonomy":"post_tag","embeddable":true,"href":"https:\/\/www.concolino.it\/index.php\/wp-json\/wp\/v2\/tags?post=5985"}],"curies":[{"name":"wp","href":"https:\/\/api.w.org\/{rel}","templated":true}]}}