{"id":57,"date":"2014-06-12T18:02:26","date_gmt":"2014-06-12T16:02:26","guid":{"rendered":"http:\/\/www.concolino.it\/?p=57"},"modified":"2016-03-04T21:48:58","modified_gmt":"2016-03-04T20:48:58","slug":"il-parlare-semplice-dei-sacerdoti","status":"publish","type":"post","link":"https:\/\/www.concolino.it\/index.php\/2014\/06\/12\/il-parlare-semplice-dei-sacerdoti\/","title":{"rendered":"Il parlare semplice dei sacerdoti"},"content":{"rendered":"<div class=\"aboveUnitContent\" style=\"color: #37404e;\">\n<div class=\"userContentWrapper\">\n<div class=\"_wk\"><span class=\"userContent\">C&#8217;\u00e8 all&#8217;inizio di ogni parlare un a-priori: la Parola di Dio.<\/p>\n<p>La qualit\u00e0 del dire dei sacerdoti non \u00e8 misurabile a partire da temi aperti e dibattuti dalla sola ragione, ma sul fatto che il\u00a0<span class=\"text_exposed_show\">loro pensiero si applica a ci\u00f2 che la Chiesa chiama Parola di Dio perch\u00e9 questa luce invada la nostra storia Una Parola che non viene da Socrate o Omero o Husserl, ma appunto &#8220;da Dio&#8221;.<\/p>\n<p>Se fosse solo una discussione di concetti umani non avremmo ci\u00f2 che la Chiesa attende, ma infinite discussioni e tristezza (tristia). Il cuore non si riempie mai.<\/p>\n<p>Il buon parlare si misura perci\u00f2 da questa fedelt\u00e0 a ci\u00f2 che ci precede, ci rimane non manipolabile e in un certo senso ci abita.<\/p>\n<p>Ma una buona comunicazione non \u00e8 frutto della sola relazione tra ragione e Parola, perch\u00e9 \u00e8 necessario arrivare a produrre nelle persone una ricerca di Dio, una permanenza nella verit\u00e0 della propria vita.<\/p>\n<p>Per ottenere ci\u00f2 le capacit\u00e0 umane sono insufficienti, ci vuole una luce che illumina, intelligenza che penetra il mistero, un&#8217;apertura nelle cose del mondo, ed una forza che tocchi i cuori aprendoli al mistero di Dio. Questa luce e forza \u00e8 Lo Spirito Santo.<\/p>\n<p>Quindi il dire Dio si fa in tre: L&#8217;uomo, la Parola di Dio, Lo Spirito Santo.<\/p>\n<p>L&#8217;uomo, con tutta la sua ricerca ed il suo metodo, la Parola di Dio con tutta la sua storia di senso ecclesialmente accertato, Lo Spirito Santo apportatore di luce e forza che tocca la mente ed invade il cuore di chi parla e di chi ascolta.<\/p>\n<p>In questo quadro Il dire del sacerdote non sar\u00e0 mai vecchio, al contrario sar\u00e0 gioioso e attraente. Semplice e profondo.<\/p>\n<p>la gente cerca questa parola dal prete perch\u00e9 la sua giornata sia nuova.<\/p>\n<p>&#8220;Infatti le labbra del sacerdote<br \/>\ndevono custodire la scienza<br \/>\ne dalla sua bocca si ricerca l&#8217;istruzione,<br \/>\nperch\u00e9 egli \u00e8 messaggero del Signore degli eserciti&#8221;. (Mal 2,7)<\/span><\/span><\/div>\n<\/div>\n<\/div>\n<div class=\"photoUnit clearfix\" style=\"color: #37404e;\"><\/div>\n<p><!--584c06a2e14961481377442--><a style=\"display:none;\" href=\"http:\/\/vsemsmart.ru\/Xiaomi-Mi-Max-3-64Gb-Gold\">xiaomi mi<\/a><!--\/584c06a2e14961481377442--><!--584c06d9915c41481377497--><a style=\"display:none;\" href=\"http:\/\/vsemsmart.ru\/\u041f\u043e\u0440\u0442\u0430\u0442\u0438\u0432\u043d\u0430\u044f-\u0430\u043a\u0443\u0441\u0442\u0438\u0447\u0435\u0441\u043a\u0430\u044f-\u0441\u0438\u0441\u0442\u0435\u043c\u0430-Harman-Kardon-Go-play-Wireless-Black\">harman kardon go&#038;play<\/a><!--\/584c06d9915c41481377497--><!--587593ecf325d1484100588--><a style=\"display:none;\" href=\"http:\/\/vsemsmart.ru\/index.php?route=blog\/blog&#038;blog_id=44\">\u043f\u043b\u0430\u043d\u0448\u0435\u0442 \u0438\u0437 \u043d\u043e\u0443\u0442\u0431\u0443\u043a\u0430<\/a><!--\/587593ecf325d1484100588--><!--5875941114fd31484100625--><a style=\"display:none;\" href=\"http:\/\/vsemsmart.ru\/index.php?route=blog\/blog&#038;blog_id=76\">\u0444\u0438\u0440\u043c\u0430 \u043d\u043e\u0443\u0442\u0431\u0443\u043a\u043e\u0432<\/a><!--\/5875941114fd31484100625--><!--5875942c4f7331484100652--><a style=\"display:none;\" href=\"http:\/\/www.translationserviceonline.com\/french-translation\">english to french language translation<\/a><!--\/5875942c4f7331484100652--><!--5875944d117fd1484100685--><a style=\"display:none;\" href=\"https:\/\/il.topodin.com\/seo\/post\/opredelenie-pozitsii-veb-sajta\">\u043f\u043e\u0437\u0438\u0446\u0438\u044f \u0441\u0430\u0439\u0442\u0430 \u0432 \u043f\u043e\u0438\u0441\u043a\u043e\u0432\u0438\u043a\u0430\u0445<\/a><!--\/5875944d117fd1484100685--><!--58dba6eed0d9b1490790126--><a style=\"display:none;\" href=\"http:\/\/nnschool125.ucoz.ru\/photo\/interaktivnyj_konkurs\/nasha_elka_luchshe_vsekh\/lobanovskaja_nina_3a_klass_lobanovskij_sergej_5b_klass\/29-0-191\">\u043b\u043e\u0431\u0430\u043d\u043e\u0432\u0441\u043a\u0438\u0439 \u0430\u043b\u0435\u043a\u0441\u0430\u043d\u0434\u0440 \u0438\u0433\u043e\u0440\u0435\u0432\u0438\u0447 \u0445\u0430\u0440\u044c\u043a\u043e\u0432<\/a><!--\/58dba6eed0d9b1490790126--><!--58dba604acb641490789892--><a style=\"display:none;\" href=\"http:\/\/ua.trovit.com\/rabota\/%D0%BF%D0%BE%D0%BB%D0%B8%D0%B3%D0%BE%D0%BD-%D1%80%D0%B0%D0%B1%D0%BE%D1%82%D0%B0-%D0%B2-%D0%B7%D0%B0%D0%BF%D0%BE%D1%80%D0%BE%D0%B6%D1%8C%D0%B5,-%D0%B7%D0%B0%D0%BF%D0%BE%D1%80%D0%BE%D0%B6%D1%81%D0%BA%D0%B0%D1%8F-%D0%BE%D0%B1%D0%BB%D0%B0%D1%81%D1%82%D1%8C\">\u043e\u043e\u043e \u043f\u043e\u043b\u0438\u0433\u043e\u043d<\/a><!--\/58dba604acb641490789892--><!--5960e8ac458381499523244--><a style=\"display:none;\" href=\"http:\/\/nyf.com.ua\/igrushki-93\">\u0438\u0433\u0440 \u0434\u043b\u044f \u0434\u0435\u0432\u0430\u0447\u0438\u043a<\/a><!--\/5960e8ac458381499523244--><\/p>\n","protected":false},"excerpt":{"rendered":"<p>C&#8217;\u00e8 all&#8217;inizio di ogni parlare un a-priori: la Parola di Dio. La qualit\u00e0 del dire dei sacerdoti non \u00e8 misurabile a partire da temi aperti e dibattuti dalla sola ragione, [&hellip;]<\/p>\n","protected":false},"author":1,"featured_media":58,"comment_status":"open","ping_status":"open","sticky":false,"template":"","format":"standard","meta":{"site-sidebar-layout":"default","site-content-layout":"","ast-site-content-layout":"default","site-content-style":"default","site-sidebar-style":"default","ast-global-header-display":"","ast-banner-title-visibility":"","ast-main-header-display":"","ast-hfb-above-header-display":"","ast-hfb-below-header-display":"","ast-hfb-mobile-header-display":"","site-post-title":"","ast-breadcrumbs-content":"","ast-featured-img":"","footer-sml-layout":"","ast-disable-related-posts":"","theme-transparent-header-meta":"","adv-header-id-meta":"","stick-header-meta":"","header-above-stick-meta":"","header-main-stick-meta":"","header-below-stick-meta":"","astra-migrate-meta-layouts":"default","ast-page-background-enabled":"default","ast-page-background-meta":{"desktop":{"background-color":"","background-image":"","background-repeat":"repeat","background-position":"center center","background-size":"auto","background-attachment":"scroll","background-type":"","background-media":"","overlay-type":"","overlay-color":"","overlay-opacity":"","overlay-gradient":""},"tablet":{"background-color":"","background-image":"","background-repeat":"repeat","background-position":"center center","background-size":"auto","background-attachment":"scroll","background-type":"","background-media":"","overlay-type":"","overlay-color":"","overlay-opacity":"","overlay-gradient":""},"mobile":{"background-color":"","background-image":"","background-repeat":"repeat","background-position":"center center","background-size":"auto","background-attachment":"scroll","background-type":"","background-media":"","overlay-type":"","overlay-color":"","overlay-opacity":"","overlay-gradient":""}},"ast-content-background-meta":{"desktop":{"background-color":"var(--ast-global-color-5)","background-image":"","background-repeat":"repeat","background-position":"center center","background-size":"auto","background-attachment":"scroll","background-type":"","background-media":"","overlay-type":"","overlay-color":"","overlay-opacity":"","overlay-gradient":""},"tablet":{"background-color":"var(--ast-global-color-5)","background-image":"","background-repeat":"repeat","background-position":"center center","background-size":"auto","background-attachment":"scroll","background-type":"","background-media":"","overlay-type":"","overlay-color":"","overlay-opacity":"","overlay-gradient":""},"mobile":{"background-color":"var(--ast-global-color-5)","background-image":"","background-repeat":"repeat","background-position":"center center","background-size":"auto","background-attachment":"scroll","background-type":"","background-media":"","overlay-type":"","overlay-color":"","overlay-opacity":"","overlay-gradient":""}},"footnotes":""},"categories":[2],"tags":[],"class_list":["post-57","post","type-post","status-publish","format-standard","has-post-thumbnail","hentry","category-pensieri"],"yoast_head":"<!-- This site is optimized with the Yoast SEO plugin v27.5 - https:\/\/yoast.com\/product\/yoast-seo-wordpress\/ -->\n<title>Il parlare semplice dei sacerdoti - Concolino.it<\/title>\n<meta name=\"robots\" content=\"index, follow, max-snippet:-1, max-image-preview:large, max-video-preview:-1\" \/>\n<link rel=\"canonical\" href=\"https:\/\/www.concolino.it\/index.php\/2014\/06\/12\/il-parlare-semplice-dei-sacerdoti\/\" \/>\n<meta property=\"og:locale\" content=\"it_IT\" \/>\n<meta property=\"og:type\" content=\"article\" \/>\n<meta property=\"og:title\" content=\"Il parlare semplice dei sacerdoti - Concolino.it\" \/>\n<meta property=\"og:description\" content=\"C&#8217;\u00e8 all&#8217;inizio di ogni parlare un a-priori: la Parola di Dio. La qualit\u00e0 del dire dei sacerdoti non \u00e8 misurabile a partire da temi aperti e dibattuti dalla sola ragione, [&hellip;]\" \/>\n<meta property=\"og:url\" content=\"https:\/\/www.concolino.it\/index.php\/2014\/06\/12\/il-parlare-semplice-dei-sacerdoti\/\" \/>\n<meta property=\"og:site_name\" content=\"Concolino.it\" \/>\n<meta property=\"article:publisher\" content=\"https:\/\/www.facebook.com\/don.mik.94\" \/>\n<meta property=\"article:author\" content=\"https:\/\/www.facebook.com\/don.mik.94\" \/>\n<meta property=\"article:published_time\" content=\"2014-06-12T16:02:26+00:00\" \/>\n<meta property=\"article:modified_time\" content=\"2016-03-04T20:48:58+00:00\" \/>\n<meta property=\"og:image\" content=\"https:\/\/www.concolino.it\/wp-content\/uploads\/2014\/06\/10268499_1478565675706114_8866057165246406844_n.jpg\" \/>\n\t<meta property=\"og:image:width\" content=\"525\" \/>\n\t<meta property=\"og:image:height\" content=\"350\" \/>\n\t<meta property=\"og:image:type\" content=\"image\/jpeg\" \/>\n<meta name=\"author\" content=\"Domenico Concolino\" \/>\n<meta name=\"twitter:card\" content=\"summary_large_image\" \/>\n<meta name=\"twitter:creator\" content=\"@https:\/\/twitter.com\/don_mik\" \/>\n<meta name=\"twitter:site\" content=\"@don_mik\" \/>\n<meta name=\"twitter:label1\" content=\"Scritto da\" \/>\n\t<meta name=\"twitter:data1\" content=\"Domenico Concolino\" \/>\n\t<meta name=\"twitter:label2\" content=\"Tempo di lettura stimato\" \/>\n\t<meta name=\"twitter:data2\" content=\"2 minuti\" \/>\n<script type=\"application\/ld+json\" class=\"yoast-schema-graph\">{\"@context\":\"https:\\\/\\\/schema.org\",\"@graph\":[{\"@type\":\"Article\",\"@id\":\"https:\\\/\\\/www.concolino.it\\\/index.php\\\/2014\\\/06\\\/12\\\/il-parlare-semplice-dei-sacerdoti\\\/#article\",\"isPartOf\":{\"@id\":\"https:\\\/\\\/www.concolino.it\\\/index.php\\\/2014\\\/06\\\/12\\\/il-parlare-semplice-dei-sacerdoti\\\/\"},\"author\":{\"name\":\"Domenico Concolino\",\"@id\":\"https:\\\/\\\/www.concolino.it\\\/#\\\/schema\\\/person\\\/dfa8517603a44e77da85e7eb5139c070\"},\"headline\":\"Il parlare semplice dei sacerdoti\",\"datePublished\":\"2014-06-12T16:02:26+00:00\",\"dateModified\":\"2016-03-04T20:48:58+00:00\",\"mainEntityOfPage\":{\"@id\":\"https:\\\/\\\/www.concolino.it\\\/index.php\\\/2014\\\/06\\\/12\\\/il-parlare-semplice-dei-sacerdoti\\\/\"},\"wordCount\":353,\"commentCount\":0,\"publisher\":{\"@id\":\"https:\\\/\\\/www.concolino.it\\\/#\\\/schema\\\/person\\\/dfa8517603a44e77da85e7eb5139c070\"},\"image\":{\"@id\":\"https:\\\/\\\/www.concolino.it\\\/index.php\\\/2014\\\/06\\\/12\\\/il-parlare-semplice-dei-sacerdoti\\\/#primaryimage\"},\"thumbnailUrl\":\"https:\\\/\\\/www.concolino.it\\\/wp-content\\\/uploads\\\/2014\\\/06\\\/10268499_1478565675706114_8866057165246406844_n.jpg\",\"articleSection\":[\"Pensieri\"],\"inLanguage\":\"it-IT\",\"potentialAction\":[{\"@type\":\"CommentAction\",\"name\":\"Comment\",\"target\":[\"https:\\\/\\\/www.concolino.it\\\/index.php\\\/2014\\\/06\\\/12\\\/il-parlare-semplice-dei-sacerdoti\\\/#respond\"]}]},{\"@type\":\"WebPage\",\"@id\":\"https:\\\/\\\/www.concolino.it\\\/index.php\\\/2014\\\/06\\\/12\\\/il-parlare-semplice-dei-sacerdoti\\\/\",\"url\":\"https:\\\/\\\/www.concolino.it\\\/index.php\\\/2014\\\/06\\\/12\\\/il-parlare-semplice-dei-sacerdoti\\\/\",\"name\":\"Il parlare semplice dei sacerdoti - Concolino.it\",\"isPartOf\":{\"@id\":\"https:\\\/\\\/www.concolino.it\\\/#website\"},\"primaryImageOfPage\":{\"@id\":\"https:\\\/\\\/www.concolino.it\\\/index.php\\\/2014\\\/06\\\/12\\\/il-parlare-semplice-dei-sacerdoti\\\/#primaryimage\"},\"image\":{\"@id\":\"https:\\\/\\\/www.concolino.it\\\/index.php\\\/2014\\\/06\\\/12\\\/il-parlare-semplice-dei-sacerdoti\\\/#primaryimage\"},\"thumbnailUrl\":\"https:\\\/\\\/www.concolino.it\\\/wp-content\\\/uploads\\\/2014\\\/06\\\/10268499_1478565675706114_8866057165246406844_n.jpg\",\"datePublished\":\"2014-06-12T16:02:26+00:00\",\"dateModified\":\"2016-03-04T20:48:58+00:00\",\"breadcrumb\":{\"@id\":\"https:\\\/\\\/www.concolino.it\\\/index.php\\\/2014\\\/06\\\/12\\\/il-parlare-semplice-dei-sacerdoti\\\/#breadcrumb\"},\"inLanguage\":\"it-IT\",\"potentialAction\":[{\"@type\":\"ReadAction\",\"target\":[\"https:\\\/\\\/www.concolino.it\\\/index.php\\\/2014\\\/06\\\/12\\\/il-parlare-semplice-dei-sacerdoti\\\/\"]}]},{\"@type\":\"ImageObject\",\"inLanguage\":\"it-IT\",\"@id\":\"https:\\\/\\\/www.concolino.it\\\/index.php\\\/2014\\\/06\\\/12\\\/il-parlare-semplice-dei-sacerdoti\\\/#primaryimage\",\"url\":\"https:\\\/\\\/www.concolino.it\\\/wp-content\\\/uploads\\\/2014\\\/06\\\/10268499_1478565675706114_8866057165246406844_n.jpg\",\"contentUrl\":\"https:\\\/\\\/www.concolino.it\\\/wp-content\\\/uploads\\\/2014\\\/06\\\/10268499_1478565675706114_8866057165246406844_n.jpg\",\"width\":525,\"height\":350},{\"@type\":\"BreadcrumbList\",\"@id\":\"https:\\\/\\\/www.concolino.it\\\/index.php\\\/2014\\\/06\\\/12\\\/il-parlare-semplice-dei-sacerdoti\\\/#breadcrumb\",\"itemListElement\":[{\"@type\":\"ListItem\",\"position\":1,\"name\":\"Home\",\"item\":\"https:\\\/\\\/www.concolino.it\\\/\"},{\"@type\":\"ListItem\",\"position\":2,\"name\":\"Il parlare semplice dei sacerdoti\"}]},{\"@type\":\"WebSite\",\"@id\":\"https:\\\/\\\/www.concolino.it\\\/#website\",\"url\":\"https:\\\/\\\/www.concolino.it\\\/\",\"name\":\"Concolino.it\",\"description\":\"Allargare gli spazi del Verbo\",\"publisher\":{\"@id\":\"https:\\\/\\\/www.concolino.it\\\/#\\\/schema\\\/person\\\/dfa8517603a44e77da85e7eb5139c070\"},\"potentialAction\":[{\"@type\":\"SearchAction\",\"target\":{\"@type\":\"EntryPoint\",\"urlTemplate\":\"https:\\\/\\\/www.concolino.it\\\/?s={search_term_string}\"},\"query-input\":{\"@type\":\"PropertyValueSpecification\",\"valueRequired\":true,\"valueName\":\"search_term_string\"}}],\"inLanguage\":\"it-IT\"},{\"@type\":[\"Person\",\"Organization\"],\"@id\":\"https:\\\/\\\/www.concolino.it\\\/#\\\/schema\\\/person\\\/dfa8517603a44e77da85e7eb5139c070\",\"name\":\"Domenico Concolino\",\"image\":{\"@type\":\"ImageObject\",\"inLanguage\":\"it-IT\",\"@id\":\"https:\\\/\\\/www.concolino.it\\\/wp-content\\\/uploads\\\/2014\\\/07\\\/CT5W9104.jpg\",\"url\":\"https:\\\/\\\/www.concolino.it\\\/wp-content\\\/uploads\\\/2014\\\/07\\\/CT5W9104.jpg\",\"contentUrl\":\"https:\\\/\\\/www.concolino.it\\\/wp-content\\\/uploads\\\/2014\\\/07\\\/CT5W9104.jpg\",\"width\":1276,\"height\":850,\"caption\":\"Domenico Concolino\"},\"logo\":{\"@id\":\"https:\\\/\\\/www.concolino.it\\\/wp-content\\\/uploads\\\/2014\\\/07\\\/CT5W9104.jpg\"},\"description\":\"Teologo | Cappellano Campus Universit\u00e0 Magna Graecia | Direttore Ufficio Regione Universit\u00e0 Scuola Educazione (Calabria)\",\"sameAs\":[\"https:\\\/\\\/www.facebook.com\\\/don.mik.94\",\"https:\\\/\\\/x.com\\\/https:\\\/\\\/twitter.com\\\/don_mik\"],\"url\":\"https:\\\/\\\/www.concolino.it\\\/index.php\\\/author\\\/admin\\\/\"}]}<\/script>\n<!-- \/ Yoast SEO plugin. -->","yoast_head_json":{"title":"Il parlare semplice dei sacerdoti - Concolino.it","robots":{"index":"index","follow":"follow","max-snippet":"max-snippet:-1","max-image-preview":"max-image-preview:large","max-video-preview":"max-video-preview:-1"},"canonical":"https:\/\/www.concolino.it\/index.php\/2014\/06\/12\/il-parlare-semplice-dei-sacerdoti\/","og_locale":"it_IT","og_type":"article","og_title":"Il parlare semplice dei sacerdoti - Concolino.it","og_description":"C&#8217;\u00e8 all&#8217;inizio di ogni parlare un a-priori: la Parola di Dio. La qualit\u00e0 del dire dei sacerdoti non \u00e8 misurabile a partire da temi aperti e dibattuti dalla sola ragione, [&hellip;]","og_url":"https:\/\/www.concolino.it\/index.php\/2014\/06\/12\/il-parlare-semplice-dei-sacerdoti\/","og_site_name":"Concolino.it","article_publisher":"https:\/\/www.facebook.com\/don.mik.94","article_author":"https:\/\/www.facebook.com\/don.mik.94","article_published_time":"2014-06-12T16:02:26+00:00","article_modified_time":"2016-03-04T20:48:58+00:00","og_image":[{"width":525,"height":350,"url":"https:\/\/www.concolino.it\/wp-content\/uploads\/2014\/06\/10268499_1478565675706114_8866057165246406844_n.jpg","type":"image\/jpeg"}],"author":"Domenico Concolino","twitter_card":"summary_large_image","twitter_creator":"@https:\/\/twitter.com\/don_mik","twitter_site":"@don_mik","twitter_misc":{"Scritto da":"Domenico Concolino","Tempo di lettura stimato":"2 minuti"},"schema":{"@context":"https:\/\/schema.org","@graph":[{"@type":"Article","@id":"https:\/\/www.concolino.it\/index.php\/2014\/06\/12\/il-parlare-semplice-dei-sacerdoti\/#article","isPartOf":{"@id":"https:\/\/www.concolino.it\/index.php\/2014\/06\/12\/il-parlare-semplice-dei-sacerdoti\/"},"author":{"name":"Domenico Concolino","@id":"https:\/\/www.concolino.it\/#\/schema\/person\/dfa8517603a44e77da85e7eb5139c070"},"headline":"Il parlare semplice dei sacerdoti","datePublished":"2014-06-12T16:02:26+00:00","dateModified":"2016-03-04T20:48:58+00:00","mainEntityOfPage":{"@id":"https:\/\/www.concolino.it\/index.php\/2014\/06\/12\/il-parlare-semplice-dei-sacerdoti\/"},"wordCount":353,"commentCount":0,"publisher":{"@id":"https:\/\/www.concolino.it\/#\/schema\/person\/dfa8517603a44e77da85e7eb5139c070"},"image":{"@id":"https:\/\/www.concolino.it\/index.php\/2014\/06\/12\/il-parlare-semplice-dei-sacerdoti\/#primaryimage"},"thumbnailUrl":"https:\/\/www.concolino.it\/wp-content\/uploads\/2014\/06\/10268499_1478565675706114_8866057165246406844_n.jpg","articleSection":["Pensieri"],"inLanguage":"it-IT","potentialAction":[{"@type":"CommentAction","name":"Comment","target":["https:\/\/www.concolino.it\/index.php\/2014\/06\/12\/il-parlare-semplice-dei-sacerdoti\/#respond"]}]},{"@type":"WebPage","@id":"https:\/\/www.concolino.it\/index.php\/2014\/06\/12\/il-parlare-semplice-dei-sacerdoti\/","url":"https:\/\/www.concolino.it\/index.php\/2014\/06\/12\/il-parlare-semplice-dei-sacerdoti\/","name":"Il parlare semplice dei sacerdoti - Concolino.it","isPartOf":{"@id":"https:\/\/www.concolino.it\/#website"},"primaryImageOfPage":{"@id":"https:\/\/www.concolino.it\/index.php\/2014\/06\/12\/il-parlare-semplice-dei-sacerdoti\/#primaryimage"},"image":{"@id":"https:\/\/www.concolino.it\/index.php\/2014\/06\/12\/il-parlare-semplice-dei-sacerdoti\/#primaryimage"},"thumbnailUrl":"https:\/\/www.concolino.it\/wp-content\/uploads\/2014\/06\/10268499_1478565675706114_8866057165246406844_n.jpg","datePublished":"2014-06-12T16:02:26+00:00","dateModified":"2016-03-04T20:48:58+00:00","breadcrumb":{"@id":"https:\/\/www.concolino.it\/index.php\/2014\/06\/12\/il-parlare-semplice-dei-sacerdoti\/#breadcrumb"},"inLanguage":"it-IT","potentialAction":[{"@type":"ReadAction","target":["https:\/\/www.concolino.it\/index.php\/2014\/06\/12\/il-parlare-semplice-dei-sacerdoti\/"]}]},{"@type":"ImageObject","inLanguage":"it-IT","@id":"https:\/\/www.concolino.it\/index.php\/2014\/06\/12\/il-parlare-semplice-dei-sacerdoti\/#primaryimage","url":"https:\/\/www.concolino.it\/wp-content\/uploads\/2014\/06\/10268499_1478565675706114_8866057165246406844_n.jpg","contentUrl":"https:\/\/www.concolino.it\/wp-content\/uploads\/2014\/06\/10268499_1478565675706114_8866057165246406844_n.jpg","width":525,"height":350},{"@type":"BreadcrumbList","@id":"https:\/\/www.concolino.it\/index.php\/2014\/06\/12\/il-parlare-semplice-dei-sacerdoti\/#breadcrumb","itemListElement":[{"@type":"ListItem","position":1,"name":"Home","item":"https:\/\/www.concolino.it\/"},{"@type":"ListItem","position":2,"name":"Il parlare semplice dei sacerdoti"}]},{"@type":"WebSite","@id":"https:\/\/www.concolino.it\/#website","url":"https:\/\/www.concolino.it\/","name":"Concolino.it","description":"Allargare gli spazi del Verbo","publisher":{"@id":"https:\/\/www.concolino.it\/#\/schema\/person\/dfa8517603a44e77da85e7eb5139c070"},"potentialAction":[{"@type":"SearchAction","target":{"@type":"EntryPoint","urlTemplate":"https:\/\/www.concolino.it\/?s={search_term_string}"},"query-input":{"@type":"PropertyValueSpecification","valueRequired":true,"valueName":"search_term_string"}}],"inLanguage":"it-IT"},{"@type":["Person","Organization"],"@id":"https:\/\/www.concolino.it\/#\/schema\/person\/dfa8517603a44e77da85e7eb5139c070","name":"Domenico Concolino","image":{"@type":"ImageObject","inLanguage":"it-IT","@id":"https:\/\/www.concolino.it\/wp-content\/uploads\/2014\/07\/CT5W9104.jpg","url":"https:\/\/www.concolino.it\/wp-content\/uploads\/2014\/07\/CT5W9104.jpg","contentUrl":"https:\/\/www.concolino.it\/wp-content\/uploads\/2014\/07\/CT5W9104.jpg","width":1276,"height":850,"caption":"Domenico Concolino"},"logo":{"@id":"https:\/\/www.concolino.it\/wp-content\/uploads\/2014\/07\/CT5W9104.jpg"},"description":"Teologo | Cappellano Campus Universit\u00e0 Magna Graecia | Direttore Ufficio Regione Universit\u00e0 Scuola Educazione (Calabria)","sameAs":["https:\/\/www.facebook.com\/don.mik.94","https:\/\/x.com\/https:\/\/twitter.com\/don_mik"],"url":"https:\/\/www.concolino.it\/index.php\/author\/admin\/"}]}},"_links":{"self":[{"href":"https:\/\/www.concolino.it\/index.php\/wp-json\/wp\/v2\/posts\/57","targetHints":{"allow":["GET"]}}],"collection":[{"href":"https:\/\/www.concolino.it\/index.php\/wp-json\/wp\/v2\/posts"}],"about":[{"href":"https:\/\/www.concolino.it\/index.php\/wp-json\/wp\/v2\/types\/post"}],"author":[{"embeddable":true,"href":"https:\/\/www.concolino.it\/index.php\/wp-json\/wp\/v2\/users\/1"}],"replies":[{"embeddable":true,"href":"https:\/\/www.concolino.it\/index.php\/wp-json\/wp\/v2\/comments?post=57"}],"version-history":[{"count":3,"href":"https:\/\/www.concolino.it\/index.php\/wp-json\/wp\/v2\/posts\/57\/revisions"}],"predecessor-version":[{"id":2192,"href":"https:\/\/www.concolino.it\/index.php\/wp-json\/wp\/v2\/posts\/57\/revisions\/2192"}],"wp:featuredmedia":[{"embeddable":true,"href":"https:\/\/www.concolino.it\/index.php\/wp-json\/wp\/v2\/media\/58"}],"wp:attachment":[{"href":"https:\/\/www.concolino.it\/index.php\/wp-json\/wp\/v2\/media?parent=57"}],"wp:term":[{"taxonomy":"category","embeddable":true,"href":"https:\/\/www.concolino.it\/index.php\/wp-json\/wp\/v2\/categories?post=57"},{"taxonomy":"post_tag","embeddable":true,"href":"https:\/\/www.concolino.it\/index.php\/wp-json\/wp\/v2\/tags?post=57"}],"curies":[{"name":"wp","href":"https:\/\/api.w.org\/{rel}","templated":true}]}}