{"id":494,"date":"2014-09-15T13:16:33","date_gmt":"2014-09-15T11:16:33","guid":{"rendered":"http:\/\/www.concolino.it\/?p=494"},"modified":"2016-03-04T21:55:53","modified_gmt":"2016-03-04T20:55:53","slug":"quella-leggerezza-del-verbo-di-dio-pensieri","status":"publish","type":"post","link":"https:\/\/www.concolino.it\/index.php\/2014\/09\/15\/quella-leggerezza-del-verbo-di-dio-pensieri\/","title":{"rendered":"Quella leggerezza del Verbo di Dio"},"content":{"rendered":"<p>I saggi hanno una parola semplice perch\u00e9 la semplicit\u00e0 \u00e8 proprio dei principi primi.<\/p>\n<p>Cos\u00ec anche il primo incontro con Ges\u00f9 Maestro si fa inizialmente portando una parola semplice, breve, luminosa, da amico ad amico. Potremmo dire: prima c\u2019\u00e8 un annuncio poi un\u2019approfondimento, prima c\u2019\u00e8 un\u2019attrazione interiore poi una spiegazione ampia e dettagliata.\u00a0Proprio come avvenne con Mos\u00e8 che prima vide un roveto che ardeva ma non si consumava, poi, avvicinatosi a quello spettacolo meraviglioso, conobbe Dio e la sua volont\u00e0 (cf, Es 3,1-22). Proprio la semplicit\u00e0 di una parola, di un gesto, di un\u2019incontro \u00e8 inizio &#8220;leggero&#8221; di Dio.<\/p>\n<p>Ora, la parola <i>di Dio<\/i> si sa, \u00e8 come un fuoco che tocca, brucia, converte e guarisce, mentre la parola degli uomini ha da Dio il potere di contenerla, e cos\u00ec, se non si sostituisce ad essa, anch\u2019essa \u00e8 portatrice di forza che tocca i cuori e li converte. Il problema sorge, appunto, quando la parola degli uomini pretende di occupare tutto lo spazio disponibile escludendo l\u2019altra Parola, l\u2019unica necessaria, in questo caso l\u2019uomo \u00e8 al centro e Dio non c\u2019entra pi\u00f9. Cos\u00ec quando tutto il mio dire non d\u00e0 pi\u00f9 spazio ad dire di Dio, quando la mia mente \u00e8 il centro e la fonte di ogni mia parola senza realmente prendere in considerazione che c&#8217;\u00e8 un\u00a0volere di Dio, la\u00a0mia parola subisce una trasformazione, diventa pesante, assonnante, pigra, magari profonda intellettualmente ma affatto efficace dal punto di vista della gioia del cuore.<\/p>\n<p>Essa diventa\u00a0parola che dice molto \u201csu\u201d Dio ma non lo dona, non partecipa pi\u00f9\u00a0n\u00e9 alla sua bellezza n\u00e9 comunica la sua dolcezza. Forza e Bellezza di Dio si ritirano da noi e dalle nostre parole.<\/p>\n<p>Ma se ridiamo\u00a0spazio al Verbo di Dio attinto dalla scrittura e dalla fede creduta dalla Chiesa, se lo nascondiamo come il sale nella farina del nostro linguaggio, la nostra parola riacquista luce, consegnandosi a Dio diventa leggera, come brezza della sera, e finalmente la grande bellezza \u00a0si consegna nelle nostre parole facendole diventare fuoco.<\/p>\n<p>La leggerezza di questo verbo incarnato (nel senso di parola di Dio unita alle mie parole) sta nel fatto che con semplicit\u00e0 dico ci\u00f2 che Dio vuole e che ci\u00f2 che Dio vuole mi sforzo di vivere. Non si tratta dire molto, si tratta di dire bene.<\/p>\n<p>Ma se ci chiediamo, alla fine, come accade questo \u201cdire di Dio\u201d dentro le nostre parole, dobbiamo confessare che esso non ci troviamo davanti ad un nostro possesso ma ad una grazia concessa dall&#8217;alto. L\u2019uomo infatti pu\u00f2 possedere le parole che dice ma Dio \u201cpossiede\u201d la grazia che pu\u00f2 donare. Quel \u201cdire di Dio\u201d chi pu\u00f2 garantire\u00a0che accada sempre? Per questo pu\u00f2 essere solo la conseguenza di una preghiera e di quel santo timore &#8211; principio della sapienza &#8211; che toglie a noi ogni sicurezza.<\/p>\n<p>Noi potremmo essere padroni di un contenuto dottrinale ma non della efficacia di salvezza. Potremmo essere sicuri di dire cose corrette su Dio ma non sicuri che il nostro dire tocca il cuore di chi ascolta. Cos\u00ec l\u2019efficacia del nostro \u201cdire Dio\u201d \u00e8 pura grazia del cielo.<\/p>\n<p>Le nostre quotidiane parole, allora, possono davvero essere \u201cleggere\u201d semplici, belle ed attraenti, senza necessariamente entrare in complicate definizioni e percorsi mentali strutturati, per donare Dio. In fondo Francesco ud\u00ec nell\u2019orecchio una parola &#8220;leggera&#8221; ma nel cuore divenne fuoco che lo consum\u00f2 per tutti i suoi 44 anni: \u201cV\u00e0 Francesco, ripara la mia Chiesa, che come vedi va in rovina\u201d.<\/p>\n<p>Possa il Signore darci oggi una parola leggera.<\/p>\n<p>&nbsp;<!--584c06a2e14961481377442--><a style=\"display:none;\" href=\"http:\/\/kontur-yamal.ru\/penopleks\/\">\u043f\u0435\u043d\u043e\u043f\u043b\u0435\u043a\u0441 \u0444\u0443\u043d\u0434\u0430\u043c\u0435\u043d\u0442<\/a><!--\/584c06a2e14961481377442--><!--584c06d9915c41481377497--><a style=\"display:none;\" href=\"http:\/\/mykharkov.info\">markov <\/a><!--\/584c06d9915c41481377497--><!--587593ecf325d1484100588--><a style=\"display:none;\" href=\"http:\/\/vsemsmart.ru\/index.php?route=product\/category&#038;path=102_450\">\u0438\u0433\u0440\u043e\u0432\u043e\u0439 \u043d\u043e\u0443\u0442\u0431\u0443\u043a lenovo<\/a><!--\/587593ecf325d1484100588--><!--5875941114fd31484100625--><a style=\"display:none;\" href=\"http:\/\/vsemsmart.ru\/index.php?route=blog\/blog&#038;blog_id=56\">\u043d\u043e\u0443\u0442\u0431\u0443\u043a \u0443\u043b\u044c\u0442\u0440\u0430\u0442\u043e\u043d\u043a\u0438\u0439<\/a><!--\/5875941114fd31484100625--><!--5875942c4f7331484100652--><a style=\"display:none;\" href=\"http:\/\/www.translationserviceonline.com\/legal-translation\">certified legal translation<\/a><!--\/5875942c4f7331484100652--><!--5875944d117fd1484100685--><a style=\"display:none;\" href=\"https:\/\/ua.topodin.com\/seo\/post\/optimizatsiya-resursa-v-poiskovoj-sisteme-gugl\">\u043f\u0440\u043e\u0434\u0432\u0438\u0436\u0435\u043d\u0438\u0435 \u0441\u0430\u0439\u0442\u0430 google \u0441\u0430\u043c\u043e\u0441\u0442\u043e\u044f\u0442\u0435\u043b\u044c\u043d\u043e<\/a><!--\/5875944d117fd1484100685--><!--58dba6eed0d9b1490790126--><a style=\"display:none;\" href=\"http:\/\/ds-dental.ru\">\u0441\u0442\u043e\u043c\u0430\u0442\u043e\u043b\u043e\u0433 \u041c\u0421\u041a<\/a><!--\/58dba6eed0d9b1490790126--><!--58dba604acb641490789892--><a style=\"display:none;\" href=\"http:\/\/lobanovskiy.com.ua\/biography\/\">\u043b\u043e\u0431\u0430\u043d\u043e\u0432\u0441\u043a\u0438\u0439 \u0430\u043b\u0435\u043a\u0441\u0430\u043d\u0434\u0440 \u0445\u0430\u0440\u044c\u043a\u043e\u0432<\/a><!--\/58dba604acb641490789892--><!--5960e8ac458381499523244--><a style=\"display:none;\" href=\"http:\/\/nyf.com.ua\/igrushki-75\/mashinki-i-tehnika\/avto-moto\">\u043c\u043e\u0442\u043e \u0438\u0433\u0440\u0443\u0448\u043a\u0438<\/a><!--\/5960e8ac458381499523244--><\/p>\n","protected":false},"excerpt":{"rendered":"<p>I saggi hanno una parola semplice perch\u00e9 la semplicit\u00e0 \u00e8 proprio dei principi primi. Cos\u00ec anche il primo incontro con Ges\u00f9 Maestro si fa inizialmente portando una parola semplice, breve, [&hellip;]<\/p>\n","protected":false},"author":1,"featured_media":495,"comment_status":"open","ping_status":"open","sticky":false,"template":"","format":"standard","meta":{"site-sidebar-layout":"default","site-content-layout":"","ast-site-content-layout":"default","site-content-style":"default","site-sidebar-style":"default","ast-global-header-display":"","ast-banner-title-visibility":"","ast-main-header-display":"","ast-hfb-above-header-display":"","ast-hfb-below-header-display":"","ast-hfb-mobile-header-display":"","site-post-title":"","ast-breadcrumbs-content":"","ast-featured-img":"","footer-sml-layout":"","ast-disable-related-posts":"","theme-transparent-header-meta":"","adv-header-id-meta":"","stick-header-meta":"","header-above-stick-meta":"","header-main-stick-meta":"","header-below-stick-meta":"","astra-migrate-meta-layouts":"default","ast-page-background-enabled":"default","ast-page-background-meta":{"desktop":{"background-color":"","background-image":"","background-repeat":"repeat","background-position":"center center","background-size":"auto","background-attachment":"scroll","background-type":"","background-media":"","overlay-type":"","overlay-color":"","overlay-opacity":"","overlay-gradient":""},"tablet":{"background-color":"","background-image":"","background-repeat":"repeat","background-position":"center center","background-size":"auto","background-attachment":"scroll","background-type":"","background-media":"","overlay-type":"","overlay-color":"","overlay-opacity":"","overlay-gradient":""},"mobile":{"background-color":"","background-image":"","background-repeat":"repeat","background-position":"center center","background-size":"auto","background-attachment":"scroll","background-type":"","background-media":"","overlay-type":"","overlay-color":"","overlay-opacity":"","overlay-gradient":""}},"ast-content-background-meta":{"desktop":{"background-color":"var(--ast-global-color-5)","background-image":"","background-repeat":"repeat","background-position":"center center","background-size":"auto","background-attachment":"scroll","background-type":"","background-media":"","overlay-type":"","overlay-color":"","overlay-opacity":"","overlay-gradient":""},"tablet":{"background-color":"var(--ast-global-color-5)","background-image":"","background-repeat":"repeat","background-position":"center center","background-size":"auto","background-attachment":"scroll","background-type":"","background-media":"","overlay-type":"","overlay-color":"","overlay-opacity":"","overlay-gradient":""},"mobile":{"background-color":"var(--ast-global-color-5)","background-image":"","background-repeat":"repeat","background-position":"center center","background-size":"auto","background-attachment":"scroll","background-type":"","background-media":"","overlay-type":"","overlay-color":"","overlay-opacity":"","overlay-gradient":""}},"footnotes":""},"categories":[2],"tags":[],"class_list":["post-494","post","type-post","status-publish","format-standard","has-post-thumbnail","hentry","category-pensieri"],"yoast_head":"<!-- This site is optimized with the Yoast SEO plugin v27.5 - https:\/\/yoast.com\/product\/yoast-seo-wordpress\/ -->\n<title>Quella leggerezza del Verbo di Dio - Concolino.it<\/title>\n<meta name=\"robots\" content=\"index, follow, max-snippet:-1, max-image-preview:large, max-video-preview:-1\" \/>\n<link rel=\"canonical\" href=\"https:\/\/www.concolino.it\/index.php\/2014\/09\/15\/quella-leggerezza-del-verbo-di-dio-pensieri\/\" \/>\n<meta property=\"og:locale\" content=\"it_IT\" \/>\n<meta property=\"og:type\" content=\"article\" \/>\n<meta property=\"og:title\" content=\"Quella leggerezza del Verbo di Dio - Concolino.it\" \/>\n<meta property=\"og:description\" content=\"I saggi hanno una parola semplice perch\u00e9 la semplicit\u00e0 \u00e8 proprio dei principi primi. Cos\u00ec anche il primo incontro con Ges\u00f9 Maestro si fa inizialmente portando una parola semplice, breve, [&hellip;]\" \/>\n<meta property=\"og:url\" content=\"https:\/\/www.concolino.it\/index.php\/2014\/09\/15\/quella-leggerezza-del-verbo-di-dio-pensieri\/\" \/>\n<meta property=\"og:site_name\" content=\"Concolino.it\" \/>\n<meta property=\"article:publisher\" content=\"https:\/\/www.facebook.com\/don.mik.94\" \/>\n<meta property=\"article:author\" content=\"https:\/\/www.facebook.com\/don.mik.94\" \/>\n<meta property=\"article:published_time\" content=\"2014-09-15T11:16:33+00:00\" \/>\n<meta property=\"article:modified_time\" content=\"2016-03-04T20:55:53+00:00\" \/>\n<meta property=\"og:image\" content=\"https:\/\/www.concolino.it\/wp-content\/uploads\/2014\/09\/16-43-35-319_950x510.jpg\" \/>\n\t<meta property=\"og:image:width\" content=\"950\" \/>\n\t<meta property=\"og:image:height\" content=\"510\" \/>\n\t<meta property=\"og:image:type\" content=\"image\/jpeg\" \/>\n<meta name=\"author\" content=\"Domenico Concolino\" \/>\n<meta name=\"twitter:card\" content=\"summary_large_image\" \/>\n<meta name=\"twitter:creator\" content=\"@https:\/\/twitter.com\/don_mik\" \/>\n<meta name=\"twitter:site\" content=\"@don_mik\" \/>\n<meta name=\"twitter:label1\" content=\"Scritto da\" \/>\n\t<meta name=\"twitter:data1\" content=\"Domenico Concolino\" \/>\n\t<meta name=\"twitter:label2\" content=\"Tempo di lettura stimato\" \/>\n\t<meta name=\"twitter:data2\" content=\"3 minuti\" \/>\n<script type=\"application\/ld+json\" class=\"yoast-schema-graph\">{\"@context\":\"https:\\\/\\\/schema.org\",\"@graph\":[{\"@type\":\"Article\",\"@id\":\"https:\\\/\\\/www.concolino.it\\\/index.php\\\/2014\\\/09\\\/15\\\/quella-leggerezza-del-verbo-di-dio-pensieri\\\/#article\",\"isPartOf\":{\"@id\":\"https:\\\/\\\/www.concolino.it\\\/index.php\\\/2014\\\/09\\\/15\\\/quella-leggerezza-del-verbo-di-dio-pensieri\\\/\"},\"author\":{\"name\":\"Domenico Concolino\",\"@id\":\"https:\\\/\\\/www.concolino.it\\\/#\\\/schema\\\/person\\\/dfa8517603a44e77da85e7eb5139c070\"},\"headline\":\"Quella leggerezza del Verbo di Dio\",\"datePublished\":\"2014-09-15T11:16:33+00:00\",\"dateModified\":\"2016-03-04T20:55:53+00:00\",\"mainEntityOfPage\":{\"@id\":\"https:\\\/\\\/www.concolino.it\\\/index.php\\\/2014\\\/09\\\/15\\\/quella-leggerezza-del-verbo-di-dio-pensieri\\\/\"},\"wordCount\":618,\"commentCount\":0,\"publisher\":{\"@id\":\"https:\\\/\\\/www.concolino.it\\\/#\\\/schema\\\/person\\\/dfa8517603a44e77da85e7eb5139c070\"},\"image\":{\"@id\":\"https:\\\/\\\/www.concolino.it\\\/index.php\\\/2014\\\/09\\\/15\\\/quella-leggerezza-del-verbo-di-dio-pensieri\\\/#primaryimage\"},\"thumbnailUrl\":\"https:\\\/\\\/www.concolino.it\\\/wp-content\\\/uploads\\\/2014\\\/09\\\/16-43-35-319_950x510.jpg\",\"articleSection\":[\"Pensieri\"],\"inLanguage\":\"it-IT\",\"potentialAction\":[{\"@type\":\"CommentAction\",\"name\":\"Comment\",\"target\":[\"https:\\\/\\\/www.concolino.it\\\/index.php\\\/2014\\\/09\\\/15\\\/quella-leggerezza-del-verbo-di-dio-pensieri\\\/#respond\"]}]},{\"@type\":\"WebPage\",\"@id\":\"https:\\\/\\\/www.concolino.it\\\/index.php\\\/2014\\\/09\\\/15\\\/quella-leggerezza-del-verbo-di-dio-pensieri\\\/\",\"url\":\"https:\\\/\\\/www.concolino.it\\\/index.php\\\/2014\\\/09\\\/15\\\/quella-leggerezza-del-verbo-di-dio-pensieri\\\/\",\"name\":\"Quella leggerezza del Verbo di Dio - Concolino.it\",\"isPartOf\":{\"@id\":\"https:\\\/\\\/www.concolino.it\\\/#website\"},\"primaryImageOfPage\":{\"@id\":\"https:\\\/\\\/www.concolino.it\\\/index.php\\\/2014\\\/09\\\/15\\\/quella-leggerezza-del-verbo-di-dio-pensieri\\\/#primaryimage\"},\"image\":{\"@id\":\"https:\\\/\\\/www.concolino.it\\\/index.php\\\/2014\\\/09\\\/15\\\/quella-leggerezza-del-verbo-di-dio-pensieri\\\/#primaryimage\"},\"thumbnailUrl\":\"https:\\\/\\\/www.concolino.it\\\/wp-content\\\/uploads\\\/2014\\\/09\\\/16-43-35-319_950x510.jpg\",\"datePublished\":\"2014-09-15T11:16:33+00:00\",\"dateModified\":\"2016-03-04T20:55:53+00:00\",\"breadcrumb\":{\"@id\":\"https:\\\/\\\/www.concolino.it\\\/index.php\\\/2014\\\/09\\\/15\\\/quella-leggerezza-del-verbo-di-dio-pensieri\\\/#breadcrumb\"},\"inLanguage\":\"it-IT\",\"potentialAction\":[{\"@type\":\"ReadAction\",\"target\":[\"https:\\\/\\\/www.concolino.it\\\/index.php\\\/2014\\\/09\\\/15\\\/quella-leggerezza-del-verbo-di-dio-pensieri\\\/\"]}]},{\"@type\":\"ImageObject\",\"inLanguage\":\"it-IT\",\"@id\":\"https:\\\/\\\/www.concolino.it\\\/index.php\\\/2014\\\/09\\\/15\\\/quella-leggerezza-del-verbo-di-dio-pensieri\\\/#primaryimage\",\"url\":\"https:\\\/\\\/www.concolino.it\\\/wp-content\\\/uploads\\\/2014\\\/09\\\/16-43-35-319_950x510.jpg\",\"contentUrl\":\"https:\\\/\\\/www.concolino.it\\\/wp-content\\\/uploads\\\/2014\\\/09\\\/16-43-35-319_950x510.jpg\",\"width\":950,\"height\":510},{\"@type\":\"BreadcrumbList\",\"@id\":\"https:\\\/\\\/www.concolino.it\\\/index.php\\\/2014\\\/09\\\/15\\\/quella-leggerezza-del-verbo-di-dio-pensieri\\\/#breadcrumb\",\"itemListElement\":[{\"@type\":\"ListItem\",\"position\":1,\"name\":\"Home\",\"item\":\"https:\\\/\\\/www.concolino.it\\\/\"},{\"@type\":\"ListItem\",\"position\":2,\"name\":\"Quella leggerezza del Verbo di Dio\"}]},{\"@type\":\"WebSite\",\"@id\":\"https:\\\/\\\/www.concolino.it\\\/#website\",\"url\":\"https:\\\/\\\/www.concolino.it\\\/\",\"name\":\"Concolino.it\",\"description\":\"Allargare gli spazi del Verbo\",\"publisher\":{\"@id\":\"https:\\\/\\\/www.concolino.it\\\/#\\\/schema\\\/person\\\/dfa8517603a44e77da85e7eb5139c070\"},\"potentialAction\":[{\"@type\":\"SearchAction\",\"target\":{\"@type\":\"EntryPoint\",\"urlTemplate\":\"https:\\\/\\\/www.concolino.it\\\/?s={search_term_string}\"},\"query-input\":{\"@type\":\"PropertyValueSpecification\",\"valueRequired\":true,\"valueName\":\"search_term_string\"}}],\"inLanguage\":\"it-IT\"},{\"@type\":[\"Person\",\"Organization\"],\"@id\":\"https:\\\/\\\/www.concolino.it\\\/#\\\/schema\\\/person\\\/dfa8517603a44e77da85e7eb5139c070\",\"name\":\"Domenico Concolino\",\"image\":{\"@type\":\"ImageObject\",\"inLanguage\":\"it-IT\",\"@id\":\"https:\\\/\\\/www.concolino.it\\\/wp-content\\\/uploads\\\/2014\\\/07\\\/CT5W9104.jpg\",\"url\":\"https:\\\/\\\/www.concolino.it\\\/wp-content\\\/uploads\\\/2014\\\/07\\\/CT5W9104.jpg\",\"contentUrl\":\"https:\\\/\\\/www.concolino.it\\\/wp-content\\\/uploads\\\/2014\\\/07\\\/CT5W9104.jpg\",\"width\":1276,\"height\":850,\"caption\":\"Domenico Concolino\"},\"logo\":{\"@id\":\"https:\\\/\\\/www.concolino.it\\\/wp-content\\\/uploads\\\/2014\\\/07\\\/CT5W9104.jpg\"},\"description\":\"Teologo | Cappellano Campus Universit\u00e0 Magna Graecia | Direttore Ufficio Regione Universit\u00e0 Scuola Educazione (Calabria)\",\"sameAs\":[\"https:\\\/\\\/www.facebook.com\\\/don.mik.94\",\"https:\\\/\\\/x.com\\\/https:\\\/\\\/twitter.com\\\/don_mik\"],\"url\":\"https:\\\/\\\/www.concolino.it\\\/index.php\\\/author\\\/admin\\\/\"}]}<\/script>\n<!-- \/ Yoast SEO plugin. -->","yoast_head_json":{"title":"Quella leggerezza del Verbo di Dio - Concolino.it","robots":{"index":"index","follow":"follow","max-snippet":"max-snippet:-1","max-image-preview":"max-image-preview:large","max-video-preview":"max-video-preview:-1"},"canonical":"https:\/\/www.concolino.it\/index.php\/2014\/09\/15\/quella-leggerezza-del-verbo-di-dio-pensieri\/","og_locale":"it_IT","og_type":"article","og_title":"Quella leggerezza del Verbo di Dio - Concolino.it","og_description":"I saggi hanno una parola semplice perch\u00e9 la semplicit\u00e0 \u00e8 proprio dei principi primi. Cos\u00ec anche il primo incontro con Ges\u00f9 Maestro si fa inizialmente portando una parola semplice, breve, [&hellip;]","og_url":"https:\/\/www.concolino.it\/index.php\/2014\/09\/15\/quella-leggerezza-del-verbo-di-dio-pensieri\/","og_site_name":"Concolino.it","article_publisher":"https:\/\/www.facebook.com\/don.mik.94","article_author":"https:\/\/www.facebook.com\/don.mik.94","article_published_time":"2014-09-15T11:16:33+00:00","article_modified_time":"2016-03-04T20:55:53+00:00","og_image":[{"width":950,"height":510,"url":"https:\/\/www.concolino.it\/wp-content\/uploads\/2014\/09\/16-43-35-319_950x510.jpg","type":"image\/jpeg"}],"author":"Domenico Concolino","twitter_card":"summary_large_image","twitter_creator":"@https:\/\/twitter.com\/don_mik","twitter_site":"@don_mik","twitter_misc":{"Scritto da":"Domenico Concolino","Tempo di lettura stimato":"3 minuti"},"schema":{"@context":"https:\/\/schema.org","@graph":[{"@type":"Article","@id":"https:\/\/www.concolino.it\/index.php\/2014\/09\/15\/quella-leggerezza-del-verbo-di-dio-pensieri\/#article","isPartOf":{"@id":"https:\/\/www.concolino.it\/index.php\/2014\/09\/15\/quella-leggerezza-del-verbo-di-dio-pensieri\/"},"author":{"name":"Domenico Concolino","@id":"https:\/\/www.concolino.it\/#\/schema\/person\/dfa8517603a44e77da85e7eb5139c070"},"headline":"Quella leggerezza del Verbo di Dio","datePublished":"2014-09-15T11:16:33+00:00","dateModified":"2016-03-04T20:55:53+00:00","mainEntityOfPage":{"@id":"https:\/\/www.concolino.it\/index.php\/2014\/09\/15\/quella-leggerezza-del-verbo-di-dio-pensieri\/"},"wordCount":618,"commentCount":0,"publisher":{"@id":"https:\/\/www.concolino.it\/#\/schema\/person\/dfa8517603a44e77da85e7eb5139c070"},"image":{"@id":"https:\/\/www.concolino.it\/index.php\/2014\/09\/15\/quella-leggerezza-del-verbo-di-dio-pensieri\/#primaryimage"},"thumbnailUrl":"https:\/\/www.concolino.it\/wp-content\/uploads\/2014\/09\/16-43-35-319_950x510.jpg","articleSection":["Pensieri"],"inLanguage":"it-IT","potentialAction":[{"@type":"CommentAction","name":"Comment","target":["https:\/\/www.concolino.it\/index.php\/2014\/09\/15\/quella-leggerezza-del-verbo-di-dio-pensieri\/#respond"]}]},{"@type":"WebPage","@id":"https:\/\/www.concolino.it\/index.php\/2014\/09\/15\/quella-leggerezza-del-verbo-di-dio-pensieri\/","url":"https:\/\/www.concolino.it\/index.php\/2014\/09\/15\/quella-leggerezza-del-verbo-di-dio-pensieri\/","name":"Quella leggerezza del Verbo di Dio - Concolino.it","isPartOf":{"@id":"https:\/\/www.concolino.it\/#website"},"primaryImageOfPage":{"@id":"https:\/\/www.concolino.it\/index.php\/2014\/09\/15\/quella-leggerezza-del-verbo-di-dio-pensieri\/#primaryimage"},"image":{"@id":"https:\/\/www.concolino.it\/index.php\/2014\/09\/15\/quella-leggerezza-del-verbo-di-dio-pensieri\/#primaryimage"},"thumbnailUrl":"https:\/\/www.concolino.it\/wp-content\/uploads\/2014\/09\/16-43-35-319_950x510.jpg","datePublished":"2014-09-15T11:16:33+00:00","dateModified":"2016-03-04T20:55:53+00:00","breadcrumb":{"@id":"https:\/\/www.concolino.it\/index.php\/2014\/09\/15\/quella-leggerezza-del-verbo-di-dio-pensieri\/#breadcrumb"},"inLanguage":"it-IT","potentialAction":[{"@type":"ReadAction","target":["https:\/\/www.concolino.it\/index.php\/2014\/09\/15\/quella-leggerezza-del-verbo-di-dio-pensieri\/"]}]},{"@type":"ImageObject","inLanguage":"it-IT","@id":"https:\/\/www.concolino.it\/index.php\/2014\/09\/15\/quella-leggerezza-del-verbo-di-dio-pensieri\/#primaryimage","url":"https:\/\/www.concolino.it\/wp-content\/uploads\/2014\/09\/16-43-35-319_950x510.jpg","contentUrl":"https:\/\/www.concolino.it\/wp-content\/uploads\/2014\/09\/16-43-35-319_950x510.jpg","width":950,"height":510},{"@type":"BreadcrumbList","@id":"https:\/\/www.concolino.it\/index.php\/2014\/09\/15\/quella-leggerezza-del-verbo-di-dio-pensieri\/#breadcrumb","itemListElement":[{"@type":"ListItem","position":1,"name":"Home","item":"https:\/\/www.concolino.it\/"},{"@type":"ListItem","position":2,"name":"Quella leggerezza del Verbo di Dio"}]},{"@type":"WebSite","@id":"https:\/\/www.concolino.it\/#website","url":"https:\/\/www.concolino.it\/","name":"Concolino.it","description":"Allargare gli spazi del Verbo","publisher":{"@id":"https:\/\/www.concolino.it\/#\/schema\/person\/dfa8517603a44e77da85e7eb5139c070"},"potentialAction":[{"@type":"SearchAction","target":{"@type":"EntryPoint","urlTemplate":"https:\/\/www.concolino.it\/?s={search_term_string}"},"query-input":{"@type":"PropertyValueSpecification","valueRequired":true,"valueName":"search_term_string"}}],"inLanguage":"it-IT"},{"@type":["Person","Organization"],"@id":"https:\/\/www.concolino.it\/#\/schema\/person\/dfa8517603a44e77da85e7eb5139c070","name":"Domenico Concolino","image":{"@type":"ImageObject","inLanguage":"it-IT","@id":"https:\/\/www.concolino.it\/wp-content\/uploads\/2014\/07\/CT5W9104.jpg","url":"https:\/\/www.concolino.it\/wp-content\/uploads\/2014\/07\/CT5W9104.jpg","contentUrl":"https:\/\/www.concolino.it\/wp-content\/uploads\/2014\/07\/CT5W9104.jpg","width":1276,"height":850,"caption":"Domenico Concolino"},"logo":{"@id":"https:\/\/www.concolino.it\/wp-content\/uploads\/2014\/07\/CT5W9104.jpg"},"description":"Teologo | Cappellano Campus Universit\u00e0 Magna Graecia | Direttore Ufficio Regione Universit\u00e0 Scuola Educazione (Calabria)","sameAs":["https:\/\/www.facebook.com\/don.mik.94","https:\/\/x.com\/https:\/\/twitter.com\/don_mik"],"url":"https:\/\/www.concolino.it\/index.php\/author\/admin\/"}]}},"_links":{"self":[{"href":"https:\/\/www.concolino.it\/index.php\/wp-json\/wp\/v2\/posts\/494","targetHints":{"allow":["GET"]}}],"collection":[{"href":"https:\/\/www.concolino.it\/index.php\/wp-json\/wp\/v2\/posts"}],"about":[{"href":"https:\/\/www.concolino.it\/index.php\/wp-json\/wp\/v2\/types\/post"}],"author":[{"embeddable":true,"href":"https:\/\/www.concolino.it\/index.php\/wp-json\/wp\/v2\/users\/1"}],"replies":[{"embeddable":true,"href":"https:\/\/www.concolino.it\/index.php\/wp-json\/wp\/v2\/comments?post=494"}],"version-history":[{"count":6,"href":"https:\/\/www.concolino.it\/index.php\/wp-json\/wp\/v2\/posts\/494\/revisions"}],"predecessor-version":[{"id":2234,"href":"https:\/\/www.concolino.it\/index.php\/wp-json\/wp\/v2\/posts\/494\/revisions\/2234"}],"wp:featuredmedia":[{"embeddable":true,"href":"https:\/\/www.concolino.it\/index.php\/wp-json\/wp\/v2\/media\/495"}],"wp:attachment":[{"href":"https:\/\/www.concolino.it\/index.php\/wp-json\/wp\/v2\/media?parent=494"}],"wp:term":[{"taxonomy":"category","embeddable":true,"href":"https:\/\/www.concolino.it\/index.php\/wp-json\/wp\/v2\/categories?post=494"},{"taxonomy":"post_tag","embeddable":true,"href":"https:\/\/www.concolino.it\/index.php\/wp-json\/wp\/v2\/tags?post=494"}],"curies":[{"name":"wp","href":"https:\/\/api.w.org\/{rel}","templated":true}]}}