{"id":4852,"date":"2022-07-29T09:29:12","date_gmt":"2022-07-29T07:29:12","guid":{"rendered":"https:\/\/www.concolino.it\/?p=4852"},"modified":"2022-07-29T09:29:16","modified_gmt":"2022-07-29T07:29:16","slug":"dellinevitabile-scrittura-pensieri","status":"publish","type":"post","link":"https:\/\/www.concolino.it\/index.php\/2022\/07\/29\/dellinevitabile-scrittura-pensieri\/","title":{"rendered":"Dell&#8217;inevitabile scrittura | Pensieri"},"content":{"rendered":"\n\n\n<figure class=\"wp-block-image\"><img decoding=\"async\" src=\"https:\/\/static.xx.fbcdn.net\/rsrc.php\/v3\/yB\/r\/znkg8vWKYoa.png\" alt=\"Tutti\"\/><\/figure>\n\n\n\n<p>Eppure, della parola scritta, non possiamo farne a meno.<\/p>\n\n\n\n<p>Come \u00e8 possibile infatti realizzare la sopravvivenza del nostro dire senza una scrittura? La parola detta svanisce appena la si pronuncia e il senso di quelle parole viene raccolto dall\u2019orecchio del cuore, ma poi? Se desidero riprenderlo dove vado a ripescarlo? Se ci\u00f2 che \u00e8 scritto in noi viene strappato via da esperienze di dolore e peccati, dove guardare?<\/p>\n\n\n\n<p>Ecco allora la formidabile invenzione che ha rivoluzionato il nostro modo di stare nel mondo: scrivere.<\/p>\n\n\n\n<p>In ogni scrittura troviamo lo strumento della sopravvivenza, l&#8217;aiuto alle nostre fragili parole perch\u00e9 attraversino nel migliore dei modi, il tempo e lo spazio. Come scialuppa di salvataggio, ogni verbo naviga nel mare infinito della storia umana. Ogni scrittura diventa cos\u00ec una testimonianza esterna visibile e sempre raggiungibile di ci\u00f2 che bisogna non dimenticare.<\/p>\n\n\n\n<p>Le tavole del cuore e le tavole di carta &#8211; anche quelle digitali &#8211; ci riconsegnano insieme, la materia delle parola dette. Si certo, \u00e8 bene ribadirlo, la vera scrittura, quella che ci cambia la vita \u00e8 quella del cuore, ma se qualcosa o qualcuno la cancella? Se come spesso accade l&#8217;odio del mondo ci ha scavati dentro e il male ci ha gettati via dalla luce, dove riprendere la via? Ecco allora la seconda tavola: la parola scritta su carta.<\/p>\n\n\n\n<p>A me pare che le parole proclamate nella santa liturgia rappresentano anche questa dimensione. La Messa in fondo \u00e8 un Dono di grazia perch\u00e9 ci consegna Cristo stesso, ma \u00e8 anche una presa di coscienza di chi siamo, da dove veniamo e dove andiamo esattamente perch\u00e9 rileggiamo parola vere.<\/p>\n\n\n\n<p>Persino alcuni gesti, importanti, subirebbero la stessa sorte delle parole, lo stesso oblio, se non si fossero inventati quei piccoli segni chiamati lettere dell\u2019alfabeto. La scrittura, in generale, va perci\u00f2 pensata come corpo stabile di ci\u00f2 che altrimenti passa, testimonianza visibile di memoria giusta. Via verso una verit\u00e0 pi\u00f9 grande.<\/p>\n\n\n\n<p>In questo senso troveremo la risposta all\u2019antica domanda: \u201cperch\u00e9 scrivere?\u201d.<\/p>\n\n\n\n<p>La pratica della scrittura diventerebbe in questa luce, la medicina fondamentale contro ogni dimenticanza. Un potente antidoto all\u2019oblio delle cose e delle parole che nutrono le nostre anime. Al contrario con l\u2019umile gesto dello scrivere possiamo ricostruire il fil rouge del divenire di tante vite. Non per nulla ogni pagina scritta, i latini l&#8217;hanno chiamata testo, textus cio\u00e8 trama. Nello scrivere, ma nello scrivere vero, la vita riappare nella sua verit\u00e0 pi\u00f9 profonda. Penso ad esempio a tutti quei libri che ci hanno permesso di conoscere pezzi di storia importanti per l&#8217;intera umanit\u00e0.<\/p>\n\n\n\n<p>&lt;si, perch\u00e9, da questo punto di vista, il paziente atto dello scrivere e la scrittura stessa non sono solo un problema di comunicazione tra persone lontane nel tempo e nello spazio, ma \u00e8 un\u2019esigenza dell\u2019anima, una pratica spirituale che permettere di fissare davanti agli occhi ci\u00f2 che ha davvero valore e che la fragilit\u00e0 del ricordo potrebbe sbiadire. Scrivere vuol dire abilitare forza che nuove la storia, \u00e8 dire: &#8220;attenti questa cosa va presa sul serio&#8221;.<\/p>\n\n\n\n<p>Gli animali ad esempio non scrivono. Almeno non come facciamo noi. Essi non non hanno un retaggio da consegnare. Non si fermano a raccogliere ricordi e nuove acquisizioni ordinandoli in un testo e indirizzarli a coloro che verranno dopo di loro. Per loro ci\u00f2 che passa finisce. Ci\u00f2 che passa \u00e8 perduto per sempre e non pu\u00f2 essere fissato in una memoria condivisibile.<\/p>\n\n\n\n<p>L\u2019uomo invece \u00e8 un essere comunicante. Perpetua nella parola se stesso lasciando tracce di s\u00e9 negli altri. \u00c9 l&#8217;essere che delle proprie passioni e visoni, ideali e progetti, fa dono agli altri, esattamente in un verbo che divine scrittura, ma anche opere d&#8217;arte.<\/p>\n\n\n\n<p>Nell&#8217;umile pratica della scrittura egli lega i propri singoli momenti in un senso pi\u00f9 ampio. <\/p>\n\n\n\n<p>Cos\u00ec con la scrittura, si dice, nasce la storia. Non la cronaca, ma la storia. Senza scrittura le cose accadrebbero lo stesso, ma noi, distanti nel tempo e nel luogo da ci\u00f2 che \u00e8 accaduto, non potremmo parlarne. Non c&#8217;\u00e8 storia perch\u00e9 nessuno li narra e niente ci darebbe la possibilit\u00e0 di raggiungere quel passato.<\/p>\n\n\n\n<p>Dire storia \u00e8 dire sempre che qualcuno ha scritto, ha registrato fatti e parole. Cos\u00ec dire storia \u00e8 dire memoria, cio\u00e8, se volgiamo, possibilit\u00e0 di non ripetere stessi eventi e magari stessi errori. Li dove c&#8217;\u00e8 memoria le cose fatte potranno non iniziare ogni volta dallo stesso punto. Possiamo, se ricordiamo, andare avanti, crescere senza essere costretti a ripetere le stesse cose. Come imparare a nuotare, guidare una bicicletta, scrivere sulla tastiera del computer, allacciati le scarpe. Memoria significa accorciare i tempi di azione. Una volta fissata nella memoria non bisogna ricominciare dal principio. Ma memoria significa anche la consapevolezza che certe strade non conducono a nulla. Odio, morte, ingiustizia, fallimenti, forme di esistenza antievangelica possono essere cambiate se la memoria scritta diventa ricordo in noi e per gli altri.<\/p>\n\n\n\n<p>I popoli antichi erano molto pi\u00f9 bravi di noi nella pratica del ricordo. I loro vecchi, ma non solo loro, erano i depositari di una saggezza costruita sul ricordo. Il passato viveva nel loro presente come spazio in cui germinava il futuro. Forse perch\u00e9 davano pi\u00f9 valore alla dignit\u00e0 della vita e delle cose giuste da non dimenticare. Per loro il passato viveva anzitutto nell\u2019oralit\u00e0 e nella memoria e per questo conoscevano anche una serie di tecniche che gli permettevano senza troppa fatica, di ricordare le cose con ordine e armonia. Queste mnemotecniche sfociavano poi in poesie, canti, filastrocche, racconti, proverbi, sequenze di nomi. La memoria aveva un profondo valore umano e politico, era il modo di edificare la citt\u00e0 degli uomini.<\/p>\n\n\n\n<p>Insomma della scrittura non possiamo farne a meno perch\u00e9 noi siamo il tempo che viviamo. Siamo un presente che ha sempre radici nel passato che ci spingono in avanti. Credit che il valore della scrittura, del suo essere memoria per tutti, stabilit\u00e0 di ci\u00f2 che passa, sta anche nella sua forza di plasmare il futuro, quello che ci apre a Dio, al mondo, agli altri. Ogni buona scrittura ci parla dentro, ci dona la forza di non fermarci egoisticamente su noi stessi, ma ci chiede di allargare gli orizzonti, amplificare gli sguardi sull\u2019esistenza.<\/p>\n\n\n\n<p>Benedetto da Norcia aveva visto bene quando nella sua famosa regola comanda ai suoi monaci tre semplici cose: &#8220;ora, labora et lege&#8221;, prega, lavora e leggi, studia, apriti al nuovo delle parole altrui.<\/p>\n\n\n\n<p>Scrivere, per chi ha l\u2019amore per la lettura, significa prendere il vissuto del mondo a piene mani Leo consegna ad altri. \u00c9 un lasciare che la luce che si sprigiona dalle cose ci raggiunga come un balsamo della vita.<\/p>\n\n\n\n<p>Infine.<\/p>\n\n\n\n<p>Guai a coloro che si fermano ad una sola cosa, ad un solo libro, ad una sola esperienza e non riescono a cogliere pi\u00f9 legami tra fatti e vita. Guai a coloro che leggono solo le loro parole. Non a caso, qualcuno ha scritto, forse proprio Tommaso d\u2019Aquino: \u201cTimeo hominem unius libri\u201d (temo l\u2019uomo di un solo libro), mentre il grande Agostino ricordava che la strada della saggezza procede da tre gradi vie: dalla molta lettura, dai molti viaggi, dall\u2019ascolto di molti testimoni. E per dirla tutta persino la Sacra Scrittura chiede numerosissimi altre letture, altri libri per essere compresa nella sua intima bellezza: archeologia, geografia, storia, filologia, teologia, filosofia, antropologia, psicologia, sociologia, storia dell\u2019arte, architettura, astronomia, botanica e tanto tanto altro ancora. Tutti questi saperi sono necessari perch\u00e9 la Bibbia ci parli ancora oggi. Qui non c\u2019\u00e8 nessun sconto di pena per il diligente lettore.<\/p>\n\n\n\n<p>Cos\u00ec chi scrive permette a quella parte di vita buona di espandersi ed essere riconosciuta nel suo valore e chi legge impara a salire sulle spalle dei giganti e anche se piccolo riesce a vedere un po\u2019 pi\u00f9 in la di loro  (cit.).<\/p>\n","protected":false},"excerpt":{"rendered":"<p>Eppure, della parola scritta, non possiamo farne a meno. Come \u00e8 possibile infatti realizzare la sopravvivenza del nostro dire senza una scrittura? La parola detta svanisce appena la si pronuncia [&hellip;]<\/p>\n","protected":false},"author":1,"featured_media":4854,"comment_status":"closed","ping_status":"closed","sticky":false,"template":"","format":"image","meta":{"site-sidebar-layout":"default","site-content-layout":"","ast-site-content-layout":"default","site-content-style":"default","site-sidebar-style":"default","ast-global-header-display":"","ast-banner-title-visibility":"","ast-main-header-display":"","ast-hfb-above-header-display":"","ast-hfb-below-header-display":"","ast-hfb-mobile-header-display":"","site-post-title":"","ast-breadcrumbs-content":"","ast-featured-img":"","footer-sml-layout":"","ast-disable-related-posts":"","theme-transparent-header-meta":"","adv-header-id-meta":"","stick-header-meta":"","header-above-stick-meta":"","header-main-stick-meta":"","header-below-stick-meta":"","astra-migrate-meta-layouts":"default","ast-page-background-enabled":"default","ast-page-background-meta":{"desktop":{"background-color":"","background-image":"","background-repeat":"repeat","background-position":"center center","background-size":"auto","background-attachment":"scroll","background-type":"","background-media":"","overlay-type":"","overlay-color":"","overlay-opacity":"","overlay-gradient":""},"tablet":{"background-color":"","background-image":"","background-repeat":"repeat","background-position":"center center","background-size":"auto","background-attachment":"scroll","background-type":"","background-media":"","overlay-type":"","overlay-color":"","overlay-opacity":"","overlay-gradient":""},"mobile":{"background-color":"","background-image":"","background-repeat":"repeat","background-position":"center center","background-size":"auto","background-attachment":"scroll","background-type":"","background-media":"","overlay-type":"","overlay-color":"","overlay-opacity":"","overlay-gradient":""}},"ast-content-background-meta":{"desktop":{"background-color":"var(--ast-global-color-5)","background-image":"","background-repeat":"repeat","background-position":"center center","background-size":"auto","background-attachment":"scroll","background-type":"","background-media":"","overlay-type":"","overlay-color":"","overlay-opacity":"","overlay-gradient":""},"tablet":{"background-color":"var(--ast-global-color-5)","background-image":"","background-repeat":"repeat","background-position":"center center","background-size":"auto","background-attachment":"scroll","background-type":"","background-media":"","overlay-type":"","overlay-color":"","overlay-opacity":"","overlay-gradient":""},"mobile":{"background-color":"var(--ast-global-color-5)","background-image":"","background-repeat":"repeat","background-position":"center center","background-size":"auto","background-attachment":"scroll","background-type":"","background-media":"","overlay-type":"","overlay-color":"","overlay-opacity":"","overlay-gradient":""}},"footnotes":""},"categories":[2],"tags":[],"class_list":["post-4852","post","type-post","status-publish","format-image","has-post-thumbnail","hentry","category-pensieri","post_format-post-format-image"],"yoast_head":"<!-- This site is optimized with the Yoast SEO plugin v28.4 - https:\/\/yoast.com\/product\/yoast-seo-wordpress\/ -->\n<title>Dell&#039;inevitabile scrittura | Pensieri - Concolino.it<\/title>\n<meta name=\"robots\" content=\"index, follow, max-snippet:-1, max-image-preview:large, max-video-preview:-1\" \/>\n<link rel=\"canonical\" href=\"https:\/\/www.concolino.it\/index.php\/2022\/07\/29\/dellinevitabile-scrittura-pensieri\/\" \/>\n<meta property=\"og:locale\" content=\"it_IT\" \/>\n<meta property=\"og:type\" content=\"article\" \/>\n<meta property=\"og:title\" content=\"Dell&#039;inevitabile scrittura | Pensieri - Concolino.it\" \/>\n<meta property=\"og:description\" content=\"Eppure, della parola scritta, non possiamo farne a meno. Come \u00e8 possibile infatti realizzare la sopravvivenza del nostro dire senza una scrittura? La parola detta svanisce appena la si pronuncia [&hellip;]\" \/>\n<meta property=\"og:url\" content=\"https:\/\/www.concolino.it\/index.php\/2022\/07\/29\/dellinevitabile-scrittura-pensieri\/\" \/>\n<meta property=\"og:site_name\" content=\"Concolino.it\" \/>\n<meta property=\"article:publisher\" content=\"https:\/\/www.facebook.com\/don.mik.94\" \/>\n<meta property=\"article:author\" content=\"https:\/\/www.facebook.com\/don.mik.94\" \/>\n<meta property=\"article:published_time\" content=\"2022-07-29T07:29:12+00:00\" \/>\n<meta property=\"article:modified_time\" content=\"2022-07-29T07:29:16+00:00\" \/>\n<meta property=\"og:image\" content=\"https:\/\/www.concolino.it\/wp-content\/uploads\/2022\/07\/scrivere.png\" \/>\n\t<meta property=\"og:image:width\" content=\"890\" \/>\n\t<meta property=\"og:image:height\" content=\"600\" \/>\n\t<meta property=\"og:image:type\" content=\"image\/png\" \/>\n<meta name=\"author\" content=\"Domenico Concolino\" \/>\n<meta name=\"twitter:card\" content=\"summary_large_image\" \/>\n<meta name=\"twitter:creator\" content=\"@https:\/\/twitter.com\/don_mik\" \/>\n<meta name=\"twitter:site\" content=\"@don_mik\" \/>\n<meta name=\"twitter:label1\" content=\"Scritto da\" \/>\n\t<meta name=\"twitter:data1\" content=\"Domenico Concolino\" \/>\n\t<meta name=\"twitter:label2\" content=\"Tempo di lettura stimato\" \/>\n\t<meta name=\"twitter:data2\" content=\"8 minuti\" \/>\n<script type=\"application\/ld+json\" class=\"yoast-schema-graph\">{\"@context\":\"https:\\\/\\\/schema.org\",\"@graph\":[{\"@type\":\"Article\",\"@id\":\"https:\\\/\\\/www.concolino.it\\\/index.php\\\/2022\\\/07\\\/29\\\/dellinevitabile-scrittura-pensieri\\\/#article\",\"isPartOf\":{\"@id\":\"https:\\\/\\\/www.concolino.it\\\/index.php\\\/2022\\\/07\\\/29\\\/dellinevitabile-scrittura-pensieri\\\/\"},\"author\":{\"name\":\"Domenico Concolino\",\"@id\":\"https:\\\/\\\/www.concolino.it\\\/#\\\/schema\\\/person\\\/dfa8517603a44e77da85e7eb5139c070\"},\"headline\":\"Dell&#8217;inevitabile scrittura | Pensieri\",\"datePublished\":\"2022-07-29T07:29:12+00:00\",\"dateModified\":\"2022-07-29T07:29:16+00:00\",\"mainEntityOfPage\":{\"@id\":\"https:\\\/\\\/www.concolino.it\\\/index.php\\\/2022\\\/07\\\/29\\\/dellinevitabile-scrittura-pensieri\\\/\"},\"wordCount\":1292,\"publisher\":{\"@id\":\"https:\\\/\\\/www.concolino.it\\\/#\\\/schema\\\/person\\\/dfa8517603a44e77da85e7eb5139c070\"},\"image\":{\"@id\":\"https:\\\/\\\/www.concolino.it\\\/index.php\\\/2022\\\/07\\\/29\\\/dellinevitabile-scrittura-pensieri\\\/#primaryimage\"},\"thumbnailUrl\":\"https:\\\/\\\/www.concolino.it\\\/wp-content\\\/uploads\\\/2022\\\/07\\\/scrivere.png\",\"articleSection\":[\"Pensieri\"],\"inLanguage\":\"it-IT\"},{\"@type\":\"WebPage\",\"@id\":\"https:\\\/\\\/www.concolino.it\\\/index.php\\\/2022\\\/07\\\/29\\\/dellinevitabile-scrittura-pensieri\\\/\",\"url\":\"https:\\\/\\\/www.concolino.it\\\/index.php\\\/2022\\\/07\\\/29\\\/dellinevitabile-scrittura-pensieri\\\/\",\"name\":\"Dell'inevitabile scrittura | Pensieri - Concolino.it\",\"isPartOf\":{\"@id\":\"https:\\\/\\\/www.concolino.it\\\/#website\"},\"primaryImageOfPage\":{\"@id\":\"https:\\\/\\\/www.concolino.it\\\/index.php\\\/2022\\\/07\\\/29\\\/dellinevitabile-scrittura-pensieri\\\/#primaryimage\"},\"image\":{\"@id\":\"https:\\\/\\\/www.concolino.it\\\/index.php\\\/2022\\\/07\\\/29\\\/dellinevitabile-scrittura-pensieri\\\/#primaryimage\"},\"thumbnailUrl\":\"https:\\\/\\\/www.concolino.it\\\/wp-content\\\/uploads\\\/2022\\\/07\\\/scrivere.png\",\"datePublished\":\"2022-07-29T07:29:12+00:00\",\"dateModified\":\"2022-07-29T07:29:16+00:00\",\"breadcrumb\":{\"@id\":\"https:\\\/\\\/www.concolino.it\\\/index.php\\\/2022\\\/07\\\/29\\\/dellinevitabile-scrittura-pensieri\\\/#breadcrumb\"},\"inLanguage\":\"it-IT\",\"potentialAction\":[{\"@type\":\"ReadAction\",\"target\":[\"https:\\\/\\\/www.concolino.it\\\/index.php\\\/2022\\\/07\\\/29\\\/dellinevitabile-scrittura-pensieri\\\/\"]}]},{\"@type\":\"ImageObject\",\"inLanguage\":\"it-IT\",\"@id\":\"https:\\\/\\\/www.concolino.it\\\/index.php\\\/2022\\\/07\\\/29\\\/dellinevitabile-scrittura-pensieri\\\/#primaryimage\",\"url\":\"https:\\\/\\\/www.concolino.it\\\/wp-content\\\/uploads\\\/2022\\\/07\\\/scrivere.png\",\"contentUrl\":\"https:\\\/\\\/www.concolino.it\\\/wp-content\\\/uploads\\\/2022\\\/07\\\/scrivere.png\",\"width\":890,\"height\":600},{\"@type\":\"BreadcrumbList\",\"@id\":\"https:\\\/\\\/www.concolino.it\\\/index.php\\\/2022\\\/07\\\/29\\\/dellinevitabile-scrittura-pensieri\\\/#breadcrumb\",\"itemListElement\":[{\"@type\":\"ListItem\",\"position\":1,\"name\":\"Home\",\"item\":\"https:\\\/\\\/www.concolino.it\\\/\"},{\"@type\":\"ListItem\",\"position\":2,\"name\":\"Dell&#8217;inevitabile scrittura | Pensieri\"}]},{\"@type\":\"WebSite\",\"@id\":\"https:\\\/\\\/www.concolino.it\\\/#website\",\"url\":\"https:\\\/\\\/www.concolino.it\\\/\",\"name\":\"Concolino.it\",\"description\":\"Allargare gli spazi del Verbo\",\"publisher\":{\"@id\":\"https:\\\/\\\/www.concolino.it\\\/#\\\/schema\\\/person\\\/dfa8517603a44e77da85e7eb5139c070\"},\"potentialAction\":[{\"@type\":\"SearchAction\",\"target\":{\"@type\":\"EntryPoint\",\"urlTemplate\":\"https:\\\/\\\/www.concolino.it\\\/?s={search_term_string}\"},\"query-input\":{\"@type\":\"PropertyValueSpecification\",\"valueRequired\":true,\"valueName\":\"search_term_string\"}}],\"inLanguage\":\"it-IT\"},{\"@type\":[\"Person\",\"Organization\"],\"@id\":\"https:\\\/\\\/www.concolino.it\\\/#\\\/schema\\\/person\\\/dfa8517603a44e77da85e7eb5139c070\",\"name\":\"Domenico Concolino\",\"image\":{\"@type\":\"ImageObject\",\"inLanguage\":\"it-IT\",\"@id\":\"https:\\\/\\\/www.concolino.it\\\/wp-content\\\/uploads\\\/2014\\\/07\\\/CT5W9104.jpg\",\"url\":\"https:\\\/\\\/www.concolino.it\\\/wp-content\\\/uploads\\\/2014\\\/07\\\/CT5W9104.jpg\",\"contentUrl\":\"https:\\\/\\\/www.concolino.it\\\/wp-content\\\/uploads\\\/2014\\\/07\\\/CT5W9104.jpg\",\"width\":1276,\"height\":850,\"caption\":\"Domenico Concolino\"},\"logo\":{\"@id\":\"https:\\\/\\\/www.concolino.it\\\/wp-content\\\/uploads\\\/2014\\\/07\\\/CT5W9104.jpg\"},\"description\":\"Teologo | Cappellano Campus Universit\u00e0 Magna Graecia | Direttore Ufficio Regione Universit\u00e0 Scuola Educazione (Calabria)\",\"sameAs\":[\"https:\\\/\\\/www.facebook.com\\\/don.mik.94\",\"https:\\\/\\\/x.com\\\/https:\\\/\\\/twitter.com\\\/don_mik\"],\"url\":\"https:\\\/\\\/www.concolino.it\\\/index.php\\\/author\\\/admin\\\/\"}]}<\/script>\n<!-- \/ Yoast SEO plugin. -->","yoast_head_json":{"title":"Dell'inevitabile scrittura | Pensieri - Concolino.it","robots":{"index":"index","follow":"follow","max-snippet":"max-snippet:-1","max-image-preview":"max-image-preview:large","max-video-preview":"max-video-preview:-1"},"canonical":"https:\/\/www.concolino.it\/index.php\/2022\/07\/29\/dellinevitabile-scrittura-pensieri\/","og_locale":"it_IT","og_type":"article","og_title":"Dell'inevitabile scrittura | Pensieri - Concolino.it","og_description":"Eppure, della parola scritta, non possiamo farne a meno. Come \u00e8 possibile infatti realizzare la sopravvivenza del nostro dire senza una scrittura? La parola detta svanisce appena la si pronuncia [&hellip;]","og_url":"https:\/\/www.concolino.it\/index.php\/2022\/07\/29\/dellinevitabile-scrittura-pensieri\/","og_site_name":"Concolino.it","article_publisher":"https:\/\/www.facebook.com\/don.mik.94","article_author":"https:\/\/www.facebook.com\/don.mik.94","article_published_time":"2022-07-29T07:29:12+00:00","article_modified_time":"2022-07-29T07:29:16+00:00","og_image":[{"width":890,"height":600,"url":"https:\/\/www.concolino.it\/wp-content\/uploads\/2022\/07\/scrivere.png","type":"image\/png"}],"author":"Domenico Concolino","twitter_card":"summary_large_image","twitter_creator":"@https:\/\/twitter.com\/don_mik","twitter_site":"@don_mik","twitter_misc":{"Scritto da":"Domenico Concolino","Tempo di lettura stimato":"8 minuti"},"schema":{"@context":"https:\/\/schema.org","@graph":[{"@type":"Article","@id":"https:\/\/www.concolino.it\/index.php\/2022\/07\/29\/dellinevitabile-scrittura-pensieri\/#article","isPartOf":{"@id":"https:\/\/www.concolino.it\/index.php\/2022\/07\/29\/dellinevitabile-scrittura-pensieri\/"},"author":{"name":"Domenico Concolino","@id":"https:\/\/www.concolino.it\/#\/schema\/person\/dfa8517603a44e77da85e7eb5139c070"},"headline":"Dell&#8217;inevitabile scrittura | Pensieri","datePublished":"2022-07-29T07:29:12+00:00","dateModified":"2022-07-29T07:29:16+00:00","mainEntityOfPage":{"@id":"https:\/\/www.concolino.it\/index.php\/2022\/07\/29\/dellinevitabile-scrittura-pensieri\/"},"wordCount":1292,"publisher":{"@id":"https:\/\/www.concolino.it\/#\/schema\/person\/dfa8517603a44e77da85e7eb5139c070"},"image":{"@id":"https:\/\/www.concolino.it\/index.php\/2022\/07\/29\/dellinevitabile-scrittura-pensieri\/#primaryimage"},"thumbnailUrl":"https:\/\/www.concolino.it\/wp-content\/uploads\/2022\/07\/scrivere.png","articleSection":["Pensieri"],"inLanguage":"it-IT"},{"@type":"WebPage","@id":"https:\/\/www.concolino.it\/index.php\/2022\/07\/29\/dellinevitabile-scrittura-pensieri\/","url":"https:\/\/www.concolino.it\/index.php\/2022\/07\/29\/dellinevitabile-scrittura-pensieri\/","name":"Dell'inevitabile scrittura | Pensieri - Concolino.it","isPartOf":{"@id":"https:\/\/www.concolino.it\/#website"},"primaryImageOfPage":{"@id":"https:\/\/www.concolino.it\/index.php\/2022\/07\/29\/dellinevitabile-scrittura-pensieri\/#primaryimage"},"image":{"@id":"https:\/\/www.concolino.it\/index.php\/2022\/07\/29\/dellinevitabile-scrittura-pensieri\/#primaryimage"},"thumbnailUrl":"https:\/\/www.concolino.it\/wp-content\/uploads\/2022\/07\/scrivere.png","datePublished":"2022-07-29T07:29:12+00:00","dateModified":"2022-07-29T07:29:16+00:00","breadcrumb":{"@id":"https:\/\/www.concolino.it\/index.php\/2022\/07\/29\/dellinevitabile-scrittura-pensieri\/#breadcrumb"},"inLanguage":"it-IT","potentialAction":[{"@type":"ReadAction","target":["https:\/\/www.concolino.it\/index.php\/2022\/07\/29\/dellinevitabile-scrittura-pensieri\/"]}]},{"@type":"ImageObject","inLanguage":"it-IT","@id":"https:\/\/www.concolino.it\/index.php\/2022\/07\/29\/dellinevitabile-scrittura-pensieri\/#primaryimage","url":"https:\/\/www.concolino.it\/wp-content\/uploads\/2022\/07\/scrivere.png","contentUrl":"https:\/\/www.concolino.it\/wp-content\/uploads\/2022\/07\/scrivere.png","width":890,"height":600},{"@type":"BreadcrumbList","@id":"https:\/\/www.concolino.it\/index.php\/2022\/07\/29\/dellinevitabile-scrittura-pensieri\/#breadcrumb","itemListElement":[{"@type":"ListItem","position":1,"name":"Home","item":"https:\/\/www.concolino.it\/"},{"@type":"ListItem","position":2,"name":"Dell&#8217;inevitabile scrittura | Pensieri"}]},{"@type":"WebSite","@id":"https:\/\/www.concolino.it\/#website","url":"https:\/\/www.concolino.it\/","name":"Concolino.it","description":"Allargare gli spazi del Verbo","publisher":{"@id":"https:\/\/www.concolino.it\/#\/schema\/person\/dfa8517603a44e77da85e7eb5139c070"},"potentialAction":[{"@type":"SearchAction","target":{"@type":"EntryPoint","urlTemplate":"https:\/\/www.concolino.it\/?s={search_term_string}"},"query-input":{"@type":"PropertyValueSpecification","valueRequired":true,"valueName":"search_term_string"}}],"inLanguage":"it-IT"},{"@type":["Person","Organization"],"@id":"https:\/\/www.concolino.it\/#\/schema\/person\/dfa8517603a44e77da85e7eb5139c070","name":"Domenico Concolino","image":{"@type":"ImageObject","inLanguage":"it-IT","@id":"https:\/\/www.concolino.it\/wp-content\/uploads\/2014\/07\/CT5W9104.jpg","url":"https:\/\/www.concolino.it\/wp-content\/uploads\/2014\/07\/CT5W9104.jpg","contentUrl":"https:\/\/www.concolino.it\/wp-content\/uploads\/2014\/07\/CT5W9104.jpg","width":1276,"height":850,"caption":"Domenico Concolino"},"logo":{"@id":"https:\/\/www.concolino.it\/wp-content\/uploads\/2014\/07\/CT5W9104.jpg"},"description":"Teologo | Cappellano Campus Universit\u00e0 Magna Graecia | Direttore Ufficio Regione Universit\u00e0 Scuola Educazione (Calabria)","sameAs":["https:\/\/www.facebook.com\/don.mik.94","https:\/\/x.com\/https:\/\/twitter.com\/don_mik"],"url":"https:\/\/www.concolino.it\/index.php\/author\/admin\/"}]}},"_links":{"self":[{"href":"https:\/\/www.concolino.it\/index.php\/wp-json\/wp\/v2\/posts\/4852","targetHints":{"allow":["GET"]}}],"collection":[{"href":"https:\/\/www.concolino.it\/index.php\/wp-json\/wp\/v2\/posts"}],"about":[{"href":"https:\/\/www.concolino.it\/index.php\/wp-json\/wp\/v2\/types\/post"}],"author":[{"embeddable":true,"href":"https:\/\/www.concolino.it\/index.php\/wp-json\/wp\/v2\/users\/1"}],"replies":[{"embeddable":true,"href":"https:\/\/www.concolino.it\/index.php\/wp-json\/wp\/v2\/comments?post=4852"}],"version-history":[{"count":1,"href":"https:\/\/www.concolino.it\/index.php\/wp-json\/wp\/v2\/posts\/4852\/revisions"}],"predecessor-version":[{"id":4855,"href":"https:\/\/www.concolino.it\/index.php\/wp-json\/wp\/v2\/posts\/4852\/revisions\/4855"}],"wp:featuredmedia":[{"embeddable":true,"href":"https:\/\/www.concolino.it\/index.php\/wp-json\/wp\/v2\/media\/4854"}],"wp:attachment":[{"href":"https:\/\/www.concolino.it\/index.php\/wp-json\/wp\/v2\/media?parent=4852"}],"wp:term":[{"taxonomy":"category","embeddable":true,"href":"https:\/\/www.concolino.it\/index.php\/wp-json\/wp\/v2\/categories?post=4852"},{"taxonomy":"post_tag","embeddable":true,"href":"https:\/\/www.concolino.it\/index.php\/wp-json\/wp\/v2\/tags?post=4852"}],"curies":[{"name":"wp","href":"https:\/\/api.w.org\/{rel}","templated":true}]}}