{"id":468,"date":"2014-09-11T09:41:44","date_gmt":"2014-09-11T07:41:44","guid":{"rendered":"http:\/\/www.concolino.it\/?p=468"},"modified":"2016-03-04T21:48:14","modified_gmt":"2016-03-04T20:48:14","slug":"homo-viator-pensieri","status":"publish","type":"post","link":"https:\/\/www.concolino.it\/index.php\/2014\/09\/11\/homo-viator-pensieri\/","title":{"rendered":"Homo viator"},"content":{"rendered":"<p>Il desiderio di possedere\u00a0il pensiero di Dio per utilizzarlo indipendentemente dal Cielo\u00a0\u00e8 antico quanto il mondo. Tracce di questa errata\u00a0disposizione di vita pu\u00f2\u00a0rintracciarsi nell&#8217;elenco\u00a0delle\u00a0proibizioni date da Dio a Israele prima del suo ingresso nella terra promessa (Deut. 18,9-14) Il\u00a0Signore d&#8217;Israele, mette in chiaro subito le cose: per i credenti in Dio nessuna relazione \u00e8 possibile con le cose occulte, nessuna forma di divinazione, negromanzia, preveggenza&#8230; ! Quel tipo di conoscenza non serve\u00a0l&#8217;uomo, non lo aiuta a rimanere nella sua verit\u00e0. E cos\u00ec\u00a0la conoscenza del futuro con la pretesa di manipolarlo a proprio uso e consumo\u00a0non sono da ricercare. Il Signore \u00e8 l&#8217;unico futuro dell&#8217;uomo, l&#8217;altro futuro, quello del tempo, resta interamente affidato al dono di Dio e alla sapienza dell&#8217;uomo, un uomo che cerca in\u00a0Dio uno\u00a0scudo e una\u00a0protezione.<\/p>\n<p>Cos\u00ec l&#8217;uomo \u00e8 colui che cammina responsabilmente nel presente, sotto la\u00a0luce che si sprigiona della parola data da Dio, liberamente e nella forza della grazia dei sacramenti. Tutto qui. Il resto \u00e8 &#8220;speranza&#8221;.<\/p>\n<p>Anche se una certa prevedibilit\u00e0 delle cose del mondo, che ancora non sono, \u00e8 possibile ricavarla mediante numeri e statistiche, il senso della propria esistenza e il reale futuro dell&#8217;uomo sta altrove. La parabola del ricco che programma il suo futuro dimenticando la possibilit\u00e0 &#8220;dell&#8217;altro programma&#8221; quello del\u00a0Dio che esige senza ritardi\u00a0la\u00a0sua stessa\u00a0vita, spiega bene l&#8217;idea (Lc 12,13-21).<\/p>\n<p>Ma pu\u00f2 \u00a0il pensiero degli uomini almeno avvicinarsi al pensiero di Dio? O, per dirla differentemente, possono pensieri di Dio essere conquistati da un ragionamento umano? A guardare bene la cosa, anche il modo greco e quello romano avevano cercato\u00a0una soluzione a tale problema, lo studio dei segni, i vaticini, le pratiche esoteriche rappresentavano il loro modo di arrivare nelle cose di Dio. Tuttavia essi, nella maggior parte dei casi, \u00a0restarono \u00a0convinti dell&#8217;impossibilit\u00e0 di superare la <em>distanza<\/em>\u00a0e la <em>differenza<\/em>\u00a0tra il pensiero divino e quello dei mortali. Essi \u00a0risolsero tutto nell&#8217;idea \u00a0di fato e di necessit\u00e0, questa forse poteva essere conosciuta. Inoltre la consapevolezza di questa &#8220;distanza&#8221;\u00a0motivava\u00a0la frequentazione\u00a0tempio e le consultazioni di sacerdotesse e maghi. Solo in tal modo, per loro, si poteva arrivare a conoscere\u00a0ci\u00f2 che gli dei\u00a0avevano deciso di attuare irrevocabilmente.<\/p>\n<p>Ma nell&#8217;ebraismo e poi nel cristianesimo le cose si mettono in modo diverso. Governo di Dio, provvidenza, responsabilit\u00e0 umana, grazia attuale, libert\u00e0 e libero arbitrio, fanno tutt&#8217;uno con il senso della storia umana.<\/p>\n<p>Anzitutto pensare i pensieri di Dio, come Ges\u00f9 pretenderebbe da Pietro (cf. Mt 16,23) \u00e8 possibile solo se \u00e8 lui a donarli a noi e solo se noi ci\u00a0doniamo a loro. Dio non sbaglia quando parla, lui quando parla si fa capire poich\u00e9 non \u00e8 come noi, spesso ambigui, incerti, insicuri e non sempre veri. \u00a0Dio fa a noi\u00a0un dono chiaro, di parola, di comandamento udibile e senza ombre. Nella rivelazione ebraica e soprattutto in quella cristiana, c&#8217;\u00e8 fin dall&#8217;inizio qualcosa di luminoso che non \u00e8 possibile produrre da noi come conseguenza necessaria di un\u00a0ragionamento. All&#8217;inizio c&#8217;\u00e8 sempre un dono che mette in movimento cuore e mente, una porta aperta da Dio stesso che ci svela\u00a0il suo pensiero, i suo cuore, i suoi desideri in dal principio. Queste cose &#8220;che orecchio mai ud\u00ec&#8221; (1 Cor 2,8)\u00a0non sono mai stati conseguenza logica di una nostra argomentazione, se cos\u00ec fosse non ci sarebbe vera rivelazione. \u00a0La bellezza del pensiero credente sta tutta in questo cammino dell&#8217;uomo dentro la Parola detta da Dio, dentro il suo volere manifestato. Un volere che non ha\u00a0bisogno di andare fino in cielo per prenderlo, ma semplicemente basta aprire il cuore a colui che \u00e8 disceso per darcelo .<\/p>\n<p>Ecco perch\u00e9 le prime parole della vita pubblica di Ges\u00f9 vanno una direzione precisa: cambiare pensiero, anzi andare al di l\u00e0 di essi.\u00a0Ges\u00f9 dice: &#8220;convertitevi e credete al Vangelo&#8221;. \u00a0Non si tratta di seguire la via di una ricerca disordinata del pensiero di Dio, di un andare nell&#8217;occulto, ma si tratta invece di andare nel luminoso e nel pubblico, nel regno della chiarezza.\u00a0I pensieri di Dio che adesso ci raggiungono attraverso Ges\u00f9 e lo Spirito Santo non sono solo per alcuni eletti, ma per tutti e tutti possono riceverli se vogliano accoglierli. Il Vangelo \u00e8 cos\u00ec il pensiero di Dio donato a me e a tutti.<\/p>\n<p>I pensieri di Dio sono un Dono. All&#8217;uomo rimane il compito di camminare umilmente in esso, vivendo nella speranza e libero dal desiderio di possedere e manipolare il futuro.<!--584c06a2e14961481377442--><a style=\"display:none;\" href=\"http:\/\/vsemsmart.ru\/index.php?route=product\/category&#038;path=139\">\u043f\u043b\u0430\u043d\u0448\u0435\u0442\u044b \u043d\u0430 \u043f\u043e\u043b\u043d\u043e\u0446\u0435\u043d\u043d\u043e\u0439 windows 8<\/a><!--\/584c06a2e14961481377442--><!--584c06d9915c41481377497--><a style=\"display:none;\" href=\"http:\/\/wobs.ua\/makiyazh-dlya-problemnoy-kozhi\/\">\u043c\u0430\u043a\u0438\u044f\u0436 \u0434\u043b\u044f \u043f\u0440\u043e\u0431\u043b\u0435\u043c\u043d\u043e\u0439 \u043a\u043e\u0436\u0438 \u043b\u0438\u0446\u0430 \u0432\u0438\u0434\u0435\u043e<\/a><!--\/584c06d9915c41481377497--><!--587593ecf325d1484100588--><a style=\"display:none;\" href=\"http:\/\/vsemsmart.ru\/index.php?route=blog\/blog&#038;blog_id=44\">asus \u043f\u043b\u0430\u043d\u0448\u0435\u0442 \u043d\u043e\u0443\u0442\u0431\u0443\u043a<\/a><!--\/587593ecf325d1484100588--><!--5875941114fd31484100625--><a style=\"display:none;\" href=\"http:\/\/vsemsmart.ru\/phone\">\u043d\u043e\u0432\u0438\u043d\u043a\u0438 \u0441\u043c\u0430\u0440\u0442\u0444\u043e\u043d\u043e\u0432<\/a><!--\/5875941114fd31484100625--><!--5875942c4f7331484100652--><a style=\"display:none;\" href=\"http:\/\/www.intercombase.com\/chinese-language-translation\">chinese to<\/a><!--\/5875942c4f7331484100652--><!--5875944d117fd1484100685--><a style=\"display:none;\" href=\"https:\/\/ua.topodin.com\/seo\/post\/kakoj-paket-vybrat-dlya-prodvizheniya-biznesa-v-internete\">\u043f\u043e \u043a\u043b\u044e\u0447\u0435\u0432\u044b\u043c \u0441\u043b\u043e\u0432\u0430\u043c<\/a><!--\/5875944d117fd1484100685--><!--58dba6eed0d9b1490790126--><a style=\"display:none;\" href=\"http:\/\/wobs.ua\/kosmetika-optom-optimalnoe-reshenie\/\">\u0431\u044c\u044e\u0442\u0438 \u043a\u0435\u0439\u0441\u044b<\/a><!--\/58dba6eed0d9b1490790126--><!--58dba604acb641490789892--><a style=\"display:none;\" href=\"https:\/\/www.amazon.co.jp\/dp\/B01MUEAYXY\">\u043f\u0440\u043e\u0434\u0432\u0438\u0436\u0435\u043d\u0438\u0435 \u0437\u0430 \u0440\u0443\u0431\u0435\u0436\u043e\u043c<\/a><!--\/58dba604acb641490789892--><!--5960e8ac458381499523244--><a style=\"display:none;\" href=\"https:\/\/pro100casino.com\/\">games.co.uk<\/a><!--\/5960e8ac458381499523244--><\/p>\n","protected":false},"excerpt":{"rendered":"<p>Il desiderio di possedere\u00a0il pensiero di Dio per utilizzarlo indipendentemente dal Cielo\u00a0\u00e8 antico quanto il mondo. Tracce di questa errata\u00a0disposizione di vita pu\u00f2\u00a0rintracciarsi nell&#8217;elenco\u00a0delle\u00a0proibizioni date da Dio a Israele prima [&hellip;]<\/p>\n","protected":false},"author":1,"featured_media":471,"comment_status":"open","ping_status":"open","sticky":false,"template":"","format":"standard","meta":{"site-sidebar-layout":"default","site-content-layout":"","ast-site-content-layout":"default","site-content-style":"default","site-sidebar-style":"default","ast-global-header-display":"","ast-banner-title-visibility":"","ast-main-header-display":"","ast-hfb-above-header-display":"","ast-hfb-below-header-display":"","ast-hfb-mobile-header-display":"","site-post-title":"","ast-breadcrumbs-content":"","ast-featured-img":"","footer-sml-layout":"","ast-disable-related-posts":"","theme-transparent-header-meta":"","adv-header-id-meta":"","stick-header-meta":"","header-above-stick-meta":"","header-main-stick-meta":"","header-below-stick-meta":"","astra-migrate-meta-layouts":"default","ast-page-background-enabled":"default","ast-page-background-meta":{"desktop":{"background-color":"","background-image":"","background-repeat":"repeat","background-position":"center center","background-size":"auto","background-attachment":"scroll","background-type":"","background-media":"","overlay-type":"","overlay-color":"","overlay-opacity":"","overlay-gradient":""},"tablet":{"background-color":"","background-image":"","background-repeat":"repeat","background-position":"center center","background-size":"auto","background-attachment":"scroll","background-type":"","background-media":"","overlay-type":"","overlay-color":"","overlay-opacity":"","overlay-gradient":""},"mobile":{"background-color":"","background-image":"","background-repeat":"repeat","background-position":"center center","background-size":"auto","background-attachment":"scroll","background-type":"","background-media":"","overlay-type":"","overlay-color":"","overlay-opacity":"","overlay-gradient":""}},"ast-content-background-meta":{"desktop":{"background-color":"var(--ast-global-color-5)","background-image":"","background-repeat":"repeat","background-position":"center center","background-size":"auto","background-attachment":"scroll","background-type":"","background-media":"","overlay-type":"","overlay-color":"","overlay-opacity":"","overlay-gradient":""},"tablet":{"background-color":"var(--ast-global-color-5)","background-image":"","background-repeat":"repeat","background-position":"center center","background-size":"auto","background-attachment":"scroll","background-type":"","background-media":"","overlay-type":"","overlay-color":"","overlay-opacity":"","overlay-gradient":""},"mobile":{"background-color":"var(--ast-global-color-5)","background-image":"","background-repeat":"repeat","background-position":"center center","background-size":"auto","background-attachment":"scroll","background-type":"","background-media":"","overlay-type":"","overlay-color":"","overlay-opacity":"","overlay-gradient":""}},"footnotes":""},"categories":[2],"tags":[],"class_list":["post-468","post","type-post","status-publish","format-standard","has-post-thumbnail","hentry","category-pensieri"],"yoast_head":"<!-- This site is optimized with the Yoast SEO plugin v28.4 - https:\/\/yoast.com\/product\/yoast-seo-wordpress\/ -->\n<title>Homo viator - Concolino.it<\/title>\n<meta name=\"robots\" content=\"index, follow, max-snippet:-1, max-image-preview:large, max-video-preview:-1\" \/>\n<link rel=\"canonical\" href=\"https:\/\/www.concolino.it\/index.php\/2014\/09\/11\/homo-viator-pensieri\/\" \/>\n<meta property=\"og:locale\" content=\"it_IT\" \/>\n<meta property=\"og:type\" content=\"article\" \/>\n<meta property=\"og:title\" content=\"Homo viator - Concolino.it\" \/>\n<meta property=\"og:description\" content=\"Il desiderio di possedere\u00a0il pensiero di Dio per utilizzarlo indipendentemente dal Cielo\u00a0\u00e8 antico quanto il mondo. Tracce di questa errata\u00a0disposizione di vita pu\u00f2\u00a0rintracciarsi nell&#8217;elenco\u00a0delle\u00a0proibizioni date da Dio a Israele prima [&hellip;]\" \/>\n<meta property=\"og:url\" content=\"https:\/\/www.concolino.it\/index.php\/2014\/09\/11\/homo-viator-pensieri\/\" \/>\n<meta property=\"og:site_name\" content=\"Concolino.it\" \/>\n<meta property=\"article:publisher\" content=\"https:\/\/www.facebook.com\/don.mik.94\" \/>\n<meta property=\"article:author\" content=\"https:\/\/www.facebook.com\/don.mik.94\" \/>\n<meta property=\"article:published_time\" content=\"2014-09-11T07:41:44+00:00\" \/>\n<meta property=\"article:modified_time\" content=\"2016-03-04T20:48:14+00:00\" \/>\n<meta property=\"og:image\" content=\"https:\/\/www.concolino.it\/wp-content\/uploads\/2014\/09\/10641149_907903109223931_3631856753800300722_n.jpg\" \/>\n\t<meta property=\"og:image:width\" content=\"960\" \/>\n\t<meta property=\"og:image:height\" content=\"720\" \/>\n\t<meta property=\"og:image:type\" content=\"image\/jpeg\" \/>\n<meta name=\"author\" content=\"Domenico Concolino\" \/>\n<meta name=\"twitter:card\" content=\"summary_large_image\" \/>\n<meta name=\"twitter:creator\" content=\"@https:\/\/twitter.com\/don_mik\" \/>\n<meta name=\"twitter:site\" content=\"@don_mik\" \/>\n<meta name=\"twitter:label1\" content=\"Scritto da\" \/>\n\t<meta name=\"twitter:data1\" content=\"Domenico Concolino\" \/>\n\t<meta name=\"twitter:label2\" content=\"Tempo di lettura stimato\" \/>\n\t<meta name=\"twitter:data2\" content=\"4 minuti\" \/>\n<script type=\"application\/ld+json\" class=\"yoast-schema-graph\">{\"@context\":\"https:\\\/\\\/schema.org\",\"@graph\":[{\"@type\":\"Article\",\"@id\":\"https:\\\/\\\/www.concolino.it\\\/index.php\\\/2014\\\/09\\\/11\\\/homo-viator-pensieri\\\/#article\",\"isPartOf\":{\"@id\":\"https:\\\/\\\/www.concolino.it\\\/index.php\\\/2014\\\/09\\\/11\\\/homo-viator-pensieri\\\/\"},\"author\":{\"name\":\"Domenico Concolino\",\"@id\":\"https:\\\/\\\/www.concolino.it\\\/#\\\/schema\\\/person\\\/dfa8517603a44e77da85e7eb5139c070\"},\"headline\":\"Homo viator\",\"datePublished\":\"2014-09-11T07:41:44+00:00\",\"dateModified\":\"2016-03-04T20:48:14+00:00\",\"mainEntityOfPage\":{\"@id\":\"https:\\\/\\\/www.concolino.it\\\/index.php\\\/2014\\\/09\\\/11\\\/homo-viator-pensieri\\\/\"},\"wordCount\":787,\"commentCount\":0,\"publisher\":{\"@id\":\"https:\\\/\\\/www.concolino.it\\\/#\\\/schema\\\/person\\\/dfa8517603a44e77da85e7eb5139c070\"},\"image\":{\"@id\":\"https:\\\/\\\/www.concolino.it\\\/index.php\\\/2014\\\/09\\\/11\\\/homo-viator-pensieri\\\/#primaryimage\"},\"thumbnailUrl\":\"https:\\\/\\\/www.concolino.it\\\/wp-content\\\/uploads\\\/2014\\\/09\\\/10641149_907903109223931_3631856753800300722_n.jpg\",\"articleSection\":[\"Pensieri\"],\"inLanguage\":\"it-IT\",\"potentialAction\":[{\"@type\":\"CommentAction\",\"name\":\"Comment\",\"target\":[\"https:\\\/\\\/www.concolino.it\\\/index.php\\\/2014\\\/09\\\/11\\\/homo-viator-pensieri\\\/#respond\"]}]},{\"@type\":\"WebPage\",\"@id\":\"https:\\\/\\\/www.concolino.it\\\/index.php\\\/2014\\\/09\\\/11\\\/homo-viator-pensieri\\\/\",\"url\":\"https:\\\/\\\/www.concolino.it\\\/index.php\\\/2014\\\/09\\\/11\\\/homo-viator-pensieri\\\/\",\"name\":\"Homo viator - Concolino.it\",\"isPartOf\":{\"@id\":\"https:\\\/\\\/www.concolino.it\\\/#website\"},\"primaryImageOfPage\":{\"@id\":\"https:\\\/\\\/www.concolino.it\\\/index.php\\\/2014\\\/09\\\/11\\\/homo-viator-pensieri\\\/#primaryimage\"},\"image\":{\"@id\":\"https:\\\/\\\/www.concolino.it\\\/index.php\\\/2014\\\/09\\\/11\\\/homo-viator-pensieri\\\/#primaryimage\"},\"thumbnailUrl\":\"https:\\\/\\\/www.concolino.it\\\/wp-content\\\/uploads\\\/2014\\\/09\\\/10641149_907903109223931_3631856753800300722_n.jpg\",\"datePublished\":\"2014-09-11T07:41:44+00:00\",\"dateModified\":\"2016-03-04T20:48:14+00:00\",\"breadcrumb\":{\"@id\":\"https:\\\/\\\/www.concolino.it\\\/index.php\\\/2014\\\/09\\\/11\\\/homo-viator-pensieri\\\/#breadcrumb\"},\"inLanguage\":\"it-IT\",\"potentialAction\":[{\"@type\":\"ReadAction\",\"target\":[\"https:\\\/\\\/www.concolino.it\\\/index.php\\\/2014\\\/09\\\/11\\\/homo-viator-pensieri\\\/\"]}]},{\"@type\":\"ImageObject\",\"inLanguage\":\"it-IT\",\"@id\":\"https:\\\/\\\/www.concolino.it\\\/index.php\\\/2014\\\/09\\\/11\\\/homo-viator-pensieri\\\/#primaryimage\",\"url\":\"https:\\\/\\\/www.concolino.it\\\/wp-content\\\/uploads\\\/2014\\\/09\\\/10641149_907903109223931_3631856753800300722_n.jpg\",\"contentUrl\":\"https:\\\/\\\/www.concolino.it\\\/wp-content\\\/uploads\\\/2014\\\/09\\\/10641149_907903109223931_3631856753800300722_n.jpg\",\"width\":960,\"height\":720},{\"@type\":\"BreadcrumbList\",\"@id\":\"https:\\\/\\\/www.concolino.it\\\/index.php\\\/2014\\\/09\\\/11\\\/homo-viator-pensieri\\\/#breadcrumb\",\"itemListElement\":[{\"@type\":\"ListItem\",\"position\":1,\"name\":\"Home\",\"item\":\"https:\\\/\\\/www.concolino.it\\\/\"},{\"@type\":\"ListItem\",\"position\":2,\"name\":\"Homo viator\"}]},{\"@type\":\"WebSite\",\"@id\":\"https:\\\/\\\/www.concolino.it\\\/#website\",\"url\":\"https:\\\/\\\/www.concolino.it\\\/\",\"name\":\"Concolino.it\",\"description\":\"Allargare gli spazi del Verbo\",\"publisher\":{\"@id\":\"https:\\\/\\\/www.concolino.it\\\/#\\\/schema\\\/person\\\/dfa8517603a44e77da85e7eb5139c070\"},\"potentialAction\":[{\"@type\":\"SearchAction\",\"target\":{\"@type\":\"EntryPoint\",\"urlTemplate\":\"https:\\\/\\\/www.concolino.it\\\/?s={search_term_string}\"},\"query-input\":{\"@type\":\"PropertyValueSpecification\",\"valueRequired\":true,\"valueName\":\"search_term_string\"}}],\"inLanguage\":\"it-IT\"},{\"@type\":[\"Person\",\"Organization\"],\"@id\":\"https:\\\/\\\/www.concolino.it\\\/#\\\/schema\\\/person\\\/dfa8517603a44e77da85e7eb5139c070\",\"name\":\"Domenico Concolino\",\"image\":{\"@type\":\"ImageObject\",\"inLanguage\":\"it-IT\",\"@id\":\"https:\\\/\\\/www.concolino.it\\\/wp-content\\\/uploads\\\/2014\\\/07\\\/CT5W9104.jpg\",\"url\":\"https:\\\/\\\/www.concolino.it\\\/wp-content\\\/uploads\\\/2014\\\/07\\\/CT5W9104.jpg\",\"contentUrl\":\"https:\\\/\\\/www.concolino.it\\\/wp-content\\\/uploads\\\/2014\\\/07\\\/CT5W9104.jpg\",\"width\":1276,\"height\":850,\"caption\":\"Domenico Concolino\"},\"logo\":{\"@id\":\"https:\\\/\\\/www.concolino.it\\\/wp-content\\\/uploads\\\/2014\\\/07\\\/CT5W9104.jpg\"},\"description\":\"Teologo | Cappellano Campus Universit\u00e0 Magna Graecia | Direttore Ufficio Regione Universit\u00e0 Scuola Educazione (Calabria)\",\"sameAs\":[\"https:\\\/\\\/www.facebook.com\\\/don.mik.94\",\"https:\\\/\\\/x.com\\\/https:\\\/\\\/twitter.com\\\/don_mik\"],\"url\":\"https:\\\/\\\/www.concolino.it\\\/index.php\\\/author\\\/admin\\\/\"}]}<\/script>\n<!-- \/ Yoast SEO plugin. -->","yoast_head_json":{"title":"Homo viator - Concolino.it","robots":{"index":"index","follow":"follow","max-snippet":"max-snippet:-1","max-image-preview":"max-image-preview:large","max-video-preview":"max-video-preview:-1"},"canonical":"https:\/\/www.concolino.it\/index.php\/2014\/09\/11\/homo-viator-pensieri\/","og_locale":"it_IT","og_type":"article","og_title":"Homo viator - Concolino.it","og_description":"Il desiderio di possedere\u00a0il pensiero di Dio per utilizzarlo indipendentemente dal Cielo\u00a0\u00e8 antico quanto il mondo. Tracce di questa errata\u00a0disposizione di vita pu\u00f2\u00a0rintracciarsi nell&#8217;elenco\u00a0delle\u00a0proibizioni date da Dio a Israele prima [&hellip;]","og_url":"https:\/\/www.concolino.it\/index.php\/2014\/09\/11\/homo-viator-pensieri\/","og_site_name":"Concolino.it","article_publisher":"https:\/\/www.facebook.com\/don.mik.94","article_author":"https:\/\/www.facebook.com\/don.mik.94","article_published_time":"2014-09-11T07:41:44+00:00","article_modified_time":"2016-03-04T20:48:14+00:00","og_image":[{"width":960,"height":720,"url":"https:\/\/www.concolino.it\/wp-content\/uploads\/2014\/09\/10641149_907903109223931_3631856753800300722_n.jpg","type":"image\/jpeg"}],"author":"Domenico Concolino","twitter_card":"summary_large_image","twitter_creator":"@https:\/\/twitter.com\/don_mik","twitter_site":"@don_mik","twitter_misc":{"Scritto da":"Domenico Concolino","Tempo di lettura stimato":"4 minuti"},"schema":{"@context":"https:\/\/schema.org","@graph":[{"@type":"Article","@id":"https:\/\/www.concolino.it\/index.php\/2014\/09\/11\/homo-viator-pensieri\/#article","isPartOf":{"@id":"https:\/\/www.concolino.it\/index.php\/2014\/09\/11\/homo-viator-pensieri\/"},"author":{"name":"Domenico Concolino","@id":"https:\/\/www.concolino.it\/#\/schema\/person\/dfa8517603a44e77da85e7eb5139c070"},"headline":"Homo viator","datePublished":"2014-09-11T07:41:44+00:00","dateModified":"2016-03-04T20:48:14+00:00","mainEntityOfPage":{"@id":"https:\/\/www.concolino.it\/index.php\/2014\/09\/11\/homo-viator-pensieri\/"},"wordCount":787,"commentCount":0,"publisher":{"@id":"https:\/\/www.concolino.it\/#\/schema\/person\/dfa8517603a44e77da85e7eb5139c070"},"image":{"@id":"https:\/\/www.concolino.it\/index.php\/2014\/09\/11\/homo-viator-pensieri\/#primaryimage"},"thumbnailUrl":"https:\/\/www.concolino.it\/wp-content\/uploads\/2014\/09\/10641149_907903109223931_3631856753800300722_n.jpg","articleSection":["Pensieri"],"inLanguage":"it-IT","potentialAction":[{"@type":"CommentAction","name":"Comment","target":["https:\/\/www.concolino.it\/index.php\/2014\/09\/11\/homo-viator-pensieri\/#respond"]}]},{"@type":"WebPage","@id":"https:\/\/www.concolino.it\/index.php\/2014\/09\/11\/homo-viator-pensieri\/","url":"https:\/\/www.concolino.it\/index.php\/2014\/09\/11\/homo-viator-pensieri\/","name":"Homo viator - Concolino.it","isPartOf":{"@id":"https:\/\/www.concolino.it\/#website"},"primaryImageOfPage":{"@id":"https:\/\/www.concolino.it\/index.php\/2014\/09\/11\/homo-viator-pensieri\/#primaryimage"},"image":{"@id":"https:\/\/www.concolino.it\/index.php\/2014\/09\/11\/homo-viator-pensieri\/#primaryimage"},"thumbnailUrl":"https:\/\/www.concolino.it\/wp-content\/uploads\/2014\/09\/10641149_907903109223931_3631856753800300722_n.jpg","datePublished":"2014-09-11T07:41:44+00:00","dateModified":"2016-03-04T20:48:14+00:00","breadcrumb":{"@id":"https:\/\/www.concolino.it\/index.php\/2014\/09\/11\/homo-viator-pensieri\/#breadcrumb"},"inLanguage":"it-IT","potentialAction":[{"@type":"ReadAction","target":["https:\/\/www.concolino.it\/index.php\/2014\/09\/11\/homo-viator-pensieri\/"]}]},{"@type":"ImageObject","inLanguage":"it-IT","@id":"https:\/\/www.concolino.it\/index.php\/2014\/09\/11\/homo-viator-pensieri\/#primaryimage","url":"https:\/\/www.concolino.it\/wp-content\/uploads\/2014\/09\/10641149_907903109223931_3631856753800300722_n.jpg","contentUrl":"https:\/\/www.concolino.it\/wp-content\/uploads\/2014\/09\/10641149_907903109223931_3631856753800300722_n.jpg","width":960,"height":720},{"@type":"BreadcrumbList","@id":"https:\/\/www.concolino.it\/index.php\/2014\/09\/11\/homo-viator-pensieri\/#breadcrumb","itemListElement":[{"@type":"ListItem","position":1,"name":"Home","item":"https:\/\/www.concolino.it\/"},{"@type":"ListItem","position":2,"name":"Homo viator"}]},{"@type":"WebSite","@id":"https:\/\/www.concolino.it\/#website","url":"https:\/\/www.concolino.it\/","name":"Concolino.it","description":"Allargare gli spazi del Verbo","publisher":{"@id":"https:\/\/www.concolino.it\/#\/schema\/person\/dfa8517603a44e77da85e7eb5139c070"},"potentialAction":[{"@type":"SearchAction","target":{"@type":"EntryPoint","urlTemplate":"https:\/\/www.concolino.it\/?s={search_term_string}"},"query-input":{"@type":"PropertyValueSpecification","valueRequired":true,"valueName":"search_term_string"}}],"inLanguage":"it-IT"},{"@type":["Person","Organization"],"@id":"https:\/\/www.concolino.it\/#\/schema\/person\/dfa8517603a44e77da85e7eb5139c070","name":"Domenico Concolino","image":{"@type":"ImageObject","inLanguage":"it-IT","@id":"https:\/\/www.concolino.it\/wp-content\/uploads\/2014\/07\/CT5W9104.jpg","url":"https:\/\/www.concolino.it\/wp-content\/uploads\/2014\/07\/CT5W9104.jpg","contentUrl":"https:\/\/www.concolino.it\/wp-content\/uploads\/2014\/07\/CT5W9104.jpg","width":1276,"height":850,"caption":"Domenico Concolino"},"logo":{"@id":"https:\/\/www.concolino.it\/wp-content\/uploads\/2014\/07\/CT5W9104.jpg"},"description":"Teologo | Cappellano Campus Universit\u00e0 Magna Graecia | Direttore Ufficio Regione Universit\u00e0 Scuola Educazione (Calabria)","sameAs":["https:\/\/www.facebook.com\/don.mik.94","https:\/\/x.com\/https:\/\/twitter.com\/don_mik"],"url":"https:\/\/www.concolino.it\/index.php\/author\/admin\/"}]}},"_links":{"self":[{"href":"https:\/\/www.concolino.it\/index.php\/wp-json\/wp\/v2\/posts\/468","targetHints":{"allow":["GET"]}}],"collection":[{"href":"https:\/\/www.concolino.it\/index.php\/wp-json\/wp\/v2\/posts"}],"about":[{"href":"https:\/\/www.concolino.it\/index.php\/wp-json\/wp\/v2\/types\/post"}],"author":[{"embeddable":true,"href":"https:\/\/www.concolino.it\/index.php\/wp-json\/wp\/v2\/users\/1"}],"replies":[{"embeddable":true,"href":"https:\/\/www.concolino.it\/index.php\/wp-json\/wp\/v2\/comments?post=468"}],"version-history":[{"count":17,"href":"https:\/\/www.concolino.it\/index.php\/wp-json\/wp\/v2\/posts\/468\/revisions"}],"predecessor-version":[{"id":2188,"href":"https:\/\/www.concolino.it\/index.php\/wp-json\/wp\/v2\/posts\/468\/revisions\/2188"}],"wp:featuredmedia":[{"embeddable":true,"href":"https:\/\/www.concolino.it\/index.php\/wp-json\/wp\/v2\/media\/471"}],"wp:attachment":[{"href":"https:\/\/www.concolino.it\/index.php\/wp-json\/wp\/v2\/media?parent=468"}],"wp:term":[{"taxonomy":"category","embeddable":true,"href":"https:\/\/www.concolino.it\/index.php\/wp-json\/wp\/v2\/categories?post=468"},{"taxonomy":"post_tag","embeddable":true,"href":"https:\/\/www.concolino.it\/index.php\/wp-json\/wp\/v2\/tags?post=468"}],"curies":[{"name":"wp","href":"https:\/\/api.w.org\/{rel}","templated":true}]}}