{"id":3924,"date":"2022-04-22T13:16:56","date_gmt":"2022-04-22T11:16:56","guid":{"rendered":"http:\/\/www.concolino.it\/?p=3924"},"modified":"2022-04-22T13:23:58","modified_gmt":"2022-04-22T11:23:58","slug":"la-meditazione-e-il-silenzio-cristiano-h-urs-von-balthasar-1905-1988","status":"publish","type":"post","link":"https:\/\/www.concolino.it\/index.php\/2022\/04\/22\/la-meditazione-e-il-silenzio-cristiano-h-urs-von-balthasar-1905-1988\/","title":{"rendered":"La meditazione e il silenzio cristiano | H. Urs Von Balthasar (1905 -1988)"},"content":{"rendered":"\n\n\n<p>Chi vuole udire qualcosa deve prepararsi con il silenzio alla capacit\u00e0 di udire.<\/p>\n\n\n\n<p> Se lui stesso parla o parlano in lui i suoi pensieri, desideri, preoccupazioni, allora il rumore che fanno render\u00e0 impotente la sua capacit\u00e0 di ascolto. Perci\u00f2 ogni istruzione alla meditazione incomincia con la richiesta di creare silenzio e vuoto interiore, affinch\u00e9 ci sia spazio per ci\u00f2 che deve venire accolto. Si parla di \u00abinterrompere\u00bb, di \u00abconcentrazione\u00bb della coscienza diffusa, di \u00abpercorrere\u00bb il misterioso cammino verso l\u2019interiorit\u00e0, ecc. Ma a buon diritto si pu\u00f2 dubitare che un tale sforzo, nella sua nuda negativit\u00e0, conduca gi\u00e0 a quella positiva disponibilit\u00e0 di ascolto che distingue la meditazione cristiana da altre forme di contemplazione, nelle quali, poich\u00e9 non vi risuona nessuna parola da parte di Dio, una tale disponibilit\u00e0 \u00e8 superflua. <\/p>\n\n\n\n<p>Cristianamente il silenzio richiesto non deve essere realizzato precedentemente dall\u2019uomo, anzi il credente deve rendersi conto che egli possiede gi\u00e0 da sempre in s\u00e9 e contemporaneamente in Dio la \u00abcameretta\u00bb silenziosa e nascosta in cui deve entrare (Mt 6,6) e in cui \u00e8 presso il Padre. Allo stesso modo forse dei \u00abpiccoli\u00bb ignari che hanno i loro \u00abangeli in cielo che contemplano sempre il volto del mio Padre celeste\u00bb (Mt 18,10). <\/p>\n\n\n\n<p>Le nostre cure e preoccupazioni terrene sono gi\u00e0 da sempre sul piatto ascendente della bilancia, mentre l\u2019altro, discendente, ma anche lui nostro, ossia il nostro essere in Dio, ha \u00abun sovrappeso inimmaginabile\u00bb (2 Cor 4,17). Non abbiamo bisogno di aprirci dapprima un varco verso Dio con le nostre forze: \u00abla nostra vita\u00bb \u00e8 gi\u00e0 da sempre \u00abnascosta con Cristo in Dio\u00bb (Col 3,3). Allora non abbiamo bisogno per la nostra preparazione alla meditazione di lunghi rivolgimenti psicologici, ma,solo della breve presa di coscienza nella fede di dove si trova gi\u00e0 da sempre il nostro vero centro e fulcro. Ci sembra di essere lontani da Dio, ma lui ci \u00e8 vicino; non dobbiamo avvicinarci a Lui con fatica, anzi le cose stanno proprio cos\u00ec come le descrive la parabola: \u00abQuando era ancora lontano, il padre lo vide e commosso gli corse incontro, gli si gett\u00f2 al collo e lo baci\u00f2\u00bb (Lc 15,20). <\/p>\n\n\n\n<p>E il discorso del figlio imparato a memoria: \u00abPadre, non sono pi\u00f9 degno di essere chiamato tuo figlio; trattami come uno dei tuoi garzoni\u00bb \u00e8 gi\u00e0 superato dal gesto del padre che grida verso la casa: \u00abPresto, portate qui il vestito pi\u00f9 bello e rivestitelo, mettetegli l\u2019anello al dito e i calzari ai piedi\u00bb. Similmente avviene nella parabola del banchetto nuziale del re, dove agli invitati viene annunziato \u00ab Tutto \u00e8 pronto\u00bb, solo che questi non vogliono venire (Mt 22,4). La pienezza di Dio \u00e8 accessibile senza anticamere, non c\u2019\u00e8 bisogno di un lungo viaggio \u00abverso il cielo\u00bb, di una discesa \u00abnell\u2019abisso\u00bb (Rm&nbsp;10,6 ss.). La parola di Dio rivolta a me non \u00e8 \u00absopra la (tua) capacit\u00e0 e irraggiungibile\u00bb, ma \u00abvicinissima sulla tua bocca e nel tuo cuore\u00bb (Dt 30,11.14). <\/p>\n\n\n\n<p>La \u00abpreparazione\u00bb del bambino \u00e8 un salto nelle braccia del Padre, tenendo conto che l\u2019amore del Padre, ossia la volont\u00e0 e l\u2019interessamento di Dio, tiene il primato su ogni nostra capacit\u00e0 che, sia che lo vogliamo o no, gi\u00e0 da sempre \u00e8 riconosciuta, pensata e ordinata da Dio nei suoi progetti.<\/p>\n","protected":false},"excerpt":{"rendered":"<p>Chi vuole udire qualcosa deve prepararsi con il silenzio alla capacit\u00e0 di udire. Se lui stesso parla o parlano in lui i suoi pensieri, desideri, preoccupazioni, allora il rumore che [&hellip;]<\/p>\n","protected":false},"author":1,"featured_media":3926,"comment_status":"open","ping_status":"open","sticky":false,"template":"","format":"image","meta":{"site-sidebar-layout":"default","site-content-layout":"","ast-site-content-layout":"default","site-content-style":"default","site-sidebar-style":"default","ast-global-header-display":"","ast-banner-title-visibility":"","ast-main-header-display":"","ast-hfb-above-header-display":"","ast-hfb-below-header-display":"","ast-hfb-mobile-header-display":"","site-post-title":"","ast-breadcrumbs-content":"","ast-featured-img":"","footer-sml-layout":"","ast-disable-related-posts":"","theme-transparent-header-meta":"","adv-header-id-meta":"","stick-header-meta":"","header-above-stick-meta":"","header-main-stick-meta":"","header-below-stick-meta":"","astra-migrate-meta-layouts":"default","ast-page-background-enabled":"default","ast-page-background-meta":{"desktop":{"background-color":"","background-image":"","background-repeat":"repeat","background-position":"center center","background-size":"auto","background-attachment":"scroll","background-type":"","background-media":"","overlay-type":"","overlay-color":"","overlay-opacity":"","overlay-gradient":""},"tablet":{"background-color":"","background-image":"","background-repeat":"repeat","background-position":"center center","background-size":"auto","background-attachment":"scroll","background-type":"","background-media":"","overlay-type":"","overlay-color":"","overlay-opacity":"","overlay-gradient":""},"mobile":{"background-color":"","background-image":"","background-repeat":"repeat","background-position":"center center","background-size":"auto","background-attachment":"scroll","background-type":"","background-media":"","overlay-type":"","overlay-color":"","overlay-opacity":"","overlay-gradient":""}},"ast-content-background-meta":{"desktop":{"background-color":"var(--ast-global-color-5)","background-image":"","background-repeat":"repeat","background-position":"center center","background-size":"auto","background-attachment":"scroll","background-type":"","background-media":"","overlay-type":"","overlay-color":"","overlay-opacity":"","overlay-gradient":""},"tablet":{"background-color":"var(--ast-global-color-5)","background-image":"","background-repeat":"repeat","background-position":"center center","background-size":"auto","background-attachment":"scroll","background-type":"","background-media":"","overlay-type":"","overlay-color":"","overlay-opacity":"","overlay-gradient":""},"mobile":{"background-color":"var(--ast-global-color-5)","background-image":"","background-repeat":"repeat","background-position":"center center","background-size":"auto","background-attachment":"scroll","background-type":"","background-media":"","overlay-type":"","overlay-color":"","overlay-opacity":"","overlay-gradient":""}},"footnotes":""},"categories":[8],"tags":[],"class_list":["post-3924","post","type-post","status-publish","format-image","has-post-thumbnail","hentry","category-citazioni","post_format-post-format-image"],"yoast_head":"<!-- This site is optimized with the Yoast SEO plugin v27.5 - https:\/\/yoast.com\/product\/yoast-seo-wordpress\/ -->\n<title>La meditazione e il silenzio cristiano | H. Urs Von Balthasar (1905 -1988) - Concolino.it<\/title>\n<meta name=\"robots\" content=\"index, follow, max-snippet:-1, max-image-preview:large, max-video-preview:-1\" \/>\n<link rel=\"canonical\" href=\"https:\/\/www.concolino.it\/index.php\/2022\/04\/22\/la-meditazione-e-il-silenzio-cristiano-h-urs-von-balthasar-1905-1988\/\" \/>\n<meta property=\"og:locale\" content=\"it_IT\" \/>\n<meta property=\"og:type\" content=\"article\" \/>\n<meta property=\"og:title\" content=\"La meditazione e il silenzio cristiano | H. Urs Von Balthasar (1905 -1988) - Concolino.it\" \/>\n<meta property=\"og:description\" content=\"Chi vuole udire qualcosa deve prepararsi con il silenzio alla capacit\u00e0 di udire. Se lui stesso parla o parlano in lui i suoi pensieri, desideri, preoccupazioni, allora il rumore che [&hellip;]\" \/>\n<meta property=\"og:url\" content=\"https:\/\/www.concolino.it\/index.php\/2022\/04\/22\/la-meditazione-e-il-silenzio-cristiano-h-urs-von-balthasar-1905-1988\/\" \/>\n<meta property=\"og:site_name\" content=\"Concolino.it\" \/>\n<meta property=\"article:publisher\" content=\"https:\/\/www.facebook.com\/don.mik.94\" \/>\n<meta property=\"article:author\" content=\"https:\/\/www.facebook.com\/don.mik.94\" \/>\n<meta property=\"article:published_time\" content=\"2022-04-22T11:16:56+00:00\" \/>\n<meta property=\"article:modified_time\" content=\"2022-04-22T11:23:58+00:00\" \/>\n<meta property=\"og:image\" content=\"https:\/\/www.concolino.it\/wp-content\/uploads\/2022\/04\/Schermata-2022-04-15-alle-23.25.24.png\" \/>\n\t<meta property=\"og:image:width\" content=\"890\" \/>\n\t<meta property=\"og:image:height\" content=\"586\" \/>\n\t<meta property=\"og:image:type\" content=\"image\/png\" \/>\n<meta name=\"author\" content=\"Domenico Concolino\" \/>\n<meta name=\"twitter:card\" content=\"summary_large_image\" \/>\n<meta name=\"twitter:creator\" content=\"@https:\/\/twitter.com\/don_mik\" \/>\n<meta name=\"twitter:site\" content=\"@don_mik\" \/>\n<meta name=\"twitter:label1\" content=\"Scritto da\" \/>\n\t<meta name=\"twitter:data1\" content=\"Domenico Concolino\" \/>\n\t<meta name=\"twitter:label2\" content=\"Tempo di lettura stimato\" \/>\n\t<meta name=\"twitter:data2\" content=\"3 minuti\" \/>\n<script type=\"application\/ld+json\" class=\"yoast-schema-graph\">{\"@context\":\"https:\\\/\\\/schema.org\",\"@graph\":[{\"@type\":\"Article\",\"@id\":\"https:\\\/\\\/www.concolino.it\\\/index.php\\\/2022\\\/04\\\/22\\\/la-meditazione-e-il-silenzio-cristiano-h-urs-von-balthasar-1905-1988\\\/#article\",\"isPartOf\":{\"@id\":\"https:\\\/\\\/www.concolino.it\\\/index.php\\\/2022\\\/04\\\/22\\\/la-meditazione-e-il-silenzio-cristiano-h-urs-von-balthasar-1905-1988\\\/\"},\"author\":{\"name\":\"Domenico Concolino\",\"@id\":\"https:\\\/\\\/www.concolino.it\\\/#\\\/schema\\\/person\\\/dfa8517603a44e77da85e7eb5139c070\"},\"headline\":\"La meditazione e il silenzio cristiano | H. Urs Von Balthasar (1905 -1988)\",\"datePublished\":\"2022-04-22T11:16:56+00:00\",\"dateModified\":\"2022-04-22T11:23:58+00:00\",\"mainEntityOfPage\":{\"@id\":\"https:\\\/\\\/www.concolino.it\\\/index.php\\\/2022\\\/04\\\/22\\\/la-meditazione-e-il-silenzio-cristiano-h-urs-von-balthasar-1905-1988\\\/\"},\"wordCount\":534,\"commentCount\":0,\"publisher\":{\"@id\":\"https:\\\/\\\/www.concolino.it\\\/#\\\/schema\\\/person\\\/dfa8517603a44e77da85e7eb5139c070\"},\"image\":{\"@id\":\"https:\\\/\\\/www.concolino.it\\\/index.php\\\/2022\\\/04\\\/22\\\/la-meditazione-e-il-silenzio-cristiano-h-urs-von-balthasar-1905-1988\\\/#primaryimage\"},\"thumbnailUrl\":\"https:\\\/\\\/www.concolino.it\\\/wp-content\\\/uploads\\\/2022\\\/04\\\/Schermata-2022-04-15-alle-23.25.24.png\",\"articleSection\":[\"Citazioni\"],\"inLanguage\":\"it-IT\",\"potentialAction\":[{\"@type\":\"CommentAction\",\"name\":\"Comment\",\"target\":[\"https:\\\/\\\/www.concolino.it\\\/index.php\\\/2022\\\/04\\\/22\\\/la-meditazione-e-il-silenzio-cristiano-h-urs-von-balthasar-1905-1988\\\/#respond\"]}]},{\"@type\":\"WebPage\",\"@id\":\"https:\\\/\\\/www.concolino.it\\\/index.php\\\/2022\\\/04\\\/22\\\/la-meditazione-e-il-silenzio-cristiano-h-urs-von-balthasar-1905-1988\\\/\",\"url\":\"https:\\\/\\\/www.concolino.it\\\/index.php\\\/2022\\\/04\\\/22\\\/la-meditazione-e-il-silenzio-cristiano-h-urs-von-balthasar-1905-1988\\\/\",\"name\":\"La meditazione e il silenzio cristiano | H. Urs Von Balthasar (1905 -1988) - Concolino.it\",\"isPartOf\":{\"@id\":\"https:\\\/\\\/www.concolino.it\\\/#website\"},\"primaryImageOfPage\":{\"@id\":\"https:\\\/\\\/www.concolino.it\\\/index.php\\\/2022\\\/04\\\/22\\\/la-meditazione-e-il-silenzio-cristiano-h-urs-von-balthasar-1905-1988\\\/#primaryimage\"},\"image\":{\"@id\":\"https:\\\/\\\/www.concolino.it\\\/index.php\\\/2022\\\/04\\\/22\\\/la-meditazione-e-il-silenzio-cristiano-h-urs-von-balthasar-1905-1988\\\/#primaryimage\"},\"thumbnailUrl\":\"https:\\\/\\\/www.concolino.it\\\/wp-content\\\/uploads\\\/2022\\\/04\\\/Schermata-2022-04-15-alle-23.25.24.png\",\"datePublished\":\"2022-04-22T11:16:56+00:00\",\"dateModified\":\"2022-04-22T11:23:58+00:00\",\"breadcrumb\":{\"@id\":\"https:\\\/\\\/www.concolino.it\\\/index.php\\\/2022\\\/04\\\/22\\\/la-meditazione-e-il-silenzio-cristiano-h-urs-von-balthasar-1905-1988\\\/#breadcrumb\"},\"inLanguage\":\"it-IT\",\"potentialAction\":[{\"@type\":\"ReadAction\",\"target\":[\"https:\\\/\\\/www.concolino.it\\\/index.php\\\/2022\\\/04\\\/22\\\/la-meditazione-e-il-silenzio-cristiano-h-urs-von-balthasar-1905-1988\\\/\"]}]},{\"@type\":\"ImageObject\",\"inLanguage\":\"it-IT\",\"@id\":\"https:\\\/\\\/www.concolino.it\\\/index.php\\\/2022\\\/04\\\/22\\\/la-meditazione-e-il-silenzio-cristiano-h-urs-von-balthasar-1905-1988\\\/#primaryimage\",\"url\":\"https:\\\/\\\/www.concolino.it\\\/wp-content\\\/uploads\\\/2022\\\/04\\\/Schermata-2022-04-15-alle-23.25.24.png\",\"contentUrl\":\"https:\\\/\\\/www.concolino.it\\\/wp-content\\\/uploads\\\/2022\\\/04\\\/Schermata-2022-04-15-alle-23.25.24.png\",\"width\":890,\"height\":586},{\"@type\":\"BreadcrumbList\",\"@id\":\"https:\\\/\\\/www.concolino.it\\\/index.php\\\/2022\\\/04\\\/22\\\/la-meditazione-e-il-silenzio-cristiano-h-urs-von-balthasar-1905-1988\\\/#breadcrumb\",\"itemListElement\":[{\"@type\":\"ListItem\",\"position\":1,\"name\":\"Home\",\"item\":\"https:\\\/\\\/www.concolino.it\\\/\"},{\"@type\":\"ListItem\",\"position\":2,\"name\":\"La meditazione e il silenzio cristiano | H. Urs Von Balthasar (1905 -1988)\"}]},{\"@type\":\"WebSite\",\"@id\":\"https:\\\/\\\/www.concolino.it\\\/#website\",\"url\":\"https:\\\/\\\/www.concolino.it\\\/\",\"name\":\"Concolino.it\",\"description\":\"Allargare gli spazi del Verbo\",\"publisher\":{\"@id\":\"https:\\\/\\\/www.concolino.it\\\/#\\\/schema\\\/person\\\/dfa8517603a44e77da85e7eb5139c070\"},\"potentialAction\":[{\"@type\":\"SearchAction\",\"target\":{\"@type\":\"EntryPoint\",\"urlTemplate\":\"https:\\\/\\\/www.concolino.it\\\/?s={search_term_string}\"},\"query-input\":{\"@type\":\"PropertyValueSpecification\",\"valueRequired\":true,\"valueName\":\"search_term_string\"}}],\"inLanguage\":\"it-IT\"},{\"@type\":[\"Person\",\"Organization\"],\"@id\":\"https:\\\/\\\/www.concolino.it\\\/#\\\/schema\\\/person\\\/dfa8517603a44e77da85e7eb5139c070\",\"name\":\"Domenico Concolino\",\"image\":{\"@type\":\"ImageObject\",\"inLanguage\":\"it-IT\",\"@id\":\"https:\\\/\\\/www.concolino.it\\\/wp-content\\\/uploads\\\/2014\\\/07\\\/CT5W9104.jpg\",\"url\":\"https:\\\/\\\/www.concolino.it\\\/wp-content\\\/uploads\\\/2014\\\/07\\\/CT5W9104.jpg\",\"contentUrl\":\"https:\\\/\\\/www.concolino.it\\\/wp-content\\\/uploads\\\/2014\\\/07\\\/CT5W9104.jpg\",\"width\":1276,\"height\":850,\"caption\":\"Domenico Concolino\"},\"logo\":{\"@id\":\"https:\\\/\\\/www.concolino.it\\\/wp-content\\\/uploads\\\/2014\\\/07\\\/CT5W9104.jpg\"},\"description\":\"Teologo | Cappellano Campus Universit\u00e0 Magna Graecia | Direttore Ufficio Regione Universit\u00e0 Scuola Educazione (Calabria)\",\"sameAs\":[\"https:\\\/\\\/www.facebook.com\\\/don.mik.94\",\"https:\\\/\\\/x.com\\\/https:\\\/\\\/twitter.com\\\/don_mik\"],\"url\":\"https:\\\/\\\/www.concolino.it\\\/index.php\\\/author\\\/admin\\\/\"}]}<\/script>\n<!-- \/ Yoast SEO plugin. -->","yoast_head_json":{"title":"La meditazione e il silenzio cristiano | H. Urs Von Balthasar (1905 -1988) - Concolino.it","robots":{"index":"index","follow":"follow","max-snippet":"max-snippet:-1","max-image-preview":"max-image-preview:large","max-video-preview":"max-video-preview:-1"},"canonical":"https:\/\/www.concolino.it\/index.php\/2022\/04\/22\/la-meditazione-e-il-silenzio-cristiano-h-urs-von-balthasar-1905-1988\/","og_locale":"it_IT","og_type":"article","og_title":"La meditazione e il silenzio cristiano | H. Urs Von Balthasar (1905 -1988) - Concolino.it","og_description":"Chi vuole udire qualcosa deve prepararsi con il silenzio alla capacit\u00e0 di udire. Se lui stesso parla o parlano in lui i suoi pensieri, desideri, preoccupazioni, allora il rumore che [&hellip;]","og_url":"https:\/\/www.concolino.it\/index.php\/2022\/04\/22\/la-meditazione-e-il-silenzio-cristiano-h-urs-von-balthasar-1905-1988\/","og_site_name":"Concolino.it","article_publisher":"https:\/\/www.facebook.com\/don.mik.94","article_author":"https:\/\/www.facebook.com\/don.mik.94","article_published_time":"2022-04-22T11:16:56+00:00","article_modified_time":"2022-04-22T11:23:58+00:00","og_image":[{"width":890,"height":586,"url":"https:\/\/www.concolino.it\/wp-content\/uploads\/2022\/04\/Schermata-2022-04-15-alle-23.25.24.png","type":"image\/png"}],"author":"Domenico Concolino","twitter_card":"summary_large_image","twitter_creator":"@https:\/\/twitter.com\/don_mik","twitter_site":"@don_mik","twitter_misc":{"Scritto da":"Domenico Concolino","Tempo di lettura stimato":"3 minuti"},"schema":{"@context":"https:\/\/schema.org","@graph":[{"@type":"Article","@id":"https:\/\/www.concolino.it\/index.php\/2022\/04\/22\/la-meditazione-e-il-silenzio-cristiano-h-urs-von-balthasar-1905-1988\/#article","isPartOf":{"@id":"https:\/\/www.concolino.it\/index.php\/2022\/04\/22\/la-meditazione-e-il-silenzio-cristiano-h-urs-von-balthasar-1905-1988\/"},"author":{"name":"Domenico Concolino","@id":"https:\/\/www.concolino.it\/#\/schema\/person\/dfa8517603a44e77da85e7eb5139c070"},"headline":"La meditazione e il silenzio cristiano | H. Urs Von Balthasar (1905 -1988)","datePublished":"2022-04-22T11:16:56+00:00","dateModified":"2022-04-22T11:23:58+00:00","mainEntityOfPage":{"@id":"https:\/\/www.concolino.it\/index.php\/2022\/04\/22\/la-meditazione-e-il-silenzio-cristiano-h-urs-von-balthasar-1905-1988\/"},"wordCount":534,"commentCount":0,"publisher":{"@id":"https:\/\/www.concolino.it\/#\/schema\/person\/dfa8517603a44e77da85e7eb5139c070"},"image":{"@id":"https:\/\/www.concolino.it\/index.php\/2022\/04\/22\/la-meditazione-e-il-silenzio-cristiano-h-urs-von-balthasar-1905-1988\/#primaryimage"},"thumbnailUrl":"https:\/\/www.concolino.it\/wp-content\/uploads\/2022\/04\/Schermata-2022-04-15-alle-23.25.24.png","articleSection":["Citazioni"],"inLanguage":"it-IT","potentialAction":[{"@type":"CommentAction","name":"Comment","target":["https:\/\/www.concolino.it\/index.php\/2022\/04\/22\/la-meditazione-e-il-silenzio-cristiano-h-urs-von-balthasar-1905-1988\/#respond"]}]},{"@type":"WebPage","@id":"https:\/\/www.concolino.it\/index.php\/2022\/04\/22\/la-meditazione-e-il-silenzio-cristiano-h-urs-von-balthasar-1905-1988\/","url":"https:\/\/www.concolino.it\/index.php\/2022\/04\/22\/la-meditazione-e-il-silenzio-cristiano-h-urs-von-balthasar-1905-1988\/","name":"La meditazione e il silenzio cristiano | H. Urs Von Balthasar (1905 -1988) - Concolino.it","isPartOf":{"@id":"https:\/\/www.concolino.it\/#website"},"primaryImageOfPage":{"@id":"https:\/\/www.concolino.it\/index.php\/2022\/04\/22\/la-meditazione-e-il-silenzio-cristiano-h-urs-von-balthasar-1905-1988\/#primaryimage"},"image":{"@id":"https:\/\/www.concolino.it\/index.php\/2022\/04\/22\/la-meditazione-e-il-silenzio-cristiano-h-urs-von-balthasar-1905-1988\/#primaryimage"},"thumbnailUrl":"https:\/\/www.concolino.it\/wp-content\/uploads\/2022\/04\/Schermata-2022-04-15-alle-23.25.24.png","datePublished":"2022-04-22T11:16:56+00:00","dateModified":"2022-04-22T11:23:58+00:00","breadcrumb":{"@id":"https:\/\/www.concolino.it\/index.php\/2022\/04\/22\/la-meditazione-e-il-silenzio-cristiano-h-urs-von-balthasar-1905-1988\/#breadcrumb"},"inLanguage":"it-IT","potentialAction":[{"@type":"ReadAction","target":["https:\/\/www.concolino.it\/index.php\/2022\/04\/22\/la-meditazione-e-il-silenzio-cristiano-h-urs-von-balthasar-1905-1988\/"]}]},{"@type":"ImageObject","inLanguage":"it-IT","@id":"https:\/\/www.concolino.it\/index.php\/2022\/04\/22\/la-meditazione-e-il-silenzio-cristiano-h-urs-von-balthasar-1905-1988\/#primaryimage","url":"https:\/\/www.concolino.it\/wp-content\/uploads\/2022\/04\/Schermata-2022-04-15-alle-23.25.24.png","contentUrl":"https:\/\/www.concolino.it\/wp-content\/uploads\/2022\/04\/Schermata-2022-04-15-alle-23.25.24.png","width":890,"height":586},{"@type":"BreadcrumbList","@id":"https:\/\/www.concolino.it\/index.php\/2022\/04\/22\/la-meditazione-e-il-silenzio-cristiano-h-urs-von-balthasar-1905-1988\/#breadcrumb","itemListElement":[{"@type":"ListItem","position":1,"name":"Home","item":"https:\/\/www.concolino.it\/"},{"@type":"ListItem","position":2,"name":"La meditazione e il silenzio cristiano | H. Urs Von Balthasar (1905 -1988)"}]},{"@type":"WebSite","@id":"https:\/\/www.concolino.it\/#website","url":"https:\/\/www.concolino.it\/","name":"Concolino.it","description":"Allargare gli spazi del Verbo","publisher":{"@id":"https:\/\/www.concolino.it\/#\/schema\/person\/dfa8517603a44e77da85e7eb5139c070"},"potentialAction":[{"@type":"SearchAction","target":{"@type":"EntryPoint","urlTemplate":"https:\/\/www.concolino.it\/?s={search_term_string}"},"query-input":{"@type":"PropertyValueSpecification","valueRequired":true,"valueName":"search_term_string"}}],"inLanguage":"it-IT"},{"@type":["Person","Organization"],"@id":"https:\/\/www.concolino.it\/#\/schema\/person\/dfa8517603a44e77da85e7eb5139c070","name":"Domenico Concolino","image":{"@type":"ImageObject","inLanguage":"it-IT","@id":"https:\/\/www.concolino.it\/wp-content\/uploads\/2014\/07\/CT5W9104.jpg","url":"https:\/\/www.concolino.it\/wp-content\/uploads\/2014\/07\/CT5W9104.jpg","contentUrl":"https:\/\/www.concolino.it\/wp-content\/uploads\/2014\/07\/CT5W9104.jpg","width":1276,"height":850,"caption":"Domenico Concolino"},"logo":{"@id":"https:\/\/www.concolino.it\/wp-content\/uploads\/2014\/07\/CT5W9104.jpg"},"description":"Teologo | Cappellano Campus Universit\u00e0 Magna Graecia | Direttore Ufficio Regione Universit\u00e0 Scuola Educazione (Calabria)","sameAs":["https:\/\/www.facebook.com\/don.mik.94","https:\/\/x.com\/https:\/\/twitter.com\/don_mik"],"url":"https:\/\/www.concolino.it\/index.php\/author\/admin\/"}]}},"_links":{"self":[{"href":"https:\/\/www.concolino.it\/index.php\/wp-json\/wp\/v2\/posts\/3924","targetHints":{"allow":["GET"]}}],"collection":[{"href":"https:\/\/www.concolino.it\/index.php\/wp-json\/wp\/v2\/posts"}],"about":[{"href":"https:\/\/www.concolino.it\/index.php\/wp-json\/wp\/v2\/types\/post"}],"author":[{"embeddable":true,"href":"https:\/\/www.concolino.it\/index.php\/wp-json\/wp\/v2\/users\/1"}],"replies":[{"embeddable":true,"href":"https:\/\/www.concolino.it\/index.php\/wp-json\/wp\/v2\/comments?post=3924"}],"version-history":[{"count":2,"href":"https:\/\/www.concolino.it\/index.php\/wp-json\/wp\/v2\/posts\/3924\/revisions"}],"predecessor-version":[{"id":3928,"href":"https:\/\/www.concolino.it\/index.php\/wp-json\/wp\/v2\/posts\/3924\/revisions\/3928"}],"wp:featuredmedia":[{"embeddable":true,"href":"https:\/\/www.concolino.it\/index.php\/wp-json\/wp\/v2\/media\/3926"}],"wp:attachment":[{"href":"https:\/\/www.concolino.it\/index.php\/wp-json\/wp\/v2\/media?parent=3924"}],"wp:term":[{"taxonomy":"category","embeddable":true,"href":"https:\/\/www.concolino.it\/index.php\/wp-json\/wp\/v2\/categories?post=3924"},{"taxonomy":"post_tag","embeddable":true,"href":"https:\/\/www.concolino.it\/index.php\/wp-json\/wp\/v2\/tags?post=3924"}],"curies":[{"name":"wp","href":"https:\/\/api.w.org\/{rel}","templated":true}]}}