{"id":3832,"date":"2021-09-26T18:23:41","date_gmt":"2021-09-26T16:23:41","guid":{"rendered":"http:\/\/www.concolino.it\/?p=3832"},"modified":"2021-09-26T18:49:55","modified_gmt":"2021-09-26T16:49:55","slug":"sulla-tragica-separazione-di-giustizia-e-bellezza-luigi-zoja-1943-psicanalista-e-sociologo","status":"publish","type":"post","link":"https:\/\/www.concolino.it\/index.php\/2021\/09\/26\/sulla-tragica-separazione-di-giustizia-e-bellezza-luigi-zoja-1943-psicanalista-e-sociologo\/","title":{"rendered":"Sulla tragica separazione di giustizia e bellezza | Luigi Zoja (1943 &#8211; ) psicanalista e sociologo"},"content":{"rendered":"\n<p><\/p>\n\n\n\n\n\n<p>I greci [\u2026] si sarebbero opposti a questa separazione. Non avevano codici scritti che definissero bellezza o rettitudine, ma esisteva un consenso generale su entrambe, e anche sul fatto che fossero intimamente legate. Erano due diverse facce della stessa qualit\u00e0, l&#8217;eccellenza: al punto che era indicata da un&#8217;unica parola <em>kalokagath\u00eda&nbsp;<\/em> (da <em>kal\u00f3s k\u00e0i agath\u00f3s, <\/em>\u201cbello e buono\/valido\u201d).<\/p>\n\n\n\n<p>I due aspetti dell&#8217;eccellenza corrispondevano a un&#8217;aspirazione verso il divino. [\u2026] Per usare le parole di Martin Buber, si trattava di due  <em>Grundworte <\/em>&#8220;parole base&#8221;: idee che hanno senso solo a coppie, come maschio e femmina, mai isolatamente.&nbsp;<\/p>\n\n\n\n<p>[&#8230;] Il funzionalismo astratto che governa l&#8217;Occidente ha gradualmente separato etica ed estetica a danno di quest\u2019ultima. La complessit\u00e0 della nostra societ\u00e0 richiede ruoli sempre pi\u00f9 specifici, come funzioni definite sempre pi\u00f9 esattamente.richiede quindi di precisare sempre meglio e sempre i nuovi campi, qual \u00e8 il funzionamento corretto e quale quello sbagliato. Per una societ\u00e0 funzionale, l&#8217;etica \u00e8 una necessit\u00e0 assoluta: anche se, pi\u00f9 che l&#8217;etica, il dibattito riguarder\u00e0 infinite etiche professionali e settoriali. [\u2026]<\/p>\n\n\n\n<p>Proprio questa crescente complessit\u00e0 ha invece eliminato <em>la bellezza <\/em>come equivalente valore supremo: essa, infatti, \u00e8 di ostacolo all&#8217;efficienza, alla velocit\u00e0 e la misurabilit\u00e0 economica che orientano le societ\u00e0 in modo sempre pi\u00f9 esclusivo. Bisogna ammetterlo: i valori estetici tendono proprio a essere antinazionali e antieconomici.&nbsp;<\/p>\n\n\n\n<p>Tutto questo restringe l\u2019esperienza, serra l\u2019anima. Non a caso il nostro tempo \u00e8 contrassegnato da condizioni psichiche come l\u2019angoscia (dal latino <em>angustia<\/em> cio\u00e8 <em>strettezza<\/em>) e l&#8217;oggetto di studio preferito della psicoanalisi \u00e8 stato <em>l\u2019Angst <\/em>l\u2019ansia (ugualmente da <em>eng <\/em>cio\u00e8 <em>stretto<\/em>)<\/p>\n\n\n\n<p>L&#8217;anima infatti ha bisogno di completare l&#8217;etica con l&#8217;estetica perch\u00e9 non pu\u00f2 vivere solo ristretta nel negativo. <\/p>\n\n\n\n<p>[&#8230;]<\/p>\n\n\n\n<p>Come si \u00e8 dissolta l&#8217;unit\u00e0 originaria di giustizia e bellezza? [\u2026] il bisogno di giustizia \u00e8 qualcosa di naturale, di archetipo, che precede ogni educazione, ma il bisogno di bellezza non \u00e8 sostanzialmente diverso. Cos\u00ec simili sono le due aspirazioni, che \u00e8 una vittoria della bruttezza sulla bellezza \u00e8 facilmente sentita come male che vince sul bene, e il preferire la bruttezza la bellezza appare come un&#8217;intenzione malvagia.<\/p>\n\n\n\n<p>[\u2026]<\/p>\n\n\n\n<p>Nessun tempio greco ha mai ferito un paesaggio, bench\u00e9 tutti venissero costruiti dove oggi mai si concederebbe una licenza edilizia; e lo stesso vale per i teatri, che in buona parte si adagiavano su pendenze gi\u00e0 esistenti. D&#8217;altra parte, oggi le licenze per l&#8217;edilizia collettiva riguardano ancora riti collettivi, ma di tipo molto diverso: non riguardano pi\u00f9 edifici religiosi bens\u00ec <em>centri commerciali. <\/em>Il teatro greco collabora con il paesaggio: si adatta esso nel momento in cui lo usa. Si adatta la totalit\u00e0 perch\u00e9 appartiene alla totalit\u00e0.&nbsp;Il centro commerciale, invece, \u00e8 creato da un ordine mentale troppo diverso rispetto alla natura in cui si inserisce, cio\u00e8 da un pensiero inevitabilmente funzionale ed estraneo all\u2019estetica, nasce da una mente economica: una piccola parte soltanto della mente umana. Per quanto la sua realizzazione si affida insigni architetti, non usa, bens\u00ec abusa la natura circostante.&nbsp;<\/p>\n\n\n\n<p>[..] Abbiamo anche perduto l&#8217;esperienza del vedere la bellezza che si dispiega in modo compiuto.<\/p>\n\n\n\n<p>(L. Zoja, <em>Giustizia e Bellezza,<\/em> Bollati Boringhieri, Torino 2009, 19-25)<\/p>\n\n\n\n<p><\/p>\n","protected":false},"excerpt":{"rendered":"<p>I greci [\u2026] si sarebbero opposti a questa separazione. Non avevano codici scritti che definissero bellezza o rettitudine, ma esisteva un consenso generale su entrambe, e anche sul fatto che [&hellip;]<\/p>\n","protected":false},"author":1,"featured_media":3838,"comment_status":"open","ping_status":"open","sticky":true,"template":"","format":"quote","meta":{"site-sidebar-layout":"default","site-content-layout":"","ast-site-content-layout":"default","site-content-style":"default","site-sidebar-style":"default","ast-global-header-display":"","ast-banner-title-visibility":"","ast-main-header-display":"","ast-hfb-above-header-display":"","ast-hfb-below-header-display":"","ast-hfb-mobile-header-display":"","site-post-title":"","ast-breadcrumbs-content":"","ast-featured-img":"","footer-sml-layout":"","ast-disable-related-posts":"","theme-transparent-header-meta":"","adv-header-id-meta":"","stick-header-meta":"","header-above-stick-meta":"","header-main-stick-meta":"","header-below-stick-meta":"","astra-migrate-meta-layouts":"default","ast-page-background-enabled":"default","ast-page-background-meta":{"desktop":{"background-color":"","background-image":"","background-repeat":"repeat","background-position":"center center","background-size":"auto","background-attachment":"scroll","background-type":"","background-media":"","overlay-type":"","overlay-color":"","overlay-opacity":"","overlay-gradient":""},"tablet":{"background-color":"","background-image":"","background-repeat":"repeat","background-position":"center center","background-size":"auto","background-attachment":"scroll","background-type":"","background-media":"","overlay-type":"","overlay-color":"","overlay-opacity":"","overlay-gradient":""},"mobile":{"background-color":"","background-image":"","background-repeat":"repeat","background-position":"center center","background-size":"auto","background-attachment":"scroll","background-type":"","background-media":"","overlay-type":"","overlay-color":"","overlay-opacity":"","overlay-gradient":""}},"ast-content-background-meta":{"desktop":{"background-color":"var(--ast-global-color-5)","background-image":"","background-repeat":"repeat","background-position":"center center","background-size":"auto","background-attachment":"scroll","background-type":"","background-media":"","overlay-type":"","overlay-color":"","overlay-opacity":"","overlay-gradient":""},"tablet":{"background-color":"var(--ast-global-color-5)","background-image":"","background-repeat":"repeat","background-position":"center center","background-size":"auto","background-attachment":"scroll","background-type":"","background-media":"","overlay-type":"","overlay-color":"","overlay-opacity":"","overlay-gradient":""},"mobile":{"background-color":"var(--ast-global-color-5)","background-image":"","background-repeat":"repeat","background-position":"center center","background-size":"auto","background-attachment":"scroll","background-type":"","background-media":"","overlay-type":"","overlay-color":"","overlay-opacity":"","overlay-gradient":""}},"footnotes":""},"categories":[8],"tags":[],"class_list":["post-3832","post","type-post","status-publish","format-quote","has-post-thumbnail","hentry","category-citazioni","post_format-post-format-quote"],"yoast_head":"<!-- This site is optimized with the Yoast SEO plugin v28.4 - https:\/\/yoast.com\/product\/yoast-seo-wordpress\/ -->\n<title>Sulla tragica separazione di giustizia e bellezza | Luigi Zoja (1943 - ) psicanalista e sociologo - Concolino.it<\/title>\n<meta name=\"robots\" content=\"index, follow, max-snippet:-1, max-image-preview:large, max-video-preview:-1\" \/>\n<link rel=\"canonical\" href=\"https:\/\/www.concolino.it\/index.php\/2021\/09\/26\/sulla-tragica-separazione-di-giustizia-e-bellezza-luigi-zoja-1943-psicanalista-e-sociologo\/\" \/>\n<meta property=\"og:locale\" content=\"it_IT\" \/>\n<meta property=\"og:type\" content=\"article\" \/>\n<meta property=\"og:title\" content=\"Sulla tragica separazione di giustizia e bellezza | Luigi Zoja (1943 - ) psicanalista e sociologo - Concolino.it\" \/>\n<meta property=\"og:description\" content=\"I greci [\u2026] si sarebbero opposti a questa separazione. Non avevano codici scritti che definissero bellezza o rettitudine, ma esisteva un consenso generale su entrambe, e anche sul fatto che [&hellip;]\" \/>\n<meta property=\"og:url\" content=\"https:\/\/www.concolino.it\/index.php\/2021\/09\/26\/sulla-tragica-separazione-di-giustizia-e-bellezza-luigi-zoja-1943-psicanalista-e-sociologo\/\" \/>\n<meta property=\"og:site_name\" content=\"Concolino.it\" \/>\n<meta property=\"article:publisher\" content=\"https:\/\/www.facebook.com\/don.mik.94\" \/>\n<meta property=\"article:author\" content=\"https:\/\/www.facebook.com\/don.mik.94\" \/>\n<meta property=\"article:published_time\" content=\"2021-09-26T16:23:41+00:00\" \/>\n<meta property=\"article:modified_time\" content=\"2021-09-26T16:49:55+00:00\" \/>\n<meta property=\"og:image\" content=\"https:\/\/www.concolino.it\/wp-content\/uploads\/2021\/09\/taormina-4.png\" \/>\n\t<meta property=\"og:image:width\" content=\"890\" \/>\n\t<meta property=\"og:image:height\" content=\"272\" \/>\n\t<meta property=\"og:image:type\" content=\"image\/png\" \/>\n<meta name=\"author\" content=\"Domenico Concolino\" \/>\n<meta name=\"twitter:card\" content=\"summary_large_image\" \/>\n<meta name=\"twitter:creator\" content=\"@https:\/\/twitter.com\/don_mik\" \/>\n<meta name=\"twitter:site\" content=\"@don_mik\" \/>\n<meta name=\"twitter:label1\" content=\"Scritto da\" \/>\n\t<meta name=\"twitter:data1\" content=\"Domenico Concolino\" \/>\n\t<meta name=\"twitter:label2\" content=\"Tempo di lettura stimato\" \/>\n\t<meta name=\"twitter:data2\" content=\"3 minuti\" \/>\n<script type=\"application\/ld+json\" class=\"yoast-schema-graph\">{\"@context\":\"https:\\\/\\\/schema.org\",\"@graph\":[{\"@type\":\"Article\",\"@id\":\"https:\\\/\\\/www.concolino.it\\\/index.php\\\/2021\\\/09\\\/26\\\/sulla-tragica-separazione-di-giustizia-e-bellezza-luigi-zoja-1943-psicanalista-e-sociologo\\\/#article\",\"isPartOf\":{\"@id\":\"https:\\\/\\\/www.concolino.it\\\/index.php\\\/2021\\\/09\\\/26\\\/sulla-tragica-separazione-di-giustizia-e-bellezza-luigi-zoja-1943-psicanalista-e-sociologo\\\/\"},\"author\":{\"name\":\"Domenico Concolino\",\"@id\":\"https:\\\/\\\/www.concolino.it\\\/#\\\/schema\\\/person\\\/dfa8517603a44e77da85e7eb5139c070\"},\"headline\":\"Sulla tragica separazione di giustizia e bellezza | Luigi Zoja (1943 &#8211; ) psicanalista e sociologo\",\"datePublished\":\"2021-09-26T16:23:41+00:00\",\"dateModified\":\"2021-09-26T16:49:55+00:00\",\"mainEntityOfPage\":{\"@id\":\"https:\\\/\\\/www.concolino.it\\\/index.php\\\/2021\\\/09\\\/26\\\/sulla-tragica-separazione-di-giustizia-e-bellezza-luigi-zoja-1943-psicanalista-e-sociologo\\\/\"},\"wordCount\":538,\"commentCount\":0,\"publisher\":{\"@id\":\"https:\\\/\\\/www.concolino.it\\\/#\\\/schema\\\/person\\\/dfa8517603a44e77da85e7eb5139c070\"},\"image\":{\"@id\":\"https:\\\/\\\/www.concolino.it\\\/index.php\\\/2021\\\/09\\\/26\\\/sulla-tragica-separazione-di-giustizia-e-bellezza-luigi-zoja-1943-psicanalista-e-sociologo\\\/#primaryimage\"},\"thumbnailUrl\":\"https:\\\/\\\/www.concolino.it\\\/wp-content\\\/uploads\\\/2021\\\/09\\\/taormina-4.png\",\"articleSection\":[\"Citazioni\"],\"inLanguage\":\"it-IT\",\"potentialAction\":[{\"@type\":\"CommentAction\",\"name\":\"Comment\",\"target\":[\"https:\\\/\\\/www.concolino.it\\\/index.php\\\/2021\\\/09\\\/26\\\/sulla-tragica-separazione-di-giustizia-e-bellezza-luigi-zoja-1943-psicanalista-e-sociologo\\\/#respond\"]}]},{\"@type\":\"WebPage\",\"@id\":\"https:\\\/\\\/www.concolino.it\\\/index.php\\\/2021\\\/09\\\/26\\\/sulla-tragica-separazione-di-giustizia-e-bellezza-luigi-zoja-1943-psicanalista-e-sociologo\\\/\",\"url\":\"https:\\\/\\\/www.concolino.it\\\/index.php\\\/2021\\\/09\\\/26\\\/sulla-tragica-separazione-di-giustizia-e-bellezza-luigi-zoja-1943-psicanalista-e-sociologo\\\/\",\"name\":\"Sulla tragica separazione di giustizia e bellezza | Luigi Zoja (1943 - ) psicanalista e sociologo - Concolino.it\",\"isPartOf\":{\"@id\":\"https:\\\/\\\/www.concolino.it\\\/#website\"},\"primaryImageOfPage\":{\"@id\":\"https:\\\/\\\/www.concolino.it\\\/index.php\\\/2021\\\/09\\\/26\\\/sulla-tragica-separazione-di-giustizia-e-bellezza-luigi-zoja-1943-psicanalista-e-sociologo\\\/#primaryimage\"},\"image\":{\"@id\":\"https:\\\/\\\/www.concolino.it\\\/index.php\\\/2021\\\/09\\\/26\\\/sulla-tragica-separazione-di-giustizia-e-bellezza-luigi-zoja-1943-psicanalista-e-sociologo\\\/#primaryimage\"},\"thumbnailUrl\":\"https:\\\/\\\/www.concolino.it\\\/wp-content\\\/uploads\\\/2021\\\/09\\\/taormina-4.png\",\"datePublished\":\"2021-09-26T16:23:41+00:00\",\"dateModified\":\"2021-09-26T16:49:55+00:00\",\"breadcrumb\":{\"@id\":\"https:\\\/\\\/www.concolino.it\\\/index.php\\\/2021\\\/09\\\/26\\\/sulla-tragica-separazione-di-giustizia-e-bellezza-luigi-zoja-1943-psicanalista-e-sociologo\\\/#breadcrumb\"},\"inLanguage\":\"it-IT\",\"potentialAction\":[{\"@type\":\"ReadAction\",\"target\":[\"https:\\\/\\\/www.concolino.it\\\/index.php\\\/2021\\\/09\\\/26\\\/sulla-tragica-separazione-di-giustizia-e-bellezza-luigi-zoja-1943-psicanalista-e-sociologo\\\/\"]}]},{\"@type\":\"ImageObject\",\"inLanguage\":\"it-IT\",\"@id\":\"https:\\\/\\\/www.concolino.it\\\/index.php\\\/2021\\\/09\\\/26\\\/sulla-tragica-separazione-di-giustizia-e-bellezza-luigi-zoja-1943-psicanalista-e-sociologo\\\/#primaryimage\",\"url\":\"https:\\\/\\\/www.concolino.it\\\/wp-content\\\/uploads\\\/2021\\\/09\\\/taormina-4.png\",\"contentUrl\":\"https:\\\/\\\/www.concolino.it\\\/wp-content\\\/uploads\\\/2021\\\/09\\\/taormina-4.png\",\"width\":890,\"height\":272},{\"@type\":\"BreadcrumbList\",\"@id\":\"https:\\\/\\\/www.concolino.it\\\/index.php\\\/2021\\\/09\\\/26\\\/sulla-tragica-separazione-di-giustizia-e-bellezza-luigi-zoja-1943-psicanalista-e-sociologo\\\/#breadcrumb\",\"itemListElement\":[{\"@type\":\"ListItem\",\"position\":1,\"name\":\"Home\",\"item\":\"https:\\\/\\\/www.concolino.it\\\/\"},{\"@type\":\"ListItem\",\"position\":2,\"name\":\"Sulla tragica separazione di giustizia e bellezza | Luigi Zoja (1943 &#8211; ) psicanalista e sociologo\"}]},{\"@type\":\"WebSite\",\"@id\":\"https:\\\/\\\/www.concolino.it\\\/#website\",\"url\":\"https:\\\/\\\/www.concolino.it\\\/\",\"name\":\"Concolino.it\",\"description\":\"Allargare gli spazi del Verbo\",\"publisher\":{\"@id\":\"https:\\\/\\\/www.concolino.it\\\/#\\\/schema\\\/person\\\/dfa8517603a44e77da85e7eb5139c070\"},\"potentialAction\":[{\"@type\":\"SearchAction\",\"target\":{\"@type\":\"EntryPoint\",\"urlTemplate\":\"https:\\\/\\\/www.concolino.it\\\/?s={search_term_string}\"},\"query-input\":{\"@type\":\"PropertyValueSpecification\",\"valueRequired\":true,\"valueName\":\"search_term_string\"}}],\"inLanguage\":\"it-IT\"},{\"@type\":[\"Person\",\"Organization\"],\"@id\":\"https:\\\/\\\/www.concolino.it\\\/#\\\/schema\\\/person\\\/dfa8517603a44e77da85e7eb5139c070\",\"name\":\"Domenico Concolino\",\"image\":{\"@type\":\"ImageObject\",\"inLanguage\":\"it-IT\",\"@id\":\"https:\\\/\\\/www.concolino.it\\\/wp-content\\\/uploads\\\/2014\\\/07\\\/CT5W9104.jpg\",\"url\":\"https:\\\/\\\/www.concolino.it\\\/wp-content\\\/uploads\\\/2014\\\/07\\\/CT5W9104.jpg\",\"contentUrl\":\"https:\\\/\\\/www.concolino.it\\\/wp-content\\\/uploads\\\/2014\\\/07\\\/CT5W9104.jpg\",\"width\":1276,\"height\":850,\"caption\":\"Domenico Concolino\"},\"logo\":{\"@id\":\"https:\\\/\\\/www.concolino.it\\\/wp-content\\\/uploads\\\/2014\\\/07\\\/CT5W9104.jpg\"},\"description\":\"Teologo | Cappellano Campus Universit\u00e0 Magna Graecia | Direttore Ufficio Regione Universit\u00e0 Scuola Educazione (Calabria)\",\"sameAs\":[\"https:\\\/\\\/www.facebook.com\\\/don.mik.94\",\"https:\\\/\\\/x.com\\\/https:\\\/\\\/twitter.com\\\/don_mik\"],\"url\":\"https:\\\/\\\/www.concolino.it\\\/index.php\\\/author\\\/admin\\\/\"}]}<\/script>\n<!-- \/ Yoast SEO plugin. -->","yoast_head_json":{"title":"Sulla tragica separazione di giustizia e bellezza | Luigi Zoja (1943 - ) psicanalista e sociologo - Concolino.it","robots":{"index":"index","follow":"follow","max-snippet":"max-snippet:-1","max-image-preview":"max-image-preview:large","max-video-preview":"max-video-preview:-1"},"canonical":"https:\/\/www.concolino.it\/index.php\/2021\/09\/26\/sulla-tragica-separazione-di-giustizia-e-bellezza-luigi-zoja-1943-psicanalista-e-sociologo\/","og_locale":"it_IT","og_type":"article","og_title":"Sulla tragica separazione di giustizia e bellezza | Luigi Zoja (1943 - ) psicanalista e sociologo - Concolino.it","og_description":"I greci [\u2026] si sarebbero opposti a questa separazione. Non avevano codici scritti che definissero bellezza o rettitudine, ma esisteva un consenso generale su entrambe, e anche sul fatto che [&hellip;]","og_url":"https:\/\/www.concolino.it\/index.php\/2021\/09\/26\/sulla-tragica-separazione-di-giustizia-e-bellezza-luigi-zoja-1943-psicanalista-e-sociologo\/","og_site_name":"Concolino.it","article_publisher":"https:\/\/www.facebook.com\/don.mik.94","article_author":"https:\/\/www.facebook.com\/don.mik.94","article_published_time":"2021-09-26T16:23:41+00:00","article_modified_time":"2021-09-26T16:49:55+00:00","og_image":[{"width":890,"height":272,"url":"https:\/\/www.concolino.it\/wp-content\/uploads\/2021\/09\/taormina-4.png","type":"image\/png"}],"author":"Domenico Concolino","twitter_card":"summary_large_image","twitter_creator":"@https:\/\/twitter.com\/don_mik","twitter_site":"@don_mik","twitter_misc":{"Scritto da":"Domenico Concolino","Tempo di lettura stimato":"3 minuti"},"schema":{"@context":"https:\/\/schema.org","@graph":[{"@type":"Article","@id":"https:\/\/www.concolino.it\/index.php\/2021\/09\/26\/sulla-tragica-separazione-di-giustizia-e-bellezza-luigi-zoja-1943-psicanalista-e-sociologo\/#article","isPartOf":{"@id":"https:\/\/www.concolino.it\/index.php\/2021\/09\/26\/sulla-tragica-separazione-di-giustizia-e-bellezza-luigi-zoja-1943-psicanalista-e-sociologo\/"},"author":{"name":"Domenico Concolino","@id":"https:\/\/www.concolino.it\/#\/schema\/person\/dfa8517603a44e77da85e7eb5139c070"},"headline":"Sulla tragica separazione di giustizia e bellezza | Luigi Zoja (1943 &#8211; ) psicanalista e sociologo","datePublished":"2021-09-26T16:23:41+00:00","dateModified":"2021-09-26T16:49:55+00:00","mainEntityOfPage":{"@id":"https:\/\/www.concolino.it\/index.php\/2021\/09\/26\/sulla-tragica-separazione-di-giustizia-e-bellezza-luigi-zoja-1943-psicanalista-e-sociologo\/"},"wordCount":538,"commentCount":0,"publisher":{"@id":"https:\/\/www.concolino.it\/#\/schema\/person\/dfa8517603a44e77da85e7eb5139c070"},"image":{"@id":"https:\/\/www.concolino.it\/index.php\/2021\/09\/26\/sulla-tragica-separazione-di-giustizia-e-bellezza-luigi-zoja-1943-psicanalista-e-sociologo\/#primaryimage"},"thumbnailUrl":"https:\/\/www.concolino.it\/wp-content\/uploads\/2021\/09\/taormina-4.png","articleSection":["Citazioni"],"inLanguage":"it-IT","potentialAction":[{"@type":"CommentAction","name":"Comment","target":["https:\/\/www.concolino.it\/index.php\/2021\/09\/26\/sulla-tragica-separazione-di-giustizia-e-bellezza-luigi-zoja-1943-psicanalista-e-sociologo\/#respond"]}]},{"@type":"WebPage","@id":"https:\/\/www.concolino.it\/index.php\/2021\/09\/26\/sulla-tragica-separazione-di-giustizia-e-bellezza-luigi-zoja-1943-psicanalista-e-sociologo\/","url":"https:\/\/www.concolino.it\/index.php\/2021\/09\/26\/sulla-tragica-separazione-di-giustizia-e-bellezza-luigi-zoja-1943-psicanalista-e-sociologo\/","name":"Sulla tragica separazione di giustizia e bellezza | Luigi Zoja (1943 - ) psicanalista e sociologo - Concolino.it","isPartOf":{"@id":"https:\/\/www.concolino.it\/#website"},"primaryImageOfPage":{"@id":"https:\/\/www.concolino.it\/index.php\/2021\/09\/26\/sulla-tragica-separazione-di-giustizia-e-bellezza-luigi-zoja-1943-psicanalista-e-sociologo\/#primaryimage"},"image":{"@id":"https:\/\/www.concolino.it\/index.php\/2021\/09\/26\/sulla-tragica-separazione-di-giustizia-e-bellezza-luigi-zoja-1943-psicanalista-e-sociologo\/#primaryimage"},"thumbnailUrl":"https:\/\/www.concolino.it\/wp-content\/uploads\/2021\/09\/taormina-4.png","datePublished":"2021-09-26T16:23:41+00:00","dateModified":"2021-09-26T16:49:55+00:00","breadcrumb":{"@id":"https:\/\/www.concolino.it\/index.php\/2021\/09\/26\/sulla-tragica-separazione-di-giustizia-e-bellezza-luigi-zoja-1943-psicanalista-e-sociologo\/#breadcrumb"},"inLanguage":"it-IT","potentialAction":[{"@type":"ReadAction","target":["https:\/\/www.concolino.it\/index.php\/2021\/09\/26\/sulla-tragica-separazione-di-giustizia-e-bellezza-luigi-zoja-1943-psicanalista-e-sociologo\/"]}]},{"@type":"ImageObject","inLanguage":"it-IT","@id":"https:\/\/www.concolino.it\/index.php\/2021\/09\/26\/sulla-tragica-separazione-di-giustizia-e-bellezza-luigi-zoja-1943-psicanalista-e-sociologo\/#primaryimage","url":"https:\/\/www.concolino.it\/wp-content\/uploads\/2021\/09\/taormina-4.png","contentUrl":"https:\/\/www.concolino.it\/wp-content\/uploads\/2021\/09\/taormina-4.png","width":890,"height":272},{"@type":"BreadcrumbList","@id":"https:\/\/www.concolino.it\/index.php\/2021\/09\/26\/sulla-tragica-separazione-di-giustizia-e-bellezza-luigi-zoja-1943-psicanalista-e-sociologo\/#breadcrumb","itemListElement":[{"@type":"ListItem","position":1,"name":"Home","item":"https:\/\/www.concolino.it\/"},{"@type":"ListItem","position":2,"name":"Sulla tragica separazione di giustizia e bellezza | Luigi Zoja (1943 &#8211; ) psicanalista e sociologo"}]},{"@type":"WebSite","@id":"https:\/\/www.concolino.it\/#website","url":"https:\/\/www.concolino.it\/","name":"Concolino.it","description":"Allargare gli spazi del Verbo","publisher":{"@id":"https:\/\/www.concolino.it\/#\/schema\/person\/dfa8517603a44e77da85e7eb5139c070"},"potentialAction":[{"@type":"SearchAction","target":{"@type":"EntryPoint","urlTemplate":"https:\/\/www.concolino.it\/?s={search_term_string}"},"query-input":{"@type":"PropertyValueSpecification","valueRequired":true,"valueName":"search_term_string"}}],"inLanguage":"it-IT"},{"@type":["Person","Organization"],"@id":"https:\/\/www.concolino.it\/#\/schema\/person\/dfa8517603a44e77da85e7eb5139c070","name":"Domenico Concolino","image":{"@type":"ImageObject","inLanguage":"it-IT","@id":"https:\/\/www.concolino.it\/wp-content\/uploads\/2014\/07\/CT5W9104.jpg","url":"https:\/\/www.concolino.it\/wp-content\/uploads\/2014\/07\/CT5W9104.jpg","contentUrl":"https:\/\/www.concolino.it\/wp-content\/uploads\/2014\/07\/CT5W9104.jpg","width":1276,"height":850,"caption":"Domenico Concolino"},"logo":{"@id":"https:\/\/www.concolino.it\/wp-content\/uploads\/2014\/07\/CT5W9104.jpg"},"description":"Teologo | Cappellano Campus Universit\u00e0 Magna Graecia | Direttore Ufficio Regione Universit\u00e0 Scuola Educazione (Calabria)","sameAs":["https:\/\/www.facebook.com\/don.mik.94","https:\/\/x.com\/https:\/\/twitter.com\/don_mik"],"url":"https:\/\/www.concolino.it\/index.php\/author\/admin\/"}]}},"_links":{"self":[{"href":"https:\/\/www.concolino.it\/index.php\/wp-json\/wp\/v2\/posts\/3832","targetHints":{"allow":["GET"]}}],"collection":[{"href":"https:\/\/www.concolino.it\/index.php\/wp-json\/wp\/v2\/posts"}],"about":[{"href":"https:\/\/www.concolino.it\/index.php\/wp-json\/wp\/v2\/types\/post"}],"author":[{"embeddable":true,"href":"https:\/\/www.concolino.it\/index.php\/wp-json\/wp\/v2\/users\/1"}],"replies":[{"embeddable":true,"href":"https:\/\/www.concolino.it\/index.php\/wp-json\/wp\/v2\/comments?post=3832"}],"version-history":[{"count":20,"href":"https:\/\/www.concolino.it\/index.php\/wp-json\/wp\/v2\/posts\/3832\/revisions"}],"predecessor-version":[{"id":3861,"href":"https:\/\/www.concolino.it\/index.php\/wp-json\/wp\/v2\/posts\/3832\/revisions\/3861"}],"wp:featuredmedia":[{"embeddable":true,"href":"https:\/\/www.concolino.it\/index.php\/wp-json\/wp\/v2\/media\/3838"}],"wp:attachment":[{"href":"https:\/\/www.concolino.it\/index.php\/wp-json\/wp\/v2\/media?parent=3832"}],"wp:term":[{"taxonomy":"category","embeddable":true,"href":"https:\/\/www.concolino.it\/index.php\/wp-json\/wp\/v2\/categories?post=3832"},{"taxonomy":"post_tag","embeddable":true,"href":"https:\/\/www.concolino.it\/index.php\/wp-json\/wp\/v2\/tags?post=3832"}],"curies":[{"name":"wp","href":"https:\/\/api.w.org\/{rel}","templated":true}]}}