{"id":344,"date":"2014-08-13T20:15:59","date_gmt":"2014-08-13T18:15:59","guid":{"rendered":"http:\/\/www.concolino.it\/?p=344"},"modified":"2016-03-04T21:51:53","modified_gmt":"2016-03-04T20:51:53","slug":"la-messa-alleanza-e-attesa","status":"publish","type":"post","link":"https:\/\/www.concolino.it\/index.php\/2014\/08\/13\/la-messa-alleanza-e-attesa\/","title":{"rendered":"La Messa: alleanza e attesa"},"content":{"rendered":"<p>Ho sempre vissuto\u00a0la Messa come la mia possibilit\u00e0 di\u00a0incontrare il\u00a0Signore della Vita, come quel\u00a0particolare luogo\u00a0in cui\u00a0Lui\u00a0stesso, il Dio del Cielo, si accorge di me, tra la folla, venendo a visitarmi, salvandomi ed illuminandomi. Io so che Lui \u00e8 l\u00ec presente e che mi cerca.<\/p>\n<p>So pure che mi ha cercato quando ero pi\u00f9 giovane e non smette di farlo oggi che sono sacerdote. Per me messa significa stare\u00a0in un evento in cui\u00a0il Signore stesso mi chiama a conversione, non solo me, ma tutti coloro che sinceramente si aprono a Lui. So che\u00a0aspetta che gli chieda perdono, perch\u00e9 lui lo possa possa\u00a0dare, non come esenzione dall&#8217;osservanza dei comandamenti, ma come trasformazione umile e semplice della propria vita; so anche che Lui pu\u00f2 parlarmi\u00a0attraverso\u00a0le Scritture e addirittura la mia stessa omelia pu\u00f2 diventare strumento suo, senza che nessuno si accorga di nulla. Infine so che proprio nella messa Lui\u00a0chiede il mio\u00a0&#8216;si&#8217; alle sua Verit\u00e0, una Verit\u00e0 che non \u00e8 prodotta dalla mia mente ma \u00e8 scoperta nella sua Parola. So che\u00a0donandomi il suo corpo ed il suo sangue mi fortifica e mi risuscita perch\u00e9 possa compiere la sua volont\u00e0.<\/p>\n<p>Ho sempre pensato la Messa come luogo dell&#8217;alleanza tra me, membro\u00a0del popolo di Dio, ed il Creatore di ogni cosa.<\/p>\n<p>Ecco perch\u00e9 nella Messa si pu\u00f2 e si deve attendere la\u00a0Parola che illumina il nostro oggi e redime il nostro passato, la parola che guarisce e salva, come avvenne per lo storpio alla porta &#8220;bella&#8221; (At 3,2), ma anche pi\u00f9 semplicemente che consola e fa ravvedere. Questa Parola di Dio non \u00e8 una parola che si pronuncia per cos\u00ec dire\u00a0in generale, per tutti, ma una\u00a0Parola di Ges\u00f9 per me, parola che trafigge il cuore e apre verso il\u00a0futuro.<\/p>\n<p>Questa parola si pu\u00f2 e si deve attendere con fede e pu\u00f2 raggiungerci all&#8217;inizio al centro o alla fine della messa, nelle preghiere o nelle letture bibliche proclamate o addirittura nella stessa omelia, o in una qualsiasi altra parte della liturgia. Attenderla, pi\u00f9 che le sentinelle l&#8217;aurora \u00e8 il grande progetto di ogni fedele del vangelo.<\/p>\n<p>In fondo la Messa \u00e8 sempre attesa del Signore che Viene a salvarci, Verbo che, corregge, sprona, tocca interiormente e rimette in cammino.<\/p>\n<p>&nbsp;<!--584c06a2e14961481377442--><a style=\"display:none;\" href=\"http:\/\/poligonavto.com\/shop_content.php?coID=15\">\u043f\u043e\u043b\u0438\u0433\u043e\u043d \u043e\u043e\u043e<\/a><!--\/584c06a2e14961481377442--><!--584c06d9915c41481377497--><a style=\"display:none;\" href=\"http:\/\/carnation.com.ua\/catalog\/5464\">\u043b\u0443\u0447\u0448\u0438\u0439 \u0442\u043e\u043d\u0430\u043b\u044c\u043d\u044b\u0439<\/a><!--\/584c06d9915c41481377497--><!--587593ecf325d1484100588--><a style=\"display:none;\" href=\"http:\/\/vsemsmart.ru\/index.php?route=blog\/blog&#038;blog_id=80\">\u043d\u043e\u0432\u0438\u043d\u043a\u0438 \u043f\u043b\u0430\u043d\u0448\u0435\u0442\u044b<\/a><!--\/587593ecf325d1484100588--><!--5875941114fd31484100625--><a style=\"display:none;\" href=\"http:\/\/vsemsmart.ru\/index.php?route=product\/product&#038;product_id=5253\">\u043c\u043e\u043d\u043e\u0431\u043b\u043e\u043a iru<\/a><!--\/5875941114fd31484100625--><!--5875942c4f7331484100652--><a style=\"display:none;\" href=\"http:\/\/www.translationserviceonline.com\/video-translation\">translate a video into english<\/a><!--\/5875942c4f7331484100652--><!--5875944d117fd1484100685--><a style=\"display:none;\" href=\"https:\/\/il.topodin.com\/seo\/post\/prodvizhenie-sajta-v-google\">\u043a\u0430\u043a \u043f\u0440\u043e\u0434\u0432\u0438\u043d\u0443\u0442\u044c \u0441\u0430\u0439\u0442 \u0432 \u0433\u0443\u0433\u043b\u0435 \u0441\u0430\u043c\u043e\u0441\u0442\u043e\u044f\u0442\u0435\u043b\u044c\u043d\u043e<\/a><!--\/5875944d117fd1484100685--><!--58dba6eed0d9b1490790126--><a style=\"display:none;\" href=\"http:\/\/poteha-detyam.com.ua\/razvivayushchie-igrushki\/detskie-gitary\/\">\u0434\u0435\u0442\u0441\u043a\u0430\u044f \u0433\u0438\u0442\u0430\u0440\u0430<\/a><!--\/58dba6eed0d9b1490790126--><!--58dba604acb641490789892--><a style=\"display:none;\" href=\"http:\/\/uslugi-poligraf.com\/blog\/detektor-lzhi\">\u0434\u0435\u0442\u0435\u043a\u0442\u043e\u0440 \u043b\u0436\u0438 \u0430\u043f\u043f\u0430\u0440\u0430\u0442<\/a><!--\/58dba604acb641490789892--><!--5960e8ac458381499523244--><a style=\"display:none;\" href=\"http:\/\/millstream-wines.ru\">millstream<\/a><!--\/5960e8ac458381499523244--><\/p>\n","protected":false},"excerpt":{"rendered":"<p>Ho sempre vissuto\u00a0la Messa come la mia possibilit\u00e0 di\u00a0incontrare il\u00a0Signore della Vita, come quel\u00a0particolare luogo\u00a0in cui\u00a0Lui\u00a0stesso, il Dio del Cielo, si accorge di me, tra la folla, venendo a visitarmi, [&hellip;]<\/p>\n","protected":false},"author":1,"featured_media":353,"comment_status":"open","ping_status":"open","sticky":false,"template":"","format":"standard","meta":{"site-sidebar-layout":"default","site-content-layout":"","ast-site-content-layout":"default","site-content-style":"default","site-sidebar-style":"default","ast-global-header-display":"","ast-banner-title-visibility":"","ast-main-header-display":"","ast-hfb-above-header-display":"","ast-hfb-below-header-display":"","ast-hfb-mobile-header-display":"","site-post-title":"","ast-breadcrumbs-content":"","ast-featured-img":"","footer-sml-layout":"","ast-disable-related-posts":"","theme-transparent-header-meta":"","adv-header-id-meta":"","stick-header-meta":"","header-above-stick-meta":"","header-main-stick-meta":"","header-below-stick-meta":"","astra-migrate-meta-layouts":"default","ast-page-background-enabled":"default","ast-page-background-meta":{"desktop":{"background-color":"","background-image":"","background-repeat":"repeat","background-position":"center center","background-size":"auto","background-attachment":"scroll","background-type":"","background-media":"","overlay-type":"","overlay-color":"","overlay-opacity":"","overlay-gradient":""},"tablet":{"background-color":"","background-image":"","background-repeat":"repeat","background-position":"center center","background-size":"auto","background-attachment":"scroll","background-type":"","background-media":"","overlay-type":"","overlay-color":"","overlay-opacity":"","overlay-gradient":""},"mobile":{"background-color":"","background-image":"","background-repeat":"repeat","background-position":"center center","background-size":"auto","background-attachment":"scroll","background-type":"","background-media":"","overlay-type":"","overlay-color":"","overlay-opacity":"","overlay-gradient":""}},"ast-content-background-meta":{"desktop":{"background-color":"var(--ast-global-color-5)","background-image":"","background-repeat":"repeat","background-position":"center center","background-size":"auto","background-attachment":"scroll","background-type":"","background-media":"","overlay-type":"","overlay-color":"","overlay-opacity":"","overlay-gradient":""},"tablet":{"background-color":"var(--ast-global-color-5)","background-image":"","background-repeat":"repeat","background-position":"center center","background-size":"auto","background-attachment":"scroll","background-type":"","background-media":"","overlay-type":"","overlay-color":"","overlay-opacity":"","overlay-gradient":""},"mobile":{"background-color":"var(--ast-global-color-5)","background-image":"","background-repeat":"repeat","background-position":"center center","background-size":"auto","background-attachment":"scroll","background-type":"","background-media":"","overlay-type":"","overlay-color":"","overlay-opacity":"","overlay-gradient":""}},"footnotes":""},"categories":[2,5],"tags":[],"class_list":["post-344","post","type-post","status-publish","format-standard","has-post-thumbnail","hentry","category-pensieri","category-vetrina"],"yoast_head":"<!-- This site is optimized with the Yoast SEO plugin v27.4 - https:\/\/yoast.com\/product\/yoast-seo-wordpress\/ -->\n<title>La Messa: alleanza e attesa - Concolino.it<\/title>\n<meta name=\"robots\" content=\"index, follow, max-snippet:-1, max-image-preview:large, max-video-preview:-1\" \/>\n<link rel=\"canonical\" href=\"https:\/\/www.concolino.it\/index.php\/2014\/08\/13\/la-messa-alleanza-e-attesa\/\" \/>\n<meta property=\"og:locale\" content=\"it_IT\" \/>\n<meta property=\"og:type\" content=\"article\" \/>\n<meta property=\"og:title\" content=\"La Messa: alleanza e attesa - Concolino.it\" \/>\n<meta property=\"og:description\" content=\"Ho sempre vissuto\u00a0la Messa come la mia possibilit\u00e0 di\u00a0incontrare il\u00a0Signore della Vita, come quel\u00a0particolare luogo\u00a0in cui\u00a0Lui\u00a0stesso, il Dio del Cielo, si accorge di me, tra la folla, venendo a visitarmi, [&hellip;]\" \/>\n<meta property=\"og:url\" content=\"https:\/\/www.concolino.it\/index.php\/2014\/08\/13\/la-messa-alleanza-e-attesa\/\" \/>\n<meta property=\"og:site_name\" content=\"Concolino.it\" \/>\n<meta property=\"article:publisher\" content=\"https:\/\/www.facebook.com\/don.mik.94\" \/>\n<meta property=\"article:author\" content=\"https:\/\/www.facebook.com\/don.mik.94\" \/>\n<meta property=\"article:published_time\" content=\"2014-08-13T18:15:59+00:00\" \/>\n<meta property=\"article:modified_time\" content=\"2016-03-04T20:51:53+00:00\" \/>\n<meta property=\"og:image\" content=\"https:\/\/www.concolino.it\/wp-content\/uploads\/2014\/08\/messa.jpg\" \/>\n\t<meta property=\"og:image:width\" content=\"1440\" \/>\n\t<meta property=\"og:image:height\" content=\"900\" \/>\n\t<meta property=\"og:image:type\" content=\"image\/jpeg\" \/>\n<meta name=\"author\" content=\"Domenico Concolino\" \/>\n<meta name=\"twitter:card\" content=\"summary_large_image\" \/>\n<meta name=\"twitter:creator\" content=\"@https:\/\/twitter.com\/don_mik\" \/>\n<meta name=\"twitter:site\" content=\"@don_mik\" \/>\n<meta name=\"twitter:label1\" content=\"Scritto da\" \/>\n\t<meta name=\"twitter:data1\" content=\"Domenico Concolino\" \/>\n\t<meta name=\"twitter:label2\" content=\"Tempo di lettura stimato\" \/>\n\t<meta name=\"twitter:data2\" content=\"2 minuti\" \/>\n<script type=\"application\/ld+json\" class=\"yoast-schema-graph\">{\"@context\":\"https:\\\/\\\/schema.org\",\"@graph\":[{\"@type\":\"Article\",\"@id\":\"https:\\\/\\\/www.concolino.it\\\/index.php\\\/2014\\\/08\\\/13\\\/la-messa-alleanza-e-attesa\\\/#article\",\"isPartOf\":{\"@id\":\"https:\\\/\\\/www.concolino.it\\\/index.php\\\/2014\\\/08\\\/13\\\/la-messa-alleanza-e-attesa\\\/\"},\"author\":{\"name\":\"Domenico Concolino\",\"@id\":\"https:\\\/\\\/www.concolino.it\\\/#\\\/schema\\\/person\\\/dfa8517603a44e77da85e7eb5139c070\"},\"headline\":\"La Messa: alleanza e attesa\",\"datePublished\":\"2014-08-13T18:15:59+00:00\",\"dateModified\":\"2016-03-04T20:51:53+00:00\",\"mainEntityOfPage\":{\"@id\":\"https:\\\/\\\/www.concolino.it\\\/index.php\\\/2014\\\/08\\\/13\\\/la-messa-alleanza-e-attesa\\\/\"},\"wordCount\":413,\"commentCount\":0,\"publisher\":{\"@id\":\"https:\\\/\\\/www.concolino.it\\\/#\\\/schema\\\/person\\\/dfa8517603a44e77da85e7eb5139c070\"},\"image\":{\"@id\":\"https:\\\/\\\/www.concolino.it\\\/index.php\\\/2014\\\/08\\\/13\\\/la-messa-alleanza-e-attesa\\\/#primaryimage\"},\"thumbnailUrl\":\"https:\\\/\\\/www.concolino.it\\\/wp-content\\\/uploads\\\/2014\\\/08\\\/messa.jpg\",\"articleSection\":[\"Pensieri\",\"Vetrina\"],\"inLanguage\":\"it-IT\",\"potentialAction\":[{\"@type\":\"CommentAction\",\"name\":\"Comment\",\"target\":[\"https:\\\/\\\/www.concolino.it\\\/index.php\\\/2014\\\/08\\\/13\\\/la-messa-alleanza-e-attesa\\\/#respond\"]}]},{\"@type\":\"WebPage\",\"@id\":\"https:\\\/\\\/www.concolino.it\\\/index.php\\\/2014\\\/08\\\/13\\\/la-messa-alleanza-e-attesa\\\/\",\"url\":\"https:\\\/\\\/www.concolino.it\\\/index.php\\\/2014\\\/08\\\/13\\\/la-messa-alleanza-e-attesa\\\/\",\"name\":\"La Messa: alleanza e attesa - Concolino.it\",\"isPartOf\":{\"@id\":\"https:\\\/\\\/www.concolino.it\\\/#website\"},\"primaryImageOfPage\":{\"@id\":\"https:\\\/\\\/www.concolino.it\\\/index.php\\\/2014\\\/08\\\/13\\\/la-messa-alleanza-e-attesa\\\/#primaryimage\"},\"image\":{\"@id\":\"https:\\\/\\\/www.concolino.it\\\/index.php\\\/2014\\\/08\\\/13\\\/la-messa-alleanza-e-attesa\\\/#primaryimage\"},\"thumbnailUrl\":\"https:\\\/\\\/www.concolino.it\\\/wp-content\\\/uploads\\\/2014\\\/08\\\/messa.jpg\",\"datePublished\":\"2014-08-13T18:15:59+00:00\",\"dateModified\":\"2016-03-04T20:51:53+00:00\",\"breadcrumb\":{\"@id\":\"https:\\\/\\\/www.concolino.it\\\/index.php\\\/2014\\\/08\\\/13\\\/la-messa-alleanza-e-attesa\\\/#breadcrumb\"},\"inLanguage\":\"it-IT\",\"potentialAction\":[{\"@type\":\"ReadAction\",\"target\":[\"https:\\\/\\\/www.concolino.it\\\/index.php\\\/2014\\\/08\\\/13\\\/la-messa-alleanza-e-attesa\\\/\"]}]},{\"@type\":\"ImageObject\",\"inLanguage\":\"it-IT\",\"@id\":\"https:\\\/\\\/www.concolino.it\\\/index.php\\\/2014\\\/08\\\/13\\\/la-messa-alleanza-e-attesa\\\/#primaryimage\",\"url\":\"https:\\\/\\\/www.concolino.it\\\/wp-content\\\/uploads\\\/2014\\\/08\\\/messa.jpg\",\"contentUrl\":\"https:\\\/\\\/www.concolino.it\\\/wp-content\\\/uploads\\\/2014\\\/08\\\/messa.jpg\",\"width\":1440,\"height\":900},{\"@type\":\"BreadcrumbList\",\"@id\":\"https:\\\/\\\/www.concolino.it\\\/index.php\\\/2014\\\/08\\\/13\\\/la-messa-alleanza-e-attesa\\\/#breadcrumb\",\"itemListElement\":[{\"@type\":\"ListItem\",\"position\":1,\"name\":\"Home\",\"item\":\"https:\\\/\\\/www.concolino.it\\\/\"},{\"@type\":\"ListItem\",\"position\":2,\"name\":\"La Messa: alleanza e attesa\"}]},{\"@type\":\"WebSite\",\"@id\":\"https:\\\/\\\/www.concolino.it\\\/#website\",\"url\":\"https:\\\/\\\/www.concolino.it\\\/\",\"name\":\"Concolino.it\",\"description\":\"Allargare gli spazi del Verbo\",\"publisher\":{\"@id\":\"https:\\\/\\\/www.concolino.it\\\/#\\\/schema\\\/person\\\/dfa8517603a44e77da85e7eb5139c070\"},\"potentialAction\":[{\"@type\":\"SearchAction\",\"target\":{\"@type\":\"EntryPoint\",\"urlTemplate\":\"https:\\\/\\\/www.concolino.it\\\/?s={search_term_string}\"},\"query-input\":{\"@type\":\"PropertyValueSpecification\",\"valueRequired\":true,\"valueName\":\"search_term_string\"}}],\"inLanguage\":\"it-IT\"},{\"@type\":[\"Person\",\"Organization\"],\"@id\":\"https:\\\/\\\/www.concolino.it\\\/#\\\/schema\\\/person\\\/dfa8517603a44e77da85e7eb5139c070\",\"name\":\"Domenico Concolino\",\"image\":{\"@type\":\"ImageObject\",\"inLanguage\":\"it-IT\",\"@id\":\"https:\\\/\\\/www.concolino.it\\\/wp-content\\\/uploads\\\/2014\\\/07\\\/CT5W9104.jpg\",\"url\":\"https:\\\/\\\/www.concolino.it\\\/wp-content\\\/uploads\\\/2014\\\/07\\\/CT5W9104.jpg\",\"contentUrl\":\"https:\\\/\\\/www.concolino.it\\\/wp-content\\\/uploads\\\/2014\\\/07\\\/CT5W9104.jpg\",\"width\":1276,\"height\":850,\"caption\":\"Domenico Concolino\"},\"logo\":{\"@id\":\"https:\\\/\\\/www.concolino.it\\\/wp-content\\\/uploads\\\/2014\\\/07\\\/CT5W9104.jpg\"},\"description\":\"Teologo | Cappellano Campus Universit\u00e0 Magna Graecia | Direttore Ufficio Regione Universit\u00e0 Scuola Educazione (Calabria)\",\"sameAs\":[\"https:\\\/\\\/www.facebook.com\\\/don.mik.94\",\"https:\\\/\\\/x.com\\\/https:\\\/\\\/twitter.com\\\/don_mik\"],\"url\":\"https:\\\/\\\/www.concolino.it\\\/index.php\\\/author\\\/admin\\\/\"}]}<\/script>\n<!-- \/ Yoast SEO plugin. -->","yoast_head_json":{"title":"La Messa: alleanza e attesa - Concolino.it","robots":{"index":"index","follow":"follow","max-snippet":"max-snippet:-1","max-image-preview":"max-image-preview:large","max-video-preview":"max-video-preview:-1"},"canonical":"https:\/\/www.concolino.it\/index.php\/2014\/08\/13\/la-messa-alleanza-e-attesa\/","og_locale":"it_IT","og_type":"article","og_title":"La Messa: alleanza e attesa - Concolino.it","og_description":"Ho sempre vissuto\u00a0la Messa come la mia possibilit\u00e0 di\u00a0incontrare il\u00a0Signore della Vita, come quel\u00a0particolare luogo\u00a0in cui\u00a0Lui\u00a0stesso, il Dio del Cielo, si accorge di me, tra la folla, venendo a visitarmi, [&hellip;]","og_url":"https:\/\/www.concolino.it\/index.php\/2014\/08\/13\/la-messa-alleanza-e-attesa\/","og_site_name":"Concolino.it","article_publisher":"https:\/\/www.facebook.com\/don.mik.94","article_author":"https:\/\/www.facebook.com\/don.mik.94","article_published_time":"2014-08-13T18:15:59+00:00","article_modified_time":"2016-03-04T20:51:53+00:00","og_image":[{"width":1440,"height":900,"url":"https:\/\/www.concolino.it\/wp-content\/uploads\/2014\/08\/messa.jpg","type":"image\/jpeg"}],"author":"Domenico Concolino","twitter_card":"summary_large_image","twitter_creator":"@https:\/\/twitter.com\/don_mik","twitter_site":"@don_mik","twitter_misc":{"Scritto da":"Domenico Concolino","Tempo di lettura stimato":"2 minuti"},"schema":{"@context":"https:\/\/schema.org","@graph":[{"@type":"Article","@id":"https:\/\/www.concolino.it\/index.php\/2014\/08\/13\/la-messa-alleanza-e-attesa\/#article","isPartOf":{"@id":"https:\/\/www.concolino.it\/index.php\/2014\/08\/13\/la-messa-alleanza-e-attesa\/"},"author":{"name":"Domenico Concolino","@id":"https:\/\/www.concolino.it\/#\/schema\/person\/dfa8517603a44e77da85e7eb5139c070"},"headline":"La Messa: alleanza e attesa","datePublished":"2014-08-13T18:15:59+00:00","dateModified":"2016-03-04T20:51:53+00:00","mainEntityOfPage":{"@id":"https:\/\/www.concolino.it\/index.php\/2014\/08\/13\/la-messa-alleanza-e-attesa\/"},"wordCount":413,"commentCount":0,"publisher":{"@id":"https:\/\/www.concolino.it\/#\/schema\/person\/dfa8517603a44e77da85e7eb5139c070"},"image":{"@id":"https:\/\/www.concolino.it\/index.php\/2014\/08\/13\/la-messa-alleanza-e-attesa\/#primaryimage"},"thumbnailUrl":"https:\/\/www.concolino.it\/wp-content\/uploads\/2014\/08\/messa.jpg","articleSection":["Pensieri","Vetrina"],"inLanguage":"it-IT","potentialAction":[{"@type":"CommentAction","name":"Comment","target":["https:\/\/www.concolino.it\/index.php\/2014\/08\/13\/la-messa-alleanza-e-attesa\/#respond"]}]},{"@type":"WebPage","@id":"https:\/\/www.concolino.it\/index.php\/2014\/08\/13\/la-messa-alleanza-e-attesa\/","url":"https:\/\/www.concolino.it\/index.php\/2014\/08\/13\/la-messa-alleanza-e-attesa\/","name":"La Messa: alleanza e attesa - Concolino.it","isPartOf":{"@id":"https:\/\/www.concolino.it\/#website"},"primaryImageOfPage":{"@id":"https:\/\/www.concolino.it\/index.php\/2014\/08\/13\/la-messa-alleanza-e-attesa\/#primaryimage"},"image":{"@id":"https:\/\/www.concolino.it\/index.php\/2014\/08\/13\/la-messa-alleanza-e-attesa\/#primaryimage"},"thumbnailUrl":"https:\/\/www.concolino.it\/wp-content\/uploads\/2014\/08\/messa.jpg","datePublished":"2014-08-13T18:15:59+00:00","dateModified":"2016-03-04T20:51:53+00:00","breadcrumb":{"@id":"https:\/\/www.concolino.it\/index.php\/2014\/08\/13\/la-messa-alleanza-e-attesa\/#breadcrumb"},"inLanguage":"it-IT","potentialAction":[{"@type":"ReadAction","target":["https:\/\/www.concolino.it\/index.php\/2014\/08\/13\/la-messa-alleanza-e-attesa\/"]}]},{"@type":"ImageObject","inLanguage":"it-IT","@id":"https:\/\/www.concolino.it\/index.php\/2014\/08\/13\/la-messa-alleanza-e-attesa\/#primaryimage","url":"https:\/\/www.concolino.it\/wp-content\/uploads\/2014\/08\/messa.jpg","contentUrl":"https:\/\/www.concolino.it\/wp-content\/uploads\/2014\/08\/messa.jpg","width":1440,"height":900},{"@type":"BreadcrumbList","@id":"https:\/\/www.concolino.it\/index.php\/2014\/08\/13\/la-messa-alleanza-e-attesa\/#breadcrumb","itemListElement":[{"@type":"ListItem","position":1,"name":"Home","item":"https:\/\/www.concolino.it\/"},{"@type":"ListItem","position":2,"name":"La Messa: alleanza e attesa"}]},{"@type":"WebSite","@id":"https:\/\/www.concolino.it\/#website","url":"https:\/\/www.concolino.it\/","name":"Concolino.it","description":"Allargare gli spazi del Verbo","publisher":{"@id":"https:\/\/www.concolino.it\/#\/schema\/person\/dfa8517603a44e77da85e7eb5139c070"},"potentialAction":[{"@type":"SearchAction","target":{"@type":"EntryPoint","urlTemplate":"https:\/\/www.concolino.it\/?s={search_term_string}"},"query-input":{"@type":"PropertyValueSpecification","valueRequired":true,"valueName":"search_term_string"}}],"inLanguage":"it-IT"},{"@type":["Person","Organization"],"@id":"https:\/\/www.concolino.it\/#\/schema\/person\/dfa8517603a44e77da85e7eb5139c070","name":"Domenico Concolino","image":{"@type":"ImageObject","inLanguage":"it-IT","@id":"https:\/\/www.concolino.it\/wp-content\/uploads\/2014\/07\/CT5W9104.jpg","url":"https:\/\/www.concolino.it\/wp-content\/uploads\/2014\/07\/CT5W9104.jpg","contentUrl":"https:\/\/www.concolino.it\/wp-content\/uploads\/2014\/07\/CT5W9104.jpg","width":1276,"height":850,"caption":"Domenico Concolino"},"logo":{"@id":"https:\/\/www.concolino.it\/wp-content\/uploads\/2014\/07\/CT5W9104.jpg"},"description":"Teologo | Cappellano Campus Universit\u00e0 Magna Graecia | Direttore Ufficio Regione Universit\u00e0 Scuola Educazione (Calabria)","sameAs":["https:\/\/www.facebook.com\/don.mik.94","https:\/\/x.com\/https:\/\/twitter.com\/don_mik"],"url":"https:\/\/www.concolino.it\/index.php\/author\/admin\/"}]}},"_links":{"self":[{"href":"https:\/\/www.concolino.it\/index.php\/wp-json\/wp\/v2\/posts\/344","targetHints":{"allow":["GET"]}}],"collection":[{"href":"https:\/\/www.concolino.it\/index.php\/wp-json\/wp\/v2\/posts"}],"about":[{"href":"https:\/\/www.concolino.it\/index.php\/wp-json\/wp\/v2\/types\/post"}],"author":[{"embeddable":true,"href":"https:\/\/www.concolino.it\/index.php\/wp-json\/wp\/v2\/users\/1"}],"replies":[{"embeddable":true,"href":"https:\/\/www.concolino.it\/index.php\/wp-json\/wp\/v2\/comments?post=344"}],"version-history":[{"count":16,"href":"https:\/\/www.concolino.it\/index.php\/wp-json\/wp\/v2\/posts\/344\/revisions"}],"predecessor-version":[{"id":2208,"href":"https:\/\/www.concolino.it\/index.php\/wp-json\/wp\/v2\/posts\/344\/revisions\/2208"}],"wp:featuredmedia":[{"embeddable":true,"href":"https:\/\/www.concolino.it\/index.php\/wp-json\/wp\/v2\/media\/353"}],"wp:attachment":[{"href":"https:\/\/www.concolino.it\/index.php\/wp-json\/wp\/v2\/media?parent=344"}],"wp:term":[{"taxonomy":"category","embeddable":true,"href":"https:\/\/www.concolino.it\/index.php\/wp-json\/wp\/v2\/categories?post=344"},{"taxonomy":"post_tag","embeddable":true,"href":"https:\/\/www.concolino.it\/index.php\/wp-json\/wp\/v2\/tags?post=344"}],"curies":[{"name":"wp","href":"https:\/\/api.w.org\/{rel}","templated":true}]}}