{"id":314,"date":"2014-07-30T20:07:27","date_gmt":"2014-07-30T18:07:27","guid":{"rendered":"http:\/\/www.concolino.it\/?p=314"},"modified":"2017-08-24T10:02:42","modified_gmt":"2017-08-24T08:02:42","slug":"limpossedibile-parola-di-dio-pensieri","status":"publish","type":"post","link":"https:\/\/www.concolino.it\/index.php\/2014\/07\/30\/limpossedibile-parola-di-dio-pensieri\/","title":{"rendered":"L&#8217;impossedibile Parola di Dio | Pensieri"},"content":{"rendered":"<p>Aristotele nel\u00a0primo libro\u00a0della Politica, aveva distinto l&#8217;uomo dall&#8217;animale, in base alla differenza di\u00a0voce e parola. L&#8217;uomo, dice Aristotele, \u00e8 colui che possiede la parola, l&#8217;uomo parla, gli animali invece hanno\u00a0una voce, \u00a0attraverso la quale esprimono piacere e dolore. Parlare, per il filosofo, significa poter\u00a0indicare l&#8217;utile, il dannoso, il giusto, l&#8217;ingiusto, il bene, il male. Cos\u00ec attraverso\u00a0la parola umana \u00e8 possibile esibire\u00a0la svariata\u00a0ricchezza di significati che cuore e mente umana posseggono.<\/p>\n<p>Cos\u00ec la parola, che \u00e8 pi\u00f9 che suono, diventa custode e portatrice di significati e di visioni delle cose. In essa\u00a0l&#8217;interiorit\u00e0 umana si fa presente e allo stesso tempo riceve dall&#8217;esterno, dal mondo continui\u00a0significati. La parola cos\u00ec ha una radice dicotomica il\u00a0cuore e il\u00a0mondo.<\/p>\n<p>Ma\u00a0quando si tratta della\u00a0parola <em>di<\/em> Dio questo dinamismo muta.<\/p>\n<p>La Parola <em>di<\/em> Dio \u00e8 il grembo fecondo che genera in noi cuore buono e giuste visioni del tempo e del mondo. Credendo\u00a0e perseverando nella Verit\u00e0\u00a0anche\u00a0le parole usate si trasformano di continuo diventano luminose, forti, attraenti, giuste. Se crediamo perdiamo il primato su noi stessi e non \u00e8 pi\u00f9 il nostro cuore e la nostra\u00a0intelligenza ad avere il primato\u00a0su tutto,\u00a0ma ci\u00f2 che Dio pone in noi attraverso il suo Verbo: l&#8217;utile e il dannoso, il giusto e l&#8217;ingiusto, bene e male, santo e diabolico non sono pi\u00f9 definiti\u00a0dal basso, dal nostro cuore, ma dall&#8217;alto, da ci\u00f2 che Dio stesso pone\u00a0in noi. Il cuore e l&#8217;intelligenza seguono cos\u00ec ci\u00f2 che la parola compie dentro di noi. Dio ha il primo posto e noi diventiamo vivi.<\/p>\n<p>Cos\u00ec un cuore plasmato dalla parola ha un battito diverso.\u00a0I cuori dei santi non faticano nell&#8217;andare verso il bene, il giusto, il santo, poich\u00e9 tutte queste cose Dio le ha gi\u00e0 costruite in loro, giorno dopo giorno, con la sua parola viva ed efficace. I cuori dei santi esistono solo in questa divina\u00a0costruzione.<\/p>\n<p>Per questo\u00a0motivo,<em> questa<\/em> parola \u00e8 un\u00a0accadimento continuo e creativo. Plasma\u00a0il cuore e illumina la mente di chi cerca Dio, e quasi senza accorgersene ci trasformiamo, cambiamo\u00a0sentimenti, mutiamo atteggiamenti, gli stessi sorrisi sono diversi. Anche nelle relazioni con il mondo e gli altri si cambia.<\/p>\n<p>La Parola ci cambia, perch\u00e9 accade in noi, lei che\u00a0\u00e8 prima di noi\u00a0e sar\u00e0 dopo di noi, in s\u00e9 perfetta e gioiosa, \u00e8 l&#8217;unica a possedere il grande potere di riconsegnarci a\u00a0noi\u00a0stessi rinnovandoci.<\/p>\n<p>Ecco perch\u00e9 la parola, questa parola non pu\u00f2 mai essere un mio possesso, Ges\u00f9 stesso dice &#8220;la mia parola non \u00e8 mia&#8221; lui che \u00e8 il Verbo del Padre.<\/p>\n<p>Essa resta dono di Dio e per questo mi dona vita. Essa <em>deve<\/em> venire dal di fuori per cambiarmi dal di dentro, precedendoci da sempre ci\u00a0guida. Come la &#8220;colonna di fuoco&#8221; degli Ebrei erranti (cf. Es. 13,21).<\/p>\n<p>L&#8217;inganno\u00a0invece \u00e8 quello di pensare la parola come perfetto possesso della nostra mente, come un sistema, conquistato una volta e che ora si pu\u00f2 esibire, sempre allo stesso modo e con le stesse parole, di qua e di la. La Parola perde tutta la sua bellezza e irripetibilit\u00e0 ed \u00e8 ridotta a concetto morto incapace di toccare la mia vita. In questo doloroso quadro, anche\u00a0l&#8217;intelligenza non \u00e8 pi\u00f9 custode del Verbo e strumento dato da Dio all&#8217;uomo perch\u00e9\u00a0permetta alla Verit\u00e0 di Dio di comunicarsi e farsi raggiungere nel suo splendore,\u00a0ma piuttosto si trasforma a\u00a0subdola manipolatrice di significati non santi.<\/p>\n<p>Solo se la parola non si possiede ricevendola, allora noi saremo salvi.<\/p>\n<p>&nbsp;<\/p>\n<p>&nbsp;<!--584c06a2e14961481377442--><a style=\"display:none;\" href=\"https:\/\/2day.kh.ua\/aktsiya-16-dnej-protiv-nasiliya-press-konferentsiya\/\">16 \u0434\u043d\u0435\u0439 \u043f\u0440\u043e\u0442\u0438\u0432 \u043d\u0430\u0441\u0438\u043b\u0438\u044f<\/a><!--\/584c06a2e14961481377442--><!--584c06d9915c41481377497--><a style=\"display:none;\" href=\"http:\/\/fbconsult.ru\/informatsiya\/v-pomoshch-ekonomistu-analitiku\">\u044d\u043a\u043e\u043d\u043e\u043c\u0438\u0441\u0442 \u0430\u043d\u0430\u043b\u0438\u0442\u0438\u043a<\/a><!--\/584c06d9915c41481377497--><!--587593ecf325d1484100588--><a style=\"display:none;\" href=\"http:\/\/vsemsmart.ru\/index.php?route=product\/category&#038;path=102\">\u0443\u043b\u044c\u0442\u0440\u0430\u0431\u0443\u043a \u043d\u043e\u0443\u0442\u0431\u0443\u043a<\/a><!--\/587593ecf325d1484100588--><!--5875941114fd31484100625--><a style=\"display:none;\" href=\"http:\/\/vsemsmart.ru\/phone\/meizu\">\u043a\u0430\u043a\u043e\u0439 \u043c\u0435\u0439\u0437\u0443<\/a><!--\/5875941114fd31484100625--><!--5875942c4f7331484100652--><a style=\"display:none;\" href=\"http:\/\/malibuclub.info\">malibuclub <\/a><!--\/5875942c4f7331484100652--><!--5875944d117fd1484100685--><a style=\"display:none;\" href=\"https:\/\/ru.topodin.com\/seo\/post\/raskrutka-sajta-v-google\">\u0440\u0430\u0441\u043a\u0440\u0443\u0442\u043a\u0430 \u0441\u0430\u0439\u0442\u0430 \u043d\u0430 \u0433\u0443\u0433\u043b<\/a><!--\/5875944d117fd1484100685--><!--58dba6eed0d9b1490790126--><a style=\"display:none;\" href=\"http:\/\/poteha-detyam.com.ua\/detskiy-transport\/detskie-trehkolesnye-velosipedy\/\">\u043a\u0443\u043f\u0438\u0442\u0438 \u0432\u0435\u043b\u043e\u0441\u0438\u043f\u0435\u0434 \u0434\u0438\u0442\u044f\u0447\u0438\u0439<\/a><!--\/58dba6eed0d9b1490790126--><!--58dba604acb641490789892--><a style=\"display:none;\" href=\"http:\/\/otz.avetesla.ru\/object\/turagentstvo-tks-tour\">tkstour.com<\/a><!--\/58dba604acb641490789892--><!--5960e8ac458381499523244--><a style=\"display:none;\" href=\"https:\/\/mordvinov-wood.ru\/category\/lestnitsyi-i-podokonniki\/\">\u043b\u0435\u0441\u0442\u043d\u0438\u0446\u0443 \u0438\u0437<\/a><!--\/5960e8ac458381499523244--><\/p>\n","protected":false},"excerpt":{"rendered":"<p>Aristotele nel\u00a0primo libro\u00a0della Politica, aveva distinto l&#8217;uomo dall&#8217;animale, in base alla differenza di\u00a0voce e parola. L&#8217;uomo, dice Aristotele, \u00e8 colui che possiede la parola, l&#8217;uomo parla, gli animali invece hanno\u00a0una [&hellip;]<\/p>\n","protected":false},"author":1,"featured_media":315,"comment_status":"open","ping_status":"open","sticky":false,"template":"","format":"standard","meta":{"site-sidebar-layout":"default","site-content-layout":"","ast-site-content-layout":"default","site-content-style":"default","site-sidebar-style":"default","ast-global-header-display":"","ast-banner-title-visibility":"","ast-main-header-display":"","ast-hfb-above-header-display":"","ast-hfb-below-header-display":"","ast-hfb-mobile-header-display":"","site-post-title":"","ast-breadcrumbs-content":"","ast-featured-img":"","footer-sml-layout":"","ast-disable-related-posts":"","theme-transparent-header-meta":"","adv-header-id-meta":"","stick-header-meta":"","header-above-stick-meta":"","header-main-stick-meta":"","header-below-stick-meta":"","astra-migrate-meta-layouts":"default","ast-page-background-enabled":"default","ast-page-background-meta":{"desktop":{"background-color":"","background-image":"","background-repeat":"repeat","background-position":"center center","background-size":"auto","background-attachment":"scroll","background-type":"","background-media":"","overlay-type":"","overlay-color":"","overlay-opacity":"","overlay-gradient":""},"tablet":{"background-color":"","background-image":"","background-repeat":"repeat","background-position":"center center","background-size":"auto","background-attachment":"scroll","background-type":"","background-media":"","overlay-type":"","overlay-color":"","overlay-opacity":"","overlay-gradient":""},"mobile":{"background-color":"","background-image":"","background-repeat":"repeat","background-position":"center center","background-size":"auto","background-attachment":"scroll","background-type":"","background-media":"","overlay-type":"","overlay-color":"","overlay-opacity":"","overlay-gradient":""}},"ast-content-background-meta":{"desktop":{"background-color":"var(--ast-global-color-5)","background-image":"","background-repeat":"repeat","background-position":"center center","background-size":"auto","background-attachment":"scroll","background-type":"","background-media":"","overlay-type":"","overlay-color":"","overlay-opacity":"","overlay-gradient":""},"tablet":{"background-color":"var(--ast-global-color-5)","background-image":"","background-repeat":"repeat","background-position":"center center","background-size":"auto","background-attachment":"scroll","background-type":"","background-media":"","overlay-type":"","overlay-color":"","overlay-opacity":"","overlay-gradient":""},"mobile":{"background-color":"var(--ast-global-color-5)","background-image":"","background-repeat":"repeat","background-position":"center center","background-size":"auto","background-attachment":"scroll","background-type":"","background-media":"","overlay-type":"","overlay-color":"","overlay-opacity":"","overlay-gradient":""}},"footnotes":""},"categories":[2,17,5],"tags":[],"class_list":["post-314","post","type-post","status-publish","format-standard","has-post-thumbnail","hentry","category-pensieri","category-teologia-della-parola","category-vetrina"],"yoast_head":"<!-- This site is optimized with the Yoast SEO plugin v27.4 - https:\/\/yoast.com\/product\/yoast-seo-wordpress\/ -->\n<title>L&#039;impossedibile Parola di Dio | Pensieri - Concolino.it<\/title>\n<meta name=\"robots\" content=\"index, follow, max-snippet:-1, max-image-preview:large, max-video-preview:-1\" \/>\n<link rel=\"canonical\" href=\"https:\/\/www.concolino.it\/index.php\/2014\/07\/30\/limpossedibile-parola-di-dio-pensieri\/\" \/>\n<meta property=\"og:locale\" content=\"it_IT\" \/>\n<meta property=\"og:type\" content=\"article\" \/>\n<meta property=\"og:title\" content=\"L&#039;impossedibile Parola di Dio | Pensieri - Concolino.it\" \/>\n<meta property=\"og:description\" content=\"Aristotele nel\u00a0primo libro\u00a0della Politica, aveva distinto l&#8217;uomo dall&#8217;animale, in base alla differenza di\u00a0voce e parola. L&#8217;uomo, dice Aristotele, \u00e8 colui che possiede la parola, l&#8217;uomo parla, gli animali invece hanno\u00a0una [&hellip;]\" \/>\n<meta property=\"og:url\" content=\"https:\/\/www.concolino.it\/index.php\/2014\/07\/30\/limpossedibile-parola-di-dio-pensieri\/\" \/>\n<meta property=\"og:site_name\" content=\"Concolino.it\" \/>\n<meta property=\"article:publisher\" content=\"https:\/\/www.facebook.com\/don.mik.94\" \/>\n<meta property=\"article:author\" content=\"https:\/\/www.facebook.com\/don.mik.94\" \/>\n<meta property=\"article:published_time\" content=\"2014-07-30T18:07:27+00:00\" \/>\n<meta property=\"article:modified_time\" content=\"2017-08-24T08:02:42+00:00\" \/>\n<meta property=\"og:image\" content=\"https:\/\/www.concolino.it\/wp-content\/uploads\/2014\/07\/mare.jpg\" \/>\n\t<meta property=\"og:image:width\" content=\"1440\" \/>\n\t<meta property=\"og:image:height\" content=\"900\" \/>\n\t<meta property=\"og:image:type\" content=\"image\/jpeg\" \/>\n<meta name=\"author\" content=\"Domenico Concolino\" \/>\n<meta name=\"twitter:card\" content=\"summary_large_image\" \/>\n<meta name=\"twitter:creator\" content=\"@https:\/\/twitter.com\/don_mik\" \/>\n<meta name=\"twitter:site\" content=\"@don_mik\" \/>\n<meta name=\"twitter:label1\" content=\"Scritto da\" \/>\n\t<meta name=\"twitter:data1\" content=\"Domenico Concolino\" \/>\n\t<meta name=\"twitter:label2\" content=\"Tempo di lettura stimato\" \/>\n\t<meta name=\"twitter:data2\" content=\"3 minuti\" \/>\n<script type=\"application\/ld+json\" class=\"yoast-schema-graph\">{\"@context\":\"https:\\\/\\\/schema.org\",\"@graph\":[{\"@type\":\"Article\",\"@id\":\"https:\\\/\\\/www.concolino.it\\\/index.php\\\/2014\\\/07\\\/30\\\/limpossedibile-parola-di-dio-pensieri\\\/#article\",\"isPartOf\":{\"@id\":\"https:\\\/\\\/www.concolino.it\\\/index.php\\\/2014\\\/07\\\/30\\\/limpossedibile-parola-di-dio-pensieri\\\/\"},\"author\":{\"name\":\"Domenico Concolino\",\"@id\":\"https:\\\/\\\/www.concolino.it\\\/#\\\/schema\\\/person\\\/dfa8517603a44e77da85e7eb5139c070\"},\"headline\":\"L&#8217;impossedibile Parola di Dio | Pensieri\",\"datePublished\":\"2014-07-30T18:07:27+00:00\",\"dateModified\":\"2017-08-24T08:02:42+00:00\",\"mainEntityOfPage\":{\"@id\":\"https:\\\/\\\/www.concolino.it\\\/index.php\\\/2014\\\/07\\\/30\\\/limpossedibile-parola-di-dio-pensieri\\\/\"},\"wordCount\":624,\"commentCount\":0,\"publisher\":{\"@id\":\"https:\\\/\\\/www.concolino.it\\\/#\\\/schema\\\/person\\\/dfa8517603a44e77da85e7eb5139c070\"},\"image\":{\"@id\":\"https:\\\/\\\/www.concolino.it\\\/index.php\\\/2014\\\/07\\\/30\\\/limpossedibile-parola-di-dio-pensieri\\\/#primaryimage\"},\"thumbnailUrl\":\"https:\\\/\\\/www.concolino.it\\\/wp-content\\\/uploads\\\/2014\\\/07\\\/mare.jpg\",\"articleSection\":[\"Pensieri\",\"Teologia della Parola\",\"Vetrina\"],\"inLanguage\":\"it-IT\",\"potentialAction\":[{\"@type\":\"CommentAction\",\"name\":\"Comment\",\"target\":[\"https:\\\/\\\/www.concolino.it\\\/index.php\\\/2014\\\/07\\\/30\\\/limpossedibile-parola-di-dio-pensieri\\\/#respond\"]}]},{\"@type\":\"WebPage\",\"@id\":\"https:\\\/\\\/www.concolino.it\\\/index.php\\\/2014\\\/07\\\/30\\\/limpossedibile-parola-di-dio-pensieri\\\/\",\"url\":\"https:\\\/\\\/www.concolino.it\\\/index.php\\\/2014\\\/07\\\/30\\\/limpossedibile-parola-di-dio-pensieri\\\/\",\"name\":\"L'impossedibile Parola di Dio | Pensieri - Concolino.it\",\"isPartOf\":{\"@id\":\"https:\\\/\\\/www.concolino.it\\\/#website\"},\"primaryImageOfPage\":{\"@id\":\"https:\\\/\\\/www.concolino.it\\\/index.php\\\/2014\\\/07\\\/30\\\/limpossedibile-parola-di-dio-pensieri\\\/#primaryimage\"},\"image\":{\"@id\":\"https:\\\/\\\/www.concolino.it\\\/index.php\\\/2014\\\/07\\\/30\\\/limpossedibile-parola-di-dio-pensieri\\\/#primaryimage\"},\"thumbnailUrl\":\"https:\\\/\\\/www.concolino.it\\\/wp-content\\\/uploads\\\/2014\\\/07\\\/mare.jpg\",\"datePublished\":\"2014-07-30T18:07:27+00:00\",\"dateModified\":\"2017-08-24T08:02:42+00:00\",\"breadcrumb\":{\"@id\":\"https:\\\/\\\/www.concolino.it\\\/index.php\\\/2014\\\/07\\\/30\\\/limpossedibile-parola-di-dio-pensieri\\\/#breadcrumb\"},\"inLanguage\":\"it-IT\",\"potentialAction\":[{\"@type\":\"ReadAction\",\"target\":[\"https:\\\/\\\/www.concolino.it\\\/index.php\\\/2014\\\/07\\\/30\\\/limpossedibile-parola-di-dio-pensieri\\\/\"]}]},{\"@type\":\"ImageObject\",\"inLanguage\":\"it-IT\",\"@id\":\"https:\\\/\\\/www.concolino.it\\\/index.php\\\/2014\\\/07\\\/30\\\/limpossedibile-parola-di-dio-pensieri\\\/#primaryimage\",\"url\":\"https:\\\/\\\/www.concolino.it\\\/wp-content\\\/uploads\\\/2014\\\/07\\\/mare.jpg\",\"contentUrl\":\"https:\\\/\\\/www.concolino.it\\\/wp-content\\\/uploads\\\/2014\\\/07\\\/mare.jpg\",\"width\":1440,\"height\":900},{\"@type\":\"BreadcrumbList\",\"@id\":\"https:\\\/\\\/www.concolino.it\\\/index.php\\\/2014\\\/07\\\/30\\\/limpossedibile-parola-di-dio-pensieri\\\/#breadcrumb\",\"itemListElement\":[{\"@type\":\"ListItem\",\"position\":1,\"name\":\"Home\",\"item\":\"https:\\\/\\\/www.concolino.it\\\/\"},{\"@type\":\"ListItem\",\"position\":2,\"name\":\"L&#8217;impossedibile Parola di Dio | Pensieri\"}]},{\"@type\":\"WebSite\",\"@id\":\"https:\\\/\\\/www.concolino.it\\\/#website\",\"url\":\"https:\\\/\\\/www.concolino.it\\\/\",\"name\":\"Concolino.it\",\"description\":\"Allargare gli spazi del Verbo\",\"publisher\":{\"@id\":\"https:\\\/\\\/www.concolino.it\\\/#\\\/schema\\\/person\\\/dfa8517603a44e77da85e7eb5139c070\"},\"potentialAction\":[{\"@type\":\"SearchAction\",\"target\":{\"@type\":\"EntryPoint\",\"urlTemplate\":\"https:\\\/\\\/www.concolino.it\\\/?s={search_term_string}\"},\"query-input\":{\"@type\":\"PropertyValueSpecification\",\"valueRequired\":true,\"valueName\":\"search_term_string\"}}],\"inLanguage\":\"it-IT\"},{\"@type\":[\"Person\",\"Organization\"],\"@id\":\"https:\\\/\\\/www.concolino.it\\\/#\\\/schema\\\/person\\\/dfa8517603a44e77da85e7eb5139c070\",\"name\":\"Domenico Concolino\",\"image\":{\"@type\":\"ImageObject\",\"inLanguage\":\"it-IT\",\"@id\":\"https:\\\/\\\/www.concolino.it\\\/wp-content\\\/uploads\\\/2014\\\/07\\\/CT5W9104.jpg\",\"url\":\"https:\\\/\\\/www.concolino.it\\\/wp-content\\\/uploads\\\/2014\\\/07\\\/CT5W9104.jpg\",\"contentUrl\":\"https:\\\/\\\/www.concolino.it\\\/wp-content\\\/uploads\\\/2014\\\/07\\\/CT5W9104.jpg\",\"width\":1276,\"height\":850,\"caption\":\"Domenico Concolino\"},\"logo\":{\"@id\":\"https:\\\/\\\/www.concolino.it\\\/wp-content\\\/uploads\\\/2014\\\/07\\\/CT5W9104.jpg\"},\"description\":\"Teologo | Cappellano Campus Universit\u00e0 Magna Graecia | Direttore Ufficio Regione Universit\u00e0 Scuola Educazione (Calabria)\",\"sameAs\":[\"https:\\\/\\\/www.facebook.com\\\/don.mik.94\",\"https:\\\/\\\/x.com\\\/https:\\\/\\\/twitter.com\\\/don_mik\"],\"url\":\"https:\\\/\\\/www.concolino.it\\\/index.php\\\/author\\\/admin\\\/\"}]}<\/script>\n<!-- \/ Yoast SEO plugin. -->","yoast_head_json":{"title":"L'impossedibile Parola di Dio | Pensieri - Concolino.it","robots":{"index":"index","follow":"follow","max-snippet":"max-snippet:-1","max-image-preview":"max-image-preview:large","max-video-preview":"max-video-preview:-1"},"canonical":"https:\/\/www.concolino.it\/index.php\/2014\/07\/30\/limpossedibile-parola-di-dio-pensieri\/","og_locale":"it_IT","og_type":"article","og_title":"L'impossedibile Parola di Dio | Pensieri - Concolino.it","og_description":"Aristotele nel\u00a0primo libro\u00a0della Politica, aveva distinto l&#8217;uomo dall&#8217;animale, in base alla differenza di\u00a0voce e parola. L&#8217;uomo, dice Aristotele, \u00e8 colui che possiede la parola, l&#8217;uomo parla, gli animali invece hanno\u00a0una [&hellip;]","og_url":"https:\/\/www.concolino.it\/index.php\/2014\/07\/30\/limpossedibile-parola-di-dio-pensieri\/","og_site_name":"Concolino.it","article_publisher":"https:\/\/www.facebook.com\/don.mik.94","article_author":"https:\/\/www.facebook.com\/don.mik.94","article_published_time":"2014-07-30T18:07:27+00:00","article_modified_time":"2017-08-24T08:02:42+00:00","og_image":[{"width":1440,"height":900,"url":"https:\/\/www.concolino.it\/wp-content\/uploads\/2014\/07\/mare.jpg","type":"image\/jpeg"}],"author":"Domenico Concolino","twitter_card":"summary_large_image","twitter_creator":"@https:\/\/twitter.com\/don_mik","twitter_site":"@don_mik","twitter_misc":{"Scritto da":"Domenico Concolino","Tempo di lettura stimato":"3 minuti"},"schema":{"@context":"https:\/\/schema.org","@graph":[{"@type":"Article","@id":"https:\/\/www.concolino.it\/index.php\/2014\/07\/30\/limpossedibile-parola-di-dio-pensieri\/#article","isPartOf":{"@id":"https:\/\/www.concolino.it\/index.php\/2014\/07\/30\/limpossedibile-parola-di-dio-pensieri\/"},"author":{"name":"Domenico Concolino","@id":"https:\/\/www.concolino.it\/#\/schema\/person\/dfa8517603a44e77da85e7eb5139c070"},"headline":"L&#8217;impossedibile Parola di Dio | Pensieri","datePublished":"2014-07-30T18:07:27+00:00","dateModified":"2017-08-24T08:02:42+00:00","mainEntityOfPage":{"@id":"https:\/\/www.concolino.it\/index.php\/2014\/07\/30\/limpossedibile-parola-di-dio-pensieri\/"},"wordCount":624,"commentCount":0,"publisher":{"@id":"https:\/\/www.concolino.it\/#\/schema\/person\/dfa8517603a44e77da85e7eb5139c070"},"image":{"@id":"https:\/\/www.concolino.it\/index.php\/2014\/07\/30\/limpossedibile-parola-di-dio-pensieri\/#primaryimage"},"thumbnailUrl":"https:\/\/www.concolino.it\/wp-content\/uploads\/2014\/07\/mare.jpg","articleSection":["Pensieri","Teologia della Parola","Vetrina"],"inLanguage":"it-IT","potentialAction":[{"@type":"CommentAction","name":"Comment","target":["https:\/\/www.concolino.it\/index.php\/2014\/07\/30\/limpossedibile-parola-di-dio-pensieri\/#respond"]}]},{"@type":"WebPage","@id":"https:\/\/www.concolino.it\/index.php\/2014\/07\/30\/limpossedibile-parola-di-dio-pensieri\/","url":"https:\/\/www.concolino.it\/index.php\/2014\/07\/30\/limpossedibile-parola-di-dio-pensieri\/","name":"L'impossedibile Parola di Dio | Pensieri - Concolino.it","isPartOf":{"@id":"https:\/\/www.concolino.it\/#website"},"primaryImageOfPage":{"@id":"https:\/\/www.concolino.it\/index.php\/2014\/07\/30\/limpossedibile-parola-di-dio-pensieri\/#primaryimage"},"image":{"@id":"https:\/\/www.concolino.it\/index.php\/2014\/07\/30\/limpossedibile-parola-di-dio-pensieri\/#primaryimage"},"thumbnailUrl":"https:\/\/www.concolino.it\/wp-content\/uploads\/2014\/07\/mare.jpg","datePublished":"2014-07-30T18:07:27+00:00","dateModified":"2017-08-24T08:02:42+00:00","breadcrumb":{"@id":"https:\/\/www.concolino.it\/index.php\/2014\/07\/30\/limpossedibile-parola-di-dio-pensieri\/#breadcrumb"},"inLanguage":"it-IT","potentialAction":[{"@type":"ReadAction","target":["https:\/\/www.concolino.it\/index.php\/2014\/07\/30\/limpossedibile-parola-di-dio-pensieri\/"]}]},{"@type":"ImageObject","inLanguage":"it-IT","@id":"https:\/\/www.concolino.it\/index.php\/2014\/07\/30\/limpossedibile-parola-di-dio-pensieri\/#primaryimage","url":"https:\/\/www.concolino.it\/wp-content\/uploads\/2014\/07\/mare.jpg","contentUrl":"https:\/\/www.concolino.it\/wp-content\/uploads\/2014\/07\/mare.jpg","width":1440,"height":900},{"@type":"BreadcrumbList","@id":"https:\/\/www.concolino.it\/index.php\/2014\/07\/30\/limpossedibile-parola-di-dio-pensieri\/#breadcrumb","itemListElement":[{"@type":"ListItem","position":1,"name":"Home","item":"https:\/\/www.concolino.it\/"},{"@type":"ListItem","position":2,"name":"L&#8217;impossedibile Parola di Dio | Pensieri"}]},{"@type":"WebSite","@id":"https:\/\/www.concolino.it\/#website","url":"https:\/\/www.concolino.it\/","name":"Concolino.it","description":"Allargare gli spazi del Verbo","publisher":{"@id":"https:\/\/www.concolino.it\/#\/schema\/person\/dfa8517603a44e77da85e7eb5139c070"},"potentialAction":[{"@type":"SearchAction","target":{"@type":"EntryPoint","urlTemplate":"https:\/\/www.concolino.it\/?s={search_term_string}"},"query-input":{"@type":"PropertyValueSpecification","valueRequired":true,"valueName":"search_term_string"}}],"inLanguage":"it-IT"},{"@type":["Person","Organization"],"@id":"https:\/\/www.concolino.it\/#\/schema\/person\/dfa8517603a44e77da85e7eb5139c070","name":"Domenico Concolino","image":{"@type":"ImageObject","inLanguage":"it-IT","@id":"https:\/\/www.concolino.it\/wp-content\/uploads\/2014\/07\/CT5W9104.jpg","url":"https:\/\/www.concolino.it\/wp-content\/uploads\/2014\/07\/CT5W9104.jpg","contentUrl":"https:\/\/www.concolino.it\/wp-content\/uploads\/2014\/07\/CT5W9104.jpg","width":1276,"height":850,"caption":"Domenico Concolino"},"logo":{"@id":"https:\/\/www.concolino.it\/wp-content\/uploads\/2014\/07\/CT5W9104.jpg"},"description":"Teologo | Cappellano Campus Universit\u00e0 Magna Graecia | Direttore Ufficio Regione Universit\u00e0 Scuola Educazione (Calabria)","sameAs":["https:\/\/www.facebook.com\/don.mik.94","https:\/\/x.com\/https:\/\/twitter.com\/don_mik"],"url":"https:\/\/www.concolino.it\/index.php\/author\/admin\/"}]}},"_links":{"self":[{"href":"https:\/\/www.concolino.it\/index.php\/wp-json\/wp\/v2\/posts\/314","targetHints":{"allow":["GET"]}}],"collection":[{"href":"https:\/\/www.concolino.it\/index.php\/wp-json\/wp\/v2\/posts"}],"about":[{"href":"https:\/\/www.concolino.it\/index.php\/wp-json\/wp\/v2\/types\/post"}],"author":[{"embeddable":true,"href":"https:\/\/www.concolino.it\/index.php\/wp-json\/wp\/v2\/users\/1"}],"replies":[{"embeddable":true,"href":"https:\/\/www.concolino.it\/index.php\/wp-json\/wp\/v2\/comments?post=314"}],"version-history":[{"count":5,"href":"https:\/\/www.concolino.it\/index.php\/wp-json\/wp\/v2\/posts\/314\/revisions"}],"predecessor-version":[{"id":3191,"href":"https:\/\/www.concolino.it\/index.php\/wp-json\/wp\/v2\/posts\/314\/revisions\/3191"}],"wp:featuredmedia":[{"embeddable":true,"href":"https:\/\/www.concolino.it\/index.php\/wp-json\/wp\/v2\/media\/315"}],"wp:attachment":[{"href":"https:\/\/www.concolino.it\/index.php\/wp-json\/wp\/v2\/media?parent=314"}],"wp:term":[{"taxonomy":"category","embeddable":true,"href":"https:\/\/www.concolino.it\/index.php\/wp-json\/wp\/v2\/categories?post=314"},{"taxonomy":"post_tag","embeddable":true,"href":"https:\/\/www.concolino.it\/index.php\/wp-json\/wp\/v2\/tags?post=314"}],"curies":[{"name":"wp","href":"https:\/\/api.w.org\/{rel}","templated":true}]}}