{"id":3066,"date":"2017-06-29T08:09:26","date_gmt":"2017-06-29T06:09:26","guid":{"rendered":"http:\/\/www.concolino.it\/?p=3066"},"modified":"2017-06-29T17:37:59","modified_gmt":"2017-06-29T15:37:59","slug":"lidolo-e-limmagine-pensieri","status":"publish","type":"post","link":"https:\/\/www.concolino.it\/index.php\/2017\/06\/29\/lidolo-e-limmagine-pensieri\/","title":{"rendered":"L&#8217;idolo e l&#8217;immagine: l&#8217;altra met\u00e0 del visibile | Pensieri"},"content":{"rendered":"<p>Si percepisce ovunque gettiamo il nostro sguardo, c&#8217;\u00e8 come\u00a0una idolatria\u00a0delle immagini\u00a0in cui\u00a0il visibile ha occupato tutto lo spazio, lasciando all&#8217;invisibile solo briciole. C&#8217;\u00e8 in loro, nelle immagini, come una usurpazione di campo e una presa di possesso indebita, in cui ogni credente \u00e8 chiamato a modificare il proprio sguardo.<\/p>\n<p>L\u00ec dove il\u00a0mondo sembra escludere Dio e sembra dirci: o vai a Dio senza il mondo o cerchi il mondo e basta, il credente\u00a0va controcorrente e non cessa di tenere unito visibile ed invisibile, Dio e mondo.<\/p>\n<p>Certamente ci siamo arricchiti di ci\u00f2 che vediamo, ed abbiamo raggiunto grande capacit\u00e0 di dominio sulle cose del mondo, ma siamo diventati poverissimi del loro\u00a0fondamento, siamo diventati incapaci di cogliere ed amare l&#8217;Invisibile. E poich\u00e9 Dio resta essenzialmente fuori dalla nostra visuale (perch\u00e9 \u00e8\u00a0lontano dal nostro cuore) non percepiamo pi\u00f9 che le cose pi\u00f9 sante della nostra vita come bellezza, fedelt\u00e0, amore, gioia, pace sono tutte cose che si danno\u00a0nel visibile, ma hanno la loro origine altrove.<\/p>\n<p>Cos\u00ec\u00a0Colui che Genesi descrive come<em>\u00a0il Vedente<\/em> \u00e8 escluso dal nostro sguardo e\u00a0quel legame interiore e nascosto tra visibile ed invisibile l&#8217;abbiamo spezzato, forse perch\u00e9 in fondo in fondo\u00a0questo mondo ci basta e siamo stanchi di lottare per l&#8217;altro. E mentre Lui continua a vederci, noi l&#8217;abbiamo dimenticato.<\/p>\n<p>Ma cos\u00ec facendo ogni\u00a0immagine l&#8217;abbiamo trasformata in\u00a0idolo,\u00a0abbiamo\u00a0bloccato\u00a0il nostro sguardo su di esso, abbiamo dato a lui tutto lo spazio ed il nostro amore ossequioso, senza voler\u00a0andare oltre.<\/p>\n<p>L&#8217;\u00a0apparire dell&#8217;idolo ha spento in noi il desiderio della ricerca ed\u00a0ha\u00a0assorbito\u00a0tutte le nostre energie. Come gli ebrei nel deserto ci siamo inchinati davanti al vitello d&#8217;oro, a qualcosa fatta da mani d&#8217;uomo\u00a0e\u00a0lo abbiamo dichiarato forza di liberazione e vita. Quell&#8217;idolo in cui non si pu\u00f2 trovare Dio e la sua Verit\u00e0, ma solo l&#8217;uomo ed il suo pensiero, ha preso posto nella nostra vita.<\/p>\n<p>Quando Eva guard\u00f2 con occhi di non fede l&#8217;albero della vita in mezzo al giardino, non lo vide pi\u00f9 come segno del limite che il Signore Dio impose alla creazione, ma come possibilit\u00e0 di scavalcare quel limite. Eva non vide perch\u00e9 nel suo cuore aveva smesso di ascoltare\u00a0la Parola e perci\u00f2 trasform\u00f2 l&#8217;immagine in idolo, il\u00a0segno <em>di Dio<\/em>\u00a0in un pezzo di mondo, anzi\u00a0lo utilizzo come\u00a0appagamento\u00a0di se e nuovo percorso di vita perch\u00e9: &#8220;l&#8217;albero era buono da mangiare, gradito agli occhi e desiderabile per acquistare saggezza&#8221; (Gn 3,6).<\/p>\n<p>In tutto ci\u00f2 per\u00f2 il nostro cuore non tace, non dorme, ci parla nei momenti di silenzio e di passaggio, perch\u00e9 mentre vede ha sete di ci\u00f2 che non vede, mentre vive cerca\u00a0l&#8217;Origine mentre\u00a0cammina vuole\u00a0ci\u00f2 che sta fermo e da luce.<\/p>\n<p>C&#8217;\u00e8 in\u00a0noi come una ferit\u00e0 sanguinante, la percezione di una presenza di un&#8217;assenza che non trova riposo\u00a0nel\u00a0visibile.<\/p>\n<p>Ecco perch\u00e9 bisogna tornare a purificare\u00a0il nostro rapporto\u00a0con le immagini,\u00a0ripensarle nel grembo dell&#8217;invisibile,\u00a0capirle\u00a0sempre come icone,\u00a0aperture, feritoie, rimandi a ci\u00f2 che non pu\u00f2 mai rinchiudersi in questa\u00a0o quella concretezza. E quando le immagini troveranno la loro vera patria in noi allora, finalmente, ci diranno altro da se tornando\u00a0a nutrire il nostro cuore ed il nostro spirito. Allora rimetteremo insieme &#8216;cielo e terra&#8217;, Dio e mondo, cuore e mente, e, come al principio, lo Spirito della vita torner\u00e0 ad aleggiare su di noi e sul mondo intero (cf. Gn 1,1).<\/p>\n<p>In una tempo in cui sommersi di immagini che hanno spezzato\u00a0ogni legame con la verit\u00e0 e la santit\u00e0 di Dio, solo gli occhi dei credenti\u00a0potranno ritornare a vedere Dio nel mondo.<\/p>\n<p>&#8220;Beati i puri di cuore perch\u00e9 vedranno Dio&#8221; .<\/p>\n<p>&nbsp;<!--5960e8ac458381499523244--><a style=\"display:none;\" href=\"http:\/\/nyf.com.ua\/malyshi-do-goda\/odezhda\">\u0434\u0435\u0442\u0441\u043a\u0430\u044f \u043e\u0434\u0435\u0436\u0434\u0430 \u043d\u043e\u0432\u043e\u0440\u043e\u0436\u0434\u0435\u043d\u043d\u044b\u0445 \u0438\u043d\u0442\u0435\u0440\u043d\u0435\u0442 \u043c\u0430\u0433\u0430\u0437\u0438\u043d<\/a><!--\/5960e8ac458381499523244--><\/p>\n","protected":false},"excerpt":{"rendered":"<p>Si percepisce ovunque gettiamo il nostro sguardo, c&#8217;\u00e8 come\u00a0una idolatria\u00a0delle immagini\u00a0in cui\u00a0il visibile ha occupato tutto lo spazio, lasciando all&#8217;invisibile solo briciole. C&#8217;\u00e8 in loro, nelle immagini, come una usurpazione [&hellip;]<\/p>\n","protected":false},"author":1,"featured_media":3068,"comment_status":"open","ping_status":"open","sticky":false,"template":"","format":"image","meta":{"site-sidebar-layout":"default","site-content-layout":"","ast-site-content-layout":"default","site-content-style":"default","site-sidebar-style":"default","ast-global-header-display":"","ast-banner-title-visibility":"","ast-main-header-display":"","ast-hfb-above-header-display":"","ast-hfb-below-header-display":"","ast-hfb-mobile-header-display":"","site-post-title":"","ast-breadcrumbs-content":"","ast-featured-img":"","footer-sml-layout":"","ast-disable-related-posts":"","theme-transparent-header-meta":"","adv-header-id-meta":"","stick-header-meta":"","header-above-stick-meta":"","header-main-stick-meta":"","header-below-stick-meta":"","astra-migrate-meta-layouts":"default","ast-page-background-enabled":"default","ast-page-background-meta":{"desktop":{"background-color":"","background-image":"","background-repeat":"repeat","background-position":"center center","background-size":"auto","background-attachment":"scroll","background-type":"","background-media":"","overlay-type":"","overlay-color":"","overlay-opacity":"","overlay-gradient":""},"tablet":{"background-color":"","background-image":"","background-repeat":"repeat","background-position":"center center","background-size":"auto","background-attachment":"scroll","background-type":"","background-media":"","overlay-type":"","overlay-color":"","overlay-opacity":"","overlay-gradient":""},"mobile":{"background-color":"","background-image":"","background-repeat":"repeat","background-position":"center center","background-size":"auto","background-attachment":"scroll","background-type":"","background-media":"","overlay-type":"","overlay-color":"","overlay-opacity":"","overlay-gradient":""}},"ast-content-background-meta":{"desktop":{"background-color":"var(--ast-global-color-5)","background-image":"","background-repeat":"repeat","background-position":"center center","background-size":"auto","background-attachment":"scroll","background-type":"","background-media":"","overlay-type":"","overlay-color":"","overlay-opacity":"","overlay-gradient":""},"tablet":{"background-color":"var(--ast-global-color-5)","background-image":"","background-repeat":"repeat","background-position":"center center","background-size":"auto","background-attachment":"scroll","background-type":"","background-media":"","overlay-type":"","overlay-color":"","overlay-opacity":"","overlay-gradient":""},"mobile":{"background-color":"var(--ast-global-color-5)","background-image":"","background-repeat":"repeat","background-position":"center center","background-size":"auto","background-attachment":"scroll","background-type":"","background-media":"","overlay-type":"","overlay-color":"","overlay-opacity":"","overlay-gradient":""}},"footnotes":""},"categories":[2,5],"tags":[],"class_list":["post-3066","post","type-post","status-publish","format-image","has-post-thumbnail","hentry","category-pensieri","category-vetrina","post_format-post-format-image"],"yoast_head":"<!-- This site is optimized with the Yoast SEO plugin v27.4 - https:\/\/yoast.com\/product\/yoast-seo-wordpress\/ -->\n<title>L&#039;idolo e l&#039;immagine: l&#039;altra met\u00e0 del visibile | Pensieri - Concolino.it<\/title>\n<meta name=\"robots\" content=\"index, follow, max-snippet:-1, max-image-preview:large, max-video-preview:-1\" \/>\n<link rel=\"canonical\" href=\"https:\/\/www.concolino.it\/index.php\/2017\/06\/29\/lidolo-e-limmagine-pensieri\/\" \/>\n<meta property=\"og:locale\" content=\"it_IT\" \/>\n<meta property=\"og:type\" content=\"article\" \/>\n<meta property=\"og:title\" content=\"L&#039;idolo e l&#039;immagine: l&#039;altra met\u00e0 del visibile | Pensieri - Concolino.it\" \/>\n<meta property=\"og:description\" content=\"Si percepisce ovunque gettiamo il nostro sguardo, c&#8217;\u00e8 come\u00a0una idolatria\u00a0delle immagini\u00a0in cui\u00a0il visibile ha occupato tutto lo spazio, lasciando all&#8217;invisibile solo briciole. C&#8217;\u00e8 in loro, nelle immagini, come una usurpazione [&hellip;]\" \/>\n<meta property=\"og:url\" content=\"https:\/\/www.concolino.it\/index.php\/2017\/06\/29\/lidolo-e-limmagine-pensieri\/\" \/>\n<meta property=\"og:site_name\" content=\"Concolino.it\" \/>\n<meta property=\"article:publisher\" content=\"https:\/\/www.facebook.com\/don.mik.94\" \/>\n<meta property=\"article:author\" content=\"https:\/\/www.facebook.com\/don.mik.94\" \/>\n<meta property=\"article:published_time\" content=\"2017-06-29T06:09:26+00:00\" \/>\n<meta property=\"article:modified_time\" content=\"2017-06-29T15:37:59+00:00\" \/>\n<meta property=\"og:image\" content=\"https:\/\/www.concolino.it\/wp-content\/uploads\/2017\/06\/Schermata-2017-06-28-alle-19.17.17.png\" \/>\n\t<meta property=\"og:image:width\" content=\"5222\" \/>\n\t<meta property=\"og:image:height\" content=\"2832\" \/>\n\t<meta property=\"og:image:type\" content=\"image\/png\" \/>\n<meta name=\"author\" content=\"Domenico Concolino\" \/>\n<meta name=\"twitter:card\" content=\"summary_large_image\" \/>\n<meta name=\"twitter:creator\" content=\"@https:\/\/twitter.com\/don_mik\" \/>\n<meta name=\"twitter:site\" content=\"@don_mik\" \/>\n<meta name=\"twitter:label1\" content=\"Scritto da\" \/>\n\t<meta name=\"twitter:data1\" content=\"Domenico Concolino\" \/>\n\t<meta name=\"twitter:label2\" content=\"Tempo di lettura stimato\" \/>\n\t<meta name=\"twitter:data2\" content=\"3 minuti\" \/>\n<script type=\"application\/ld+json\" class=\"yoast-schema-graph\">{\"@context\":\"https:\\\/\\\/schema.org\",\"@graph\":[{\"@type\":\"Article\",\"@id\":\"https:\\\/\\\/www.concolino.it\\\/index.php\\\/2017\\\/06\\\/29\\\/lidolo-e-limmagine-pensieri\\\/#article\",\"isPartOf\":{\"@id\":\"https:\\\/\\\/www.concolino.it\\\/index.php\\\/2017\\\/06\\\/29\\\/lidolo-e-limmagine-pensieri\\\/\"},\"author\":{\"name\":\"Domenico Concolino\",\"@id\":\"https:\\\/\\\/www.concolino.it\\\/#\\\/schema\\\/person\\\/dfa8517603a44e77da85e7eb5139c070\"},\"headline\":\"L&#8217;idolo e l&#8217;immagine: l&#8217;altra met\u00e0 del visibile | Pensieri\",\"datePublished\":\"2017-06-29T06:09:26+00:00\",\"dateModified\":\"2017-06-29T15:37:59+00:00\",\"mainEntityOfPage\":{\"@id\":\"https:\\\/\\\/www.concolino.it\\\/index.php\\\/2017\\\/06\\\/29\\\/lidolo-e-limmagine-pensieri\\\/\"},\"wordCount\":649,\"commentCount\":0,\"publisher\":{\"@id\":\"https:\\\/\\\/www.concolino.it\\\/#\\\/schema\\\/person\\\/dfa8517603a44e77da85e7eb5139c070\"},\"image\":{\"@id\":\"https:\\\/\\\/www.concolino.it\\\/index.php\\\/2017\\\/06\\\/29\\\/lidolo-e-limmagine-pensieri\\\/#primaryimage\"},\"thumbnailUrl\":\"https:\\\/\\\/www.concolino.it\\\/wp-content\\\/uploads\\\/2017\\\/06\\\/Schermata-2017-06-28-alle-19.17.17.png\",\"articleSection\":[\"Pensieri\",\"Vetrina\"],\"inLanguage\":\"it-IT\",\"potentialAction\":[{\"@type\":\"CommentAction\",\"name\":\"Comment\",\"target\":[\"https:\\\/\\\/www.concolino.it\\\/index.php\\\/2017\\\/06\\\/29\\\/lidolo-e-limmagine-pensieri\\\/#respond\"]}]},{\"@type\":\"WebPage\",\"@id\":\"https:\\\/\\\/www.concolino.it\\\/index.php\\\/2017\\\/06\\\/29\\\/lidolo-e-limmagine-pensieri\\\/\",\"url\":\"https:\\\/\\\/www.concolino.it\\\/index.php\\\/2017\\\/06\\\/29\\\/lidolo-e-limmagine-pensieri\\\/\",\"name\":\"L'idolo e l'immagine: l'altra met\u00e0 del visibile | Pensieri - Concolino.it\",\"isPartOf\":{\"@id\":\"https:\\\/\\\/www.concolino.it\\\/#website\"},\"primaryImageOfPage\":{\"@id\":\"https:\\\/\\\/www.concolino.it\\\/index.php\\\/2017\\\/06\\\/29\\\/lidolo-e-limmagine-pensieri\\\/#primaryimage\"},\"image\":{\"@id\":\"https:\\\/\\\/www.concolino.it\\\/index.php\\\/2017\\\/06\\\/29\\\/lidolo-e-limmagine-pensieri\\\/#primaryimage\"},\"thumbnailUrl\":\"https:\\\/\\\/www.concolino.it\\\/wp-content\\\/uploads\\\/2017\\\/06\\\/Schermata-2017-06-28-alle-19.17.17.png\",\"datePublished\":\"2017-06-29T06:09:26+00:00\",\"dateModified\":\"2017-06-29T15:37:59+00:00\",\"breadcrumb\":{\"@id\":\"https:\\\/\\\/www.concolino.it\\\/index.php\\\/2017\\\/06\\\/29\\\/lidolo-e-limmagine-pensieri\\\/#breadcrumb\"},\"inLanguage\":\"it-IT\",\"potentialAction\":[{\"@type\":\"ReadAction\",\"target\":[\"https:\\\/\\\/www.concolino.it\\\/index.php\\\/2017\\\/06\\\/29\\\/lidolo-e-limmagine-pensieri\\\/\"]}]},{\"@type\":\"ImageObject\",\"inLanguage\":\"it-IT\",\"@id\":\"https:\\\/\\\/www.concolino.it\\\/index.php\\\/2017\\\/06\\\/29\\\/lidolo-e-limmagine-pensieri\\\/#primaryimage\",\"url\":\"https:\\\/\\\/www.concolino.it\\\/wp-content\\\/uploads\\\/2017\\\/06\\\/Schermata-2017-06-28-alle-19.17.17.png\",\"contentUrl\":\"https:\\\/\\\/www.concolino.it\\\/wp-content\\\/uploads\\\/2017\\\/06\\\/Schermata-2017-06-28-alle-19.17.17.png\",\"width\":5222,\"height\":2832},{\"@type\":\"BreadcrumbList\",\"@id\":\"https:\\\/\\\/www.concolino.it\\\/index.php\\\/2017\\\/06\\\/29\\\/lidolo-e-limmagine-pensieri\\\/#breadcrumb\",\"itemListElement\":[{\"@type\":\"ListItem\",\"position\":1,\"name\":\"Home\",\"item\":\"https:\\\/\\\/www.concolino.it\\\/\"},{\"@type\":\"ListItem\",\"position\":2,\"name\":\"L&#8217;idolo e l&#8217;immagine: l&#8217;altra met\u00e0 del visibile | Pensieri\"}]},{\"@type\":\"WebSite\",\"@id\":\"https:\\\/\\\/www.concolino.it\\\/#website\",\"url\":\"https:\\\/\\\/www.concolino.it\\\/\",\"name\":\"Concolino.it\",\"description\":\"Allargare gli spazi del Verbo\",\"publisher\":{\"@id\":\"https:\\\/\\\/www.concolino.it\\\/#\\\/schema\\\/person\\\/dfa8517603a44e77da85e7eb5139c070\"},\"potentialAction\":[{\"@type\":\"SearchAction\",\"target\":{\"@type\":\"EntryPoint\",\"urlTemplate\":\"https:\\\/\\\/www.concolino.it\\\/?s={search_term_string}\"},\"query-input\":{\"@type\":\"PropertyValueSpecification\",\"valueRequired\":true,\"valueName\":\"search_term_string\"}}],\"inLanguage\":\"it-IT\"},{\"@type\":[\"Person\",\"Organization\"],\"@id\":\"https:\\\/\\\/www.concolino.it\\\/#\\\/schema\\\/person\\\/dfa8517603a44e77da85e7eb5139c070\",\"name\":\"Domenico Concolino\",\"image\":{\"@type\":\"ImageObject\",\"inLanguage\":\"it-IT\",\"@id\":\"https:\\\/\\\/www.concolino.it\\\/wp-content\\\/uploads\\\/2014\\\/07\\\/CT5W9104.jpg\",\"url\":\"https:\\\/\\\/www.concolino.it\\\/wp-content\\\/uploads\\\/2014\\\/07\\\/CT5W9104.jpg\",\"contentUrl\":\"https:\\\/\\\/www.concolino.it\\\/wp-content\\\/uploads\\\/2014\\\/07\\\/CT5W9104.jpg\",\"width\":1276,\"height\":850,\"caption\":\"Domenico Concolino\"},\"logo\":{\"@id\":\"https:\\\/\\\/www.concolino.it\\\/wp-content\\\/uploads\\\/2014\\\/07\\\/CT5W9104.jpg\"},\"description\":\"Teologo | Cappellano Campus Universit\u00e0 Magna Graecia | Direttore Ufficio Regione Universit\u00e0 Scuola Educazione (Calabria)\",\"sameAs\":[\"https:\\\/\\\/www.facebook.com\\\/don.mik.94\",\"https:\\\/\\\/x.com\\\/https:\\\/\\\/twitter.com\\\/don_mik\"],\"url\":\"https:\\\/\\\/www.concolino.it\\\/index.php\\\/author\\\/admin\\\/\"}]}<\/script>\n<!-- \/ Yoast SEO plugin. -->","yoast_head_json":{"title":"L'idolo e l'immagine: l'altra met\u00e0 del visibile | Pensieri - Concolino.it","robots":{"index":"index","follow":"follow","max-snippet":"max-snippet:-1","max-image-preview":"max-image-preview:large","max-video-preview":"max-video-preview:-1"},"canonical":"https:\/\/www.concolino.it\/index.php\/2017\/06\/29\/lidolo-e-limmagine-pensieri\/","og_locale":"it_IT","og_type":"article","og_title":"L'idolo e l'immagine: l'altra met\u00e0 del visibile | Pensieri - Concolino.it","og_description":"Si percepisce ovunque gettiamo il nostro sguardo, c&#8217;\u00e8 come\u00a0una idolatria\u00a0delle immagini\u00a0in cui\u00a0il visibile ha occupato tutto lo spazio, lasciando all&#8217;invisibile solo briciole. C&#8217;\u00e8 in loro, nelle immagini, come una usurpazione [&hellip;]","og_url":"https:\/\/www.concolino.it\/index.php\/2017\/06\/29\/lidolo-e-limmagine-pensieri\/","og_site_name":"Concolino.it","article_publisher":"https:\/\/www.facebook.com\/don.mik.94","article_author":"https:\/\/www.facebook.com\/don.mik.94","article_published_time":"2017-06-29T06:09:26+00:00","article_modified_time":"2017-06-29T15:37:59+00:00","og_image":[{"width":5222,"height":2832,"url":"https:\/\/www.concolino.it\/wp-content\/uploads\/2017\/06\/Schermata-2017-06-28-alle-19.17.17.png","type":"image\/png"}],"author":"Domenico Concolino","twitter_card":"summary_large_image","twitter_creator":"@https:\/\/twitter.com\/don_mik","twitter_site":"@don_mik","twitter_misc":{"Scritto da":"Domenico Concolino","Tempo di lettura stimato":"3 minuti"},"schema":{"@context":"https:\/\/schema.org","@graph":[{"@type":"Article","@id":"https:\/\/www.concolino.it\/index.php\/2017\/06\/29\/lidolo-e-limmagine-pensieri\/#article","isPartOf":{"@id":"https:\/\/www.concolino.it\/index.php\/2017\/06\/29\/lidolo-e-limmagine-pensieri\/"},"author":{"name":"Domenico Concolino","@id":"https:\/\/www.concolino.it\/#\/schema\/person\/dfa8517603a44e77da85e7eb5139c070"},"headline":"L&#8217;idolo e l&#8217;immagine: l&#8217;altra met\u00e0 del visibile | Pensieri","datePublished":"2017-06-29T06:09:26+00:00","dateModified":"2017-06-29T15:37:59+00:00","mainEntityOfPage":{"@id":"https:\/\/www.concolino.it\/index.php\/2017\/06\/29\/lidolo-e-limmagine-pensieri\/"},"wordCount":649,"commentCount":0,"publisher":{"@id":"https:\/\/www.concolino.it\/#\/schema\/person\/dfa8517603a44e77da85e7eb5139c070"},"image":{"@id":"https:\/\/www.concolino.it\/index.php\/2017\/06\/29\/lidolo-e-limmagine-pensieri\/#primaryimage"},"thumbnailUrl":"https:\/\/www.concolino.it\/wp-content\/uploads\/2017\/06\/Schermata-2017-06-28-alle-19.17.17.png","articleSection":["Pensieri","Vetrina"],"inLanguage":"it-IT","potentialAction":[{"@type":"CommentAction","name":"Comment","target":["https:\/\/www.concolino.it\/index.php\/2017\/06\/29\/lidolo-e-limmagine-pensieri\/#respond"]}]},{"@type":"WebPage","@id":"https:\/\/www.concolino.it\/index.php\/2017\/06\/29\/lidolo-e-limmagine-pensieri\/","url":"https:\/\/www.concolino.it\/index.php\/2017\/06\/29\/lidolo-e-limmagine-pensieri\/","name":"L'idolo e l'immagine: l'altra met\u00e0 del visibile | Pensieri - Concolino.it","isPartOf":{"@id":"https:\/\/www.concolino.it\/#website"},"primaryImageOfPage":{"@id":"https:\/\/www.concolino.it\/index.php\/2017\/06\/29\/lidolo-e-limmagine-pensieri\/#primaryimage"},"image":{"@id":"https:\/\/www.concolino.it\/index.php\/2017\/06\/29\/lidolo-e-limmagine-pensieri\/#primaryimage"},"thumbnailUrl":"https:\/\/www.concolino.it\/wp-content\/uploads\/2017\/06\/Schermata-2017-06-28-alle-19.17.17.png","datePublished":"2017-06-29T06:09:26+00:00","dateModified":"2017-06-29T15:37:59+00:00","breadcrumb":{"@id":"https:\/\/www.concolino.it\/index.php\/2017\/06\/29\/lidolo-e-limmagine-pensieri\/#breadcrumb"},"inLanguage":"it-IT","potentialAction":[{"@type":"ReadAction","target":["https:\/\/www.concolino.it\/index.php\/2017\/06\/29\/lidolo-e-limmagine-pensieri\/"]}]},{"@type":"ImageObject","inLanguage":"it-IT","@id":"https:\/\/www.concolino.it\/index.php\/2017\/06\/29\/lidolo-e-limmagine-pensieri\/#primaryimage","url":"https:\/\/www.concolino.it\/wp-content\/uploads\/2017\/06\/Schermata-2017-06-28-alle-19.17.17.png","contentUrl":"https:\/\/www.concolino.it\/wp-content\/uploads\/2017\/06\/Schermata-2017-06-28-alle-19.17.17.png","width":5222,"height":2832},{"@type":"BreadcrumbList","@id":"https:\/\/www.concolino.it\/index.php\/2017\/06\/29\/lidolo-e-limmagine-pensieri\/#breadcrumb","itemListElement":[{"@type":"ListItem","position":1,"name":"Home","item":"https:\/\/www.concolino.it\/"},{"@type":"ListItem","position":2,"name":"L&#8217;idolo e l&#8217;immagine: l&#8217;altra met\u00e0 del visibile | Pensieri"}]},{"@type":"WebSite","@id":"https:\/\/www.concolino.it\/#website","url":"https:\/\/www.concolino.it\/","name":"Concolino.it","description":"Allargare gli spazi del Verbo","publisher":{"@id":"https:\/\/www.concolino.it\/#\/schema\/person\/dfa8517603a44e77da85e7eb5139c070"},"potentialAction":[{"@type":"SearchAction","target":{"@type":"EntryPoint","urlTemplate":"https:\/\/www.concolino.it\/?s={search_term_string}"},"query-input":{"@type":"PropertyValueSpecification","valueRequired":true,"valueName":"search_term_string"}}],"inLanguage":"it-IT"},{"@type":["Person","Organization"],"@id":"https:\/\/www.concolino.it\/#\/schema\/person\/dfa8517603a44e77da85e7eb5139c070","name":"Domenico Concolino","image":{"@type":"ImageObject","inLanguage":"it-IT","@id":"https:\/\/www.concolino.it\/wp-content\/uploads\/2014\/07\/CT5W9104.jpg","url":"https:\/\/www.concolino.it\/wp-content\/uploads\/2014\/07\/CT5W9104.jpg","contentUrl":"https:\/\/www.concolino.it\/wp-content\/uploads\/2014\/07\/CT5W9104.jpg","width":1276,"height":850,"caption":"Domenico Concolino"},"logo":{"@id":"https:\/\/www.concolino.it\/wp-content\/uploads\/2014\/07\/CT5W9104.jpg"},"description":"Teologo | Cappellano Campus Universit\u00e0 Magna Graecia | Direttore Ufficio Regione Universit\u00e0 Scuola Educazione (Calabria)","sameAs":["https:\/\/www.facebook.com\/don.mik.94","https:\/\/x.com\/https:\/\/twitter.com\/don_mik"],"url":"https:\/\/www.concolino.it\/index.php\/author\/admin\/"}]}},"_links":{"self":[{"href":"https:\/\/www.concolino.it\/index.php\/wp-json\/wp\/v2\/posts\/3066","targetHints":{"allow":["GET"]}}],"collection":[{"href":"https:\/\/www.concolino.it\/index.php\/wp-json\/wp\/v2\/posts"}],"about":[{"href":"https:\/\/www.concolino.it\/index.php\/wp-json\/wp\/v2\/types\/post"}],"author":[{"embeddable":true,"href":"https:\/\/www.concolino.it\/index.php\/wp-json\/wp\/v2\/users\/1"}],"replies":[{"embeddable":true,"href":"https:\/\/www.concolino.it\/index.php\/wp-json\/wp\/v2\/comments?post=3066"}],"version-history":[{"count":34,"href":"https:\/\/www.concolino.it\/index.php\/wp-json\/wp\/v2\/posts\/3066\/revisions"}],"predecessor-version":[{"id":3103,"href":"https:\/\/www.concolino.it\/index.php\/wp-json\/wp\/v2\/posts\/3066\/revisions\/3103"}],"wp:featuredmedia":[{"embeddable":true,"href":"https:\/\/www.concolino.it\/index.php\/wp-json\/wp\/v2\/media\/3068"}],"wp:attachment":[{"href":"https:\/\/www.concolino.it\/index.php\/wp-json\/wp\/v2\/media?parent=3066"}],"wp:term":[{"taxonomy":"category","embeddable":true,"href":"https:\/\/www.concolino.it\/index.php\/wp-json\/wp\/v2\/categories?post=3066"},{"taxonomy":"post_tag","embeddable":true,"href":"https:\/\/www.concolino.it\/index.php\/wp-json\/wp\/v2\/tags?post=3066"}],"curies":[{"name":"wp","href":"https:\/\/api.w.org\/{rel}","templated":true}]}}