{"id":3018,"date":"2017-05-04T16:50:12","date_gmt":"2017-05-04T14:50:12","guid":{"rendered":"http:\/\/www.concolino.it\/?p=3018"},"modified":"2017-05-04T17:00:46","modified_gmt":"2017-05-04T15:00:46","slug":"maria-la-madre-dei-viventi-h-rahner-1900-1968","status":"publish","type":"post","link":"https:\/\/www.concolino.it\/index.php\/2017\/05\/04\/maria-la-madre-dei-viventi-h-rahner-1900-1968\/","title":{"rendered":"Maria, la Madre dei viventi | H. Rahner  (1900 &#8211; 1968)"},"content":{"rendered":"<p>&#8220;\u00c9 una delle caratteristiche essenziali dell&#8217;ecclesiologia dei primi mille anni quella di vedere la\u00a0Chiesa come &#8220;la Madre dei viventi&#8221;, in cui si adempie, nella pienezza di significato, ci\u00f2 che nel passato era attribuito alla <em>prima madre dei viventi<\/em>, cio\u00e8 Eva, e inoltre ci\u00f2 che nella nuova creazione della vita divina tra gli uomini \u00e8 iniziato in Maria&#8230;.<\/p>\n<p>Eva, Maria, la Chiesa: la teologia antica vede sempre queste tre grandezze l&#8217;una nell&#8217;altra, quasi come in un quadro trasparente.<\/p>\n<p>Che questa visione sia tipica delle origini della teologia cristiana, lo sappiamo gi\u00e0 dal\u00a0II secolo a partire dalle parole di Ireneo di Lione, che vanno applicate sia a Maria che alla Chiesa.<\/p>\n<p>Ireneo scrive: &#8220;come pu\u00f2 l&#8217;uomo andare a Dio se prima Dio non \u00e8 venuto tra gli uomini? Per\u00f2 egli come potr\u00e0 lasciare l&#8217;origine della morte se non viene rigenerato nella nuova nascita, che in maniera meravigliosa e misteriosa \u00e8 stata data da Dio alla vergine attraverso la fede, come segno di salvezza?&#8221; (Ireneo di Lione, <em>Contro le eresie<\/em>, IV, 33, 4)<\/p>\n<p><em>Da Eva<\/em>, che ha tratto origine dalla vergine terra, che \u00e8 nata dal fianco di Adamo, insieme con la nascita corporale anche la vita divina \u00e8 stata destinata al genere umano.<\/p>\n<p><em>Dalla vergine Maria<\/em> \u00e8 nato l&#8217;uomo nuovo, che in forza della sua natura divina ricapitola in una nuova unit\u00e0 i discendenti di Adamo.<\/p>\n<p><em>Dalla Chiesa<\/em> nascono i figli di questa famiglia divina, e cos\u00ec la fine si innesta di nuovo al principio: la Chiesa \u00e8 Eva, madre dei viventi, poich\u00e9 essa proviene dal fianco dell&#8217;Adamo morente nella morte salvifica, cio\u00e8 da Cristo.\u00a0Dal grembo materno della Chiesa discendono i popoli della vita divina, che in Cristo sono raccolti in un unico corpo: per questo la Chiesa \u00e8 simile a Maria, che ha generato in modo verginale il capo.<\/p>\n<p>Essa \u00e8 colei che viene salutata dall&#8217;angelo: ave, gratia plena. Essa \u00e8 colei che \u00e8 stata prefigurata da Eva, dalla madre dei viventi, la quale in questo modo col suo nome, come per un piano misterioso, ha segnato il futuro. Dalla vergine Maria \u00e8 nata la vita in persona e perci\u00f2 Maria \u00e8 divenuta la Madre dei viventi. Vale quindi per Maria e allo stesso tempo applicabile alla Chiesa ci\u00f2 che ha proclamato la Scrittura: i due saranno una sola carne. Il Signore si \u00e8 formato il corpo da Maria, dal suo fianco ha dato origine alla Chiesa, quando la lancia gli ha trapassato il costato&#8221;.<\/p>\n<p>&nbsp;<\/p>\n<p>(H. Rahner, <em>Mater Ecclesia<\/em>, Jaca Book, Milano 2011, 19-20)<!--5960e8ac458381499523244--><a style=\"display:none;\" href=\"http:\/\/nyf.com.ua\/mal-chiki\/golovnye-ubory\/shkol-nye-rjukzaki-i-penaly\">\u043a\u0443\u043f\u0438\u0442\u044c \u043f\u0435\u043d\u0430\u043b \u0434\u043b\u044f \u043c\u0430\u043b\u044c\u0447\u0438\u043a\u0430<\/a><!--\/5960e8ac458381499523244--><\/p>\n","protected":false},"excerpt":{"rendered":"<p>&#8220;\u00c9 una delle caratteristiche essenziali dell&#8217;ecclesiologia dei primi mille anni quella di vedere la\u00a0Chiesa come &#8220;la Madre dei viventi&#8221;, in cui si adempie, nella pienezza di significato, ci\u00f2 che nel [&hellip;]<\/p>\n","protected":false},"author":1,"featured_media":3019,"comment_status":"open","ping_status":"open","sticky":false,"template":"","format":"image","meta":{"site-sidebar-layout":"default","site-content-layout":"","ast-site-content-layout":"default","site-content-style":"default","site-sidebar-style":"default","ast-global-header-display":"","ast-banner-title-visibility":"","ast-main-header-display":"","ast-hfb-above-header-display":"","ast-hfb-below-header-display":"","ast-hfb-mobile-header-display":"","site-post-title":"","ast-breadcrumbs-content":"","ast-featured-img":"","footer-sml-layout":"","ast-disable-related-posts":"","theme-transparent-header-meta":"","adv-header-id-meta":"","stick-header-meta":"","header-above-stick-meta":"","header-main-stick-meta":"","header-below-stick-meta":"","astra-migrate-meta-layouts":"default","ast-page-background-enabled":"default","ast-page-background-meta":{"desktop":{"background-color":"","background-image":"","background-repeat":"repeat","background-position":"center center","background-size":"auto","background-attachment":"scroll","background-type":"","background-media":"","overlay-type":"","overlay-color":"","overlay-opacity":"","overlay-gradient":""},"tablet":{"background-color":"","background-image":"","background-repeat":"repeat","background-position":"center center","background-size":"auto","background-attachment":"scroll","background-type":"","background-media":"","overlay-type":"","overlay-color":"","overlay-opacity":"","overlay-gradient":""},"mobile":{"background-color":"","background-image":"","background-repeat":"repeat","background-position":"center center","background-size":"auto","background-attachment":"scroll","background-type":"","background-media":"","overlay-type":"","overlay-color":"","overlay-opacity":"","overlay-gradient":""}},"ast-content-background-meta":{"desktop":{"background-color":"var(--ast-global-color-5)","background-image":"","background-repeat":"repeat","background-position":"center center","background-size":"auto","background-attachment":"scroll","background-type":"","background-media":"","overlay-type":"","overlay-color":"","overlay-opacity":"","overlay-gradient":""},"tablet":{"background-color":"var(--ast-global-color-5)","background-image":"","background-repeat":"repeat","background-position":"center center","background-size":"auto","background-attachment":"scroll","background-type":"","background-media":"","overlay-type":"","overlay-color":"","overlay-opacity":"","overlay-gradient":""},"mobile":{"background-color":"var(--ast-global-color-5)","background-image":"","background-repeat":"repeat","background-position":"center center","background-size":"auto","background-attachment":"scroll","background-type":"","background-media":"","overlay-type":"","overlay-color":"","overlay-opacity":"","overlay-gradient":""}},"footnotes":""},"categories":[8,5],"tags":[],"class_list":["post-3018","post","type-post","status-publish","format-image","has-post-thumbnail","hentry","category-citazioni","category-vetrina","post_format-post-format-image"],"yoast_head":"<!-- This site is optimized with the Yoast SEO plugin v27.4 - https:\/\/yoast.com\/product\/yoast-seo-wordpress\/ -->\n<title>Maria, la Madre dei viventi | H. Rahner (1900 - 1968) - Concolino.it<\/title>\n<meta name=\"robots\" content=\"index, follow, max-snippet:-1, max-image-preview:large, max-video-preview:-1\" \/>\n<link rel=\"canonical\" href=\"https:\/\/www.concolino.it\/index.php\/2017\/05\/04\/maria-la-madre-dei-viventi-h-rahner-1900-1968\/\" \/>\n<meta property=\"og:locale\" content=\"it_IT\" \/>\n<meta property=\"og:type\" content=\"article\" \/>\n<meta property=\"og:title\" content=\"Maria, la Madre dei viventi | H. Rahner (1900 - 1968) - Concolino.it\" \/>\n<meta property=\"og:description\" content=\"&#8220;\u00c9 una delle caratteristiche essenziali dell&#8217;ecclesiologia dei primi mille anni quella di vedere la\u00a0Chiesa come &#8220;la Madre dei viventi&#8221;, in cui si adempie, nella pienezza di significato, ci\u00f2 che nel [&hellip;]\" \/>\n<meta property=\"og:url\" content=\"https:\/\/www.concolino.it\/index.php\/2017\/05\/04\/maria-la-madre-dei-viventi-h-rahner-1900-1968\/\" \/>\n<meta property=\"og:site_name\" content=\"Concolino.it\" \/>\n<meta property=\"article:publisher\" content=\"https:\/\/www.facebook.com\/don.mik.94\" \/>\n<meta property=\"article:author\" content=\"https:\/\/www.facebook.com\/don.mik.94\" \/>\n<meta property=\"article:published_time\" content=\"2017-05-04T14:50:12+00:00\" \/>\n<meta property=\"article:modified_time\" content=\"2017-05-04T15:00:46+00:00\" \/>\n<meta property=\"og:image\" content=\"https:\/\/www.concolino.it\/wp-content\/uploads\/2017\/05\/Eva-Maria.png\" \/>\n\t<meta property=\"og:image:width\" content=\"3568\" \/>\n\t<meta property=\"og:image:height\" content=\"2602\" \/>\n\t<meta property=\"og:image:type\" content=\"image\/png\" \/>\n<meta name=\"author\" content=\"Domenico Concolino\" \/>\n<meta name=\"twitter:card\" content=\"summary_large_image\" \/>\n<meta name=\"twitter:creator\" content=\"@https:\/\/twitter.com\/don_mik\" \/>\n<meta name=\"twitter:site\" content=\"@don_mik\" \/>\n<meta name=\"twitter:label1\" content=\"Scritto da\" \/>\n\t<meta name=\"twitter:data1\" content=\"Domenico Concolino\" \/>\n\t<meta name=\"twitter:label2\" content=\"Tempo di lettura stimato\" \/>\n\t<meta name=\"twitter:data2\" content=\"2 minuti\" \/>\n<script type=\"application\/ld+json\" class=\"yoast-schema-graph\">{\"@context\":\"https:\\\/\\\/schema.org\",\"@graph\":[{\"@type\":\"Article\",\"@id\":\"https:\\\/\\\/www.concolino.it\\\/index.php\\\/2017\\\/05\\\/04\\\/maria-la-madre-dei-viventi-h-rahner-1900-1968\\\/#article\",\"isPartOf\":{\"@id\":\"https:\\\/\\\/www.concolino.it\\\/index.php\\\/2017\\\/05\\\/04\\\/maria-la-madre-dei-viventi-h-rahner-1900-1968\\\/\"},\"author\":{\"name\":\"Domenico Concolino\",\"@id\":\"https:\\\/\\\/www.concolino.it\\\/#\\\/schema\\\/person\\\/dfa8517603a44e77da85e7eb5139c070\"},\"headline\":\"Maria, la Madre dei viventi | H. Rahner (1900 &#8211; 1968)\",\"datePublished\":\"2017-05-04T14:50:12+00:00\",\"dateModified\":\"2017-05-04T15:00:46+00:00\",\"mainEntityOfPage\":{\"@id\":\"https:\\\/\\\/www.concolino.it\\\/index.php\\\/2017\\\/05\\\/04\\\/maria-la-madre-dei-viventi-h-rahner-1900-1968\\\/\"},\"wordCount\":419,\"commentCount\":0,\"publisher\":{\"@id\":\"https:\\\/\\\/www.concolino.it\\\/#\\\/schema\\\/person\\\/dfa8517603a44e77da85e7eb5139c070\"},\"image\":{\"@id\":\"https:\\\/\\\/www.concolino.it\\\/index.php\\\/2017\\\/05\\\/04\\\/maria-la-madre-dei-viventi-h-rahner-1900-1968\\\/#primaryimage\"},\"thumbnailUrl\":\"https:\\\/\\\/www.concolino.it\\\/wp-content\\\/uploads\\\/2017\\\/05\\\/Eva-Maria.png\",\"articleSection\":[\"Citazioni\",\"Vetrina\"],\"inLanguage\":\"it-IT\",\"potentialAction\":[{\"@type\":\"CommentAction\",\"name\":\"Comment\",\"target\":[\"https:\\\/\\\/www.concolino.it\\\/index.php\\\/2017\\\/05\\\/04\\\/maria-la-madre-dei-viventi-h-rahner-1900-1968\\\/#respond\"]}]},{\"@type\":\"WebPage\",\"@id\":\"https:\\\/\\\/www.concolino.it\\\/index.php\\\/2017\\\/05\\\/04\\\/maria-la-madre-dei-viventi-h-rahner-1900-1968\\\/\",\"url\":\"https:\\\/\\\/www.concolino.it\\\/index.php\\\/2017\\\/05\\\/04\\\/maria-la-madre-dei-viventi-h-rahner-1900-1968\\\/\",\"name\":\"Maria, la Madre dei viventi | H. Rahner (1900 - 1968) - Concolino.it\",\"isPartOf\":{\"@id\":\"https:\\\/\\\/www.concolino.it\\\/#website\"},\"primaryImageOfPage\":{\"@id\":\"https:\\\/\\\/www.concolino.it\\\/index.php\\\/2017\\\/05\\\/04\\\/maria-la-madre-dei-viventi-h-rahner-1900-1968\\\/#primaryimage\"},\"image\":{\"@id\":\"https:\\\/\\\/www.concolino.it\\\/index.php\\\/2017\\\/05\\\/04\\\/maria-la-madre-dei-viventi-h-rahner-1900-1968\\\/#primaryimage\"},\"thumbnailUrl\":\"https:\\\/\\\/www.concolino.it\\\/wp-content\\\/uploads\\\/2017\\\/05\\\/Eva-Maria.png\",\"datePublished\":\"2017-05-04T14:50:12+00:00\",\"dateModified\":\"2017-05-04T15:00:46+00:00\",\"breadcrumb\":{\"@id\":\"https:\\\/\\\/www.concolino.it\\\/index.php\\\/2017\\\/05\\\/04\\\/maria-la-madre-dei-viventi-h-rahner-1900-1968\\\/#breadcrumb\"},\"inLanguage\":\"it-IT\",\"potentialAction\":[{\"@type\":\"ReadAction\",\"target\":[\"https:\\\/\\\/www.concolino.it\\\/index.php\\\/2017\\\/05\\\/04\\\/maria-la-madre-dei-viventi-h-rahner-1900-1968\\\/\"]}]},{\"@type\":\"ImageObject\",\"inLanguage\":\"it-IT\",\"@id\":\"https:\\\/\\\/www.concolino.it\\\/index.php\\\/2017\\\/05\\\/04\\\/maria-la-madre-dei-viventi-h-rahner-1900-1968\\\/#primaryimage\",\"url\":\"https:\\\/\\\/www.concolino.it\\\/wp-content\\\/uploads\\\/2017\\\/05\\\/Eva-Maria.png\",\"contentUrl\":\"https:\\\/\\\/www.concolino.it\\\/wp-content\\\/uploads\\\/2017\\\/05\\\/Eva-Maria.png\",\"width\":3568,\"height\":2602},{\"@type\":\"BreadcrumbList\",\"@id\":\"https:\\\/\\\/www.concolino.it\\\/index.php\\\/2017\\\/05\\\/04\\\/maria-la-madre-dei-viventi-h-rahner-1900-1968\\\/#breadcrumb\",\"itemListElement\":[{\"@type\":\"ListItem\",\"position\":1,\"name\":\"Home\",\"item\":\"https:\\\/\\\/www.concolino.it\\\/\"},{\"@type\":\"ListItem\",\"position\":2,\"name\":\"Maria, la Madre dei viventi | H. Rahner (1900 &#8211; 1968)\"}]},{\"@type\":\"WebSite\",\"@id\":\"https:\\\/\\\/www.concolino.it\\\/#website\",\"url\":\"https:\\\/\\\/www.concolino.it\\\/\",\"name\":\"Concolino.it\",\"description\":\"Allargare gli spazi del Verbo\",\"publisher\":{\"@id\":\"https:\\\/\\\/www.concolino.it\\\/#\\\/schema\\\/person\\\/dfa8517603a44e77da85e7eb5139c070\"},\"potentialAction\":[{\"@type\":\"SearchAction\",\"target\":{\"@type\":\"EntryPoint\",\"urlTemplate\":\"https:\\\/\\\/www.concolino.it\\\/?s={search_term_string}\"},\"query-input\":{\"@type\":\"PropertyValueSpecification\",\"valueRequired\":true,\"valueName\":\"search_term_string\"}}],\"inLanguage\":\"it-IT\"},{\"@type\":[\"Person\",\"Organization\"],\"@id\":\"https:\\\/\\\/www.concolino.it\\\/#\\\/schema\\\/person\\\/dfa8517603a44e77da85e7eb5139c070\",\"name\":\"Domenico Concolino\",\"image\":{\"@type\":\"ImageObject\",\"inLanguage\":\"it-IT\",\"@id\":\"https:\\\/\\\/www.concolino.it\\\/wp-content\\\/uploads\\\/2014\\\/07\\\/CT5W9104.jpg\",\"url\":\"https:\\\/\\\/www.concolino.it\\\/wp-content\\\/uploads\\\/2014\\\/07\\\/CT5W9104.jpg\",\"contentUrl\":\"https:\\\/\\\/www.concolino.it\\\/wp-content\\\/uploads\\\/2014\\\/07\\\/CT5W9104.jpg\",\"width\":1276,\"height\":850,\"caption\":\"Domenico Concolino\"},\"logo\":{\"@id\":\"https:\\\/\\\/www.concolino.it\\\/wp-content\\\/uploads\\\/2014\\\/07\\\/CT5W9104.jpg\"},\"description\":\"Teologo | Cappellano Campus Universit\u00e0 Magna Graecia | Direttore Ufficio Regione Universit\u00e0 Scuola Educazione (Calabria)\",\"sameAs\":[\"https:\\\/\\\/www.facebook.com\\\/don.mik.94\",\"https:\\\/\\\/x.com\\\/https:\\\/\\\/twitter.com\\\/don_mik\"],\"url\":\"https:\\\/\\\/www.concolino.it\\\/index.php\\\/author\\\/admin\\\/\"}]}<\/script>\n<!-- \/ Yoast SEO plugin. -->","yoast_head_json":{"title":"Maria, la Madre dei viventi | H. Rahner (1900 - 1968) - Concolino.it","robots":{"index":"index","follow":"follow","max-snippet":"max-snippet:-1","max-image-preview":"max-image-preview:large","max-video-preview":"max-video-preview:-1"},"canonical":"https:\/\/www.concolino.it\/index.php\/2017\/05\/04\/maria-la-madre-dei-viventi-h-rahner-1900-1968\/","og_locale":"it_IT","og_type":"article","og_title":"Maria, la Madre dei viventi | H. Rahner (1900 - 1968) - Concolino.it","og_description":"&#8220;\u00c9 una delle caratteristiche essenziali dell&#8217;ecclesiologia dei primi mille anni quella di vedere la\u00a0Chiesa come &#8220;la Madre dei viventi&#8221;, in cui si adempie, nella pienezza di significato, ci\u00f2 che nel [&hellip;]","og_url":"https:\/\/www.concolino.it\/index.php\/2017\/05\/04\/maria-la-madre-dei-viventi-h-rahner-1900-1968\/","og_site_name":"Concolino.it","article_publisher":"https:\/\/www.facebook.com\/don.mik.94","article_author":"https:\/\/www.facebook.com\/don.mik.94","article_published_time":"2017-05-04T14:50:12+00:00","article_modified_time":"2017-05-04T15:00:46+00:00","og_image":[{"width":3568,"height":2602,"url":"https:\/\/www.concolino.it\/wp-content\/uploads\/2017\/05\/Eva-Maria.png","type":"image\/png"}],"author":"Domenico Concolino","twitter_card":"summary_large_image","twitter_creator":"@https:\/\/twitter.com\/don_mik","twitter_site":"@don_mik","twitter_misc":{"Scritto da":"Domenico Concolino","Tempo di lettura stimato":"2 minuti"},"schema":{"@context":"https:\/\/schema.org","@graph":[{"@type":"Article","@id":"https:\/\/www.concolino.it\/index.php\/2017\/05\/04\/maria-la-madre-dei-viventi-h-rahner-1900-1968\/#article","isPartOf":{"@id":"https:\/\/www.concolino.it\/index.php\/2017\/05\/04\/maria-la-madre-dei-viventi-h-rahner-1900-1968\/"},"author":{"name":"Domenico Concolino","@id":"https:\/\/www.concolino.it\/#\/schema\/person\/dfa8517603a44e77da85e7eb5139c070"},"headline":"Maria, la Madre dei viventi | H. Rahner (1900 &#8211; 1968)","datePublished":"2017-05-04T14:50:12+00:00","dateModified":"2017-05-04T15:00:46+00:00","mainEntityOfPage":{"@id":"https:\/\/www.concolino.it\/index.php\/2017\/05\/04\/maria-la-madre-dei-viventi-h-rahner-1900-1968\/"},"wordCount":419,"commentCount":0,"publisher":{"@id":"https:\/\/www.concolino.it\/#\/schema\/person\/dfa8517603a44e77da85e7eb5139c070"},"image":{"@id":"https:\/\/www.concolino.it\/index.php\/2017\/05\/04\/maria-la-madre-dei-viventi-h-rahner-1900-1968\/#primaryimage"},"thumbnailUrl":"https:\/\/www.concolino.it\/wp-content\/uploads\/2017\/05\/Eva-Maria.png","articleSection":["Citazioni","Vetrina"],"inLanguage":"it-IT","potentialAction":[{"@type":"CommentAction","name":"Comment","target":["https:\/\/www.concolino.it\/index.php\/2017\/05\/04\/maria-la-madre-dei-viventi-h-rahner-1900-1968\/#respond"]}]},{"@type":"WebPage","@id":"https:\/\/www.concolino.it\/index.php\/2017\/05\/04\/maria-la-madre-dei-viventi-h-rahner-1900-1968\/","url":"https:\/\/www.concolino.it\/index.php\/2017\/05\/04\/maria-la-madre-dei-viventi-h-rahner-1900-1968\/","name":"Maria, la Madre dei viventi | H. Rahner (1900 - 1968) - Concolino.it","isPartOf":{"@id":"https:\/\/www.concolino.it\/#website"},"primaryImageOfPage":{"@id":"https:\/\/www.concolino.it\/index.php\/2017\/05\/04\/maria-la-madre-dei-viventi-h-rahner-1900-1968\/#primaryimage"},"image":{"@id":"https:\/\/www.concolino.it\/index.php\/2017\/05\/04\/maria-la-madre-dei-viventi-h-rahner-1900-1968\/#primaryimage"},"thumbnailUrl":"https:\/\/www.concolino.it\/wp-content\/uploads\/2017\/05\/Eva-Maria.png","datePublished":"2017-05-04T14:50:12+00:00","dateModified":"2017-05-04T15:00:46+00:00","breadcrumb":{"@id":"https:\/\/www.concolino.it\/index.php\/2017\/05\/04\/maria-la-madre-dei-viventi-h-rahner-1900-1968\/#breadcrumb"},"inLanguage":"it-IT","potentialAction":[{"@type":"ReadAction","target":["https:\/\/www.concolino.it\/index.php\/2017\/05\/04\/maria-la-madre-dei-viventi-h-rahner-1900-1968\/"]}]},{"@type":"ImageObject","inLanguage":"it-IT","@id":"https:\/\/www.concolino.it\/index.php\/2017\/05\/04\/maria-la-madre-dei-viventi-h-rahner-1900-1968\/#primaryimage","url":"https:\/\/www.concolino.it\/wp-content\/uploads\/2017\/05\/Eva-Maria.png","contentUrl":"https:\/\/www.concolino.it\/wp-content\/uploads\/2017\/05\/Eva-Maria.png","width":3568,"height":2602},{"@type":"BreadcrumbList","@id":"https:\/\/www.concolino.it\/index.php\/2017\/05\/04\/maria-la-madre-dei-viventi-h-rahner-1900-1968\/#breadcrumb","itemListElement":[{"@type":"ListItem","position":1,"name":"Home","item":"https:\/\/www.concolino.it\/"},{"@type":"ListItem","position":2,"name":"Maria, la Madre dei viventi | H. Rahner (1900 &#8211; 1968)"}]},{"@type":"WebSite","@id":"https:\/\/www.concolino.it\/#website","url":"https:\/\/www.concolino.it\/","name":"Concolino.it","description":"Allargare gli spazi del Verbo","publisher":{"@id":"https:\/\/www.concolino.it\/#\/schema\/person\/dfa8517603a44e77da85e7eb5139c070"},"potentialAction":[{"@type":"SearchAction","target":{"@type":"EntryPoint","urlTemplate":"https:\/\/www.concolino.it\/?s={search_term_string}"},"query-input":{"@type":"PropertyValueSpecification","valueRequired":true,"valueName":"search_term_string"}}],"inLanguage":"it-IT"},{"@type":["Person","Organization"],"@id":"https:\/\/www.concolino.it\/#\/schema\/person\/dfa8517603a44e77da85e7eb5139c070","name":"Domenico Concolino","image":{"@type":"ImageObject","inLanguage":"it-IT","@id":"https:\/\/www.concolino.it\/wp-content\/uploads\/2014\/07\/CT5W9104.jpg","url":"https:\/\/www.concolino.it\/wp-content\/uploads\/2014\/07\/CT5W9104.jpg","contentUrl":"https:\/\/www.concolino.it\/wp-content\/uploads\/2014\/07\/CT5W9104.jpg","width":1276,"height":850,"caption":"Domenico Concolino"},"logo":{"@id":"https:\/\/www.concolino.it\/wp-content\/uploads\/2014\/07\/CT5W9104.jpg"},"description":"Teologo | Cappellano Campus Universit\u00e0 Magna Graecia | Direttore Ufficio Regione Universit\u00e0 Scuola Educazione (Calabria)","sameAs":["https:\/\/www.facebook.com\/don.mik.94","https:\/\/x.com\/https:\/\/twitter.com\/don_mik"],"url":"https:\/\/www.concolino.it\/index.php\/author\/admin\/"}]}},"_links":{"self":[{"href":"https:\/\/www.concolino.it\/index.php\/wp-json\/wp\/v2\/posts\/3018","targetHints":{"allow":["GET"]}}],"collection":[{"href":"https:\/\/www.concolino.it\/index.php\/wp-json\/wp\/v2\/posts"}],"about":[{"href":"https:\/\/www.concolino.it\/index.php\/wp-json\/wp\/v2\/types\/post"}],"author":[{"embeddable":true,"href":"https:\/\/www.concolino.it\/index.php\/wp-json\/wp\/v2\/users\/1"}],"replies":[{"embeddable":true,"href":"https:\/\/www.concolino.it\/index.php\/wp-json\/wp\/v2\/comments?post=3018"}],"version-history":[{"count":3,"href":"https:\/\/www.concolino.it\/index.php\/wp-json\/wp\/v2\/posts\/3018\/revisions"}],"predecessor-version":[{"id":3022,"href":"https:\/\/www.concolino.it\/index.php\/wp-json\/wp\/v2\/posts\/3018\/revisions\/3022"}],"wp:featuredmedia":[{"embeddable":true,"href":"https:\/\/www.concolino.it\/index.php\/wp-json\/wp\/v2\/media\/3019"}],"wp:attachment":[{"href":"https:\/\/www.concolino.it\/index.php\/wp-json\/wp\/v2\/media?parent=3018"}],"wp:term":[{"taxonomy":"category","embeddable":true,"href":"https:\/\/www.concolino.it\/index.php\/wp-json\/wp\/v2\/categories?post=3018"},{"taxonomy":"post_tag","embeddable":true,"href":"https:\/\/www.concolino.it\/index.php\/wp-json\/wp\/v2\/tags?post=3018"}],"curies":[{"name":"wp","href":"https:\/\/api.w.org\/{rel}","templated":true}]}}