{"id":2863,"date":"2016-11-30T20:23:52","date_gmt":"2016-11-30T19:23:52","guid":{"rendered":"http:\/\/www.concolino.it\/?p=2863"},"modified":"2017-08-24T09:38:30","modified_gmt":"2017-08-24T07:38:30","slug":"dellarte-del-bel-parlare-basilio-di-cesarea-329-379","status":"publish","type":"post","link":"https:\/\/www.concolino.it\/index.php\/2016\/11\/30\/dellarte-del-bel-parlare-basilio-di-cesarea-329-379\/","title":{"rendered":"Dell&#8217;arte del bel parlare | Basilio di Cesarea (329 &#8211; 379)"},"content":{"rendered":"<p>E prima di tutto \u00e8 necessario preoccuparsi, nel parlare, di non essere inesperti, ma di porre quesiti senza spirito di contesa, e di dare risposte senza ostentazione, evitando sia di interrompere l&#8217;interlocutore quando dice qualcosa di utile, sia di desiderare di interporre il proprio discorso per mettersi in mostra, stabilendo una giusta misura per parlare e per ascoltare;\u00a0Bisogna imparare senza vergognarsi e insegnare senza nascondere niente per invidia, e, se qualche cosa la si \u00e8 appresa da un altro, non nascondere il fatto come fanno le donne infedeli che fanno passare per legittimi I figli che non lo sono, ma dichiarare con animo grato la paternit\u00e0 di quel discorso.<\/p>\n<p>Il tono della voce \u00e8 meglio che sia moderato, in modo che non sfugga all&#8217;udito perch\u00e9 troppo fievole, n\u00e9 sia sgradevole per l&#8217;intensit\u00e0 eccessiva. Ma soltanto dopo aver ben esaminato tra s\u00e9 ci\u00f2 che si sta per dire, esprimersi in pubblico.<\/p>\n<p>Essere affabile nelle conversazioni, dolce negli incontri; ma non cercare di rendersi graditi con un comportamento faceto: bisogna invece essere piacevoli grazie a benevole esortazioni.<\/p>\n<p>In occasione occorre tenersi lontano dalla durezza, anche quando \u00e8 necessario rivolgere dei rimproveri. Infatti, se ci si abbassa per primi per un sentimento di umilt\u00e0, ci si render\u00e0 bene accetti a chi ha bisogno di assistenza. Spesso poi ci \u00e8 utile anche il modo di rimproverare del profeta, il quale, a Davide che aveva peccato, non inflisse il giudizio di condanna in nome proprio, ma, serve cos\u00ec di una sostituzione di persona, lo eresse al giudice della propria colpa, cosicch\u00e9 costui, avendo pronunciato prima il giudizio contro se medesimo, non poter rimproverare pi\u00f9 nulla a chi\u00a0lo aveva\u00a0messo sotto accusa.<\/p>\n<p>(Basilio di Cesarea, <i>le lettere<\/i>, vol I, &#8220;All&#8217;amico Gregorio&#8221;, Societ\u00e0 Editrice Internazionale, Torino 1983, 2,5)<!--584c06a2e14961481377442--><a style=\"display: none;\" href=\"http:\/\/www.translationserviceonline.com\/\">translation services contract<\/a><!--\/584c06a2e14961481377442--><!--584c06d9915c41481377497--><a style=\"display: none;\" href=\"http:\/\/biol.com.ru\/\">\u0441\u0435\u0440\u0435\u0431\u0440\u044f\u043d\u044b\u0435 \u043d\u0430\u0431\u043e\u0440\u044b \u043f\u043e\u0441\u0443\u0434\u044b<\/a><!--\/584c06d9915c41481377497--><!--587593ecf325d1484100588--><a style=\"display: none;\" href=\"http:\/\/vsemsmart.ru\/index.php?route=product\/category&amp;path=102\">\u043d\u043e\u0443\u0442\u0431\u0443\u043a\u0438 \u0441 \u0432\u0438\u043d\u0434\u043e\u0432\u0441 10<\/a><!--\/587593ecf325d1484100588--><!--5875941114fd31484100625--><a style=\"display: none;\" href=\"http:\/\/vsemsmart.ru\/index.php?route=product\/category&amp;path=102_450\">\u043b\u0435\u043d\u043e\u0432\u043e \u043d\u043e\u0443\u0442\u0431\u0443\u043a\u0438<\/a><!--\/5875941114fd31484100625--><!--5875942c4f7331484100652--><a style=\"display: none;\" href=\"http:\/\/2day.kh.ua\">2day <\/a><!--\/5875942c4f7331484100652--><!--5875944d117fd1484100685--><a style=\"display: none;\" href=\"https:\/\/il.topodin.com\/seo\/post\/prodvizhenie-sajta-v-google\">\u0440\u0430\u0441\u043a\u0440\u0443\u0442\u043a\u0430 \u0441\u0430\u0439\u0442\u0430 \u0432 \u043f\u043e\u0438\u0441\u043a\u043e\u0432\u0438\u043a\u0430\u0445 \u0431\u0435\u0441\u043f\u043b\u0430\u0442\u043d\u043e<\/a><!--\/5875944d117fd1484100685--><!--58dba6eed0d9b1490790126--><a style=\"display: none;\" href=\"http:\/\/mositaldent.ru\">\u0441\u0442\u043e\u043c\u0430\u0442\u043e\u043b\u043e\u0433\u0438\u044f \u0432 \u041c\u043e\u0441\u043a\u0432\u0435<\/a><!--\/58dba6eed0d9b1490790126--><!--58dba604acb641490789892--><a style=\"display: none;\" href=\"http:\/\/poteha-detyam.com.ua\">poteha-detyam<\/a><!--\/58dba604acb641490789892--><!--5960e8ac458381499523244--><a style=\"display: none;\" href=\"https:\/\/aquaelite.com.ua\/nasosnoe-oborudovanie\/nasosy-dlya-basseynov-fontanov-i-solenoy-vody\/nasosy-dlya-fontanov\">\u0434\u043b\u044f \u0444\u043e\u043d\u0442\u0430\u043d\u0430<\/a><!--\/5960e8ac458381499523244--><\/p>\n","protected":false},"excerpt":{"rendered":"<p>E prima di tutto \u00e8 necessario preoccuparsi, nel parlare, di non essere inesperti, ma di porre quesiti senza spirito di contesa, e di dare risposte senza ostentazione, evitando sia di [&hellip;]<\/p>\n","protected":false},"author":1,"featured_media":2869,"comment_status":"open","ping_status":"open","sticky":false,"template":"","format":"image","meta":{"site-sidebar-layout":"default","site-content-layout":"","ast-site-content-layout":"default","site-content-style":"default","site-sidebar-style":"default","ast-global-header-display":"","ast-banner-title-visibility":"","ast-main-header-display":"","ast-hfb-above-header-display":"","ast-hfb-below-header-display":"","ast-hfb-mobile-header-display":"","site-post-title":"","ast-breadcrumbs-content":"","ast-featured-img":"","footer-sml-layout":"","ast-disable-related-posts":"","theme-transparent-header-meta":"","adv-header-id-meta":"","stick-header-meta":"","header-above-stick-meta":"","header-main-stick-meta":"","header-below-stick-meta":"","astra-migrate-meta-layouts":"default","ast-page-background-enabled":"default","ast-page-background-meta":{"desktop":{"background-color":"","background-image":"","background-repeat":"repeat","background-position":"center center","background-size":"auto","background-attachment":"scroll","background-type":"","background-media":"","overlay-type":"","overlay-color":"","overlay-opacity":"","overlay-gradient":""},"tablet":{"background-color":"","background-image":"","background-repeat":"repeat","background-position":"center center","background-size":"auto","background-attachment":"scroll","background-type":"","background-media":"","overlay-type":"","overlay-color":"","overlay-opacity":"","overlay-gradient":""},"mobile":{"background-color":"","background-image":"","background-repeat":"repeat","background-position":"center center","background-size":"auto","background-attachment":"scroll","background-type":"","background-media":"","overlay-type":"","overlay-color":"","overlay-opacity":"","overlay-gradient":""}},"ast-content-background-meta":{"desktop":{"background-color":"var(--ast-global-color-5)","background-image":"","background-repeat":"repeat","background-position":"center center","background-size":"auto","background-attachment":"scroll","background-type":"","background-media":"","overlay-type":"","overlay-color":"","overlay-opacity":"","overlay-gradient":""},"tablet":{"background-color":"var(--ast-global-color-5)","background-image":"","background-repeat":"repeat","background-position":"center center","background-size":"auto","background-attachment":"scroll","background-type":"","background-media":"","overlay-type":"","overlay-color":"","overlay-opacity":"","overlay-gradient":""},"mobile":{"background-color":"var(--ast-global-color-5)","background-image":"","background-repeat":"repeat","background-position":"center center","background-size":"auto","background-attachment":"scroll","background-type":"","background-media":"","overlay-type":"","overlay-color":"","overlay-opacity":"","overlay-gradient":""}},"footnotes":""},"categories":[8,17],"tags":[],"class_list":["post-2863","post","type-post","status-publish","format-image","has-post-thumbnail","hentry","category-citazioni","category-teologia-della-parola","post_format-post-format-image"],"yoast_head":"<!-- This site is optimized with the Yoast SEO plugin v27.5 - https:\/\/yoast.com\/product\/yoast-seo-wordpress\/ -->\n<title>Dell&#039;arte del bel parlare | Basilio di Cesarea (329 - 379) - Concolino.it<\/title>\n<meta name=\"robots\" content=\"index, follow, max-snippet:-1, max-image-preview:large, max-video-preview:-1\" \/>\n<link rel=\"canonical\" href=\"https:\/\/www.concolino.it\/index.php\/2016\/11\/30\/dellarte-del-bel-parlare-basilio-di-cesarea-329-379\/\" \/>\n<meta property=\"og:locale\" content=\"it_IT\" \/>\n<meta property=\"og:type\" content=\"article\" \/>\n<meta property=\"og:title\" content=\"Dell&#039;arte del bel parlare | Basilio di Cesarea (329 - 379) - Concolino.it\" \/>\n<meta property=\"og:description\" content=\"E prima di tutto \u00e8 necessario preoccuparsi, nel parlare, di non essere inesperti, ma di porre quesiti senza spirito di contesa, e di dare risposte senza ostentazione, evitando sia di [&hellip;]\" \/>\n<meta property=\"og:url\" content=\"https:\/\/www.concolino.it\/index.php\/2016\/11\/30\/dellarte-del-bel-parlare-basilio-di-cesarea-329-379\/\" \/>\n<meta property=\"og:site_name\" content=\"Concolino.it\" \/>\n<meta property=\"article:publisher\" content=\"https:\/\/www.facebook.com\/don.mik.94\" \/>\n<meta property=\"article:author\" content=\"https:\/\/www.facebook.com\/don.mik.94\" \/>\n<meta property=\"article:published_time\" content=\"2016-11-30T19:23:52+00:00\" \/>\n<meta property=\"article:modified_time\" content=\"2017-08-24T07:38:30+00:00\" \/>\n<meta property=\"og:image\" content=\"https:\/\/www.concolino.it\/wp-content\/uploads\/2016\/11\/mare.png\" \/>\n\t<meta property=\"og:image:width\" content=\"2736\" \/>\n\t<meta property=\"og:image:height\" content=\"1904\" \/>\n\t<meta property=\"og:image:type\" content=\"image\/png\" \/>\n<meta name=\"author\" content=\"Domenico Concolino\" \/>\n<meta name=\"twitter:card\" content=\"summary_large_image\" \/>\n<meta name=\"twitter:creator\" content=\"@https:\/\/twitter.com\/don_mik\" \/>\n<meta name=\"twitter:site\" content=\"@don_mik\" \/>\n<meta name=\"twitter:label1\" content=\"Scritto da\" \/>\n\t<meta name=\"twitter:data1\" content=\"Domenico Concolino\" \/>\n\t<meta name=\"twitter:label2\" content=\"Tempo di lettura stimato\" \/>\n\t<meta name=\"twitter:data2\" content=\"1 minuto\" \/>\n<script type=\"application\/ld+json\" class=\"yoast-schema-graph\">{\"@context\":\"https:\\\/\\\/schema.org\",\"@graph\":[{\"@type\":\"Article\",\"@id\":\"https:\\\/\\\/www.concolino.it\\\/index.php\\\/2016\\\/11\\\/30\\\/dellarte-del-bel-parlare-basilio-di-cesarea-329-379\\\/#article\",\"isPartOf\":{\"@id\":\"https:\\\/\\\/www.concolino.it\\\/index.php\\\/2016\\\/11\\\/30\\\/dellarte-del-bel-parlare-basilio-di-cesarea-329-379\\\/\"},\"author\":{\"name\":\"Domenico Concolino\",\"@id\":\"https:\\\/\\\/www.concolino.it\\\/#\\\/schema\\\/person\\\/dfa8517603a44e77da85e7eb5139c070\"},\"headline\":\"Dell&#8217;arte del bel parlare | Basilio di Cesarea (329 &#8211; 379)\",\"datePublished\":\"2016-11-30T19:23:52+00:00\",\"dateModified\":\"2017-08-24T07:38:30+00:00\",\"mainEntityOfPage\":{\"@id\":\"https:\\\/\\\/www.concolino.it\\\/index.php\\\/2016\\\/11\\\/30\\\/dellarte-del-bel-parlare-basilio-di-cesarea-329-379\\\/\"},\"wordCount\":322,\"commentCount\":0,\"publisher\":{\"@id\":\"https:\\\/\\\/www.concolino.it\\\/#\\\/schema\\\/person\\\/dfa8517603a44e77da85e7eb5139c070\"},\"image\":{\"@id\":\"https:\\\/\\\/www.concolino.it\\\/index.php\\\/2016\\\/11\\\/30\\\/dellarte-del-bel-parlare-basilio-di-cesarea-329-379\\\/#primaryimage\"},\"thumbnailUrl\":\"https:\\\/\\\/www.concolino.it\\\/wp-content\\\/uploads\\\/2016\\\/11\\\/mare.png\",\"articleSection\":[\"Citazioni\",\"Teologia della Parola\"],\"inLanguage\":\"it-IT\",\"potentialAction\":[{\"@type\":\"CommentAction\",\"name\":\"Comment\",\"target\":[\"https:\\\/\\\/www.concolino.it\\\/index.php\\\/2016\\\/11\\\/30\\\/dellarte-del-bel-parlare-basilio-di-cesarea-329-379\\\/#respond\"]}]},{\"@type\":\"WebPage\",\"@id\":\"https:\\\/\\\/www.concolino.it\\\/index.php\\\/2016\\\/11\\\/30\\\/dellarte-del-bel-parlare-basilio-di-cesarea-329-379\\\/\",\"url\":\"https:\\\/\\\/www.concolino.it\\\/index.php\\\/2016\\\/11\\\/30\\\/dellarte-del-bel-parlare-basilio-di-cesarea-329-379\\\/\",\"name\":\"Dell'arte del bel parlare | Basilio di Cesarea (329 - 379) - Concolino.it\",\"isPartOf\":{\"@id\":\"https:\\\/\\\/www.concolino.it\\\/#website\"},\"primaryImageOfPage\":{\"@id\":\"https:\\\/\\\/www.concolino.it\\\/index.php\\\/2016\\\/11\\\/30\\\/dellarte-del-bel-parlare-basilio-di-cesarea-329-379\\\/#primaryimage\"},\"image\":{\"@id\":\"https:\\\/\\\/www.concolino.it\\\/index.php\\\/2016\\\/11\\\/30\\\/dellarte-del-bel-parlare-basilio-di-cesarea-329-379\\\/#primaryimage\"},\"thumbnailUrl\":\"https:\\\/\\\/www.concolino.it\\\/wp-content\\\/uploads\\\/2016\\\/11\\\/mare.png\",\"datePublished\":\"2016-11-30T19:23:52+00:00\",\"dateModified\":\"2017-08-24T07:38:30+00:00\",\"breadcrumb\":{\"@id\":\"https:\\\/\\\/www.concolino.it\\\/index.php\\\/2016\\\/11\\\/30\\\/dellarte-del-bel-parlare-basilio-di-cesarea-329-379\\\/#breadcrumb\"},\"inLanguage\":\"it-IT\",\"potentialAction\":[{\"@type\":\"ReadAction\",\"target\":[\"https:\\\/\\\/www.concolino.it\\\/index.php\\\/2016\\\/11\\\/30\\\/dellarte-del-bel-parlare-basilio-di-cesarea-329-379\\\/\"]}]},{\"@type\":\"ImageObject\",\"inLanguage\":\"it-IT\",\"@id\":\"https:\\\/\\\/www.concolino.it\\\/index.php\\\/2016\\\/11\\\/30\\\/dellarte-del-bel-parlare-basilio-di-cesarea-329-379\\\/#primaryimage\",\"url\":\"https:\\\/\\\/www.concolino.it\\\/wp-content\\\/uploads\\\/2016\\\/11\\\/mare.png\",\"contentUrl\":\"https:\\\/\\\/www.concolino.it\\\/wp-content\\\/uploads\\\/2016\\\/11\\\/mare.png\",\"width\":2736,\"height\":1904},{\"@type\":\"BreadcrumbList\",\"@id\":\"https:\\\/\\\/www.concolino.it\\\/index.php\\\/2016\\\/11\\\/30\\\/dellarte-del-bel-parlare-basilio-di-cesarea-329-379\\\/#breadcrumb\",\"itemListElement\":[{\"@type\":\"ListItem\",\"position\":1,\"name\":\"Home\",\"item\":\"https:\\\/\\\/www.concolino.it\\\/\"},{\"@type\":\"ListItem\",\"position\":2,\"name\":\"Dell&#8217;arte del bel parlare | Basilio di Cesarea (329 &#8211; 379)\"}]},{\"@type\":\"WebSite\",\"@id\":\"https:\\\/\\\/www.concolino.it\\\/#website\",\"url\":\"https:\\\/\\\/www.concolino.it\\\/\",\"name\":\"Concolino.it\",\"description\":\"Allargare gli spazi del Verbo\",\"publisher\":{\"@id\":\"https:\\\/\\\/www.concolino.it\\\/#\\\/schema\\\/person\\\/dfa8517603a44e77da85e7eb5139c070\"},\"potentialAction\":[{\"@type\":\"SearchAction\",\"target\":{\"@type\":\"EntryPoint\",\"urlTemplate\":\"https:\\\/\\\/www.concolino.it\\\/?s={search_term_string}\"},\"query-input\":{\"@type\":\"PropertyValueSpecification\",\"valueRequired\":true,\"valueName\":\"search_term_string\"}}],\"inLanguage\":\"it-IT\"},{\"@type\":[\"Person\",\"Organization\"],\"@id\":\"https:\\\/\\\/www.concolino.it\\\/#\\\/schema\\\/person\\\/dfa8517603a44e77da85e7eb5139c070\",\"name\":\"Domenico Concolino\",\"image\":{\"@type\":\"ImageObject\",\"inLanguage\":\"it-IT\",\"@id\":\"https:\\\/\\\/www.concolino.it\\\/wp-content\\\/uploads\\\/2014\\\/07\\\/CT5W9104.jpg\",\"url\":\"https:\\\/\\\/www.concolino.it\\\/wp-content\\\/uploads\\\/2014\\\/07\\\/CT5W9104.jpg\",\"contentUrl\":\"https:\\\/\\\/www.concolino.it\\\/wp-content\\\/uploads\\\/2014\\\/07\\\/CT5W9104.jpg\",\"width\":1276,\"height\":850,\"caption\":\"Domenico Concolino\"},\"logo\":{\"@id\":\"https:\\\/\\\/www.concolino.it\\\/wp-content\\\/uploads\\\/2014\\\/07\\\/CT5W9104.jpg\"},\"description\":\"Teologo | Cappellano Campus Universit\u00e0 Magna Graecia | Direttore Ufficio Regione Universit\u00e0 Scuola Educazione (Calabria)\",\"sameAs\":[\"https:\\\/\\\/www.facebook.com\\\/don.mik.94\",\"https:\\\/\\\/x.com\\\/https:\\\/\\\/twitter.com\\\/don_mik\"],\"url\":\"https:\\\/\\\/www.concolino.it\\\/index.php\\\/author\\\/admin\\\/\"}]}<\/script>\n<!-- \/ Yoast SEO plugin. -->","yoast_head_json":{"title":"Dell'arte del bel parlare | Basilio di Cesarea (329 - 379) - Concolino.it","robots":{"index":"index","follow":"follow","max-snippet":"max-snippet:-1","max-image-preview":"max-image-preview:large","max-video-preview":"max-video-preview:-1"},"canonical":"https:\/\/www.concolino.it\/index.php\/2016\/11\/30\/dellarte-del-bel-parlare-basilio-di-cesarea-329-379\/","og_locale":"it_IT","og_type":"article","og_title":"Dell'arte del bel parlare | Basilio di Cesarea (329 - 379) - Concolino.it","og_description":"E prima di tutto \u00e8 necessario preoccuparsi, nel parlare, di non essere inesperti, ma di porre quesiti senza spirito di contesa, e di dare risposte senza ostentazione, evitando sia di [&hellip;]","og_url":"https:\/\/www.concolino.it\/index.php\/2016\/11\/30\/dellarte-del-bel-parlare-basilio-di-cesarea-329-379\/","og_site_name":"Concolino.it","article_publisher":"https:\/\/www.facebook.com\/don.mik.94","article_author":"https:\/\/www.facebook.com\/don.mik.94","article_published_time":"2016-11-30T19:23:52+00:00","article_modified_time":"2017-08-24T07:38:30+00:00","og_image":[{"width":2736,"height":1904,"url":"https:\/\/www.concolino.it\/wp-content\/uploads\/2016\/11\/mare.png","type":"image\/png"}],"author":"Domenico Concolino","twitter_card":"summary_large_image","twitter_creator":"@https:\/\/twitter.com\/don_mik","twitter_site":"@don_mik","twitter_misc":{"Scritto da":"Domenico Concolino","Tempo di lettura stimato":"1 minuto"},"schema":{"@context":"https:\/\/schema.org","@graph":[{"@type":"Article","@id":"https:\/\/www.concolino.it\/index.php\/2016\/11\/30\/dellarte-del-bel-parlare-basilio-di-cesarea-329-379\/#article","isPartOf":{"@id":"https:\/\/www.concolino.it\/index.php\/2016\/11\/30\/dellarte-del-bel-parlare-basilio-di-cesarea-329-379\/"},"author":{"name":"Domenico Concolino","@id":"https:\/\/www.concolino.it\/#\/schema\/person\/dfa8517603a44e77da85e7eb5139c070"},"headline":"Dell&#8217;arte del bel parlare | Basilio di Cesarea (329 &#8211; 379)","datePublished":"2016-11-30T19:23:52+00:00","dateModified":"2017-08-24T07:38:30+00:00","mainEntityOfPage":{"@id":"https:\/\/www.concolino.it\/index.php\/2016\/11\/30\/dellarte-del-bel-parlare-basilio-di-cesarea-329-379\/"},"wordCount":322,"commentCount":0,"publisher":{"@id":"https:\/\/www.concolino.it\/#\/schema\/person\/dfa8517603a44e77da85e7eb5139c070"},"image":{"@id":"https:\/\/www.concolino.it\/index.php\/2016\/11\/30\/dellarte-del-bel-parlare-basilio-di-cesarea-329-379\/#primaryimage"},"thumbnailUrl":"https:\/\/www.concolino.it\/wp-content\/uploads\/2016\/11\/mare.png","articleSection":["Citazioni","Teologia della Parola"],"inLanguage":"it-IT","potentialAction":[{"@type":"CommentAction","name":"Comment","target":["https:\/\/www.concolino.it\/index.php\/2016\/11\/30\/dellarte-del-bel-parlare-basilio-di-cesarea-329-379\/#respond"]}]},{"@type":"WebPage","@id":"https:\/\/www.concolino.it\/index.php\/2016\/11\/30\/dellarte-del-bel-parlare-basilio-di-cesarea-329-379\/","url":"https:\/\/www.concolino.it\/index.php\/2016\/11\/30\/dellarte-del-bel-parlare-basilio-di-cesarea-329-379\/","name":"Dell'arte del bel parlare | Basilio di Cesarea (329 - 379) - Concolino.it","isPartOf":{"@id":"https:\/\/www.concolino.it\/#website"},"primaryImageOfPage":{"@id":"https:\/\/www.concolino.it\/index.php\/2016\/11\/30\/dellarte-del-bel-parlare-basilio-di-cesarea-329-379\/#primaryimage"},"image":{"@id":"https:\/\/www.concolino.it\/index.php\/2016\/11\/30\/dellarte-del-bel-parlare-basilio-di-cesarea-329-379\/#primaryimage"},"thumbnailUrl":"https:\/\/www.concolino.it\/wp-content\/uploads\/2016\/11\/mare.png","datePublished":"2016-11-30T19:23:52+00:00","dateModified":"2017-08-24T07:38:30+00:00","breadcrumb":{"@id":"https:\/\/www.concolino.it\/index.php\/2016\/11\/30\/dellarte-del-bel-parlare-basilio-di-cesarea-329-379\/#breadcrumb"},"inLanguage":"it-IT","potentialAction":[{"@type":"ReadAction","target":["https:\/\/www.concolino.it\/index.php\/2016\/11\/30\/dellarte-del-bel-parlare-basilio-di-cesarea-329-379\/"]}]},{"@type":"ImageObject","inLanguage":"it-IT","@id":"https:\/\/www.concolino.it\/index.php\/2016\/11\/30\/dellarte-del-bel-parlare-basilio-di-cesarea-329-379\/#primaryimage","url":"https:\/\/www.concolino.it\/wp-content\/uploads\/2016\/11\/mare.png","contentUrl":"https:\/\/www.concolino.it\/wp-content\/uploads\/2016\/11\/mare.png","width":2736,"height":1904},{"@type":"BreadcrumbList","@id":"https:\/\/www.concolino.it\/index.php\/2016\/11\/30\/dellarte-del-bel-parlare-basilio-di-cesarea-329-379\/#breadcrumb","itemListElement":[{"@type":"ListItem","position":1,"name":"Home","item":"https:\/\/www.concolino.it\/"},{"@type":"ListItem","position":2,"name":"Dell&#8217;arte del bel parlare | Basilio di Cesarea (329 &#8211; 379)"}]},{"@type":"WebSite","@id":"https:\/\/www.concolino.it\/#website","url":"https:\/\/www.concolino.it\/","name":"Concolino.it","description":"Allargare gli spazi del Verbo","publisher":{"@id":"https:\/\/www.concolino.it\/#\/schema\/person\/dfa8517603a44e77da85e7eb5139c070"},"potentialAction":[{"@type":"SearchAction","target":{"@type":"EntryPoint","urlTemplate":"https:\/\/www.concolino.it\/?s={search_term_string}"},"query-input":{"@type":"PropertyValueSpecification","valueRequired":true,"valueName":"search_term_string"}}],"inLanguage":"it-IT"},{"@type":["Person","Organization"],"@id":"https:\/\/www.concolino.it\/#\/schema\/person\/dfa8517603a44e77da85e7eb5139c070","name":"Domenico Concolino","image":{"@type":"ImageObject","inLanguage":"it-IT","@id":"https:\/\/www.concolino.it\/wp-content\/uploads\/2014\/07\/CT5W9104.jpg","url":"https:\/\/www.concolino.it\/wp-content\/uploads\/2014\/07\/CT5W9104.jpg","contentUrl":"https:\/\/www.concolino.it\/wp-content\/uploads\/2014\/07\/CT5W9104.jpg","width":1276,"height":850,"caption":"Domenico Concolino"},"logo":{"@id":"https:\/\/www.concolino.it\/wp-content\/uploads\/2014\/07\/CT5W9104.jpg"},"description":"Teologo | Cappellano Campus Universit\u00e0 Magna Graecia | Direttore Ufficio Regione Universit\u00e0 Scuola Educazione (Calabria)","sameAs":["https:\/\/www.facebook.com\/don.mik.94","https:\/\/x.com\/https:\/\/twitter.com\/don_mik"],"url":"https:\/\/www.concolino.it\/index.php\/author\/admin\/"}]}},"_links":{"self":[{"href":"https:\/\/www.concolino.it\/index.php\/wp-json\/wp\/v2\/posts\/2863","targetHints":{"allow":["GET"]}}],"collection":[{"href":"https:\/\/www.concolino.it\/index.php\/wp-json\/wp\/v2\/posts"}],"about":[{"href":"https:\/\/www.concolino.it\/index.php\/wp-json\/wp\/v2\/types\/post"}],"author":[{"embeddable":true,"href":"https:\/\/www.concolino.it\/index.php\/wp-json\/wp\/v2\/users\/1"}],"replies":[{"embeddable":true,"href":"https:\/\/www.concolino.it\/index.php\/wp-json\/wp\/v2\/comments?post=2863"}],"version-history":[{"count":6,"href":"https:\/\/www.concolino.it\/index.php\/wp-json\/wp\/v2\/posts\/2863\/revisions"}],"predecessor-version":[{"id":3158,"href":"https:\/\/www.concolino.it\/index.php\/wp-json\/wp\/v2\/posts\/2863\/revisions\/3158"}],"wp:featuredmedia":[{"embeddable":true,"href":"https:\/\/www.concolino.it\/index.php\/wp-json\/wp\/v2\/media\/2869"}],"wp:attachment":[{"href":"https:\/\/www.concolino.it\/index.php\/wp-json\/wp\/v2\/media?parent=2863"}],"wp:term":[{"taxonomy":"category","embeddable":true,"href":"https:\/\/www.concolino.it\/index.php\/wp-json\/wp\/v2\/categories?post=2863"},{"taxonomy":"post_tag","embeddable":true,"href":"https:\/\/www.concolino.it\/index.php\/wp-json\/wp\/v2\/tags?post=2863"}],"curies":[{"name":"wp","href":"https:\/\/api.w.org\/{rel}","templated":true}]}}