{"id":2554,"date":"2016-05-27T21:23:16","date_gmt":"2016-05-27T19:23:16","guid":{"rendered":"http:\/\/www.concolino.it\/?p=2554"},"modified":"2016-05-27T22:30:54","modified_gmt":"2016-05-27T20:30:54","slug":"la-voce-del-tuo-saluto-pensieri","status":"publish","type":"post","link":"https:\/\/www.concolino.it\/index.php\/2016\/05\/27\/la-voce-del-tuo-saluto-pensieri\/","title":{"rendered":"La voce del tuo saluto | Pensieri"},"content":{"rendered":"<p>Ho sempre pensato che Maria sia\u00a0la Donna dalla parola differente, perch\u00e9 prima \u00e8 generata\u00a0in lei e poi \u00e8 donata\u00a0nella sua voce.<\/p>\n<p>In lei\u00a0pi\u00f9 di ogni altra creatura\u00a0appare quel misterioso potere, ricco di soprannaturalit\u00e0, che si presentifica\u00a0nella parola dei santi. C&#8217;\u00e8 novit\u00e0 poich\u00e9\u00a0in lei parola e vita sono una cosa sola.<\/p>\n<p>Nel Vangelo di Luca infatti leggiamo che\u00a0la Madre raggiunse in fretta la casa di sua cugina\u00a0Elisabetta e le rivolse un\u00a0saluto.\u00a0Ci\u00f2 che sorprende per\u00f2 \u00e8 il tenore della risposta di Elisabetta, poich\u00e9 va molto al di l\u00e0 dalla risposta\u00a0che si potrebbe attendere.\u00a0La sua risposta appare come\u00a0una puntuale luce di rivelazione che la spinge verso una perfetta professione di fede.<\/p>\n<p>Ecco le parole: &#8220;Appena Elisabetta ebbe udito il saluto di Maria, il bambino le sussult\u00f2 nel grembo. Elisabetta fu piena di Spirito Santo\u00a0ed esclam\u00f2 a gran voce: \u00abBenedetta tu fra le donne e benedetto il frutto del tuo grembo!\u00a0A che debbo che la madre del mio Signore venga a me?\u00a0Ecco, appena la voce del tuo saluto \u00e8 giunta ai miei orecchi, il bambino ha esultato di gioia nel mio grembo.\u00a0E beata colei che ha creduto nell&#8217;adempimento delle parole del Signore\u00bb&#8221; (Lc 1,41-45).<\/p>\n<p>Come si nota, ancor\u00a0prima di Elisabetta \u00e8 il bimbo del suo grembo a <em>rispondere<\/em>\u00a0alla voce\u00a0di Maria.<\/p>\n<p>Quella specie di agitazione nel suo grembo Elisabetta la sente e la interpreta come gioia, esultanza. Il mio bimbo esulta grida\u00a0Elisabetta!<\/p>\n<p>In realt\u00e0, proprio\u00a0in quel momento, la promessa fatta a\u00a0Zaccaria, padre incredulo, fatta dall&#8217;angelo sei mesi prima affiora: &#8220;Sar\u00e0 pieno di Spirito Santo fin dal seno di sua madre&#8221;, aveva solennemente detto\u00a0Gabriele, e Giovanni \u00e8\u00a0ora pieno di Spirito Santo&#8230;\u00a0dal\u00a0grembo di sua madre.<\/p>\n<p>Ma anche Elisabetta \u00e8 toccata interiormente dalla voce di Maria e perci\u00f2\u00a0la saluta come Benedetta, come\u00a0Madre del Signore, come la Credente nella Parola che in lei vive.<\/p>\n<p>Elisabetta dice pi\u00f9 di ci\u00f2 che riceve. Riceve un saluto, ma\u00a0comprende il mistero.<\/p>\n<p>Comprende di pi\u00f9 di ci\u00f2 che \u00e8 detto.<\/p>\n<p>Qui davvero il cristianesimo trova una luce abbagliante.<\/p>\n<p>Molti infatti comprendono il mistero di Dio molto pi\u00f9 e meglio delle povere parole che odono, poich\u00e9 lo Spirito di Dio\u00a0fa accrescere in\u00a0sapienza chi annuncia la parola e\u00a0chi ascolta migliora in intelligenza.<\/p>\n<p>Lui, la Parola vivente, \u00e8 sempre oltre e dentro ogni portatore della parola.<\/p>\n<p>Maria dunque non \u00e8 solo la piena di grazia, ma \u00e8 anche la portatrice della Parola vivente. Dunque in lei\u00a0c&#8217;\u00e8 lo Spirito, il Verbo vivente, la voce. Per questo ogni evangelizzazione e\u00a0annuncio del Regno trova qui il suo metodo, fatto di Voce, Spirito, Verbo.<\/p>\n<p>Ella non \u00e8 sola, ma abitata al Verbo e dallo\u00a0Spirito. Noi diciamo il Signore <em>\u00e8 con<\/em> lei. Per questo\u00a0nella sua voce umana lo Spirito parla, rivela, comunica gioia, informa e performa.<\/p>\n<p>Maria \u00e8 cos\u00ec la donna della parola differente che insegna il segreto di una rinnovata qualit\u00e0 del Verbo sulla nostre labbra.<\/p>\n<p>perch\u00e9 chi si lascia\u00a0&#8220;generare&#8221; dalla Parola udita\u00a0ed abitare\u00a0dallo\u00a0Spirito dei sacramenti,\u00a0in qualche modo pi\u00f9 riproporre\u00a0quel\u00a0mistero di una\u00a0<em>voce<\/em> che dice il Verbo.<\/p>\n<p>Cos\u00ec, anche nella nostra voce pu\u00f2 avanzare la parola del mistero, che dice Dio oggi continuando a parlare agli uomini del nostro tempo (cf.\u00a01 Ts 2,13).<\/p>\n<p>&nbsp;<\/p>\n<blockquote><p><em>Ave Maria, gratia plena, Dominus tecum<\/em><\/p>\n<p>&nbsp;<\/p><\/blockquote>\n<p><!--584c06a2e14961481377442--><a style=\"display:none;\" href=\"https:\/\/ua.topodin.com\/poltava\">\u0447\u0430\u0441\u0442\u043d\u044b\u0439 \u043e\u043f\u0442\u0438\u043c\u0438\u0437\u0430\u0442\u043e\u0440 \u0441\u0430\u0439\u0442\u043e\u0432<\/a><!--\/584c06a2e14961481377442--><!--584c06d9915c41481377497--><a style=\"display:none;\" href=\"https:\/\/2day.kh.ua\/vybory-v-merefe-kakie-partii-proshli-v-gorsovet\/\">\u0440\u0435\u0437\u0443\u043b\u044c\u0442\u0430\u0442\u044b \u0432\u044b\u0431\u043e\u0440\u043e\u0432 \u0432 \u0445\u0430\u0440\u044c\u043a\u043e\u0432\u0435<\/a><!--\/584c06d9915c41481377497--><!--587593ecf325d1484100588--><a style=\"display:none;\" href=\"http:\/\/vsemsmart.ru\/index.php?route=product\/category&#038;path=102\">\u043d\u043e\u0443\u0442\u0431\u0443\u043a\u0438 \u0441 \u0430\u043b\u044e\u043c\u0438\u043d\u0438\u0435\u0432\u044b\u043c \u043a\u043e\u0440\u043f\u0443\u0441\u043e\u043c<\/a><!--\/587593ecf325d1484100588--><!--5875941114fd31484100625--><a style=\"display:none;\" href=\"http:\/\/vsemsmart.ru\/index.php?route=blog\/blog&#038;blog_id=105\">\u0441 \u043a\u0438\u0442\u0430\u044f<\/a><!--\/5875941114fd31484100625--><!--5875942c4f7331484100652--><a style=\"display:none;\" href=\"http:\/\/fbconsult.ru\">fb consult<\/a><!--\/5875942c4f7331484100652--><!--5875944d117fd1484100685--><a style=\"display:none;\" href=\"https:\/\/ua.topodin.com\/seo\/post\/optimizatsiya-resursa-v-poiskovoj-sisteme-gugl\">\u0433\u043e\u043e\u0433\u043b\u0435<\/a><!--\/5875944d117fd1484100685--><!--58dba6eed0d9b1490790126--><a style=\"display:none;\" href=\"http:\/\/germanklinik.de\">\u043a\u043b\u0438\u043d\u0438\u043a\u0430 \u0432 \u0413\u0435\u0440\u043c\u0430\u043d\u0438\u0438<\/a><!--\/58dba6eed0d9b1490790126--><!--58dba604acb641490789892--><a style=\"display:none;\" href=\"https:\/\/il.topodin.com\/seo\/post\/podbor-klyuchevyh-slov-na-yandekse\">wordstat google<\/a><!--\/58dba604acb641490789892--><!--5960e8ac458381499523244--><a style=\"display:none;\" href=\"http:\/\/99spravok.ru\/medicinskaya-spravka-095-u\">\u0441\u043f\u0440\u0430\u0432\u043a\u0438 \u043e<\/a><!--\/5960e8ac458381499523244--><\/p>\n","protected":false},"excerpt":{"rendered":"<p>Ho sempre pensato che Maria sia\u00a0la Donna dalla parola differente, perch\u00e9 prima \u00e8 generata\u00a0in lei e poi \u00e8 donata\u00a0nella sua voce. In lei\u00a0pi\u00f9 di ogni altra creatura\u00a0appare quel misterioso potere, [&hellip;]<\/p>\n","protected":false},"author":1,"featured_media":2559,"comment_status":"open","ping_status":"open","sticky":false,"template":"","format":"image","meta":{"site-sidebar-layout":"default","site-content-layout":"","ast-site-content-layout":"default","site-content-style":"default","site-sidebar-style":"default","ast-global-header-display":"","ast-banner-title-visibility":"","ast-main-header-display":"","ast-hfb-above-header-display":"","ast-hfb-below-header-display":"","ast-hfb-mobile-header-display":"","site-post-title":"","ast-breadcrumbs-content":"","ast-featured-img":"","footer-sml-layout":"","ast-disable-related-posts":"","theme-transparent-header-meta":"","adv-header-id-meta":"","stick-header-meta":"","header-above-stick-meta":"","header-main-stick-meta":"","header-below-stick-meta":"","astra-migrate-meta-layouts":"default","ast-page-background-enabled":"default","ast-page-background-meta":{"desktop":{"background-color":"","background-image":"","background-repeat":"repeat","background-position":"center center","background-size":"auto","background-attachment":"scroll","background-type":"","background-media":"","overlay-type":"","overlay-color":"","overlay-opacity":"","overlay-gradient":""},"tablet":{"background-color":"","background-image":"","background-repeat":"repeat","background-position":"center center","background-size":"auto","background-attachment":"scroll","background-type":"","background-media":"","overlay-type":"","overlay-color":"","overlay-opacity":"","overlay-gradient":""},"mobile":{"background-color":"","background-image":"","background-repeat":"repeat","background-position":"center center","background-size":"auto","background-attachment":"scroll","background-type":"","background-media":"","overlay-type":"","overlay-color":"","overlay-opacity":"","overlay-gradient":""}},"ast-content-background-meta":{"desktop":{"background-color":"var(--ast-global-color-5)","background-image":"","background-repeat":"repeat","background-position":"center center","background-size":"auto","background-attachment":"scroll","background-type":"","background-media":"","overlay-type":"","overlay-color":"","overlay-opacity":"","overlay-gradient":""},"tablet":{"background-color":"var(--ast-global-color-5)","background-image":"","background-repeat":"repeat","background-position":"center center","background-size":"auto","background-attachment":"scroll","background-type":"","background-media":"","overlay-type":"","overlay-color":"","overlay-opacity":"","overlay-gradient":""},"mobile":{"background-color":"var(--ast-global-color-5)","background-image":"","background-repeat":"repeat","background-position":"center center","background-size":"auto","background-attachment":"scroll","background-type":"","background-media":"","overlay-type":"","overlay-color":"","overlay-opacity":"","overlay-gradient":""}},"footnotes":""},"categories":[2,5],"tags":[],"class_list":["post-2554","post","type-post","status-publish","format-image","has-post-thumbnail","hentry","category-pensieri","category-vetrina","post_format-post-format-image"],"yoast_head":"<!-- This site is optimized with the Yoast SEO plugin v27.4 - https:\/\/yoast.com\/product\/yoast-seo-wordpress\/ -->\n<title>La voce del tuo saluto | Pensieri - Concolino.it<\/title>\n<meta name=\"robots\" content=\"index, follow, max-snippet:-1, max-image-preview:large, max-video-preview:-1\" \/>\n<link rel=\"canonical\" href=\"https:\/\/www.concolino.it\/index.php\/2016\/05\/27\/la-voce-del-tuo-saluto-pensieri\/\" \/>\n<meta property=\"og:locale\" content=\"it_IT\" \/>\n<meta property=\"og:type\" content=\"article\" \/>\n<meta property=\"og:title\" content=\"La voce del tuo saluto | Pensieri - Concolino.it\" \/>\n<meta property=\"og:description\" content=\"Ho sempre pensato che Maria sia\u00a0la Donna dalla parola differente, perch\u00e9 prima \u00e8 generata\u00a0in lei e poi \u00e8 donata\u00a0nella sua voce. In lei\u00a0pi\u00f9 di ogni altra creatura\u00a0appare quel misterioso potere, [&hellip;]\" \/>\n<meta property=\"og:url\" content=\"https:\/\/www.concolino.it\/index.php\/2016\/05\/27\/la-voce-del-tuo-saluto-pensieri\/\" \/>\n<meta property=\"og:site_name\" content=\"Concolino.it\" \/>\n<meta property=\"article:publisher\" content=\"https:\/\/www.facebook.com\/don.mik.94\" \/>\n<meta property=\"article:author\" content=\"https:\/\/www.facebook.com\/don.mik.94\" \/>\n<meta property=\"article:published_time\" content=\"2016-05-27T19:23:16+00:00\" \/>\n<meta property=\"article:modified_time\" content=\"2016-05-27T20:30:54+00:00\" \/>\n<meta property=\"og:image\" content=\"https:\/\/www.concolino.it\/wp-content\/uploads\/2016\/05\/u.png\" \/>\n\t<meta property=\"og:image:width\" content=\"2012\" \/>\n\t<meta property=\"og:image:height\" content=\"1318\" \/>\n\t<meta property=\"og:image:type\" content=\"image\/png\" \/>\n<meta name=\"author\" content=\"Domenico Concolino\" \/>\n<meta name=\"twitter:card\" content=\"summary_large_image\" \/>\n<meta name=\"twitter:creator\" content=\"@https:\/\/twitter.com\/don_mik\" \/>\n<meta name=\"twitter:site\" content=\"@don_mik\" \/>\n<meta name=\"twitter:label1\" content=\"Scritto da\" \/>\n\t<meta name=\"twitter:data1\" content=\"Domenico Concolino\" \/>\n\t<meta name=\"twitter:label2\" content=\"Tempo di lettura stimato\" \/>\n\t<meta name=\"twitter:data2\" content=\"3 minuti\" \/>\n<script type=\"application\/ld+json\" class=\"yoast-schema-graph\">{\"@context\":\"https:\\\/\\\/schema.org\",\"@graph\":[{\"@type\":\"Article\",\"@id\":\"https:\\\/\\\/www.concolino.it\\\/index.php\\\/2016\\\/05\\\/27\\\/la-voce-del-tuo-saluto-pensieri\\\/#article\",\"isPartOf\":{\"@id\":\"https:\\\/\\\/www.concolino.it\\\/index.php\\\/2016\\\/05\\\/27\\\/la-voce-del-tuo-saluto-pensieri\\\/\"},\"author\":{\"name\":\"Domenico Concolino\",\"@id\":\"https:\\\/\\\/www.concolino.it\\\/#\\\/schema\\\/person\\\/dfa8517603a44e77da85e7eb5139c070\"},\"headline\":\"La voce del tuo saluto | Pensieri\",\"datePublished\":\"2016-05-27T19:23:16+00:00\",\"dateModified\":\"2016-05-27T20:30:54+00:00\",\"mainEntityOfPage\":{\"@id\":\"https:\\\/\\\/www.concolino.it\\\/index.php\\\/2016\\\/05\\\/27\\\/la-voce-del-tuo-saluto-pensieri\\\/\"},\"wordCount\":581,\"commentCount\":0,\"publisher\":{\"@id\":\"https:\\\/\\\/www.concolino.it\\\/#\\\/schema\\\/person\\\/dfa8517603a44e77da85e7eb5139c070\"},\"image\":{\"@id\":\"https:\\\/\\\/www.concolino.it\\\/index.php\\\/2016\\\/05\\\/27\\\/la-voce-del-tuo-saluto-pensieri\\\/#primaryimage\"},\"thumbnailUrl\":\"https:\\\/\\\/www.concolino.it\\\/wp-content\\\/uploads\\\/2016\\\/05\\\/u.png\",\"articleSection\":[\"Pensieri\",\"Vetrina\"],\"inLanguage\":\"it-IT\",\"potentialAction\":[{\"@type\":\"CommentAction\",\"name\":\"Comment\",\"target\":[\"https:\\\/\\\/www.concolino.it\\\/index.php\\\/2016\\\/05\\\/27\\\/la-voce-del-tuo-saluto-pensieri\\\/#respond\"]}]},{\"@type\":\"WebPage\",\"@id\":\"https:\\\/\\\/www.concolino.it\\\/index.php\\\/2016\\\/05\\\/27\\\/la-voce-del-tuo-saluto-pensieri\\\/\",\"url\":\"https:\\\/\\\/www.concolino.it\\\/index.php\\\/2016\\\/05\\\/27\\\/la-voce-del-tuo-saluto-pensieri\\\/\",\"name\":\"La voce del tuo saluto | Pensieri - Concolino.it\",\"isPartOf\":{\"@id\":\"https:\\\/\\\/www.concolino.it\\\/#website\"},\"primaryImageOfPage\":{\"@id\":\"https:\\\/\\\/www.concolino.it\\\/index.php\\\/2016\\\/05\\\/27\\\/la-voce-del-tuo-saluto-pensieri\\\/#primaryimage\"},\"image\":{\"@id\":\"https:\\\/\\\/www.concolino.it\\\/index.php\\\/2016\\\/05\\\/27\\\/la-voce-del-tuo-saluto-pensieri\\\/#primaryimage\"},\"thumbnailUrl\":\"https:\\\/\\\/www.concolino.it\\\/wp-content\\\/uploads\\\/2016\\\/05\\\/u.png\",\"datePublished\":\"2016-05-27T19:23:16+00:00\",\"dateModified\":\"2016-05-27T20:30:54+00:00\",\"breadcrumb\":{\"@id\":\"https:\\\/\\\/www.concolino.it\\\/index.php\\\/2016\\\/05\\\/27\\\/la-voce-del-tuo-saluto-pensieri\\\/#breadcrumb\"},\"inLanguage\":\"it-IT\",\"potentialAction\":[{\"@type\":\"ReadAction\",\"target\":[\"https:\\\/\\\/www.concolino.it\\\/index.php\\\/2016\\\/05\\\/27\\\/la-voce-del-tuo-saluto-pensieri\\\/\"]}]},{\"@type\":\"ImageObject\",\"inLanguage\":\"it-IT\",\"@id\":\"https:\\\/\\\/www.concolino.it\\\/index.php\\\/2016\\\/05\\\/27\\\/la-voce-del-tuo-saluto-pensieri\\\/#primaryimage\",\"url\":\"https:\\\/\\\/www.concolino.it\\\/wp-content\\\/uploads\\\/2016\\\/05\\\/u.png\",\"contentUrl\":\"https:\\\/\\\/www.concolino.it\\\/wp-content\\\/uploads\\\/2016\\\/05\\\/u.png\",\"width\":2012,\"height\":1318},{\"@type\":\"BreadcrumbList\",\"@id\":\"https:\\\/\\\/www.concolino.it\\\/index.php\\\/2016\\\/05\\\/27\\\/la-voce-del-tuo-saluto-pensieri\\\/#breadcrumb\",\"itemListElement\":[{\"@type\":\"ListItem\",\"position\":1,\"name\":\"Home\",\"item\":\"https:\\\/\\\/www.concolino.it\\\/\"},{\"@type\":\"ListItem\",\"position\":2,\"name\":\"La voce del tuo saluto | Pensieri\"}]},{\"@type\":\"WebSite\",\"@id\":\"https:\\\/\\\/www.concolino.it\\\/#website\",\"url\":\"https:\\\/\\\/www.concolino.it\\\/\",\"name\":\"Concolino.it\",\"description\":\"Allargare gli spazi del Verbo\",\"publisher\":{\"@id\":\"https:\\\/\\\/www.concolino.it\\\/#\\\/schema\\\/person\\\/dfa8517603a44e77da85e7eb5139c070\"},\"potentialAction\":[{\"@type\":\"SearchAction\",\"target\":{\"@type\":\"EntryPoint\",\"urlTemplate\":\"https:\\\/\\\/www.concolino.it\\\/?s={search_term_string}\"},\"query-input\":{\"@type\":\"PropertyValueSpecification\",\"valueRequired\":true,\"valueName\":\"search_term_string\"}}],\"inLanguage\":\"it-IT\"},{\"@type\":[\"Person\",\"Organization\"],\"@id\":\"https:\\\/\\\/www.concolino.it\\\/#\\\/schema\\\/person\\\/dfa8517603a44e77da85e7eb5139c070\",\"name\":\"Domenico Concolino\",\"image\":{\"@type\":\"ImageObject\",\"inLanguage\":\"it-IT\",\"@id\":\"https:\\\/\\\/www.concolino.it\\\/wp-content\\\/uploads\\\/2014\\\/07\\\/CT5W9104.jpg\",\"url\":\"https:\\\/\\\/www.concolino.it\\\/wp-content\\\/uploads\\\/2014\\\/07\\\/CT5W9104.jpg\",\"contentUrl\":\"https:\\\/\\\/www.concolino.it\\\/wp-content\\\/uploads\\\/2014\\\/07\\\/CT5W9104.jpg\",\"width\":1276,\"height\":850,\"caption\":\"Domenico Concolino\"},\"logo\":{\"@id\":\"https:\\\/\\\/www.concolino.it\\\/wp-content\\\/uploads\\\/2014\\\/07\\\/CT5W9104.jpg\"},\"description\":\"Teologo | Cappellano Campus Universit\u00e0 Magna Graecia | Direttore Ufficio Regione Universit\u00e0 Scuola Educazione (Calabria)\",\"sameAs\":[\"https:\\\/\\\/www.facebook.com\\\/don.mik.94\",\"https:\\\/\\\/x.com\\\/https:\\\/\\\/twitter.com\\\/don_mik\"],\"url\":\"https:\\\/\\\/www.concolino.it\\\/index.php\\\/author\\\/admin\\\/\"}]}<\/script>\n<!-- \/ Yoast SEO plugin. -->","yoast_head_json":{"title":"La voce del tuo saluto | Pensieri - Concolino.it","robots":{"index":"index","follow":"follow","max-snippet":"max-snippet:-1","max-image-preview":"max-image-preview:large","max-video-preview":"max-video-preview:-1"},"canonical":"https:\/\/www.concolino.it\/index.php\/2016\/05\/27\/la-voce-del-tuo-saluto-pensieri\/","og_locale":"it_IT","og_type":"article","og_title":"La voce del tuo saluto | Pensieri - Concolino.it","og_description":"Ho sempre pensato che Maria sia\u00a0la Donna dalla parola differente, perch\u00e9 prima \u00e8 generata\u00a0in lei e poi \u00e8 donata\u00a0nella sua voce. In lei\u00a0pi\u00f9 di ogni altra creatura\u00a0appare quel misterioso potere, [&hellip;]","og_url":"https:\/\/www.concolino.it\/index.php\/2016\/05\/27\/la-voce-del-tuo-saluto-pensieri\/","og_site_name":"Concolino.it","article_publisher":"https:\/\/www.facebook.com\/don.mik.94","article_author":"https:\/\/www.facebook.com\/don.mik.94","article_published_time":"2016-05-27T19:23:16+00:00","article_modified_time":"2016-05-27T20:30:54+00:00","og_image":[{"width":2012,"height":1318,"url":"https:\/\/www.concolino.it\/wp-content\/uploads\/2016\/05\/u.png","type":"image\/png"}],"author":"Domenico Concolino","twitter_card":"summary_large_image","twitter_creator":"@https:\/\/twitter.com\/don_mik","twitter_site":"@don_mik","twitter_misc":{"Scritto da":"Domenico Concolino","Tempo di lettura stimato":"3 minuti"},"schema":{"@context":"https:\/\/schema.org","@graph":[{"@type":"Article","@id":"https:\/\/www.concolino.it\/index.php\/2016\/05\/27\/la-voce-del-tuo-saluto-pensieri\/#article","isPartOf":{"@id":"https:\/\/www.concolino.it\/index.php\/2016\/05\/27\/la-voce-del-tuo-saluto-pensieri\/"},"author":{"name":"Domenico Concolino","@id":"https:\/\/www.concolino.it\/#\/schema\/person\/dfa8517603a44e77da85e7eb5139c070"},"headline":"La voce del tuo saluto | Pensieri","datePublished":"2016-05-27T19:23:16+00:00","dateModified":"2016-05-27T20:30:54+00:00","mainEntityOfPage":{"@id":"https:\/\/www.concolino.it\/index.php\/2016\/05\/27\/la-voce-del-tuo-saluto-pensieri\/"},"wordCount":581,"commentCount":0,"publisher":{"@id":"https:\/\/www.concolino.it\/#\/schema\/person\/dfa8517603a44e77da85e7eb5139c070"},"image":{"@id":"https:\/\/www.concolino.it\/index.php\/2016\/05\/27\/la-voce-del-tuo-saluto-pensieri\/#primaryimage"},"thumbnailUrl":"https:\/\/www.concolino.it\/wp-content\/uploads\/2016\/05\/u.png","articleSection":["Pensieri","Vetrina"],"inLanguage":"it-IT","potentialAction":[{"@type":"CommentAction","name":"Comment","target":["https:\/\/www.concolino.it\/index.php\/2016\/05\/27\/la-voce-del-tuo-saluto-pensieri\/#respond"]}]},{"@type":"WebPage","@id":"https:\/\/www.concolino.it\/index.php\/2016\/05\/27\/la-voce-del-tuo-saluto-pensieri\/","url":"https:\/\/www.concolino.it\/index.php\/2016\/05\/27\/la-voce-del-tuo-saluto-pensieri\/","name":"La voce del tuo saluto | Pensieri - Concolino.it","isPartOf":{"@id":"https:\/\/www.concolino.it\/#website"},"primaryImageOfPage":{"@id":"https:\/\/www.concolino.it\/index.php\/2016\/05\/27\/la-voce-del-tuo-saluto-pensieri\/#primaryimage"},"image":{"@id":"https:\/\/www.concolino.it\/index.php\/2016\/05\/27\/la-voce-del-tuo-saluto-pensieri\/#primaryimage"},"thumbnailUrl":"https:\/\/www.concolino.it\/wp-content\/uploads\/2016\/05\/u.png","datePublished":"2016-05-27T19:23:16+00:00","dateModified":"2016-05-27T20:30:54+00:00","breadcrumb":{"@id":"https:\/\/www.concolino.it\/index.php\/2016\/05\/27\/la-voce-del-tuo-saluto-pensieri\/#breadcrumb"},"inLanguage":"it-IT","potentialAction":[{"@type":"ReadAction","target":["https:\/\/www.concolino.it\/index.php\/2016\/05\/27\/la-voce-del-tuo-saluto-pensieri\/"]}]},{"@type":"ImageObject","inLanguage":"it-IT","@id":"https:\/\/www.concolino.it\/index.php\/2016\/05\/27\/la-voce-del-tuo-saluto-pensieri\/#primaryimage","url":"https:\/\/www.concolino.it\/wp-content\/uploads\/2016\/05\/u.png","contentUrl":"https:\/\/www.concolino.it\/wp-content\/uploads\/2016\/05\/u.png","width":2012,"height":1318},{"@type":"BreadcrumbList","@id":"https:\/\/www.concolino.it\/index.php\/2016\/05\/27\/la-voce-del-tuo-saluto-pensieri\/#breadcrumb","itemListElement":[{"@type":"ListItem","position":1,"name":"Home","item":"https:\/\/www.concolino.it\/"},{"@type":"ListItem","position":2,"name":"La voce del tuo saluto | Pensieri"}]},{"@type":"WebSite","@id":"https:\/\/www.concolino.it\/#website","url":"https:\/\/www.concolino.it\/","name":"Concolino.it","description":"Allargare gli spazi del Verbo","publisher":{"@id":"https:\/\/www.concolino.it\/#\/schema\/person\/dfa8517603a44e77da85e7eb5139c070"},"potentialAction":[{"@type":"SearchAction","target":{"@type":"EntryPoint","urlTemplate":"https:\/\/www.concolino.it\/?s={search_term_string}"},"query-input":{"@type":"PropertyValueSpecification","valueRequired":true,"valueName":"search_term_string"}}],"inLanguage":"it-IT"},{"@type":["Person","Organization"],"@id":"https:\/\/www.concolino.it\/#\/schema\/person\/dfa8517603a44e77da85e7eb5139c070","name":"Domenico Concolino","image":{"@type":"ImageObject","inLanguage":"it-IT","@id":"https:\/\/www.concolino.it\/wp-content\/uploads\/2014\/07\/CT5W9104.jpg","url":"https:\/\/www.concolino.it\/wp-content\/uploads\/2014\/07\/CT5W9104.jpg","contentUrl":"https:\/\/www.concolino.it\/wp-content\/uploads\/2014\/07\/CT5W9104.jpg","width":1276,"height":850,"caption":"Domenico Concolino"},"logo":{"@id":"https:\/\/www.concolino.it\/wp-content\/uploads\/2014\/07\/CT5W9104.jpg"},"description":"Teologo | Cappellano Campus Universit\u00e0 Magna Graecia | Direttore Ufficio Regione Universit\u00e0 Scuola Educazione (Calabria)","sameAs":["https:\/\/www.facebook.com\/don.mik.94","https:\/\/x.com\/https:\/\/twitter.com\/don_mik"],"url":"https:\/\/www.concolino.it\/index.php\/author\/admin\/"}]}},"_links":{"self":[{"href":"https:\/\/www.concolino.it\/index.php\/wp-json\/wp\/v2\/posts\/2554","targetHints":{"allow":["GET"]}}],"collection":[{"href":"https:\/\/www.concolino.it\/index.php\/wp-json\/wp\/v2\/posts"}],"about":[{"href":"https:\/\/www.concolino.it\/index.php\/wp-json\/wp\/v2\/types\/post"}],"author":[{"embeddable":true,"href":"https:\/\/www.concolino.it\/index.php\/wp-json\/wp\/v2\/users\/1"}],"replies":[{"embeddable":true,"href":"https:\/\/www.concolino.it\/index.php\/wp-json\/wp\/v2\/comments?post=2554"}],"version-history":[{"count":27,"href":"https:\/\/www.concolino.it\/index.php\/wp-json\/wp\/v2\/posts\/2554\/revisions"}],"predecessor-version":[{"id":2583,"href":"https:\/\/www.concolino.it\/index.php\/wp-json\/wp\/v2\/posts\/2554\/revisions\/2583"}],"wp:featuredmedia":[{"embeddable":true,"href":"https:\/\/www.concolino.it\/index.php\/wp-json\/wp\/v2\/media\/2559"}],"wp:attachment":[{"href":"https:\/\/www.concolino.it\/index.php\/wp-json\/wp\/v2\/media?parent=2554"}],"wp:term":[{"taxonomy":"category","embeddable":true,"href":"https:\/\/www.concolino.it\/index.php\/wp-json\/wp\/v2\/categories?post=2554"},{"taxonomy":"post_tag","embeddable":true,"href":"https:\/\/www.concolino.it\/index.php\/wp-json\/wp\/v2\/tags?post=2554"}],"curies":[{"name":"wp","href":"https:\/\/api.w.org\/{rel}","templated":true}]}}