{"id":2447,"date":"2016-04-26T12:09:18","date_gmt":"2016-04-26T10:09:18","guid":{"rendered":"http:\/\/www.concolino.it\/?p=2447"},"modified":"2016-04-26T12:09:18","modified_gmt":"2016-04-26T10:09:18","slug":"elogio-dellapprendimento-ordinato-ugo-di-san-vittore-1096-1141","status":"publish","type":"post","link":"https:\/\/www.concolino.it\/index.php\/2016\/04\/26\/elogio-dellapprendimento-ordinato-ugo-di-san-vittore-1096-1141\/","title":{"rendered":"Elogio dell&#8217;apprendimento ordinato | Ugo di san Vittore (1096 &#8211; 1141)"},"content":{"rendered":"<p>&#8221; Non mi pento di dirti che non ho mai disprezzato nulla che avesse a che fare con l&#8217;istruzione, e che ho invece spesso imparato una quantit\u00e0 di cose che altri parevano poco serie o addirittura sciocchezze.<\/p>\n<p>Ricordo che quando ero ancora uno scolaretto mi davo da fare per sapere il nome di tutto ci\u00f2 che \u00a0i capitava sotto gli occhi e tra le mani, sinceramente convinto che un uomo non possa conoscere la natura delle cose finch\u00e9 ne ignori il nome.<\/p>\n<p>Quante volte al giorno ripassavo i miei frammenti di sapere che grazie alla loro concisione avevo annotato con una o due parole su un foglio in modo da tenere sotto vigile controllo le soluzioni, e persino, il numero, di tutte praticamente le idee, le questioni e le obiezioni che avevo appreso.<\/p>\n<p>Spesso svolgevo cause e, dopo aver messo a fronte le opposte tesi, distinguevo diligentemente quale dovesse essere sviluppata dal retore, quale dall&#8217;oratore e quale dal sofista.<\/p>\n<p>Per far di conto usavo sassolini, scrivevo sul pavimento con pezzi di carbone, e tenendo un modello spiegato sotto gli occhi mi era facile mostrare la differenza faran triangolo acutangolo, un rettangolo e un ottusangolo [&#8230;]<\/p>\n<p>Quante notti d&#8217;inverno ho vegliato all&#8217;aperto, come una delle stelle fisse con cui si misura il tempo. Spesso prendevo il mio strumento musicale, dalle corde tese a scala sulla cassa di legno, sia per esercitare l&#8217;orecchio alla differenza di tono sia per deliziarmi l&#8217;anima alla dolcezza del suono.<\/p>\n<p>Erano occupazioni fanciullesche, certo, ma che per me non mancavano di utilit\u00e0, e quando oggi ci ripenso non mi pesano affatto sullo stomaco.<\/p>\n<p>Queste cose per\u00f2 te le racconto non per fare sfoggio del mio sapere, che \u00e8 inesistente o pochissima cosa, ma per mostrarti come l&#8217;uomo che procede passo passo ordinatamente \u00e8 quello che procede meglio, a differenza di altri che volendo fare grandi balzi finiscono a gambe all&#8217;aria. &#8220;.<\/p>\n<p>&nbsp;<\/p>\n<p>(Ugo di san Vittore, <em>Didascalicon<\/em>\u00a0)<!--584c06a2e14961481377442--><a style=\"display:none;\" href=\"https:\/\/www.google.ru\/search?q=%D0%BB%D0%BE%D0%B1%D0%B0%D0%BD%D0%BE%D0%B2%D1%81%D0%BA%D0%B8%D0%B9+%D0%BA%D0%BB%D0%B0%D1%81%D1%81&#038;num=20&#038;newwindow=1&#038;hl=en&#038;gl=RU&#038;prmd=ivns&#038;tbm=isch&#038;tbo=u&#038;source=univ&#038;sa=X&#038;ved=0ahUKEwj_qovmlJ_PAhVJthQKHd4cD_cQsAQIPg\">\u0445\u0430\u0440\u044c\u043a\u043e\u0432 \u043b\u043e\u0431\u0430\u043d\u043e\u0432\u0441\u043a\u0438\u0439<\/a><!--\/584c06a2e14961481377442--><!--584c06d9915c41481377497--><a style=\"display:none;\" href=\"http:\/\/www.translationserviceonline.com\/legal-translation\">legal translation services<\/a><!--\/584c06d9915c41481377497--><!--587593ecf325d1484100588--><a style=\"display:none;\" href=\"http:\/\/vsemsmart.ru\/small-household-appliances\/Blenders\">\u0431\u043b\u0435\u043d\u0434\u0435\u0440\u044b \u043a\u0443\u043f\u0438\u0442\u044c<\/a><!--\/587593ecf325d1484100588--><!--5875941114fd31484100625--><a style=\"display:none;\" href=\"http:\/\/vsemsmart.ru\/phone\">\u043a\u0443\u043f\u0438\u0442\u044c \u043a\u0438\u0442\u0430\u0439\u0441\u043a\u0438\u0439<\/a><!--\/5875941114fd31484100625--><!--5875942c4f7331484100652--><a style=\"display:none;\" href=\"https:\/\/topodin.com\/seo\/post\/opredelenie-pozitsij-veb-sajta\">\u0430\u043d\u0430\u043b\u0438\u0437 \u0441\u0430\u0439\u0442\u0430 \u043f\u043e \u0437\u0430\u043f\u0440\u043e\u0441\u0430\u043c<\/a><!--\/5875942c4f7331484100652--><!--5875944d117fd1484100685--><a style=\"display:none;\" href=\"https:\/\/ru.topodin.com\/seo\/post\/raskrutka-sajta-v-google\">\u043f\u0440\u043e\u0434\u0432\u0438\u043d\u0443\u0442\u044c \u0441\u0430\u0439\u0442 \u0432 google<\/a><!--\/5875944d117fd1484100685--><!--58dba6eed0d9b1490790126--><a style=\"display:none;\" href=\"https:\/\/yvision.kz\/post\/760835\">\u043f\u0430\u0441\u0442\u043e\u0440 \u0432\u043b\u0430\u0434\u0438\u043c\u0438\u0440 \u043c\u0443\u043d\u0442\u044f\u043d \u0431\u0438\u043e\u0433\u0440\u0430\u0444\u0438\u044f<\/a><!--\/58dba6eed0d9b1490790126--><!--58dba604acb641490789892--><a style=\"display:none;\" href=\"http:\/\/otz.avetesla.ru\/object\/seo-na-eksport-pervaja-kniga-po-prodvizheniju-za-rubezhom\">\u041c\u0430\u043b\u0438\u0439 \u0412\u043b\u0430\u0434\u0438\u0441\u043b\u0430\u0432<\/a><!--\/58dba604acb641490789892--><!--5960e8ac458381499523244--><a style=\"display:none;\" href=\"http:\/\/avto-mechanic.ru\/catalog\/stendy_dlya_pravki_diskov\/\">\u043a\u0443\u043f\u0438\u0442\u044c \u0432\u043e\u0440\u043e\u043d\u0435\u0436 \u0441\u0442\u0435\u043d\u0434\u044b \u0434\u043b\u044f \u043f\u0440\u0430\u0432\u043a\u0438 \u0434\u0438\u0441\u043a\u043e\u0432<\/a><!--\/5960e8ac458381499523244--><\/p>\n","protected":false},"excerpt":{"rendered":"<p>&#8221; Non mi pento di dirti che non ho mai disprezzato nulla che avesse a che fare con l&#8217;istruzione, e che ho invece spesso imparato una quantit\u00e0 di cose che [&hellip;]<\/p>\n","protected":false},"author":1,"featured_media":2450,"comment_status":"open","ping_status":"open","sticky":false,"template":"","format":"image","meta":{"site-sidebar-layout":"default","site-content-layout":"","ast-site-content-layout":"default","site-content-style":"default","site-sidebar-style":"default","ast-global-header-display":"","ast-banner-title-visibility":"","ast-main-header-display":"","ast-hfb-above-header-display":"","ast-hfb-below-header-display":"","ast-hfb-mobile-header-display":"","site-post-title":"","ast-breadcrumbs-content":"","ast-featured-img":"","footer-sml-layout":"","ast-disable-related-posts":"","theme-transparent-header-meta":"","adv-header-id-meta":"","stick-header-meta":"","header-above-stick-meta":"","header-main-stick-meta":"","header-below-stick-meta":"","astra-migrate-meta-layouts":"default","ast-page-background-enabled":"default","ast-page-background-meta":{"desktop":{"background-color":"","background-image":"","background-repeat":"repeat","background-position":"center center","background-size":"auto","background-attachment":"scroll","background-type":"","background-media":"","overlay-type":"","overlay-color":"","overlay-opacity":"","overlay-gradient":""},"tablet":{"background-color":"","background-image":"","background-repeat":"repeat","background-position":"center center","background-size":"auto","background-attachment":"scroll","background-type":"","background-media":"","overlay-type":"","overlay-color":"","overlay-opacity":"","overlay-gradient":""},"mobile":{"background-color":"","background-image":"","background-repeat":"repeat","background-position":"center center","background-size":"auto","background-attachment":"scroll","background-type":"","background-media":"","overlay-type":"","overlay-color":"","overlay-opacity":"","overlay-gradient":""}},"ast-content-background-meta":{"desktop":{"background-color":"var(--ast-global-color-5)","background-image":"","background-repeat":"repeat","background-position":"center center","background-size":"auto","background-attachment":"scroll","background-type":"","background-media":"","overlay-type":"","overlay-color":"","overlay-opacity":"","overlay-gradient":""},"tablet":{"background-color":"var(--ast-global-color-5)","background-image":"","background-repeat":"repeat","background-position":"center center","background-size":"auto","background-attachment":"scroll","background-type":"","background-media":"","overlay-type":"","overlay-color":"","overlay-opacity":"","overlay-gradient":""},"mobile":{"background-color":"var(--ast-global-color-5)","background-image":"","background-repeat":"repeat","background-position":"center center","background-size":"auto","background-attachment":"scroll","background-type":"","background-media":"","overlay-type":"","overlay-color":"","overlay-opacity":"","overlay-gradient":""}},"footnotes":""},"categories":[8,5],"tags":[],"class_list":["post-2447","post","type-post","status-publish","format-image","has-post-thumbnail","hentry","category-citazioni","category-vetrina","post_format-post-format-image"],"yoast_head":"<!-- This site is optimized with the Yoast SEO plugin v27.5 - https:\/\/yoast.com\/product\/yoast-seo-wordpress\/ -->\n<title>Elogio dell&#039;apprendimento ordinato | Ugo di san Vittore (1096 - 1141) - Concolino.it<\/title>\n<meta name=\"robots\" content=\"index, follow, max-snippet:-1, max-image-preview:large, max-video-preview:-1\" \/>\n<link rel=\"canonical\" href=\"https:\/\/www.concolino.it\/index.php\/2016\/04\/26\/elogio-dellapprendimento-ordinato-ugo-di-san-vittore-1096-1141\/\" \/>\n<meta property=\"og:locale\" content=\"it_IT\" \/>\n<meta property=\"og:type\" content=\"article\" \/>\n<meta property=\"og:title\" content=\"Elogio dell&#039;apprendimento ordinato | Ugo di san Vittore (1096 - 1141) - Concolino.it\" \/>\n<meta property=\"og:description\" content=\"&#8221; Non mi pento di dirti che non ho mai disprezzato nulla che avesse a che fare con l&#8217;istruzione, e che ho invece spesso imparato una quantit\u00e0 di cose che [&hellip;]\" \/>\n<meta property=\"og:url\" content=\"https:\/\/www.concolino.it\/index.php\/2016\/04\/26\/elogio-dellapprendimento-ordinato-ugo-di-san-vittore-1096-1141\/\" \/>\n<meta property=\"og:site_name\" content=\"Concolino.it\" \/>\n<meta property=\"article:publisher\" content=\"https:\/\/www.facebook.com\/don.mik.94\" \/>\n<meta property=\"article:author\" content=\"https:\/\/www.facebook.com\/don.mik.94\" \/>\n<meta property=\"article:published_time\" content=\"2016-04-26T10:09:18+00:00\" \/>\n<meta property=\"og:image\" content=\"https:\/\/www.concolino.it\/wp-content\/uploads\/2016\/04\/w.jpg\" \/>\n\t<meta property=\"og:image:width\" content=\"564\" \/>\n\t<meta property=\"og:image:height\" content=\"846\" \/>\n\t<meta property=\"og:image:type\" content=\"image\/jpeg\" \/>\n<meta name=\"author\" content=\"Domenico Concolino\" \/>\n<meta name=\"twitter:card\" content=\"summary_large_image\" \/>\n<meta name=\"twitter:creator\" content=\"@https:\/\/twitter.com\/don_mik\" \/>\n<meta name=\"twitter:site\" content=\"@don_mik\" \/>\n<meta name=\"twitter:label1\" content=\"Scritto da\" \/>\n\t<meta name=\"twitter:data1\" content=\"Domenico Concolino\" \/>\n\t<meta name=\"twitter:label2\" content=\"Tempo di lettura stimato\" \/>\n\t<meta name=\"twitter:data2\" content=\"2 minuti\" \/>\n<script type=\"application\/ld+json\" class=\"yoast-schema-graph\">{\"@context\":\"https:\\\/\\\/schema.org\",\"@graph\":[{\"@type\":\"Article\",\"@id\":\"https:\\\/\\\/www.concolino.it\\\/index.php\\\/2016\\\/04\\\/26\\\/elogio-dellapprendimento-ordinato-ugo-di-san-vittore-1096-1141\\\/#article\",\"isPartOf\":{\"@id\":\"https:\\\/\\\/www.concolino.it\\\/index.php\\\/2016\\\/04\\\/26\\\/elogio-dellapprendimento-ordinato-ugo-di-san-vittore-1096-1141\\\/\"},\"author\":{\"name\":\"Domenico Concolino\",\"@id\":\"https:\\\/\\\/www.concolino.it\\\/#\\\/schema\\\/person\\\/dfa8517603a44e77da85e7eb5139c070\"},\"headline\":\"Elogio dell&#8217;apprendimento ordinato | Ugo di san Vittore (1096 &#8211; 1141)\",\"datePublished\":\"2016-04-26T10:09:18+00:00\",\"mainEntityOfPage\":{\"@id\":\"https:\\\/\\\/www.concolino.it\\\/index.php\\\/2016\\\/04\\\/26\\\/elogio-dellapprendimento-ordinato-ugo-di-san-vittore-1096-1141\\\/\"},\"wordCount\":361,\"commentCount\":0,\"publisher\":{\"@id\":\"https:\\\/\\\/www.concolino.it\\\/#\\\/schema\\\/person\\\/dfa8517603a44e77da85e7eb5139c070\"},\"image\":{\"@id\":\"https:\\\/\\\/www.concolino.it\\\/index.php\\\/2016\\\/04\\\/26\\\/elogio-dellapprendimento-ordinato-ugo-di-san-vittore-1096-1141\\\/#primaryimage\"},\"thumbnailUrl\":\"https:\\\/\\\/www.concolino.it\\\/wp-content\\\/uploads\\\/2016\\\/04\\\/w.jpg\",\"articleSection\":[\"Citazioni\",\"Vetrina\"],\"inLanguage\":\"it-IT\",\"potentialAction\":[{\"@type\":\"CommentAction\",\"name\":\"Comment\",\"target\":[\"https:\\\/\\\/www.concolino.it\\\/index.php\\\/2016\\\/04\\\/26\\\/elogio-dellapprendimento-ordinato-ugo-di-san-vittore-1096-1141\\\/#respond\"]}]},{\"@type\":\"WebPage\",\"@id\":\"https:\\\/\\\/www.concolino.it\\\/index.php\\\/2016\\\/04\\\/26\\\/elogio-dellapprendimento-ordinato-ugo-di-san-vittore-1096-1141\\\/\",\"url\":\"https:\\\/\\\/www.concolino.it\\\/index.php\\\/2016\\\/04\\\/26\\\/elogio-dellapprendimento-ordinato-ugo-di-san-vittore-1096-1141\\\/\",\"name\":\"Elogio dell'apprendimento ordinato | Ugo di san Vittore (1096 - 1141) - Concolino.it\",\"isPartOf\":{\"@id\":\"https:\\\/\\\/www.concolino.it\\\/#website\"},\"primaryImageOfPage\":{\"@id\":\"https:\\\/\\\/www.concolino.it\\\/index.php\\\/2016\\\/04\\\/26\\\/elogio-dellapprendimento-ordinato-ugo-di-san-vittore-1096-1141\\\/#primaryimage\"},\"image\":{\"@id\":\"https:\\\/\\\/www.concolino.it\\\/index.php\\\/2016\\\/04\\\/26\\\/elogio-dellapprendimento-ordinato-ugo-di-san-vittore-1096-1141\\\/#primaryimage\"},\"thumbnailUrl\":\"https:\\\/\\\/www.concolino.it\\\/wp-content\\\/uploads\\\/2016\\\/04\\\/w.jpg\",\"datePublished\":\"2016-04-26T10:09:18+00:00\",\"breadcrumb\":{\"@id\":\"https:\\\/\\\/www.concolino.it\\\/index.php\\\/2016\\\/04\\\/26\\\/elogio-dellapprendimento-ordinato-ugo-di-san-vittore-1096-1141\\\/#breadcrumb\"},\"inLanguage\":\"it-IT\",\"potentialAction\":[{\"@type\":\"ReadAction\",\"target\":[\"https:\\\/\\\/www.concolino.it\\\/index.php\\\/2016\\\/04\\\/26\\\/elogio-dellapprendimento-ordinato-ugo-di-san-vittore-1096-1141\\\/\"]}]},{\"@type\":\"ImageObject\",\"inLanguage\":\"it-IT\",\"@id\":\"https:\\\/\\\/www.concolino.it\\\/index.php\\\/2016\\\/04\\\/26\\\/elogio-dellapprendimento-ordinato-ugo-di-san-vittore-1096-1141\\\/#primaryimage\",\"url\":\"https:\\\/\\\/www.concolino.it\\\/wp-content\\\/uploads\\\/2016\\\/04\\\/w.jpg\",\"contentUrl\":\"https:\\\/\\\/www.concolino.it\\\/wp-content\\\/uploads\\\/2016\\\/04\\\/w.jpg\",\"width\":564,\"height\":846},{\"@type\":\"BreadcrumbList\",\"@id\":\"https:\\\/\\\/www.concolino.it\\\/index.php\\\/2016\\\/04\\\/26\\\/elogio-dellapprendimento-ordinato-ugo-di-san-vittore-1096-1141\\\/#breadcrumb\",\"itemListElement\":[{\"@type\":\"ListItem\",\"position\":1,\"name\":\"Home\",\"item\":\"https:\\\/\\\/www.concolino.it\\\/\"},{\"@type\":\"ListItem\",\"position\":2,\"name\":\"Elogio dell&#8217;apprendimento ordinato | Ugo di san Vittore (1096 &#8211; 1141)\"}]},{\"@type\":\"WebSite\",\"@id\":\"https:\\\/\\\/www.concolino.it\\\/#website\",\"url\":\"https:\\\/\\\/www.concolino.it\\\/\",\"name\":\"Concolino.it\",\"description\":\"Allargare gli spazi del Verbo\",\"publisher\":{\"@id\":\"https:\\\/\\\/www.concolino.it\\\/#\\\/schema\\\/person\\\/dfa8517603a44e77da85e7eb5139c070\"},\"potentialAction\":[{\"@type\":\"SearchAction\",\"target\":{\"@type\":\"EntryPoint\",\"urlTemplate\":\"https:\\\/\\\/www.concolino.it\\\/?s={search_term_string}\"},\"query-input\":{\"@type\":\"PropertyValueSpecification\",\"valueRequired\":true,\"valueName\":\"search_term_string\"}}],\"inLanguage\":\"it-IT\"},{\"@type\":[\"Person\",\"Organization\"],\"@id\":\"https:\\\/\\\/www.concolino.it\\\/#\\\/schema\\\/person\\\/dfa8517603a44e77da85e7eb5139c070\",\"name\":\"Domenico Concolino\",\"image\":{\"@type\":\"ImageObject\",\"inLanguage\":\"it-IT\",\"@id\":\"https:\\\/\\\/www.concolino.it\\\/wp-content\\\/uploads\\\/2014\\\/07\\\/CT5W9104.jpg\",\"url\":\"https:\\\/\\\/www.concolino.it\\\/wp-content\\\/uploads\\\/2014\\\/07\\\/CT5W9104.jpg\",\"contentUrl\":\"https:\\\/\\\/www.concolino.it\\\/wp-content\\\/uploads\\\/2014\\\/07\\\/CT5W9104.jpg\",\"width\":1276,\"height\":850,\"caption\":\"Domenico Concolino\"},\"logo\":{\"@id\":\"https:\\\/\\\/www.concolino.it\\\/wp-content\\\/uploads\\\/2014\\\/07\\\/CT5W9104.jpg\"},\"description\":\"Teologo | Cappellano Campus Universit\u00e0 Magna Graecia | Direttore Ufficio Regione Universit\u00e0 Scuola Educazione (Calabria)\",\"sameAs\":[\"https:\\\/\\\/www.facebook.com\\\/don.mik.94\",\"https:\\\/\\\/x.com\\\/https:\\\/\\\/twitter.com\\\/don_mik\"],\"url\":\"https:\\\/\\\/www.concolino.it\\\/index.php\\\/author\\\/admin\\\/\"}]}<\/script>\n<!-- \/ Yoast SEO plugin. -->","yoast_head_json":{"title":"Elogio dell'apprendimento ordinato | Ugo di san Vittore (1096 - 1141) - Concolino.it","robots":{"index":"index","follow":"follow","max-snippet":"max-snippet:-1","max-image-preview":"max-image-preview:large","max-video-preview":"max-video-preview:-1"},"canonical":"https:\/\/www.concolino.it\/index.php\/2016\/04\/26\/elogio-dellapprendimento-ordinato-ugo-di-san-vittore-1096-1141\/","og_locale":"it_IT","og_type":"article","og_title":"Elogio dell'apprendimento ordinato | Ugo di san Vittore (1096 - 1141) - Concolino.it","og_description":"&#8221; Non mi pento di dirti che non ho mai disprezzato nulla che avesse a che fare con l&#8217;istruzione, e che ho invece spesso imparato una quantit\u00e0 di cose che [&hellip;]","og_url":"https:\/\/www.concolino.it\/index.php\/2016\/04\/26\/elogio-dellapprendimento-ordinato-ugo-di-san-vittore-1096-1141\/","og_site_name":"Concolino.it","article_publisher":"https:\/\/www.facebook.com\/don.mik.94","article_author":"https:\/\/www.facebook.com\/don.mik.94","article_published_time":"2016-04-26T10:09:18+00:00","og_image":[{"width":564,"height":846,"url":"https:\/\/www.concolino.it\/wp-content\/uploads\/2016\/04\/w.jpg","type":"image\/jpeg"}],"author":"Domenico Concolino","twitter_card":"summary_large_image","twitter_creator":"@https:\/\/twitter.com\/don_mik","twitter_site":"@don_mik","twitter_misc":{"Scritto da":"Domenico Concolino","Tempo di lettura stimato":"2 minuti"},"schema":{"@context":"https:\/\/schema.org","@graph":[{"@type":"Article","@id":"https:\/\/www.concolino.it\/index.php\/2016\/04\/26\/elogio-dellapprendimento-ordinato-ugo-di-san-vittore-1096-1141\/#article","isPartOf":{"@id":"https:\/\/www.concolino.it\/index.php\/2016\/04\/26\/elogio-dellapprendimento-ordinato-ugo-di-san-vittore-1096-1141\/"},"author":{"name":"Domenico Concolino","@id":"https:\/\/www.concolino.it\/#\/schema\/person\/dfa8517603a44e77da85e7eb5139c070"},"headline":"Elogio dell&#8217;apprendimento ordinato | Ugo di san Vittore (1096 &#8211; 1141)","datePublished":"2016-04-26T10:09:18+00:00","mainEntityOfPage":{"@id":"https:\/\/www.concolino.it\/index.php\/2016\/04\/26\/elogio-dellapprendimento-ordinato-ugo-di-san-vittore-1096-1141\/"},"wordCount":361,"commentCount":0,"publisher":{"@id":"https:\/\/www.concolino.it\/#\/schema\/person\/dfa8517603a44e77da85e7eb5139c070"},"image":{"@id":"https:\/\/www.concolino.it\/index.php\/2016\/04\/26\/elogio-dellapprendimento-ordinato-ugo-di-san-vittore-1096-1141\/#primaryimage"},"thumbnailUrl":"https:\/\/www.concolino.it\/wp-content\/uploads\/2016\/04\/w.jpg","articleSection":["Citazioni","Vetrina"],"inLanguage":"it-IT","potentialAction":[{"@type":"CommentAction","name":"Comment","target":["https:\/\/www.concolino.it\/index.php\/2016\/04\/26\/elogio-dellapprendimento-ordinato-ugo-di-san-vittore-1096-1141\/#respond"]}]},{"@type":"WebPage","@id":"https:\/\/www.concolino.it\/index.php\/2016\/04\/26\/elogio-dellapprendimento-ordinato-ugo-di-san-vittore-1096-1141\/","url":"https:\/\/www.concolino.it\/index.php\/2016\/04\/26\/elogio-dellapprendimento-ordinato-ugo-di-san-vittore-1096-1141\/","name":"Elogio dell'apprendimento ordinato | Ugo di san Vittore (1096 - 1141) - Concolino.it","isPartOf":{"@id":"https:\/\/www.concolino.it\/#website"},"primaryImageOfPage":{"@id":"https:\/\/www.concolino.it\/index.php\/2016\/04\/26\/elogio-dellapprendimento-ordinato-ugo-di-san-vittore-1096-1141\/#primaryimage"},"image":{"@id":"https:\/\/www.concolino.it\/index.php\/2016\/04\/26\/elogio-dellapprendimento-ordinato-ugo-di-san-vittore-1096-1141\/#primaryimage"},"thumbnailUrl":"https:\/\/www.concolino.it\/wp-content\/uploads\/2016\/04\/w.jpg","datePublished":"2016-04-26T10:09:18+00:00","breadcrumb":{"@id":"https:\/\/www.concolino.it\/index.php\/2016\/04\/26\/elogio-dellapprendimento-ordinato-ugo-di-san-vittore-1096-1141\/#breadcrumb"},"inLanguage":"it-IT","potentialAction":[{"@type":"ReadAction","target":["https:\/\/www.concolino.it\/index.php\/2016\/04\/26\/elogio-dellapprendimento-ordinato-ugo-di-san-vittore-1096-1141\/"]}]},{"@type":"ImageObject","inLanguage":"it-IT","@id":"https:\/\/www.concolino.it\/index.php\/2016\/04\/26\/elogio-dellapprendimento-ordinato-ugo-di-san-vittore-1096-1141\/#primaryimage","url":"https:\/\/www.concolino.it\/wp-content\/uploads\/2016\/04\/w.jpg","contentUrl":"https:\/\/www.concolino.it\/wp-content\/uploads\/2016\/04\/w.jpg","width":564,"height":846},{"@type":"BreadcrumbList","@id":"https:\/\/www.concolino.it\/index.php\/2016\/04\/26\/elogio-dellapprendimento-ordinato-ugo-di-san-vittore-1096-1141\/#breadcrumb","itemListElement":[{"@type":"ListItem","position":1,"name":"Home","item":"https:\/\/www.concolino.it\/"},{"@type":"ListItem","position":2,"name":"Elogio dell&#8217;apprendimento ordinato | Ugo di san Vittore (1096 &#8211; 1141)"}]},{"@type":"WebSite","@id":"https:\/\/www.concolino.it\/#website","url":"https:\/\/www.concolino.it\/","name":"Concolino.it","description":"Allargare gli spazi del Verbo","publisher":{"@id":"https:\/\/www.concolino.it\/#\/schema\/person\/dfa8517603a44e77da85e7eb5139c070"},"potentialAction":[{"@type":"SearchAction","target":{"@type":"EntryPoint","urlTemplate":"https:\/\/www.concolino.it\/?s={search_term_string}"},"query-input":{"@type":"PropertyValueSpecification","valueRequired":true,"valueName":"search_term_string"}}],"inLanguage":"it-IT"},{"@type":["Person","Organization"],"@id":"https:\/\/www.concolino.it\/#\/schema\/person\/dfa8517603a44e77da85e7eb5139c070","name":"Domenico Concolino","image":{"@type":"ImageObject","inLanguage":"it-IT","@id":"https:\/\/www.concolino.it\/wp-content\/uploads\/2014\/07\/CT5W9104.jpg","url":"https:\/\/www.concolino.it\/wp-content\/uploads\/2014\/07\/CT5W9104.jpg","contentUrl":"https:\/\/www.concolino.it\/wp-content\/uploads\/2014\/07\/CT5W9104.jpg","width":1276,"height":850,"caption":"Domenico Concolino"},"logo":{"@id":"https:\/\/www.concolino.it\/wp-content\/uploads\/2014\/07\/CT5W9104.jpg"},"description":"Teologo | Cappellano Campus Universit\u00e0 Magna Graecia | Direttore Ufficio Regione Universit\u00e0 Scuola Educazione (Calabria)","sameAs":["https:\/\/www.facebook.com\/don.mik.94","https:\/\/x.com\/https:\/\/twitter.com\/don_mik"],"url":"https:\/\/www.concolino.it\/index.php\/author\/admin\/"}]}},"_links":{"self":[{"href":"https:\/\/www.concolino.it\/index.php\/wp-json\/wp\/v2\/posts\/2447","targetHints":{"allow":["GET"]}}],"collection":[{"href":"https:\/\/www.concolino.it\/index.php\/wp-json\/wp\/v2\/posts"}],"about":[{"href":"https:\/\/www.concolino.it\/index.php\/wp-json\/wp\/v2\/types\/post"}],"author":[{"embeddable":true,"href":"https:\/\/www.concolino.it\/index.php\/wp-json\/wp\/v2\/users\/1"}],"replies":[{"embeddable":true,"href":"https:\/\/www.concolino.it\/index.php\/wp-json\/wp\/v2\/comments?post=2447"}],"version-history":[{"count":3,"href":"https:\/\/www.concolino.it\/index.php\/wp-json\/wp\/v2\/posts\/2447\/revisions"}],"predecessor-version":[{"id":2451,"href":"https:\/\/www.concolino.it\/index.php\/wp-json\/wp\/v2\/posts\/2447\/revisions\/2451"}],"wp:featuredmedia":[{"embeddable":true,"href":"https:\/\/www.concolino.it\/index.php\/wp-json\/wp\/v2\/media\/2450"}],"wp:attachment":[{"href":"https:\/\/www.concolino.it\/index.php\/wp-json\/wp\/v2\/media?parent=2447"}],"wp:term":[{"taxonomy":"category","embeddable":true,"href":"https:\/\/www.concolino.it\/index.php\/wp-json\/wp\/v2\/categories?post=2447"},{"taxonomy":"post_tag","embeddable":true,"href":"https:\/\/www.concolino.it\/index.php\/wp-json\/wp\/v2\/tags?post=2447"}],"curies":[{"name":"wp","href":"https:\/\/api.w.org\/{rel}","templated":true}]}}