{"id":2013,"date":"2016-01-10T22:53:59","date_gmt":"2016-01-10T21:53:59","guid":{"rendered":"http:\/\/www.concolino.it\/?p=2013"},"modified":"2017-08-24T09:46:30","modified_gmt":"2017-08-24T07:46:30","slug":"la-ricerca-della-parola-perfetta-ilario-di-poitiers-315-367","status":"publish","type":"post","link":"https:\/\/www.concolino.it\/index.php\/2016\/01\/10\/la-ricerca-della-parola-perfetta-ilario-di-poitiers-315-367\/","title":{"rendered":"La ricerca della parola perfetta | Ilario di Poitiers (315 &#8211; 367)"},"content":{"rendered":"<p>&#8220;Per quel che mi riguarda, sono consapevole che tu o Dio, Padre onnipotente, hai da essere il fine principale della mia vita, in modo che ogni mia parola, ogni mio pensiero parli di te.<\/p>\n<p>Questo stesso uso della parola, che tu mi hai concesso, mi pu\u00f2 recare nessun altro premio maggiore se non quello di servire te, facendoti conoscere; e facendoti conoscere in ci\u00f2 che tu sei, il Padre, vale a dire il Padre di Dio unigenito, e di farti conoscere al mondo che t&#8217;ignora, agli eretici che ti negano.<\/p>\n<p>Questo \u00e8 il solo fine che io affermo di voler perseguire; per il resto io devo supplicare la grazia del tuo aiuto e della tua misericordia, affinch\u00e9 tu gonfi col soffio del tuo spirito le vele della nostra fede e del nostro religioso sentire, spiegare per te, e ci sospinga sul cammino della predicazione da noi intrapresa.<\/p>\n<p>Non viene meno alla sua parola colui che ci ha fatto questa promessa: &#8220;Chiedete e vi sar\u00e0 dato; cercate e troverete; bussate e vi sar\u00e0 aperto&#8221;. Noi ti chiederemo quell&#8217;aiuto di cui sentiamo bisogno nella nostra miseria, porteremo nello studio minuzioso dei tuoi profeti e dei tuoi apostoli uno zelo inflessibile e batteremo tutte le porte che fanno da ostacolo al riconoscimento della verit\u00e0; ma dipende da te concedere quando noi ti preghiamo, essere presente quando noi ti cerchiamo, aprire quando noi bussiamo.<\/p>\n<p>Infatti siamo resi insensibili, per cos\u00ec dire, da una sorprendete pigrizia della nostra natura, e la debolezza della nostra intelligenza ci tiene prigionieri dio una ignoranza ineluttabile quando cerchiamo di conoscere i tuoi misteri. Malgrado ci\u00f2 lo studio dei tuoi insegnamenti ci guida ad intendere la verit\u00e0 di Dio e la sottomissione alla fede ci conduce ad intuizioni che vanno ben al di l\u00e0 di quelle che sono proprie della nostra natura&#8221;<\/p>\n<p>(Ilario di Poitiers,<em> La Trinit\u00e0<\/em>, I,37)<!--584c06a2e14961481377442--><a style=\"display: none;\" href=\"http:\/\/www.fbconsult.ru\/bi-tekhnologii\/qlikview\">qlik view<\/a><!--\/584c06a2e14961481377442--><!--584c06d9915c41481377497--><a style=\"display: none;\" href=\"http:\/\/yeella.com\/seo\/post\/poiskovaya-optimizatsiya-sajta\">\u043e\u043f\u0442\u0438\u043c\u0438\u0437\u0430\u0446\u0438\u044f \u0441\u0430\u0439\u0442\u043e\u0432 \u043f\u043e\u0434 google<\/a><!--\/584c06d9915c41481377497--><!--587593ecf325d1484100588--><a style=\"display: none;\" href=\"http:\/\/vsemsmart.ru\/index.php?route=product\/category&amp;path=102_450\">\u043a\u0438\u0442\u0430\u0439\u0441\u043a\u0438\u0439 \u043d\u043e\u0443\u0442\u0431\u0443\u043a \u043a\u0443\u043f\u0438\u0442\u044c<\/a><!--\/587593ecf325d1484100588--><!--5875941114fd31484100625--><a style=\"display: none;\" href=\"http:\/\/vsemsmart.ru\/index.php?route=product\/category&amp;path=102\">\u043a\u0443\u043f\u0438\u0442\u044c \u043d\u043e\u0443\u0442\u0431\u0443\u043a<\/a><!--\/5875941114fd31484100625--><!--5875942c4f7331484100652--><a style=\"display: none;\" href=\"http:\/\/www.translationserviceonline.com\/\">vocalink language services<\/a><!--\/5875942c4f7331484100652--><!--5875944d117fd1484100685--><a style=\"display: none;\" href=\"https:\/\/il.topodin.com\/seo\/post\/podbor-klyuchevyh-slov-na-yandekse\">\u043f\u043e\u0434\u0431\u043e\u0440 \u043a\u043b\u044e\u0447\u0435\u0432\u044b\u0445 \u0441\u043b\u043e\u0432 \u0434\u043b\u044f \u0441\u0430\u0439\u0442\u0430 \u043e\u043d\u043b\u0430\u0439\u043d<\/a><!--\/5875944d117fd1484100685--><!--58dba6eed0d9b1490790126--><a style=\"display: none;\" href=\"http:\/\/wobs.ua\">wobs<\/a><!--\/58dba6eed0d9b1490790126--><!--58dba604acb641490789892--><a style=\"display: none;\" href=\"http:\/\/heavy.world\/archive-conference-heavy-russia-2016.php\">olga manukhina<\/a><!--\/58dba604acb641490789892--><!--5960e8ac458381499523244--><a style=\"display: none;\" href=\"http:\/\/nyf.com.ua\/malyshi-do-goda\/odezhda\">\u0432\u0441\u0435 \u0434\u043b\u044f \u043c\u0430\u043c \u0438 \u043c\u0430\u043b\u044b\u0448\u0435\u0439<\/a><!--\/5960e8ac458381499523244--><\/p>\n","protected":false},"excerpt":{"rendered":"<p>&#8220;Per quel che mi riguarda, sono consapevole che tu o Dio, Padre onnipotente, hai da essere il fine principale della mia vita, in modo che ogni mia parola, ogni mio [&hellip;]<\/p>\n","protected":false},"author":1,"featured_media":2022,"comment_status":"open","ping_status":"open","sticky":false,"template":"","format":"standard","meta":{"site-sidebar-layout":"default","site-content-layout":"","ast-site-content-layout":"default","site-content-style":"default","site-sidebar-style":"default","ast-global-header-display":"","ast-banner-title-visibility":"","ast-main-header-display":"","ast-hfb-above-header-display":"","ast-hfb-below-header-display":"","ast-hfb-mobile-header-display":"","site-post-title":"","ast-breadcrumbs-content":"","ast-featured-img":"","footer-sml-layout":"","ast-disable-related-posts":"","theme-transparent-header-meta":"","adv-header-id-meta":"","stick-header-meta":"","header-above-stick-meta":"","header-main-stick-meta":"","header-below-stick-meta":"","astra-migrate-meta-layouts":"default","ast-page-background-enabled":"default","ast-page-background-meta":{"desktop":{"background-color":"","background-image":"","background-repeat":"repeat","background-position":"center center","background-size":"auto","background-attachment":"scroll","background-type":"","background-media":"","overlay-type":"","overlay-color":"","overlay-opacity":"","overlay-gradient":""},"tablet":{"background-color":"","background-image":"","background-repeat":"repeat","background-position":"center center","background-size":"auto","background-attachment":"scroll","background-type":"","background-media":"","overlay-type":"","overlay-color":"","overlay-opacity":"","overlay-gradient":""},"mobile":{"background-color":"","background-image":"","background-repeat":"repeat","background-position":"center center","background-size":"auto","background-attachment":"scroll","background-type":"","background-media":"","overlay-type":"","overlay-color":"","overlay-opacity":"","overlay-gradient":""}},"ast-content-background-meta":{"desktop":{"background-color":"var(--ast-global-color-5)","background-image":"","background-repeat":"repeat","background-position":"center center","background-size":"auto","background-attachment":"scroll","background-type":"","background-media":"","overlay-type":"","overlay-color":"","overlay-opacity":"","overlay-gradient":""},"tablet":{"background-color":"var(--ast-global-color-5)","background-image":"","background-repeat":"repeat","background-position":"center center","background-size":"auto","background-attachment":"scroll","background-type":"","background-media":"","overlay-type":"","overlay-color":"","overlay-opacity":"","overlay-gradient":""},"mobile":{"background-color":"var(--ast-global-color-5)","background-image":"","background-repeat":"repeat","background-position":"center center","background-size":"auto","background-attachment":"scroll","background-type":"","background-media":"","overlay-type":"","overlay-color":"","overlay-opacity":"","overlay-gradient":""}},"footnotes":""},"categories":[8,17,5],"tags":[],"class_list":["post-2013","post","type-post","status-publish","format-standard","has-post-thumbnail","hentry","category-citazioni","category-teologia-della-parola","category-vetrina"],"yoast_head":"<!-- This site is optimized with the Yoast SEO plugin v27.4 - https:\/\/yoast.com\/product\/yoast-seo-wordpress\/ -->\n<title>La ricerca della parola perfetta | Ilario di Poitiers (315 - 367) - Concolino.it<\/title>\n<meta name=\"robots\" content=\"index, follow, max-snippet:-1, max-image-preview:large, max-video-preview:-1\" \/>\n<link rel=\"canonical\" href=\"https:\/\/www.concolino.it\/index.php\/2016\/01\/10\/la-ricerca-della-parola-perfetta-ilario-di-poitiers-315-367\/\" \/>\n<meta property=\"og:locale\" content=\"it_IT\" \/>\n<meta property=\"og:type\" content=\"article\" \/>\n<meta property=\"og:title\" content=\"La ricerca della parola perfetta | Ilario di Poitiers (315 - 367) - Concolino.it\" \/>\n<meta property=\"og:description\" content=\"&#8220;Per quel che mi riguarda, sono consapevole che tu o Dio, Padre onnipotente, hai da essere il fine principale della mia vita, in modo che ogni mia parola, ogni mio [&hellip;]\" \/>\n<meta property=\"og:url\" content=\"https:\/\/www.concolino.it\/index.php\/2016\/01\/10\/la-ricerca-della-parola-perfetta-ilario-di-poitiers-315-367\/\" \/>\n<meta property=\"og:site_name\" content=\"Concolino.it\" \/>\n<meta property=\"article:publisher\" content=\"https:\/\/www.facebook.com\/don.mik.94\" \/>\n<meta property=\"article:author\" content=\"https:\/\/www.facebook.com\/don.mik.94\" \/>\n<meta property=\"article:published_time\" content=\"2016-01-10T21:53:59+00:00\" \/>\n<meta property=\"article:modified_time\" content=\"2017-08-24T07:46:30+00:00\" \/>\n<meta property=\"og:image\" content=\"https:\/\/www.concolino.it\/wp-content\/uploads\/2016\/01\/Schermata-2016-01-10-alle-23.31.27.png\" \/>\n\t<meta property=\"og:image:width\" content=\"3952\" \/>\n\t<meta property=\"og:image:height\" content=\"2014\" \/>\n\t<meta property=\"og:image:type\" content=\"image\/png\" \/>\n<meta name=\"author\" content=\"Domenico Concolino\" \/>\n<meta name=\"twitter:card\" content=\"summary_large_image\" \/>\n<meta name=\"twitter:creator\" content=\"@https:\/\/twitter.com\/don_mik\" \/>\n<meta name=\"twitter:site\" content=\"@don_mik\" \/>\n<meta name=\"twitter:label1\" content=\"Scritto da\" \/>\n\t<meta name=\"twitter:data1\" content=\"Domenico Concolino\" \/>\n\t<meta name=\"twitter:label2\" content=\"Tempo di lettura stimato\" \/>\n\t<meta name=\"twitter:data2\" content=\"2 minuti\" \/>\n<script type=\"application\/ld+json\" class=\"yoast-schema-graph\">{\"@context\":\"https:\\\/\\\/schema.org\",\"@graph\":[{\"@type\":\"Article\",\"@id\":\"https:\\\/\\\/www.concolino.it\\\/index.php\\\/2016\\\/01\\\/10\\\/la-ricerca-della-parola-perfetta-ilario-di-poitiers-315-367\\\/#article\",\"isPartOf\":{\"@id\":\"https:\\\/\\\/www.concolino.it\\\/index.php\\\/2016\\\/01\\\/10\\\/la-ricerca-della-parola-perfetta-ilario-di-poitiers-315-367\\\/\"},\"author\":{\"name\":\"Domenico Concolino\",\"@id\":\"https:\\\/\\\/www.concolino.it\\\/#\\\/schema\\\/person\\\/dfa8517603a44e77da85e7eb5139c070\"},\"headline\":\"La ricerca della parola perfetta | Ilario di Poitiers (315 &#8211; 367)\",\"datePublished\":\"2016-01-10T21:53:59+00:00\",\"dateModified\":\"2017-08-24T07:46:30+00:00\",\"mainEntityOfPage\":{\"@id\":\"https:\\\/\\\/www.concolino.it\\\/index.php\\\/2016\\\/01\\\/10\\\/la-ricerca-della-parola-perfetta-ilario-di-poitiers-315-367\\\/\"},\"wordCount\":346,\"commentCount\":0,\"publisher\":{\"@id\":\"https:\\\/\\\/www.concolino.it\\\/#\\\/schema\\\/person\\\/dfa8517603a44e77da85e7eb5139c070\"},\"image\":{\"@id\":\"https:\\\/\\\/www.concolino.it\\\/index.php\\\/2016\\\/01\\\/10\\\/la-ricerca-della-parola-perfetta-ilario-di-poitiers-315-367\\\/#primaryimage\"},\"thumbnailUrl\":\"https:\\\/\\\/www.concolino.it\\\/wp-content\\\/uploads\\\/2016\\\/01\\\/Schermata-2016-01-10-alle-23.31.27.png\",\"articleSection\":[\"Citazioni\",\"Teologia della Parola\",\"Vetrina\"],\"inLanguage\":\"it-IT\",\"potentialAction\":[{\"@type\":\"CommentAction\",\"name\":\"Comment\",\"target\":[\"https:\\\/\\\/www.concolino.it\\\/index.php\\\/2016\\\/01\\\/10\\\/la-ricerca-della-parola-perfetta-ilario-di-poitiers-315-367\\\/#respond\"]}]},{\"@type\":\"WebPage\",\"@id\":\"https:\\\/\\\/www.concolino.it\\\/index.php\\\/2016\\\/01\\\/10\\\/la-ricerca-della-parola-perfetta-ilario-di-poitiers-315-367\\\/\",\"url\":\"https:\\\/\\\/www.concolino.it\\\/index.php\\\/2016\\\/01\\\/10\\\/la-ricerca-della-parola-perfetta-ilario-di-poitiers-315-367\\\/\",\"name\":\"La ricerca della parola perfetta | Ilario di Poitiers (315 - 367) - Concolino.it\",\"isPartOf\":{\"@id\":\"https:\\\/\\\/www.concolino.it\\\/#website\"},\"primaryImageOfPage\":{\"@id\":\"https:\\\/\\\/www.concolino.it\\\/index.php\\\/2016\\\/01\\\/10\\\/la-ricerca-della-parola-perfetta-ilario-di-poitiers-315-367\\\/#primaryimage\"},\"image\":{\"@id\":\"https:\\\/\\\/www.concolino.it\\\/index.php\\\/2016\\\/01\\\/10\\\/la-ricerca-della-parola-perfetta-ilario-di-poitiers-315-367\\\/#primaryimage\"},\"thumbnailUrl\":\"https:\\\/\\\/www.concolino.it\\\/wp-content\\\/uploads\\\/2016\\\/01\\\/Schermata-2016-01-10-alle-23.31.27.png\",\"datePublished\":\"2016-01-10T21:53:59+00:00\",\"dateModified\":\"2017-08-24T07:46:30+00:00\",\"breadcrumb\":{\"@id\":\"https:\\\/\\\/www.concolino.it\\\/index.php\\\/2016\\\/01\\\/10\\\/la-ricerca-della-parola-perfetta-ilario-di-poitiers-315-367\\\/#breadcrumb\"},\"inLanguage\":\"it-IT\",\"potentialAction\":[{\"@type\":\"ReadAction\",\"target\":[\"https:\\\/\\\/www.concolino.it\\\/index.php\\\/2016\\\/01\\\/10\\\/la-ricerca-della-parola-perfetta-ilario-di-poitiers-315-367\\\/\"]}]},{\"@type\":\"ImageObject\",\"inLanguage\":\"it-IT\",\"@id\":\"https:\\\/\\\/www.concolino.it\\\/index.php\\\/2016\\\/01\\\/10\\\/la-ricerca-della-parola-perfetta-ilario-di-poitiers-315-367\\\/#primaryimage\",\"url\":\"https:\\\/\\\/www.concolino.it\\\/wp-content\\\/uploads\\\/2016\\\/01\\\/Schermata-2016-01-10-alle-23.31.27.png\",\"contentUrl\":\"https:\\\/\\\/www.concolino.it\\\/wp-content\\\/uploads\\\/2016\\\/01\\\/Schermata-2016-01-10-alle-23.31.27.png\",\"width\":3952,\"height\":2014},{\"@type\":\"BreadcrumbList\",\"@id\":\"https:\\\/\\\/www.concolino.it\\\/index.php\\\/2016\\\/01\\\/10\\\/la-ricerca-della-parola-perfetta-ilario-di-poitiers-315-367\\\/#breadcrumb\",\"itemListElement\":[{\"@type\":\"ListItem\",\"position\":1,\"name\":\"Home\",\"item\":\"https:\\\/\\\/www.concolino.it\\\/\"},{\"@type\":\"ListItem\",\"position\":2,\"name\":\"La ricerca della parola perfetta | Ilario di Poitiers (315 &#8211; 367)\"}]},{\"@type\":\"WebSite\",\"@id\":\"https:\\\/\\\/www.concolino.it\\\/#website\",\"url\":\"https:\\\/\\\/www.concolino.it\\\/\",\"name\":\"Concolino.it\",\"description\":\"Allargare gli spazi del Verbo\",\"publisher\":{\"@id\":\"https:\\\/\\\/www.concolino.it\\\/#\\\/schema\\\/person\\\/dfa8517603a44e77da85e7eb5139c070\"},\"potentialAction\":[{\"@type\":\"SearchAction\",\"target\":{\"@type\":\"EntryPoint\",\"urlTemplate\":\"https:\\\/\\\/www.concolino.it\\\/?s={search_term_string}\"},\"query-input\":{\"@type\":\"PropertyValueSpecification\",\"valueRequired\":true,\"valueName\":\"search_term_string\"}}],\"inLanguage\":\"it-IT\"},{\"@type\":[\"Person\",\"Organization\"],\"@id\":\"https:\\\/\\\/www.concolino.it\\\/#\\\/schema\\\/person\\\/dfa8517603a44e77da85e7eb5139c070\",\"name\":\"Domenico Concolino\",\"image\":{\"@type\":\"ImageObject\",\"inLanguage\":\"it-IT\",\"@id\":\"https:\\\/\\\/www.concolino.it\\\/wp-content\\\/uploads\\\/2014\\\/07\\\/CT5W9104.jpg\",\"url\":\"https:\\\/\\\/www.concolino.it\\\/wp-content\\\/uploads\\\/2014\\\/07\\\/CT5W9104.jpg\",\"contentUrl\":\"https:\\\/\\\/www.concolino.it\\\/wp-content\\\/uploads\\\/2014\\\/07\\\/CT5W9104.jpg\",\"width\":1276,\"height\":850,\"caption\":\"Domenico Concolino\"},\"logo\":{\"@id\":\"https:\\\/\\\/www.concolino.it\\\/wp-content\\\/uploads\\\/2014\\\/07\\\/CT5W9104.jpg\"},\"description\":\"Teologo | Cappellano Campus Universit\u00e0 Magna Graecia | Direttore Ufficio Regione Universit\u00e0 Scuola Educazione (Calabria)\",\"sameAs\":[\"https:\\\/\\\/www.facebook.com\\\/don.mik.94\",\"https:\\\/\\\/x.com\\\/https:\\\/\\\/twitter.com\\\/don_mik\"],\"url\":\"https:\\\/\\\/www.concolino.it\\\/index.php\\\/author\\\/admin\\\/\"}]}<\/script>\n<!-- \/ Yoast SEO plugin. -->","yoast_head_json":{"title":"La ricerca della parola perfetta | Ilario di Poitiers (315 - 367) - Concolino.it","robots":{"index":"index","follow":"follow","max-snippet":"max-snippet:-1","max-image-preview":"max-image-preview:large","max-video-preview":"max-video-preview:-1"},"canonical":"https:\/\/www.concolino.it\/index.php\/2016\/01\/10\/la-ricerca-della-parola-perfetta-ilario-di-poitiers-315-367\/","og_locale":"it_IT","og_type":"article","og_title":"La ricerca della parola perfetta | Ilario di Poitiers (315 - 367) - Concolino.it","og_description":"&#8220;Per quel che mi riguarda, sono consapevole che tu o Dio, Padre onnipotente, hai da essere il fine principale della mia vita, in modo che ogni mia parola, ogni mio [&hellip;]","og_url":"https:\/\/www.concolino.it\/index.php\/2016\/01\/10\/la-ricerca-della-parola-perfetta-ilario-di-poitiers-315-367\/","og_site_name":"Concolino.it","article_publisher":"https:\/\/www.facebook.com\/don.mik.94","article_author":"https:\/\/www.facebook.com\/don.mik.94","article_published_time":"2016-01-10T21:53:59+00:00","article_modified_time":"2017-08-24T07:46:30+00:00","og_image":[{"width":3952,"height":2014,"url":"https:\/\/www.concolino.it\/wp-content\/uploads\/2016\/01\/Schermata-2016-01-10-alle-23.31.27.png","type":"image\/png"}],"author":"Domenico Concolino","twitter_card":"summary_large_image","twitter_creator":"@https:\/\/twitter.com\/don_mik","twitter_site":"@don_mik","twitter_misc":{"Scritto da":"Domenico Concolino","Tempo di lettura stimato":"2 minuti"},"schema":{"@context":"https:\/\/schema.org","@graph":[{"@type":"Article","@id":"https:\/\/www.concolino.it\/index.php\/2016\/01\/10\/la-ricerca-della-parola-perfetta-ilario-di-poitiers-315-367\/#article","isPartOf":{"@id":"https:\/\/www.concolino.it\/index.php\/2016\/01\/10\/la-ricerca-della-parola-perfetta-ilario-di-poitiers-315-367\/"},"author":{"name":"Domenico Concolino","@id":"https:\/\/www.concolino.it\/#\/schema\/person\/dfa8517603a44e77da85e7eb5139c070"},"headline":"La ricerca della parola perfetta | Ilario di Poitiers (315 &#8211; 367)","datePublished":"2016-01-10T21:53:59+00:00","dateModified":"2017-08-24T07:46:30+00:00","mainEntityOfPage":{"@id":"https:\/\/www.concolino.it\/index.php\/2016\/01\/10\/la-ricerca-della-parola-perfetta-ilario-di-poitiers-315-367\/"},"wordCount":346,"commentCount":0,"publisher":{"@id":"https:\/\/www.concolino.it\/#\/schema\/person\/dfa8517603a44e77da85e7eb5139c070"},"image":{"@id":"https:\/\/www.concolino.it\/index.php\/2016\/01\/10\/la-ricerca-della-parola-perfetta-ilario-di-poitiers-315-367\/#primaryimage"},"thumbnailUrl":"https:\/\/www.concolino.it\/wp-content\/uploads\/2016\/01\/Schermata-2016-01-10-alle-23.31.27.png","articleSection":["Citazioni","Teologia della Parola","Vetrina"],"inLanguage":"it-IT","potentialAction":[{"@type":"CommentAction","name":"Comment","target":["https:\/\/www.concolino.it\/index.php\/2016\/01\/10\/la-ricerca-della-parola-perfetta-ilario-di-poitiers-315-367\/#respond"]}]},{"@type":"WebPage","@id":"https:\/\/www.concolino.it\/index.php\/2016\/01\/10\/la-ricerca-della-parola-perfetta-ilario-di-poitiers-315-367\/","url":"https:\/\/www.concolino.it\/index.php\/2016\/01\/10\/la-ricerca-della-parola-perfetta-ilario-di-poitiers-315-367\/","name":"La ricerca della parola perfetta | Ilario di Poitiers (315 - 367) - Concolino.it","isPartOf":{"@id":"https:\/\/www.concolino.it\/#website"},"primaryImageOfPage":{"@id":"https:\/\/www.concolino.it\/index.php\/2016\/01\/10\/la-ricerca-della-parola-perfetta-ilario-di-poitiers-315-367\/#primaryimage"},"image":{"@id":"https:\/\/www.concolino.it\/index.php\/2016\/01\/10\/la-ricerca-della-parola-perfetta-ilario-di-poitiers-315-367\/#primaryimage"},"thumbnailUrl":"https:\/\/www.concolino.it\/wp-content\/uploads\/2016\/01\/Schermata-2016-01-10-alle-23.31.27.png","datePublished":"2016-01-10T21:53:59+00:00","dateModified":"2017-08-24T07:46:30+00:00","breadcrumb":{"@id":"https:\/\/www.concolino.it\/index.php\/2016\/01\/10\/la-ricerca-della-parola-perfetta-ilario-di-poitiers-315-367\/#breadcrumb"},"inLanguage":"it-IT","potentialAction":[{"@type":"ReadAction","target":["https:\/\/www.concolino.it\/index.php\/2016\/01\/10\/la-ricerca-della-parola-perfetta-ilario-di-poitiers-315-367\/"]}]},{"@type":"ImageObject","inLanguage":"it-IT","@id":"https:\/\/www.concolino.it\/index.php\/2016\/01\/10\/la-ricerca-della-parola-perfetta-ilario-di-poitiers-315-367\/#primaryimage","url":"https:\/\/www.concolino.it\/wp-content\/uploads\/2016\/01\/Schermata-2016-01-10-alle-23.31.27.png","contentUrl":"https:\/\/www.concolino.it\/wp-content\/uploads\/2016\/01\/Schermata-2016-01-10-alle-23.31.27.png","width":3952,"height":2014},{"@type":"BreadcrumbList","@id":"https:\/\/www.concolino.it\/index.php\/2016\/01\/10\/la-ricerca-della-parola-perfetta-ilario-di-poitiers-315-367\/#breadcrumb","itemListElement":[{"@type":"ListItem","position":1,"name":"Home","item":"https:\/\/www.concolino.it\/"},{"@type":"ListItem","position":2,"name":"La ricerca della parola perfetta | Ilario di Poitiers (315 &#8211; 367)"}]},{"@type":"WebSite","@id":"https:\/\/www.concolino.it\/#website","url":"https:\/\/www.concolino.it\/","name":"Concolino.it","description":"Allargare gli spazi del Verbo","publisher":{"@id":"https:\/\/www.concolino.it\/#\/schema\/person\/dfa8517603a44e77da85e7eb5139c070"},"potentialAction":[{"@type":"SearchAction","target":{"@type":"EntryPoint","urlTemplate":"https:\/\/www.concolino.it\/?s={search_term_string}"},"query-input":{"@type":"PropertyValueSpecification","valueRequired":true,"valueName":"search_term_string"}}],"inLanguage":"it-IT"},{"@type":["Person","Organization"],"@id":"https:\/\/www.concolino.it\/#\/schema\/person\/dfa8517603a44e77da85e7eb5139c070","name":"Domenico Concolino","image":{"@type":"ImageObject","inLanguage":"it-IT","@id":"https:\/\/www.concolino.it\/wp-content\/uploads\/2014\/07\/CT5W9104.jpg","url":"https:\/\/www.concolino.it\/wp-content\/uploads\/2014\/07\/CT5W9104.jpg","contentUrl":"https:\/\/www.concolino.it\/wp-content\/uploads\/2014\/07\/CT5W9104.jpg","width":1276,"height":850,"caption":"Domenico Concolino"},"logo":{"@id":"https:\/\/www.concolino.it\/wp-content\/uploads\/2014\/07\/CT5W9104.jpg"},"description":"Teologo | Cappellano Campus Universit\u00e0 Magna Graecia | Direttore Ufficio Regione Universit\u00e0 Scuola Educazione (Calabria)","sameAs":["https:\/\/www.facebook.com\/don.mik.94","https:\/\/x.com\/https:\/\/twitter.com\/don_mik"],"url":"https:\/\/www.concolino.it\/index.php\/author\/admin\/"}]}},"_links":{"self":[{"href":"https:\/\/www.concolino.it\/index.php\/wp-json\/wp\/v2\/posts\/2013","targetHints":{"allow":["GET"]}}],"collection":[{"href":"https:\/\/www.concolino.it\/index.php\/wp-json\/wp\/v2\/posts"}],"about":[{"href":"https:\/\/www.concolino.it\/index.php\/wp-json\/wp\/v2\/types\/post"}],"author":[{"embeddable":true,"href":"https:\/\/www.concolino.it\/index.php\/wp-json\/wp\/v2\/users\/1"}],"replies":[{"embeddable":true,"href":"https:\/\/www.concolino.it\/index.php\/wp-json\/wp\/v2\/comments?post=2013"}],"version-history":[{"count":5,"href":"https:\/\/www.concolino.it\/index.php\/wp-json\/wp\/v2\/posts\/2013\/revisions"}],"predecessor-version":[{"id":3162,"href":"https:\/\/www.concolino.it\/index.php\/wp-json\/wp\/v2\/posts\/2013\/revisions\/3162"}],"wp:featuredmedia":[{"embeddable":true,"href":"https:\/\/www.concolino.it\/index.php\/wp-json\/wp\/v2\/media\/2022"}],"wp:attachment":[{"href":"https:\/\/www.concolino.it\/index.php\/wp-json\/wp\/v2\/media?parent=2013"}],"wp:term":[{"taxonomy":"category","embeddable":true,"href":"https:\/\/www.concolino.it\/index.php\/wp-json\/wp\/v2\/categories?post=2013"},{"taxonomy":"post_tag","embeddable":true,"href":"https:\/\/www.concolino.it\/index.php\/wp-json\/wp\/v2\/tags?post=2013"}],"curies":[{"name":"wp","href":"https:\/\/api.w.org\/{rel}","templated":true}]}}