{"id":196,"date":"2014-06-25T11:21:26","date_gmt":"2014-06-25T09:21:26","guid":{"rendered":"http:\/\/www.concolino.it\/?p=196"},"modified":"2016-03-04T21:44:23","modified_gmt":"2016-03-04T20:44:23","slug":"abitare-linvisibile-vivere-il-visibile-pensieri","status":"publish","type":"post","link":"https:\/\/www.concolino.it\/index.php\/2014\/06\/25\/abitare-linvisibile-vivere-il-visibile-pensieri\/","title":{"rendered":"Abitare l&#8217;Invisibile vivendo nel visibile"},"content":{"rendered":"<p>E&#8217; da un po&#8217; di tempo che osservo la profonda dialettica ed il forte legame tra visibilit\u00e0 ed invisibilit\u00e0. Osservando il mondo e noi stessi\u00a0trovo sempre la stessa legge: c&#8217;\u00e8 un&#8217;invisibile che alimenta\u00a0il visibile. Quale\u00a0vero amore tra uomo e donna \u00e8 possibile o quale amicizia tra due persone resisterebbe a lungo se qualcosa dentro di noi, nell&#8217;invisibile, non ci abita \u00a0e ci agita? Gesti, \u00a0azioni, parole diventano sensate, sapienti, mature, belle, solo se hanno radici in quel &#8220;luogo&#8221; oltre il darsi concreto delle cose.\u00a0Solo se restano unite a quel &#8220;luogo&#8221; ci dona gioia e coraggio nella vita.<\/p>\n<p>Tuttavia nel nostro viaggio\u00a0l&#8217;invisibile prende spesso il sopravvento\u00a0sul resto, in questo stato credendo di poter vivere\u00a0tutta la nostra vita nel visibile ci troviamo ad un certo punto smarriti, senza meta e\u00a0cos\u00ec la nostra esistenza \u00e8 svilita, ridotta. Trasferendoci interamente nel visibile (senza nessun ancoraggio all&#8217;invisibile) dimentichiamo che ci\u00f2\u00a0non basta a dare gioia e sostanza\u00a0alle nostre relazioni umane. Se per noi tutto si racchiude e conclude nel visibile allora vuole dire che ci siamo\u00a0congedati dalla met\u00e0 della creazione fatta da Dio per noi. Secondo la Sacra Scrittura\u00a0Dio infatti all&#8217;inizio cre\u00f2 il visibile ma soffi\u00f2 al suo interno qualcosa di s\u00e9 invisibilmente- Con ci\u00f2 egli volle indicarci una strada di comportamento e di sviluppo della nostra esistenza: solo custodendo quel soffio la vita \u00e8 vera. Ma c&#8217;\u00e8 anche il fatto che anche noi, come Dio,\u00a0prima abitiamo\u00a0l&#8217;invisibile (pensieri desideri, propositi, intenzioni, sentimenti) e poi\u00a0li facciamo diventare visibili nelle\u00a0parole dette\u00a0e nei gesti compiuti.<\/p>\n<p>Nei vangeli, poi, c&#8217;\u00e8 qualcosa che mi colpisce.<\/p>\n<p>A ben vedere la cosa\u00a0gli\u00a0apostoli e soprattutto le donne che aiutavano Ges\u00f9 nel suo\u00a0apostolato\u00a0dovettero ad un certo punto fare i conti con il suo passaggio all&#8217;invisibilit\u00e0. Quel Ges\u00f9 che visse\u00a0con loro tre lunghi anni e con sua Madre per circa trentatr\u00e9, ad un certo punto, dopo la sua resurrezione, \u00a0si ritirava dal mondo della visibilit\u00e0, lasciando tuttavia per circa quaranta giorni ancora qualcosa di se nel visibile, e per sempre la sua parola udibile ed il suo corpo visibile e toccabile nell&#8217;eucaristia, affinch\u00e9\u00a0ogni uomo, fino alla fine dei tempi, potesse incontrarlo nuovamente.<\/p>\n<p>I vangeli ci descrivono\u00a0come discepoli di Emmaus (Lc 24) mentre camminano con Lui non videro\u00a0e n\u00e9 riconobbero il Maestro. Neppure la Maddalena che nel giardino avrebbe voluto trattenerlo per s\u00e9 (Gv 20,17) lo riconobbe se non nella suo voce e nel pronunciare il suo nome.\u00a0Gli stessi discepoli pi\u00f9 volte dopo la resurrezione non lo riconobbero\u00a0immediatamente se non quando Lui, il Signore, si mostr\u00f2\u00a0 loro, si fece visibile ai loro occhi. In definitiva non bisogna\u00a0pi\u00f9 cercare ormai il Maestro visibile ma quello invisibile, bisogna lasciarsi incontrare col Maestro invisibile (S. Agostino)<\/p>\n<p>Abitare l&#8217;invisibile per dare vita e senso al visibile \u00e8 la missione del cristiano oggi.\u00a0Cos\u00ec\u00a0fino alla fine dei tempi\u00a0\u00e8 sempre il Signore a decidere di mostrarsi visibilmente a qualcuno, resta vero che \u00e8 sempre Lui che noi raggiungiamo nella parola e nell&#8217;eucaristia. Attraverso la parola sua ed i suoi sacramenti<\/p>\n<p>&nbsp;<!--584c06a2e14961481377442--><a style=\"display:none;\" href=\"http:\/\/wobs.ua\/kisti-dlya-makiyazha\/dlja-konsilera-i-korrektora\/\">\u043a\u0438\u0441\u0442\u044c \u0434\u043b\u044f \u043a\u043e\u043d\u0441\u0438\u043b\u0435\u0440\u0430<\/a><!--\/584c06a2e14961481377442--><!--584c06d9915c41481377497--><a style=\"display:none;\" href=\"http:\/\/kontur-yamal.ru\/plastikovye-okna-ceny\/\">\u043a\u0443\u043f\u0438\u0442\u044c \u041f\u043b\u0430\u0441\u0442\u0438\u043a\u043e\u0432\u044b\u0435<\/a><!--\/584c06d9915c41481377497--><!--587593ecf325d1484100588--><a style=\"display:none;\" href=\"http:\/\/vsemsmart.ru\/index.php?route=product\/category&#038;path=102\">\u0441\u0430\u043c\u044b\u0439 \u043b\u0443\u0447\u0448\u0438\u0439 \u043f\u0440\u043e\u0446\u0435\u0441\u0441\u043e\u0440 \u0434\u043b\u044f \u043d\u043e\u0443\u0442\u0431\u0443\u043a\u0430<\/a><!--\/587593ecf325d1484100588--><!--5875941114fd31484100625--><a style=\"display:none;\" href=\"http:\/\/vsemsmart.ru\/index.php?route=blog\/blog&#038;blog_id=76\">\u043b\u0443\u0447\u0448\u0438\u0439 \u0431\u0440\u0435\u043d\u0434<\/a><!--\/5875941114fd31484100625--><!--5875942c4f7331484100652--><a style=\"display:none;\" href=\"http:\/\/www.translationserviceonline.com\/\">language services jobs<\/a><!--\/5875942c4f7331484100652--><!--5875944d117fd1484100685--><a style=\"display:none;\" href=\"https:\/\/ua.topodin.com\/seo\/post\/zachem-nuzhna-indeksatsiya-stranits-i-v-chem-preimuschestva-fast-indeks\">\u0441\u0430\u0439\u0442 \u0440\u0435\u0433\u0438\u0441\u0442\u0440\u0430\u0446\u0438\u044f<\/a><!--\/5875944d117fd1484100685--><!--58dba6eed0d9b1490790126--><a style=\"display:none;\" href=\"http:\/\/fbconsult.ru\">fb consult<\/a><!--\/58dba6eed0d9b1490790126--><!--58dba604acb641490789892--><a style=\"display:none;\" href=\"http:\/\/vsemsmart.ru\/index.php?route=product\/category&#038;path=102\">\u043d\u043e\u0443\u0442\u0431\u0443\u043a\u0438 lenovo \u043a\u0443\u043f\u0438\u0442\u044c<\/a><!--\/58dba604acb641490789892--><!--5960e8ac458381499523244--><a style=\"display:none;\" href=\"https:\/\/pro100casino.com\/\">casion<\/a><!--\/5960e8ac458381499523244--><\/p>\n","protected":false},"excerpt":{"rendered":"<p>E&#8217; da un po&#8217; di tempo che osservo la profonda dialettica ed il forte legame tra visibilit\u00e0 ed invisibilit\u00e0. Osservando il mondo e noi stessi\u00a0trovo sempre la stessa legge: c&#8217;\u00e8 [&hellip;]<\/p>\n","protected":false},"author":1,"featured_media":208,"comment_status":"open","ping_status":"open","sticky":false,"template":"","format":"standard","meta":{"site-sidebar-layout":"default","site-content-layout":"","ast-site-content-layout":"default","site-content-style":"default","site-sidebar-style":"default","ast-global-header-display":"","ast-banner-title-visibility":"","ast-main-header-display":"","ast-hfb-above-header-display":"","ast-hfb-below-header-display":"","ast-hfb-mobile-header-display":"","site-post-title":"","ast-breadcrumbs-content":"","ast-featured-img":"","footer-sml-layout":"","ast-disable-related-posts":"","theme-transparent-header-meta":"","adv-header-id-meta":"","stick-header-meta":"","header-above-stick-meta":"","header-main-stick-meta":"","header-below-stick-meta":"","astra-migrate-meta-layouts":"default","ast-page-background-enabled":"default","ast-page-background-meta":{"desktop":{"background-color":"","background-image":"","background-repeat":"repeat","background-position":"center center","background-size":"auto","background-attachment":"scroll","background-type":"","background-media":"","overlay-type":"","overlay-color":"","overlay-opacity":"","overlay-gradient":""},"tablet":{"background-color":"","background-image":"","background-repeat":"repeat","background-position":"center center","background-size":"auto","background-attachment":"scroll","background-type":"","background-media":"","overlay-type":"","overlay-color":"","overlay-opacity":"","overlay-gradient":""},"mobile":{"background-color":"","background-image":"","background-repeat":"repeat","background-position":"center center","background-size":"auto","background-attachment":"scroll","background-type":"","background-media":"","overlay-type":"","overlay-color":"","overlay-opacity":"","overlay-gradient":""}},"ast-content-background-meta":{"desktop":{"background-color":"var(--ast-global-color-5)","background-image":"","background-repeat":"repeat","background-position":"center center","background-size":"auto","background-attachment":"scroll","background-type":"","background-media":"","overlay-type":"","overlay-color":"","overlay-opacity":"","overlay-gradient":""},"tablet":{"background-color":"var(--ast-global-color-5)","background-image":"","background-repeat":"repeat","background-position":"center center","background-size":"auto","background-attachment":"scroll","background-type":"","background-media":"","overlay-type":"","overlay-color":"","overlay-opacity":"","overlay-gradient":""},"mobile":{"background-color":"var(--ast-global-color-5)","background-image":"","background-repeat":"repeat","background-position":"center center","background-size":"auto","background-attachment":"scroll","background-type":"","background-media":"","overlay-type":"","overlay-color":"","overlay-opacity":"","overlay-gradient":""}},"footnotes":""},"categories":[2],"tags":[],"class_list":["post-196","post","type-post","status-publish","format-standard","has-post-thumbnail","hentry","category-pensieri"],"yoast_head":"<!-- This site is optimized with the Yoast SEO plugin v27.5 - https:\/\/yoast.com\/product\/yoast-seo-wordpress\/ -->\n<title>Abitare l&#039;Invisibile vivendo nel visibile - Concolino.it<\/title>\n<meta name=\"robots\" content=\"index, follow, max-snippet:-1, max-image-preview:large, max-video-preview:-1\" \/>\n<link rel=\"canonical\" href=\"https:\/\/www.concolino.it\/index.php\/2014\/06\/25\/abitare-linvisibile-vivere-il-visibile-pensieri\/\" \/>\n<meta property=\"og:locale\" content=\"it_IT\" \/>\n<meta property=\"og:type\" content=\"article\" \/>\n<meta property=\"og:title\" content=\"Abitare l&#039;Invisibile vivendo nel visibile - Concolino.it\" \/>\n<meta property=\"og:description\" content=\"E&#8217; da un po&#8217; di tempo che osservo la profonda dialettica ed il forte legame tra visibilit\u00e0 ed invisibilit\u00e0. Osservando il mondo e noi stessi\u00a0trovo sempre la stessa legge: c&#8217;\u00e8 [&hellip;]\" \/>\n<meta property=\"og:url\" content=\"https:\/\/www.concolino.it\/index.php\/2014\/06\/25\/abitare-linvisibile-vivere-il-visibile-pensieri\/\" \/>\n<meta property=\"og:site_name\" content=\"Concolino.it\" \/>\n<meta property=\"article:publisher\" content=\"https:\/\/www.facebook.com\/don.mik.94\" \/>\n<meta property=\"article:author\" content=\"https:\/\/www.facebook.com\/don.mik.94\" \/>\n<meta property=\"article:published_time\" content=\"2014-06-25T09:21:26+00:00\" \/>\n<meta property=\"article:modified_time\" content=\"2016-03-04T20:44:23+00:00\" \/>\n<meta property=\"og:image\" content=\"https:\/\/www.concolino.it\/wp-content\/uploads\/2014\/06\/aaaa.jpg\" \/>\n\t<meta property=\"og:image:width\" content=\"700\" \/>\n\t<meta property=\"og:image:height\" content=\"464\" \/>\n\t<meta property=\"og:image:type\" content=\"image\/jpeg\" \/>\n<meta name=\"author\" content=\"Domenico Concolino\" \/>\n<meta name=\"twitter:card\" content=\"summary_large_image\" \/>\n<meta name=\"twitter:creator\" content=\"@https:\/\/twitter.com\/don_mik\" \/>\n<meta name=\"twitter:site\" content=\"@don_mik\" \/>\n<meta name=\"twitter:label1\" content=\"Scritto da\" \/>\n\t<meta name=\"twitter:data1\" content=\"Domenico Concolino\" \/>\n\t<meta name=\"twitter:label2\" content=\"Tempo di lettura stimato\" \/>\n\t<meta name=\"twitter:data2\" content=\"3 minuti\" \/>\n<script type=\"application\/ld+json\" class=\"yoast-schema-graph\">{\"@context\":\"https:\\\/\\\/schema.org\",\"@graph\":[{\"@type\":\"Article\",\"@id\":\"https:\\\/\\\/www.concolino.it\\\/index.php\\\/2014\\\/06\\\/25\\\/abitare-linvisibile-vivere-il-visibile-pensieri\\\/#article\",\"isPartOf\":{\"@id\":\"https:\\\/\\\/www.concolino.it\\\/index.php\\\/2014\\\/06\\\/25\\\/abitare-linvisibile-vivere-il-visibile-pensieri\\\/\"},\"author\":{\"name\":\"Domenico Concolino\",\"@id\":\"https:\\\/\\\/www.concolino.it\\\/#\\\/schema\\\/person\\\/dfa8517603a44e77da85e7eb5139c070\"},\"headline\":\"Abitare l&#8217;Invisibile vivendo nel visibile\",\"datePublished\":\"2014-06-25T09:21:26+00:00\",\"dateModified\":\"2016-03-04T20:44:23+00:00\",\"mainEntityOfPage\":{\"@id\":\"https:\\\/\\\/www.concolino.it\\\/index.php\\\/2014\\\/06\\\/25\\\/abitare-linvisibile-vivere-il-visibile-pensieri\\\/\"},\"wordCount\":549,\"commentCount\":0,\"publisher\":{\"@id\":\"https:\\\/\\\/www.concolino.it\\\/#\\\/schema\\\/person\\\/dfa8517603a44e77da85e7eb5139c070\"},\"image\":{\"@id\":\"https:\\\/\\\/www.concolino.it\\\/index.php\\\/2014\\\/06\\\/25\\\/abitare-linvisibile-vivere-il-visibile-pensieri\\\/#primaryimage\"},\"thumbnailUrl\":\"https:\\\/\\\/www.concolino.it\\\/wp-content\\\/uploads\\\/2014\\\/06\\\/aaaa.jpg\",\"articleSection\":[\"Pensieri\"],\"inLanguage\":\"it-IT\",\"potentialAction\":[{\"@type\":\"CommentAction\",\"name\":\"Comment\",\"target\":[\"https:\\\/\\\/www.concolino.it\\\/index.php\\\/2014\\\/06\\\/25\\\/abitare-linvisibile-vivere-il-visibile-pensieri\\\/#respond\"]}]},{\"@type\":\"WebPage\",\"@id\":\"https:\\\/\\\/www.concolino.it\\\/index.php\\\/2014\\\/06\\\/25\\\/abitare-linvisibile-vivere-il-visibile-pensieri\\\/\",\"url\":\"https:\\\/\\\/www.concolino.it\\\/index.php\\\/2014\\\/06\\\/25\\\/abitare-linvisibile-vivere-il-visibile-pensieri\\\/\",\"name\":\"Abitare l'Invisibile vivendo nel visibile - Concolino.it\",\"isPartOf\":{\"@id\":\"https:\\\/\\\/www.concolino.it\\\/#website\"},\"primaryImageOfPage\":{\"@id\":\"https:\\\/\\\/www.concolino.it\\\/index.php\\\/2014\\\/06\\\/25\\\/abitare-linvisibile-vivere-il-visibile-pensieri\\\/#primaryimage\"},\"image\":{\"@id\":\"https:\\\/\\\/www.concolino.it\\\/index.php\\\/2014\\\/06\\\/25\\\/abitare-linvisibile-vivere-il-visibile-pensieri\\\/#primaryimage\"},\"thumbnailUrl\":\"https:\\\/\\\/www.concolino.it\\\/wp-content\\\/uploads\\\/2014\\\/06\\\/aaaa.jpg\",\"datePublished\":\"2014-06-25T09:21:26+00:00\",\"dateModified\":\"2016-03-04T20:44:23+00:00\",\"breadcrumb\":{\"@id\":\"https:\\\/\\\/www.concolino.it\\\/index.php\\\/2014\\\/06\\\/25\\\/abitare-linvisibile-vivere-il-visibile-pensieri\\\/#breadcrumb\"},\"inLanguage\":\"it-IT\",\"potentialAction\":[{\"@type\":\"ReadAction\",\"target\":[\"https:\\\/\\\/www.concolino.it\\\/index.php\\\/2014\\\/06\\\/25\\\/abitare-linvisibile-vivere-il-visibile-pensieri\\\/\"]}]},{\"@type\":\"ImageObject\",\"inLanguage\":\"it-IT\",\"@id\":\"https:\\\/\\\/www.concolino.it\\\/index.php\\\/2014\\\/06\\\/25\\\/abitare-linvisibile-vivere-il-visibile-pensieri\\\/#primaryimage\",\"url\":\"https:\\\/\\\/www.concolino.it\\\/wp-content\\\/uploads\\\/2014\\\/06\\\/aaaa.jpg\",\"contentUrl\":\"https:\\\/\\\/www.concolino.it\\\/wp-content\\\/uploads\\\/2014\\\/06\\\/aaaa.jpg\",\"width\":700,\"height\":464},{\"@type\":\"BreadcrumbList\",\"@id\":\"https:\\\/\\\/www.concolino.it\\\/index.php\\\/2014\\\/06\\\/25\\\/abitare-linvisibile-vivere-il-visibile-pensieri\\\/#breadcrumb\",\"itemListElement\":[{\"@type\":\"ListItem\",\"position\":1,\"name\":\"Home\",\"item\":\"https:\\\/\\\/www.concolino.it\\\/\"},{\"@type\":\"ListItem\",\"position\":2,\"name\":\"Abitare l&#8217;Invisibile vivendo nel visibile\"}]},{\"@type\":\"WebSite\",\"@id\":\"https:\\\/\\\/www.concolino.it\\\/#website\",\"url\":\"https:\\\/\\\/www.concolino.it\\\/\",\"name\":\"Concolino.it\",\"description\":\"Allargare gli spazi del Verbo\",\"publisher\":{\"@id\":\"https:\\\/\\\/www.concolino.it\\\/#\\\/schema\\\/person\\\/dfa8517603a44e77da85e7eb5139c070\"},\"potentialAction\":[{\"@type\":\"SearchAction\",\"target\":{\"@type\":\"EntryPoint\",\"urlTemplate\":\"https:\\\/\\\/www.concolino.it\\\/?s={search_term_string}\"},\"query-input\":{\"@type\":\"PropertyValueSpecification\",\"valueRequired\":true,\"valueName\":\"search_term_string\"}}],\"inLanguage\":\"it-IT\"},{\"@type\":[\"Person\",\"Organization\"],\"@id\":\"https:\\\/\\\/www.concolino.it\\\/#\\\/schema\\\/person\\\/dfa8517603a44e77da85e7eb5139c070\",\"name\":\"Domenico Concolino\",\"image\":{\"@type\":\"ImageObject\",\"inLanguage\":\"it-IT\",\"@id\":\"https:\\\/\\\/www.concolino.it\\\/wp-content\\\/uploads\\\/2014\\\/07\\\/CT5W9104.jpg\",\"url\":\"https:\\\/\\\/www.concolino.it\\\/wp-content\\\/uploads\\\/2014\\\/07\\\/CT5W9104.jpg\",\"contentUrl\":\"https:\\\/\\\/www.concolino.it\\\/wp-content\\\/uploads\\\/2014\\\/07\\\/CT5W9104.jpg\",\"width\":1276,\"height\":850,\"caption\":\"Domenico Concolino\"},\"logo\":{\"@id\":\"https:\\\/\\\/www.concolino.it\\\/wp-content\\\/uploads\\\/2014\\\/07\\\/CT5W9104.jpg\"},\"description\":\"Teologo | Cappellano Campus Universit\u00e0 Magna Graecia | Direttore Ufficio Regione Universit\u00e0 Scuola Educazione (Calabria)\",\"sameAs\":[\"https:\\\/\\\/www.facebook.com\\\/don.mik.94\",\"https:\\\/\\\/x.com\\\/https:\\\/\\\/twitter.com\\\/don_mik\"],\"url\":\"https:\\\/\\\/www.concolino.it\\\/index.php\\\/author\\\/admin\\\/\"}]}<\/script>\n<!-- \/ Yoast SEO plugin. -->","yoast_head_json":{"title":"Abitare l'Invisibile vivendo nel visibile - Concolino.it","robots":{"index":"index","follow":"follow","max-snippet":"max-snippet:-1","max-image-preview":"max-image-preview:large","max-video-preview":"max-video-preview:-1"},"canonical":"https:\/\/www.concolino.it\/index.php\/2014\/06\/25\/abitare-linvisibile-vivere-il-visibile-pensieri\/","og_locale":"it_IT","og_type":"article","og_title":"Abitare l'Invisibile vivendo nel visibile - Concolino.it","og_description":"E&#8217; da un po&#8217; di tempo che osservo la profonda dialettica ed il forte legame tra visibilit\u00e0 ed invisibilit\u00e0. Osservando il mondo e noi stessi\u00a0trovo sempre la stessa legge: c&#8217;\u00e8 [&hellip;]","og_url":"https:\/\/www.concolino.it\/index.php\/2014\/06\/25\/abitare-linvisibile-vivere-il-visibile-pensieri\/","og_site_name":"Concolino.it","article_publisher":"https:\/\/www.facebook.com\/don.mik.94","article_author":"https:\/\/www.facebook.com\/don.mik.94","article_published_time":"2014-06-25T09:21:26+00:00","article_modified_time":"2016-03-04T20:44:23+00:00","og_image":[{"width":700,"height":464,"url":"https:\/\/www.concolino.it\/wp-content\/uploads\/2014\/06\/aaaa.jpg","type":"image\/jpeg"}],"author":"Domenico Concolino","twitter_card":"summary_large_image","twitter_creator":"@https:\/\/twitter.com\/don_mik","twitter_site":"@don_mik","twitter_misc":{"Scritto da":"Domenico Concolino","Tempo di lettura stimato":"3 minuti"},"schema":{"@context":"https:\/\/schema.org","@graph":[{"@type":"Article","@id":"https:\/\/www.concolino.it\/index.php\/2014\/06\/25\/abitare-linvisibile-vivere-il-visibile-pensieri\/#article","isPartOf":{"@id":"https:\/\/www.concolino.it\/index.php\/2014\/06\/25\/abitare-linvisibile-vivere-il-visibile-pensieri\/"},"author":{"name":"Domenico Concolino","@id":"https:\/\/www.concolino.it\/#\/schema\/person\/dfa8517603a44e77da85e7eb5139c070"},"headline":"Abitare l&#8217;Invisibile vivendo nel visibile","datePublished":"2014-06-25T09:21:26+00:00","dateModified":"2016-03-04T20:44:23+00:00","mainEntityOfPage":{"@id":"https:\/\/www.concolino.it\/index.php\/2014\/06\/25\/abitare-linvisibile-vivere-il-visibile-pensieri\/"},"wordCount":549,"commentCount":0,"publisher":{"@id":"https:\/\/www.concolino.it\/#\/schema\/person\/dfa8517603a44e77da85e7eb5139c070"},"image":{"@id":"https:\/\/www.concolino.it\/index.php\/2014\/06\/25\/abitare-linvisibile-vivere-il-visibile-pensieri\/#primaryimage"},"thumbnailUrl":"https:\/\/www.concolino.it\/wp-content\/uploads\/2014\/06\/aaaa.jpg","articleSection":["Pensieri"],"inLanguage":"it-IT","potentialAction":[{"@type":"CommentAction","name":"Comment","target":["https:\/\/www.concolino.it\/index.php\/2014\/06\/25\/abitare-linvisibile-vivere-il-visibile-pensieri\/#respond"]}]},{"@type":"WebPage","@id":"https:\/\/www.concolino.it\/index.php\/2014\/06\/25\/abitare-linvisibile-vivere-il-visibile-pensieri\/","url":"https:\/\/www.concolino.it\/index.php\/2014\/06\/25\/abitare-linvisibile-vivere-il-visibile-pensieri\/","name":"Abitare l'Invisibile vivendo nel visibile - Concolino.it","isPartOf":{"@id":"https:\/\/www.concolino.it\/#website"},"primaryImageOfPage":{"@id":"https:\/\/www.concolino.it\/index.php\/2014\/06\/25\/abitare-linvisibile-vivere-il-visibile-pensieri\/#primaryimage"},"image":{"@id":"https:\/\/www.concolino.it\/index.php\/2014\/06\/25\/abitare-linvisibile-vivere-il-visibile-pensieri\/#primaryimage"},"thumbnailUrl":"https:\/\/www.concolino.it\/wp-content\/uploads\/2014\/06\/aaaa.jpg","datePublished":"2014-06-25T09:21:26+00:00","dateModified":"2016-03-04T20:44:23+00:00","breadcrumb":{"@id":"https:\/\/www.concolino.it\/index.php\/2014\/06\/25\/abitare-linvisibile-vivere-il-visibile-pensieri\/#breadcrumb"},"inLanguage":"it-IT","potentialAction":[{"@type":"ReadAction","target":["https:\/\/www.concolino.it\/index.php\/2014\/06\/25\/abitare-linvisibile-vivere-il-visibile-pensieri\/"]}]},{"@type":"ImageObject","inLanguage":"it-IT","@id":"https:\/\/www.concolino.it\/index.php\/2014\/06\/25\/abitare-linvisibile-vivere-il-visibile-pensieri\/#primaryimage","url":"https:\/\/www.concolino.it\/wp-content\/uploads\/2014\/06\/aaaa.jpg","contentUrl":"https:\/\/www.concolino.it\/wp-content\/uploads\/2014\/06\/aaaa.jpg","width":700,"height":464},{"@type":"BreadcrumbList","@id":"https:\/\/www.concolino.it\/index.php\/2014\/06\/25\/abitare-linvisibile-vivere-il-visibile-pensieri\/#breadcrumb","itemListElement":[{"@type":"ListItem","position":1,"name":"Home","item":"https:\/\/www.concolino.it\/"},{"@type":"ListItem","position":2,"name":"Abitare l&#8217;Invisibile vivendo nel visibile"}]},{"@type":"WebSite","@id":"https:\/\/www.concolino.it\/#website","url":"https:\/\/www.concolino.it\/","name":"Concolino.it","description":"Allargare gli spazi del Verbo","publisher":{"@id":"https:\/\/www.concolino.it\/#\/schema\/person\/dfa8517603a44e77da85e7eb5139c070"},"potentialAction":[{"@type":"SearchAction","target":{"@type":"EntryPoint","urlTemplate":"https:\/\/www.concolino.it\/?s={search_term_string}"},"query-input":{"@type":"PropertyValueSpecification","valueRequired":true,"valueName":"search_term_string"}}],"inLanguage":"it-IT"},{"@type":["Person","Organization"],"@id":"https:\/\/www.concolino.it\/#\/schema\/person\/dfa8517603a44e77da85e7eb5139c070","name":"Domenico Concolino","image":{"@type":"ImageObject","inLanguage":"it-IT","@id":"https:\/\/www.concolino.it\/wp-content\/uploads\/2014\/07\/CT5W9104.jpg","url":"https:\/\/www.concolino.it\/wp-content\/uploads\/2014\/07\/CT5W9104.jpg","contentUrl":"https:\/\/www.concolino.it\/wp-content\/uploads\/2014\/07\/CT5W9104.jpg","width":1276,"height":850,"caption":"Domenico Concolino"},"logo":{"@id":"https:\/\/www.concolino.it\/wp-content\/uploads\/2014\/07\/CT5W9104.jpg"},"description":"Teologo | Cappellano Campus Universit\u00e0 Magna Graecia | Direttore Ufficio Regione Universit\u00e0 Scuola Educazione (Calabria)","sameAs":["https:\/\/www.facebook.com\/don.mik.94","https:\/\/x.com\/https:\/\/twitter.com\/don_mik"],"url":"https:\/\/www.concolino.it\/index.php\/author\/admin\/"}]}},"_links":{"self":[{"href":"https:\/\/www.concolino.it\/index.php\/wp-json\/wp\/v2\/posts\/196","targetHints":{"allow":["GET"]}}],"collection":[{"href":"https:\/\/www.concolino.it\/index.php\/wp-json\/wp\/v2\/posts"}],"about":[{"href":"https:\/\/www.concolino.it\/index.php\/wp-json\/wp\/v2\/types\/post"}],"author":[{"embeddable":true,"href":"https:\/\/www.concolino.it\/index.php\/wp-json\/wp\/v2\/users\/1"}],"replies":[{"embeddable":true,"href":"https:\/\/www.concolino.it\/index.php\/wp-json\/wp\/v2\/comments?post=196"}],"version-history":[{"count":7,"href":"https:\/\/www.concolino.it\/index.php\/wp-json\/wp\/v2\/posts\/196\/revisions"}],"predecessor-version":[{"id":2167,"href":"https:\/\/www.concolino.it\/index.php\/wp-json\/wp\/v2\/posts\/196\/revisions\/2167"}],"wp:featuredmedia":[{"embeddable":true,"href":"https:\/\/www.concolino.it\/index.php\/wp-json\/wp\/v2\/media\/208"}],"wp:attachment":[{"href":"https:\/\/www.concolino.it\/index.php\/wp-json\/wp\/v2\/media?parent=196"}],"wp:term":[{"taxonomy":"category","embeddable":true,"href":"https:\/\/www.concolino.it\/index.php\/wp-json\/wp\/v2\/categories?post=196"},{"taxonomy":"post_tag","embeddable":true,"href":"https:\/\/www.concolino.it\/index.php\/wp-json\/wp\/v2\/tags?post=196"}],"curies":[{"name":"wp","href":"https:\/\/api.w.org\/{rel}","templated":true}]}}