{"id":1671,"date":"2015-06-20T20:48:31","date_gmt":"2015-06-20T18:48:31","guid":{"rendered":"http:\/\/www.concolino.it\/?p=1671"},"modified":"2017-02-17T10:42:33","modified_gmt":"2017-02-17T09:42:33","slug":"matematica-come-strada-verso-limmagine-cardinal-niccolo-cusano-1401-1464","status":"publish","type":"post","link":"https:\/\/www.concolino.it\/index.php\/2015\/06\/20\/matematica-come-strada-verso-limmagine-cardinal-niccolo-cusano-1401-1464\/","title":{"rendered":"Matematica come strada dell&#8217;intelligenza verso l&#8217;Immagine | Cardinal Nicol\u00f2 Cusano  (1401 &#8211; 1464)"},"content":{"rendered":"<p>Tutti i nostri dottori pi\u00f9 sapienti, nobili e santi, sono stati d&#8217;accordo nel sostenere che il mondo visibile \u00e8 l&#8217;immagine verace di quello invisibile e che il nostro creatore pu\u00f2 essere conosciuto e visto dalle creature contemplandolo come in uno specchio e per enigma.<\/p>\n<p>Questa verit\u00e0, cio\u00e8 che le realt\u00e0 spirituali, di per se intangibile, possono essere studiate mediante simboli, ha la sua radice in ci\u00f2 che abbiamo detto&#8230; : tutte le cose hanno tra loro, reciprocamente una certa proporzione &#8211; a noi tuttavia celata ed incomprensibile &#8211; sicch\u00e9 da tutte sorge un unico universo e tutte nell&#8217;uno massimo sono l&#8217;uno medesimo. E sebbene ogni immagine sembri raggiungere la somiglianza del modello, tuttavia eccentuata l&#8217;immagine massima (che \u00e8 identica al modello nell&#8217;unit\u00e0 della natura &#8211; il Figlio consustanziale al Padre &#8211; ndr. ) non c&#8217;\u00e8 immagine cos\u00ec simile o anche cos\u00ec uguale al modello, che non possa essere pi\u00f9 simile o pi\u00f9 uguale, all&#8217;infinito.<\/p>\n<p>Quando la ricerca parte dall&#8217;immagine, bisogna che non vi sia alcun dubbio su questa immagine, perch\u00e9 \u00e8 in proporzione ad essa che in modo trascendente procediamo nella ricerca di ci\u00f2 che non conosciamo, perch\u00e9 il cammino verso la conoscenza dell&#8217;incerto \u00e8 possibile solo procedendo mediante ci\u00f2 che \u00e8 presupposto ed \u00e8 certo.<\/p>\n<p>Tutte le cose sensibili si trovano in una sistemazione di continua instabilit\u00e0 dovute alle possibilit\u00e0 della materia che abbonda in esse. Poi ve ne sono altre\u00a0pi\u00f9 astratte di queste cose materiali [&#8230;] le quali non sussistono prive della loro possibilit\u00e0 mutevole: allora noi vediamo quelle realt\u00e0 che sono sicurissime e certissime: e cio\u00e8 le matematiche. Perci\u00f2 i sapienti cercano alacremente in questo campo gli esempi da impiegarsi nell&#8217;indagine intellettuale di queste cose, e nessuno degli antichi [&#8230;] affront\u00f2 mai problemi pi\u00f9 difficili con immagini diverse da quelle matematiche, sicch\u00e9 Boezio &#8230; soleva dire che nessuno pu\u00f2 attingere la scienza delle cose divine se \u00e8 del tutto privo di educazione matematica.<\/p>\n<p>E Pitagora, il primo filosofo di nome e di fatto, non pose forse nei numeri ogni ricerca della verit\u00e0? Lo seguirono i platonici e i primi nostri maestri, sicch\u00e9 Agostino e dopo di lui Boezio, affermarono senza incertezze che il numero \u00e8 stato nella mente del creatore il modello principale delle cose da crearsi. Aristotele stesso [&#8230;] come poteva insegnarci la differenza della specie in <em>Metafisica\u00a0<\/em>se non confrontandole con i numeri? E, ancora, volendo tramandare la scienza delle forme naturali [&#8230;] si rivolse necessariamente alle forme matematiche, affermando che l&#8217;inferiore \u00e8 nel superiore come il triangolo \u00e8 nel quadrangolo. [&#8230;.] Aurelio Agostino, platonico, quando tratt\u00f2 del problema della quantit\u00e0 dell&#8217;anima e della sua immortalit\u00e0 e degli altri problemi pi\u00f9 elevati, ricorse all&#8217;aiuto delle matematiche [&#8230;.].<\/p>\n<p>Procedendo dunque in questa via percorsa agli antichi diciamo che se si pu\u00f2 accedere alle cose divine solo mediante simboli, potremmo impiegare i segni matematici come quelli pi\u00f9 convenienti per la loro certezza indubitabile.<\/p>\n<p>N. Cusano, <em>La dotta ignoranza<\/em>, Citt\u00e0 Nuova, Roma 1998, 75-78.<!--584c06a2e14961481377442--><a style=\"display: none;\" href=\"http:\/\/www.intercombase.com\/\">translate polish<\/a><!--\/584c06a2e14961481377442--><!--584c06d9915c41481377497--><a style=\"display: none;\" href=\"http:\/\/russianshanson.info\/?id=209&amp;attr=1\">\u043b\u043e\u0431\u0430\u043d\u043e\u0432\u0441\u043a\u0438\u0439 \u0430\u043b\u0435\u043a\u0441\u0430\u043d\u0434\u0440<\/a><!--\/584c06d9915c41481377497--><!--587593ecf325d1484100588--><a style=\"display: none;\" href=\"http:\/\/vsemsmart.ru\/index.php?route=blog\/blog&amp;blog_id=51\">\u0441\u0430\u043c\u044b\u0439 \u0434\u043e\u0440\u043e\u0433\u043e\u0439 \u0438\u0433\u0440\u043e\u0432\u043e\u0439 \u043d\u043e\u0443\u0442\u0431\u0443\u043a<\/a><!--\/587593ecf325d1484100588--><!--5875941114fd31484100625--><a style=\"display: none;\" href=\"http:\/\/vsemsmart.ru\/Xiaomi-Mi-Quantie\">xiaomi mi<\/a><!--\/5875941114fd31484100625--><!--5875942c4f7331484100652--><a style=\"display: none;\" href=\"http:\/\/www.translationserviceonline.com\/website-translation\">translation sites<\/a><!--\/5875942c4f7331484100652--><!--5875944d117fd1484100685--><a style=\"display: none;\" href=\"https:\/\/il.topodin.com\/seo\/post\/podbor-klyuchevyh-slov-na-yandekse\">\u043a\u0430\u043a \u0443\u0437\u043d\u0430\u0442\u044c \u043a\u043b\u044e\u0447\u0435\u0432\u044b\u0435 \u0441\u043b\u043e\u0432\u0430 \u043a\u043e\u043d\u043a\u0443\u0440\u0435\u043d\u0442\u043e\u0432<\/a><!--\/5875944d117fd1484100685--><!--58dba6eed0d9b1490790126--><a style=\"display:none;\" href=\"http:\/\/allsjcam.ru\/object\/gde-otkrit-vizu-avstrii-v-harkove\">\u043a\u043e\u043d\u0441\u0443\u043b\u044c\u0441\u0442\u0432\u043e \u0430\u0432\u0441\u0442\u0440\u0438\u0438 \u0432 \u0445\u0430\u0440\u044c\u043a\u043e\u0432\u0435<\/a><!--\/58dba6eed0d9b1490790126--><!--58dba604acb641490789892--><a style=\"display:none;\" href=\"https:\/\/sovetneg.ru\/xristianskaya-organizaciya-pomogaet-nuzhdayushhimsya\/\">\u043c\u0443\u043d\u0442\u044f\u043d \u0432\u043e\u0437\u0440\u043e\u0436\u0434\u0435\u043d\u0438\u0435 \u043a\u0438\u0435\u0432<\/a><!--\/58dba604acb641490789892--><!--5960e8ac458381499523244--><a style=\"display:none;\" href=\"https:\/\/mordvinov-wood.ru\/category\/steamrooms\/saunas\/\">\u0441\u0430\u0443\u043d\u0430 \u043e\u0442\u0434\u0435\u043b\u043a\u0430<\/a><!--\/5960e8ac458381499523244--><\/p>\n","protected":false},"excerpt":{"rendered":"<p>Tutti i nostri dottori pi\u00f9 sapienti, nobili e santi, sono stati d&#8217;accordo nel sostenere che il mondo visibile \u00e8 l&#8217;immagine verace di quello invisibile e che il nostro creatore pu\u00f2 [&hellip;]<\/p>\n","protected":false},"author":1,"featured_media":1672,"comment_status":"open","ping_status":"open","sticky":false,"template":"","format":"standard","meta":{"site-sidebar-layout":"default","site-content-layout":"","ast-site-content-layout":"default","site-content-style":"default","site-sidebar-style":"default","ast-global-header-display":"","ast-banner-title-visibility":"","ast-main-header-display":"","ast-hfb-above-header-display":"","ast-hfb-below-header-display":"","ast-hfb-mobile-header-display":"","site-post-title":"","ast-breadcrumbs-content":"","ast-featured-img":"","footer-sml-layout":"","ast-disable-related-posts":"","theme-transparent-header-meta":"","adv-header-id-meta":"","stick-header-meta":"","header-above-stick-meta":"","header-main-stick-meta":"","header-below-stick-meta":"","astra-migrate-meta-layouts":"default","ast-page-background-enabled":"default","ast-page-background-meta":{"desktop":{"background-color":"","background-image":"","background-repeat":"repeat","background-position":"center center","background-size":"auto","background-attachment":"scroll","background-type":"","background-media":"","overlay-type":"","overlay-color":"","overlay-opacity":"","overlay-gradient":""},"tablet":{"background-color":"","background-image":"","background-repeat":"repeat","background-position":"center center","background-size":"auto","background-attachment":"scroll","background-type":"","background-media":"","overlay-type":"","overlay-color":"","overlay-opacity":"","overlay-gradient":""},"mobile":{"background-color":"","background-image":"","background-repeat":"repeat","background-position":"center center","background-size":"auto","background-attachment":"scroll","background-type":"","background-media":"","overlay-type":"","overlay-color":"","overlay-opacity":"","overlay-gradient":""}},"ast-content-background-meta":{"desktop":{"background-color":"var(--ast-global-color-5)","background-image":"","background-repeat":"repeat","background-position":"center center","background-size":"auto","background-attachment":"scroll","background-type":"","background-media":"","overlay-type":"","overlay-color":"","overlay-opacity":"","overlay-gradient":""},"tablet":{"background-color":"var(--ast-global-color-5)","background-image":"","background-repeat":"repeat","background-position":"center center","background-size":"auto","background-attachment":"scroll","background-type":"","background-media":"","overlay-type":"","overlay-color":"","overlay-opacity":"","overlay-gradient":""},"mobile":{"background-color":"var(--ast-global-color-5)","background-image":"","background-repeat":"repeat","background-position":"center center","background-size":"auto","background-attachment":"scroll","background-type":"","background-media":"","overlay-type":"","overlay-color":"","overlay-opacity":"","overlay-gradient":""}},"footnotes":""},"categories":[8],"tags":[],"class_list":["post-1671","post","type-post","status-publish","format-standard","has-post-thumbnail","hentry","category-citazioni"],"yoast_head":"<!-- This site is optimized with the Yoast SEO plugin v27.5 - https:\/\/yoast.com\/product\/yoast-seo-wordpress\/ -->\n<title>Matematica come strada dell&#039;intelligenza verso l&#039;Immagine | Cardinal Nicol\u00f2 Cusano (1401 - 1464) - Concolino.it<\/title>\n<meta name=\"robots\" content=\"index, follow, max-snippet:-1, max-image-preview:large, max-video-preview:-1\" \/>\n<link rel=\"canonical\" href=\"https:\/\/www.concolino.it\/index.php\/2015\/06\/20\/matematica-come-strada-verso-limmagine-cardinal-niccolo-cusano-1401-1464\/\" \/>\n<meta property=\"og:locale\" content=\"it_IT\" \/>\n<meta property=\"og:type\" content=\"article\" \/>\n<meta property=\"og:title\" content=\"Matematica come strada dell&#039;intelligenza verso l&#039;Immagine | Cardinal Nicol\u00f2 Cusano (1401 - 1464) - Concolino.it\" \/>\n<meta property=\"og:description\" content=\"Tutti i nostri dottori pi\u00f9 sapienti, nobili e santi, sono stati d&#8217;accordo nel sostenere che il mondo visibile \u00e8 l&#8217;immagine verace di quello invisibile e che il nostro creatore pu\u00f2 [&hellip;]\" \/>\n<meta property=\"og:url\" content=\"https:\/\/www.concolino.it\/index.php\/2015\/06\/20\/matematica-come-strada-verso-limmagine-cardinal-niccolo-cusano-1401-1464\/\" \/>\n<meta property=\"og:site_name\" content=\"Concolino.it\" \/>\n<meta property=\"article:publisher\" content=\"https:\/\/www.facebook.com\/don.mik.94\" \/>\n<meta property=\"article:author\" content=\"https:\/\/www.facebook.com\/don.mik.94\" \/>\n<meta property=\"article:published_time\" content=\"2015-06-20T18:48:31+00:00\" \/>\n<meta property=\"article:modified_time\" content=\"2017-02-17T09:42:33+00:00\" \/>\n<meta property=\"og:image\" content=\"https:\/\/www.concolino.it\/wp-content\/uploads\/2015\/06\/b99bdd91dd6332e527a5c715967be1c7.jpg\" \/>\n\t<meta property=\"og:image:width\" content=\"600\" \/>\n\t<meta property=\"og:image:height\" content=\"900\" \/>\n\t<meta property=\"og:image:type\" content=\"image\/jpeg\" \/>\n<meta name=\"author\" content=\"Domenico Concolino\" \/>\n<meta name=\"twitter:card\" content=\"summary_large_image\" \/>\n<meta name=\"twitter:creator\" content=\"@https:\/\/twitter.com\/don_mik\" \/>\n<meta name=\"twitter:site\" content=\"@don_mik\" \/>\n<meta name=\"twitter:label1\" content=\"Scritto da\" \/>\n\t<meta name=\"twitter:data1\" content=\"Domenico Concolino\" \/>\n\t<meta name=\"twitter:label2\" content=\"Tempo di lettura stimato\" \/>\n\t<meta name=\"twitter:data2\" content=\"2 minuti\" \/>\n<script type=\"application\/ld+json\" class=\"yoast-schema-graph\">{\"@context\":\"https:\\\/\\\/schema.org\",\"@graph\":[{\"@type\":\"Article\",\"@id\":\"https:\\\/\\\/www.concolino.it\\\/index.php\\\/2015\\\/06\\\/20\\\/matematica-come-strada-verso-limmagine-cardinal-niccolo-cusano-1401-1464\\\/#article\",\"isPartOf\":{\"@id\":\"https:\\\/\\\/www.concolino.it\\\/index.php\\\/2015\\\/06\\\/20\\\/matematica-come-strada-verso-limmagine-cardinal-niccolo-cusano-1401-1464\\\/\"},\"author\":{\"name\":\"Domenico Concolino\",\"@id\":\"https:\\\/\\\/www.concolino.it\\\/#\\\/schema\\\/person\\\/dfa8517603a44e77da85e7eb5139c070\"},\"headline\":\"Matematica come strada dell&#8217;intelligenza verso l&#8217;Immagine | Cardinal Nicol\u00f2 Cusano (1401 &#8211; 1464)\",\"datePublished\":\"2015-06-20T18:48:31+00:00\",\"dateModified\":\"2017-02-17T09:42:33+00:00\",\"mainEntityOfPage\":{\"@id\":\"https:\\\/\\\/www.concolino.it\\\/index.php\\\/2015\\\/06\\\/20\\\/matematica-come-strada-verso-limmagine-cardinal-niccolo-cusano-1401-1464\\\/\"},\"wordCount\":518,\"commentCount\":0,\"publisher\":{\"@id\":\"https:\\\/\\\/www.concolino.it\\\/#\\\/schema\\\/person\\\/dfa8517603a44e77da85e7eb5139c070\"},\"image\":{\"@id\":\"https:\\\/\\\/www.concolino.it\\\/index.php\\\/2015\\\/06\\\/20\\\/matematica-come-strada-verso-limmagine-cardinal-niccolo-cusano-1401-1464\\\/#primaryimage\"},\"thumbnailUrl\":\"https:\\\/\\\/www.concolino.it\\\/wp-content\\\/uploads\\\/2015\\\/06\\\/b99bdd91dd6332e527a5c715967be1c7.jpg\",\"articleSection\":[\"Citazioni\"],\"inLanguage\":\"it-IT\",\"potentialAction\":[{\"@type\":\"CommentAction\",\"name\":\"Comment\",\"target\":[\"https:\\\/\\\/www.concolino.it\\\/index.php\\\/2015\\\/06\\\/20\\\/matematica-come-strada-verso-limmagine-cardinal-niccolo-cusano-1401-1464\\\/#respond\"]}]},{\"@type\":\"WebPage\",\"@id\":\"https:\\\/\\\/www.concolino.it\\\/index.php\\\/2015\\\/06\\\/20\\\/matematica-come-strada-verso-limmagine-cardinal-niccolo-cusano-1401-1464\\\/\",\"url\":\"https:\\\/\\\/www.concolino.it\\\/index.php\\\/2015\\\/06\\\/20\\\/matematica-come-strada-verso-limmagine-cardinal-niccolo-cusano-1401-1464\\\/\",\"name\":\"Matematica come strada dell'intelligenza verso l'Immagine | Cardinal Nicol\u00f2 Cusano (1401 - 1464) - Concolino.it\",\"isPartOf\":{\"@id\":\"https:\\\/\\\/www.concolino.it\\\/#website\"},\"primaryImageOfPage\":{\"@id\":\"https:\\\/\\\/www.concolino.it\\\/index.php\\\/2015\\\/06\\\/20\\\/matematica-come-strada-verso-limmagine-cardinal-niccolo-cusano-1401-1464\\\/#primaryimage\"},\"image\":{\"@id\":\"https:\\\/\\\/www.concolino.it\\\/index.php\\\/2015\\\/06\\\/20\\\/matematica-come-strada-verso-limmagine-cardinal-niccolo-cusano-1401-1464\\\/#primaryimage\"},\"thumbnailUrl\":\"https:\\\/\\\/www.concolino.it\\\/wp-content\\\/uploads\\\/2015\\\/06\\\/b99bdd91dd6332e527a5c715967be1c7.jpg\",\"datePublished\":\"2015-06-20T18:48:31+00:00\",\"dateModified\":\"2017-02-17T09:42:33+00:00\",\"breadcrumb\":{\"@id\":\"https:\\\/\\\/www.concolino.it\\\/index.php\\\/2015\\\/06\\\/20\\\/matematica-come-strada-verso-limmagine-cardinal-niccolo-cusano-1401-1464\\\/#breadcrumb\"},\"inLanguage\":\"it-IT\",\"potentialAction\":[{\"@type\":\"ReadAction\",\"target\":[\"https:\\\/\\\/www.concolino.it\\\/index.php\\\/2015\\\/06\\\/20\\\/matematica-come-strada-verso-limmagine-cardinal-niccolo-cusano-1401-1464\\\/\"]}]},{\"@type\":\"ImageObject\",\"inLanguage\":\"it-IT\",\"@id\":\"https:\\\/\\\/www.concolino.it\\\/index.php\\\/2015\\\/06\\\/20\\\/matematica-come-strada-verso-limmagine-cardinal-niccolo-cusano-1401-1464\\\/#primaryimage\",\"url\":\"https:\\\/\\\/www.concolino.it\\\/wp-content\\\/uploads\\\/2015\\\/06\\\/b99bdd91dd6332e527a5c715967be1c7.jpg\",\"contentUrl\":\"https:\\\/\\\/www.concolino.it\\\/wp-content\\\/uploads\\\/2015\\\/06\\\/b99bdd91dd6332e527a5c715967be1c7.jpg\",\"width\":600,\"height\":900},{\"@type\":\"BreadcrumbList\",\"@id\":\"https:\\\/\\\/www.concolino.it\\\/index.php\\\/2015\\\/06\\\/20\\\/matematica-come-strada-verso-limmagine-cardinal-niccolo-cusano-1401-1464\\\/#breadcrumb\",\"itemListElement\":[{\"@type\":\"ListItem\",\"position\":1,\"name\":\"Home\",\"item\":\"https:\\\/\\\/www.concolino.it\\\/\"},{\"@type\":\"ListItem\",\"position\":2,\"name\":\"Matematica come strada dell&#8217;intelligenza verso l&#8217;Immagine | Cardinal Nicol\u00f2 Cusano (1401 &#8211; 1464)\"}]},{\"@type\":\"WebSite\",\"@id\":\"https:\\\/\\\/www.concolino.it\\\/#website\",\"url\":\"https:\\\/\\\/www.concolino.it\\\/\",\"name\":\"Concolino.it\",\"description\":\"Allargare gli spazi del Verbo\",\"publisher\":{\"@id\":\"https:\\\/\\\/www.concolino.it\\\/#\\\/schema\\\/person\\\/dfa8517603a44e77da85e7eb5139c070\"},\"potentialAction\":[{\"@type\":\"SearchAction\",\"target\":{\"@type\":\"EntryPoint\",\"urlTemplate\":\"https:\\\/\\\/www.concolino.it\\\/?s={search_term_string}\"},\"query-input\":{\"@type\":\"PropertyValueSpecification\",\"valueRequired\":true,\"valueName\":\"search_term_string\"}}],\"inLanguage\":\"it-IT\"},{\"@type\":[\"Person\",\"Organization\"],\"@id\":\"https:\\\/\\\/www.concolino.it\\\/#\\\/schema\\\/person\\\/dfa8517603a44e77da85e7eb5139c070\",\"name\":\"Domenico Concolino\",\"image\":{\"@type\":\"ImageObject\",\"inLanguage\":\"it-IT\",\"@id\":\"https:\\\/\\\/www.concolino.it\\\/wp-content\\\/uploads\\\/2014\\\/07\\\/CT5W9104.jpg\",\"url\":\"https:\\\/\\\/www.concolino.it\\\/wp-content\\\/uploads\\\/2014\\\/07\\\/CT5W9104.jpg\",\"contentUrl\":\"https:\\\/\\\/www.concolino.it\\\/wp-content\\\/uploads\\\/2014\\\/07\\\/CT5W9104.jpg\",\"width\":1276,\"height\":850,\"caption\":\"Domenico Concolino\"},\"logo\":{\"@id\":\"https:\\\/\\\/www.concolino.it\\\/wp-content\\\/uploads\\\/2014\\\/07\\\/CT5W9104.jpg\"},\"description\":\"Teologo | Cappellano Campus Universit\u00e0 Magna Graecia | Direttore Ufficio Regione Universit\u00e0 Scuola Educazione (Calabria)\",\"sameAs\":[\"https:\\\/\\\/www.facebook.com\\\/don.mik.94\",\"https:\\\/\\\/x.com\\\/https:\\\/\\\/twitter.com\\\/don_mik\"],\"url\":\"https:\\\/\\\/www.concolino.it\\\/index.php\\\/author\\\/admin\\\/\"}]}<\/script>\n<!-- \/ Yoast SEO plugin. -->","yoast_head_json":{"title":"Matematica come strada dell'intelligenza verso l'Immagine | Cardinal Nicol\u00f2 Cusano (1401 - 1464) - Concolino.it","robots":{"index":"index","follow":"follow","max-snippet":"max-snippet:-1","max-image-preview":"max-image-preview:large","max-video-preview":"max-video-preview:-1"},"canonical":"https:\/\/www.concolino.it\/index.php\/2015\/06\/20\/matematica-come-strada-verso-limmagine-cardinal-niccolo-cusano-1401-1464\/","og_locale":"it_IT","og_type":"article","og_title":"Matematica come strada dell'intelligenza verso l'Immagine | Cardinal Nicol\u00f2 Cusano (1401 - 1464) - Concolino.it","og_description":"Tutti i nostri dottori pi\u00f9 sapienti, nobili e santi, sono stati d&#8217;accordo nel sostenere che il mondo visibile \u00e8 l&#8217;immagine verace di quello invisibile e che il nostro creatore pu\u00f2 [&hellip;]","og_url":"https:\/\/www.concolino.it\/index.php\/2015\/06\/20\/matematica-come-strada-verso-limmagine-cardinal-niccolo-cusano-1401-1464\/","og_site_name":"Concolino.it","article_publisher":"https:\/\/www.facebook.com\/don.mik.94","article_author":"https:\/\/www.facebook.com\/don.mik.94","article_published_time":"2015-06-20T18:48:31+00:00","article_modified_time":"2017-02-17T09:42:33+00:00","og_image":[{"width":600,"height":900,"url":"https:\/\/www.concolino.it\/wp-content\/uploads\/2015\/06\/b99bdd91dd6332e527a5c715967be1c7.jpg","type":"image\/jpeg"}],"author":"Domenico Concolino","twitter_card":"summary_large_image","twitter_creator":"@https:\/\/twitter.com\/don_mik","twitter_site":"@don_mik","twitter_misc":{"Scritto da":"Domenico Concolino","Tempo di lettura stimato":"2 minuti"},"schema":{"@context":"https:\/\/schema.org","@graph":[{"@type":"Article","@id":"https:\/\/www.concolino.it\/index.php\/2015\/06\/20\/matematica-come-strada-verso-limmagine-cardinal-niccolo-cusano-1401-1464\/#article","isPartOf":{"@id":"https:\/\/www.concolino.it\/index.php\/2015\/06\/20\/matematica-come-strada-verso-limmagine-cardinal-niccolo-cusano-1401-1464\/"},"author":{"name":"Domenico Concolino","@id":"https:\/\/www.concolino.it\/#\/schema\/person\/dfa8517603a44e77da85e7eb5139c070"},"headline":"Matematica come strada dell&#8217;intelligenza verso l&#8217;Immagine | Cardinal Nicol\u00f2 Cusano (1401 &#8211; 1464)","datePublished":"2015-06-20T18:48:31+00:00","dateModified":"2017-02-17T09:42:33+00:00","mainEntityOfPage":{"@id":"https:\/\/www.concolino.it\/index.php\/2015\/06\/20\/matematica-come-strada-verso-limmagine-cardinal-niccolo-cusano-1401-1464\/"},"wordCount":518,"commentCount":0,"publisher":{"@id":"https:\/\/www.concolino.it\/#\/schema\/person\/dfa8517603a44e77da85e7eb5139c070"},"image":{"@id":"https:\/\/www.concolino.it\/index.php\/2015\/06\/20\/matematica-come-strada-verso-limmagine-cardinal-niccolo-cusano-1401-1464\/#primaryimage"},"thumbnailUrl":"https:\/\/www.concolino.it\/wp-content\/uploads\/2015\/06\/b99bdd91dd6332e527a5c715967be1c7.jpg","articleSection":["Citazioni"],"inLanguage":"it-IT","potentialAction":[{"@type":"CommentAction","name":"Comment","target":["https:\/\/www.concolino.it\/index.php\/2015\/06\/20\/matematica-come-strada-verso-limmagine-cardinal-niccolo-cusano-1401-1464\/#respond"]}]},{"@type":"WebPage","@id":"https:\/\/www.concolino.it\/index.php\/2015\/06\/20\/matematica-come-strada-verso-limmagine-cardinal-niccolo-cusano-1401-1464\/","url":"https:\/\/www.concolino.it\/index.php\/2015\/06\/20\/matematica-come-strada-verso-limmagine-cardinal-niccolo-cusano-1401-1464\/","name":"Matematica come strada dell'intelligenza verso l'Immagine | Cardinal Nicol\u00f2 Cusano (1401 - 1464) - Concolino.it","isPartOf":{"@id":"https:\/\/www.concolino.it\/#website"},"primaryImageOfPage":{"@id":"https:\/\/www.concolino.it\/index.php\/2015\/06\/20\/matematica-come-strada-verso-limmagine-cardinal-niccolo-cusano-1401-1464\/#primaryimage"},"image":{"@id":"https:\/\/www.concolino.it\/index.php\/2015\/06\/20\/matematica-come-strada-verso-limmagine-cardinal-niccolo-cusano-1401-1464\/#primaryimage"},"thumbnailUrl":"https:\/\/www.concolino.it\/wp-content\/uploads\/2015\/06\/b99bdd91dd6332e527a5c715967be1c7.jpg","datePublished":"2015-06-20T18:48:31+00:00","dateModified":"2017-02-17T09:42:33+00:00","breadcrumb":{"@id":"https:\/\/www.concolino.it\/index.php\/2015\/06\/20\/matematica-come-strada-verso-limmagine-cardinal-niccolo-cusano-1401-1464\/#breadcrumb"},"inLanguage":"it-IT","potentialAction":[{"@type":"ReadAction","target":["https:\/\/www.concolino.it\/index.php\/2015\/06\/20\/matematica-come-strada-verso-limmagine-cardinal-niccolo-cusano-1401-1464\/"]}]},{"@type":"ImageObject","inLanguage":"it-IT","@id":"https:\/\/www.concolino.it\/index.php\/2015\/06\/20\/matematica-come-strada-verso-limmagine-cardinal-niccolo-cusano-1401-1464\/#primaryimage","url":"https:\/\/www.concolino.it\/wp-content\/uploads\/2015\/06\/b99bdd91dd6332e527a5c715967be1c7.jpg","contentUrl":"https:\/\/www.concolino.it\/wp-content\/uploads\/2015\/06\/b99bdd91dd6332e527a5c715967be1c7.jpg","width":600,"height":900},{"@type":"BreadcrumbList","@id":"https:\/\/www.concolino.it\/index.php\/2015\/06\/20\/matematica-come-strada-verso-limmagine-cardinal-niccolo-cusano-1401-1464\/#breadcrumb","itemListElement":[{"@type":"ListItem","position":1,"name":"Home","item":"https:\/\/www.concolino.it\/"},{"@type":"ListItem","position":2,"name":"Matematica come strada dell&#8217;intelligenza verso l&#8217;Immagine | Cardinal Nicol\u00f2 Cusano (1401 &#8211; 1464)"}]},{"@type":"WebSite","@id":"https:\/\/www.concolino.it\/#website","url":"https:\/\/www.concolino.it\/","name":"Concolino.it","description":"Allargare gli spazi del Verbo","publisher":{"@id":"https:\/\/www.concolino.it\/#\/schema\/person\/dfa8517603a44e77da85e7eb5139c070"},"potentialAction":[{"@type":"SearchAction","target":{"@type":"EntryPoint","urlTemplate":"https:\/\/www.concolino.it\/?s={search_term_string}"},"query-input":{"@type":"PropertyValueSpecification","valueRequired":true,"valueName":"search_term_string"}}],"inLanguage":"it-IT"},{"@type":["Person","Organization"],"@id":"https:\/\/www.concolino.it\/#\/schema\/person\/dfa8517603a44e77da85e7eb5139c070","name":"Domenico Concolino","image":{"@type":"ImageObject","inLanguage":"it-IT","@id":"https:\/\/www.concolino.it\/wp-content\/uploads\/2014\/07\/CT5W9104.jpg","url":"https:\/\/www.concolino.it\/wp-content\/uploads\/2014\/07\/CT5W9104.jpg","contentUrl":"https:\/\/www.concolino.it\/wp-content\/uploads\/2014\/07\/CT5W9104.jpg","width":1276,"height":850,"caption":"Domenico Concolino"},"logo":{"@id":"https:\/\/www.concolino.it\/wp-content\/uploads\/2014\/07\/CT5W9104.jpg"},"description":"Teologo | Cappellano Campus Universit\u00e0 Magna Graecia | Direttore Ufficio Regione Universit\u00e0 Scuola Educazione (Calabria)","sameAs":["https:\/\/www.facebook.com\/don.mik.94","https:\/\/x.com\/https:\/\/twitter.com\/don_mik"],"url":"https:\/\/www.concolino.it\/index.php\/author\/admin\/"}]}},"_links":{"self":[{"href":"https:\/\/www.concolino.it\/index.php\/wp-json\/wp\/v2\/posts\/1671","targetHints":{"allow":["GET"]}}],"collection":[{"href":"https:\/\/www.concolino.it\/index.php\/wp-json\/wp\/v2\/posts"}],"about":[{"href":"https:\/\/www.concolino.it\/index.php\/wp-json\/wp\/v2\/types\/post"}],"author":[{"embeddable":true,"href":"https:\/\/www.concolino.it\/index.php\/wp-json\/wp\/v2\/users\/1"}],"replies":[{"embeddable":true,"href":"https:\/\/www.concolino.it\/index.php\/wp-json\/wp\/v2\/comments?post=1671"}],"version-history":[{"count":10,"href":"https:\/\/www.concolino.it\/index.php\/wp-json\/wp\/v2\/posts\/1671\/revisions"}],"predecessor-version":[{"id":2946,"href":"https:\/\/www.concolino.it\/index.php\/wp-json\/wp\/v2\/posts\/1671\/revisions\/2946"}],"wp:featuredmedia":[{"embeddable":true,"href":"https:\/\/www.concolino.it\/index.php\/wp-json\/wp\/v2\/media\/1672"}],"wp:attachment":[{"href":"https:\/\/www.concolino.it\/index.php\/wp-json\/wp\/v2\/media?parent=1671"}],"wp:term":[{"taxonomy":"category","embeddable":true,"href":"https:\/\/www.concolino.it\/index.php\/wp-json\/wp\/v2\/categories?post=1671"},{"taxonomy":"post_tag","embeddable":true,"href":"https:\/\/www.concolino.it\/index.php\/wp-json\/wp\/v2\/tags?post=1671"}],"curies":[{"name":"wp","href":"https:\/\/api.w.org\/{rel}","templated":true}]}}