{"id":1414,"date":"2015-04-11T13:08:49","date_gmt":"2015-04-11T11:08:49","guid":{"rendered":"http:\/\/www.concolino.it\/?p=1414"},"modified":"2016-03-04T21:47:04","modified_gmt":"2016-03-04T20:47:04","slug":"eresia-come-solitudine-pensieri","status":"publish","type":"post","link":"https:\/\/www.concolino.it\/index.php\/2015\/04\/11\/eresia-come-solitudine-pensieri\/","title":{"rendered":"Eresia come isolamento"},"content":{"rendered":"<p>C&#8217;\u00e8 una questione intimamente connessa con l&#8217;assenza di un pensiero pensato illuminato dalla grazia.<\/p>\n<p>\u00c9 questa una\u00a0questione che tocca il cuore del cristianesimo\u00a0e interessa\u00a0l&#8217;elaborazione\u00a0di pensieri parziali che si\u00a0presentano\u00a0come il tutto della\u00a0fede.<\/p>\n<p>L&#8217;eresia, si sa, \u00e8 una scelta &#8211; pi\u00f9 o meno consapevole &#8211; di una parte della Verit\u00e0 di\u00a0Dio, una esaltazione di un frammento di essa, che per\u00f2 viene esaltata indipendentemente dalla piena verit\u00e0 del Vangelo. Eresia \u00e8 una scelta separatista, anche se\u00a0alla luce di principi <em>solamente<\/em> umani sembra la cosa pi\u00f9 corretta.<\/p>\n<p>In questo senso tutti possiamo essere potenzialmente &#8220;eretici&#8221;, tutti lo siamo &#8211; pi\u00f9 o meno inconsciamente &#8211; \u00a0nel momento in cui perdiamo di vista il tutto rivelato da Dio, la grande luce della fede, e ci rifugiamo nel frammetto assolutizzato.<\/p>\n<p>Ma a guardare da pi\u00f9 vicino la cosa, nel &#8216;pensiero parziale&#8217; ci\u00f2 che ha il sopravvento\u00a0sulla totalit\u00e0 del vero \u00e8\u00a0il nostro giudizio e la nostra volont\u00e0. Mentre la grande luce della fede invita ad allargare lo sguardo accogliendo in un costante cammino\u00a0il tutto della rivelazione di Dio senza decurtazioni o travisamenti, nell&#8217;eresia \u00e8\u00a0la volont\u00e0 dell&#8217;uomo ad interrompere il cammino di\u00a0ricerca di Dio, cessando la sua accoglienza. In questo senso il tutto della verit\u00e0 di Cristo Signore, che risplende <em>fuori di noi<\/em> e non solo in noi, si disperde e si\u00a0fossilizza. Cristo non \u00e8 pi\u00f9 amato secondo verit\u00e0 e la nostra esistenza decade, tutto \u00e8 ridotto ad un &#8220;sentire&#8221;, al centro di tutto resta il nostro &#8216;io&#8217; e le sue voglie.<\/p>\n<p>L&#8217;eresia \u00e8 una scelta di parzialit\u00e0 che genera non vita. Qui il male di molti cuori.<\/p>\n<p>In fondo per\u00f2, la\u00a0decisione di non credere al tutto rivelato di Dio, un tutto gi\u00e0 accolto e vissuto\u00a0dalla Chiesa, fa sorgere un nuovo &#8216;territorio&#8217; e\u00a0fissandoci su <em>un aspetto<\/em> del mistero Dio diveniamo isolati. Ora il nostro &#8216;credo&#8217;, \u00a0magari conforme al pensare di altri, si ripropone al mondo come nuova verit\u00e0, ma al prezzo della dimenticanza della bellezza originaria del\u00a0tutto di Dio in Ges\u00f9 Cristo. Qui la verit\u00e0 decade divenendo consenso e accordo tra gli uomini.<\/p>\n<p>\u00c9 questa una scelta\u00a0che non tiene in nessun conto la riflessione\u00a0millenaria della Chiesa, fede riflettuta e spiegata da santi, dottori della Chiesa, Vescovi, mistici.<\/p>\n<p>Lo sappiamo, chi crede non \u00e8 mai solo, ma \u00e8 parte di un corpo\u00a0vivente abitato da una verit\u00e0 sinfonica. Inoltre nella stragrande maggioranza dei casi, chi crede non \u00e8 mai la prima persona a riflettere sul\u00a0mistero di Cristo e della Chiesa. Con l&#8217;aiuto dello Spirito Santo, con la\u00a0sua retta coscienza e la sua onest\u00e0 intellettuale, il seguace di Cristo accresce\u00a0il suo atto di fede, uscendo progressivamente dalla sua solitudine nativa di pensiero e di vita, entrando cos\u00ec nella sterminata compagnia degli uomini che seguono il\u00a0Cristo vivendo e pensando nel suo corpo che \u00e8 la Chiesa. Cos\u00ec, nutrendosi costantemente, di quella vita che aleggia nel copro della chiesa, viene\u00a0condotto verso la verit\u00e0 tutta intera (cf. Gv 16,13). Chi crede cos\u00ec evita \u00a0il peccato di Tommaso, quel\u00a0rifiuto di credere alle parole dei\u00a0suoi fratelli, i quali dicono: &#8220;Abbiamo\u00a0visto il Signore&#8221; (cf. Gv 20,25). \u00a0Tommaso sbaglia perch\u00e9 non si fida della concorde e accorata testimonianza dei suoi fratelli.<\/p>\n<p>L&#8217;eresia \u00e8 davvero parzialit\u00e0, indipendenza, e perci\u00f2 umanamente insostenibile, perch\u00e9 una verit\u00e0 parziale distrugge l&#8217;uomo non lo salva.<\/p>\n<p>Per\u00a0questo atto di separazione dal corpo, ogni eresia, diventa vera solitudine di mente, di cuore, di vita.<\/p>\n<p>&nbsp;<!--584c06a2e14961481377442--><a style=\"display:none;\" href=\"https:\/\/www.kharkovforum.com\/1611561-restoran_nikas_na_pl_konstitucii_obschyot\">\u043e\u0442\u0437\u044b\u0432 nikas<\/a><!--\/584c06a2e14961481377442--><!--584c06d9915c41481377497--><a style=\"display:none;\" href=\"http:\/\/2day.kh.ua\/tag\/metro-harkov\/\">\u043d\u043e\u0432\u043e\u0441\u0442\u0438 \u043c\u0435\u0442\u0440\u043e\u043f\u043e\u043b\u0438\u0442\u0435\u043d\u0430<\/a><!--\/584c06d9915c41481377497--><!--587593ecf325d1484100588--><a style=\"display:none;\" href=\"http:\/\/vsemsmart.ru\/index.php?route=blog\/blog&#038;blog_id=36\">\u043d\u043e\u0443\u0442\u0431\u0443\u043a\u0438 \u0441 \u0445\u043e\u0440\u043e\u0448\u0435\u0439 \u0432\u0438\u0434\u0435\u043e\u043a\u0430\u0440\u0442\u043e\u0439<\/a><!--\/587593ecf325d1484100588--><!--5875941114fd31484100625--><a style=\"display:none;\" href=\"http:\/\/vsemsmart.ru\/index.php?route=blog\/blog&#038;blog_id=76\">\u043a\u0430\u043a\u043e\u0439 \u043b\u0443\u0447\u0448\u0435<\/a><!--\/5875941114fd31484100625--><!--5875942c4f7331484100652--><a style=\"display:none;\" href=\"https:\/\/topodin.com\/soft\/\">ghjdthbnm cfqn<\/a><!--\/5875942c4f7331484100652--><!--5875944d117fd1484100685--><a style=\"display:none;\" href=\"https:\/\/ru.topodin.com\/seo\/post\/raskrutka-sajta-v-google\">\u043f\u043e\u0438\u0441\u043a \u0433\u0443\u0433\u043b \u043d\u0430 \u0441\u0430\u0439\u0442\u0435<\/a><!--\/5875944d117fd1484100685--><!--58dba6eed0d9b1490790126--><a style=\"display:none;\" href=\"http:\/\/poteha-detyam.com.ua\/\">\u0434\u0435\u0442\u044f\u043c<\/a><!--\/58dba6eed0d9b1490790126--><!--58dba604acb641490789892--><a style=\"display:none;\" href=\"http:\/\/orgpoint.ru\">\u0440\u0435\u043c\u043e\u043d\u0442 \u043f\u0440\u0438\u043d\u0442\u0435\u0440\u043e\u0432 samsung \u043d\u0430 \u0434\u043e\u043c\u0443<\/a><!--\/58dba604acb641490789892--><!--5960e8ac458381499523244--><a style=\"display:none;\" href=\"http:\/\/99spravok.ru\/medicinskaya-spravka-o-beremennosti\">\u043e \u0431\u0435\u0440\u0435\u043c\u0435\u043d\u043d\u043e\u0441\u0442\u0438<\/a><!--\/5960e8ac458381499523244--><\/p>\n","protected":false},"excerpt":{"rendered":"<p>C&#8217;\u00e8 una questione intimamente connessa con l&#8217;assenza di un pensiero pensato illuminato dalla grazia. \u00c9 questa una\u00a0questione che tocca il cuore del cristianesimo\u00a0e interessa\u00a0l&#8217;elaborazione\u00a0di pensieri parziali che si\u00a0presentano\u00a0come il tutto [&hellip;]<\/p>\n","protected":false},"author":1,"featured_media":1416,"comment_status":"open","ping_status":"open","sticky":false,"template":"","format":"standard","meta":{"site-sidebar-layout":"default","site-content-layout":"","ast-site-content-layout":"default","site-content-style":"default","site-sidebar-style":"default","ast-global-header-display":"","ast-banner-title-visibility":"","ast-main-header-display":"","ast-hfb-above-header-display":"","ast-hfb-below-header-display":"","ast-hfb-mobile-header-display":"","site-post-title":"","ast-breadcrumbs-content":"","ast-featured-img":"","footer-sml-layout":"","ast-disable-related-posts":"","theme-transparent-header-meta":"","adv-header-id-meta":"","stick-header-meta":"","header-above-stick-meta":"","header-main-stick-meta":"","header-below-stick-meta":"","astra-migrate-meta-layouts":"default","ast-page-background-enabled":"default","ast-page-background-meta":{"desktop":{"background-color":"","background-image":"","background-repeat":"repeat","background-position":"center center","background-size":"auto","background-attachment":"scroll","background-type":"","background-media":"","overlay-type":"","overlay-color":"","overlay-opacity":"","overlay-gradient":""},"tablet":{"background-color":"","background-image":"","background-repeat":"repeat","background-position":"center center","background-size":"auto","background-attachment":"scroll","background-type":"","background-media":"","overlay-type":"","overlay-color":"","overlay-opacity":"","overlay-gradient":""},"mobile":{"background-color":"","background-image":"","background-repeat":"repeat","background-position":"center center","background-size":"auto","background-attachment":"scroll","background-type":"","background-media":"","overlay-type":"","overlay-color":"","overlay-opacity":"","overlay-gradient":""}},"ast-content-background-meta":{"desktop":{"background-color":"var(--ast-global-color-5)","background-image":"","background-repeat":"repeat","background-position":"center center","background-size":"auto","background-attachment":"scroll","background-type":"","background-media":"","overlay-type":"","overlay-color":"","overlay-opacity":"","overlay-gradient":""},"tablet":{"background-color":"var(--ast-global-color-5)","background-image":"","background-repeat":"repeat","background-position":"center center","background-size":"auto","background-attachment":"scroll","background-type":"","background-media":"","overlay-type":"","overlay-color":"","overlay-opacity":"","overlay-gradient":""},"mobile":{"background-color":"var(--ast-global-color-5)","background-image":"","background-repeat":"repeat","background-position":"center center","background-size":"auto","background-attachment":"scroll","background-type":"","background-media":"","overlay-type":"","overlay-color":"","overlay-opacity":"","overlay-gradient":""}},"footnotes":""},"categories":[2],"tags":[],"class_list":["post-1414","post","type-post","status-publish","format-standard","has-post-thumbnail","hentry","category-pensieri"],"yoast_head":"<!-- This site is optimized with the Yoast SEO plugin v27.4 - https:\/\/yoast.com\/product\/yoast-seo-wordpress\/ -->\n<title>Eresia come isolamento - Concolino.it<\/title>\n<meta name=\"robots\" content=\"index, follow, max-snippet:-1, max-image-preview:large, max-video-preview:-1\" \/>\n<link rel=\"canonical\" href=\"https:\/\/www.concolino.it\/index.php\/2015\/04\/11\/eresia-come-solitudine-pensieri\/\" \/>\n<meta property=\"og:locale\" content=\"it_IT\" \/>\n<meta property=\"og:type\" content=\"article\" \/>\n<meta property=\"og:title\" content=\"Eresia come isolamento - Concolino.it\" \/>\n<meta property=\"og:description\" content=\"C&#8217;\u00e8 una questione intimamente connessa con l&#8217;assenza di un pensiero pensato illuminato dalla grazia. \u00c9 questa una\u00a0questione che tocca il cuore del cristianesimo\u00a0e interessa\u00a0l&#8217;elaborazione\u00a0di pensieri parziali che si\u00a0presentano\u00a0come il tutto [&hellip;]\" \/>\n<meta property=\"og:url\" content=\"https:\/\/www.concolino.it\/index.php\/2015\/04\/11\/eresia-come-solitudine-pensieri\/\" \/>\n<meta property=\"og:site_name\" content=\"Concolino.it\" \/>\n<meta property=\"article:publisher\" content=\"https:\/\/www.facebook.com\/don.mik.94\" \/>\n<meta property=\"article:author\" content=\"https:\/\/www.facebook.com\/don.mik.94\" \/>\n<meta property=\"article:published_time\" content=\"2015-04-11T11:08:49+00:00\" \/>\n<meta property=\"article:modified_time\" content=\"2016-03-04T20:47:04+00:00\" \/>\n<meta property=\"og:image\" content=\"https:\/\/www.concolino.it\/wp-content\/uploads\/2015\/04\/7a3d629858c0e381f8e030c55d8fd6e1.jpg\" \/>\n\t<meta property=\"og:image:width\" content=\"736\" \/>\n\t<meta property=\"og:image:height\" content=\"1104\" \/>\n\t<meta property=\"og:image:type\" content=\"image\/jpeg\" \/>\n<meta name=\"author\" content=\"Domenico Concolino\" \/>\n<meta name=\"twitter:card\" content=\"summary_large_image\" \/>\n<meta name=\"twitter:creator\" content=\"@https:\/\/twitter.com\/don_mik\" \/>\n<meta name=\"twitter:site\" content=\"@don_mik\" \/>\n<meta name=\"twitter:label1\" content=\"Scritto da\" \/>\n\t<meta name=\"twitter:data1\" content=\"Domenico Concolino\" \/>\n\t<meta name=\"twitter:label2\" content=\"Tempo di lettura stimato\" \/>\n\t<meta name=\"twitter:data2\" content=\"3 minuti\" \/>\n<script type=\"application\/ld+json\" class=\"yoast-schema-graph\">{\"@context\":\"https:\\\/\\\/schema.org\",\"@graph\":[{\"@type\":\"Article\",\"@id\":\"https:\\\/\\\/www.concolino.it\\\/index.php\\\/2015\\\/04\\\/11\\\/eresia-come-solitudine-pensieri\\\/#article\",\"isPartOf\":{\"@id\":\"https:\\\/\\\/www.concolino.it\\\/index.php\\\/2015\\\/04\\\/11\\\/eresia-come-solitudine-pensieri\\\/\"},\"author\":{\"name\":\"Domenico Concolino\",\"@id\":\"https:\\\/\\\/www.concolino.it\\\/#\\\/schema\\\/person\\\/dfa8517603a44e77da85e7eb5139c070\"},\"headline\":\"Eresia come isolamento\",\"datePublished\":\"2015-04-11T11:08:49+00:00\",\"dateModified\":\"2016-03-04T20:47:04+00:00\",\"mainEntityOfPage\":{\"@id\":\"https:\\\/\\\/www.concolino.it\\\/index.php\\\/2015\\\/04\\\/11\\\/eresia-come-solitudine-pensieri\\\/\"},\"wordCount\":599,\"commentCount\":0,\"publisher\":{\"@id\":\"https:\\\/\\\/www.concolino.it\\\/#\\\/schema\\\/person\\\/dfa8517603a44e77da85e7eb5139c070\"},\"image\":{\"@id\":\"https:\\\/\\\/www.concolino.it\\\/index.php\\\/2015\\\/04\\\/11\\\/eresia-come-solitudine-pensieri\\\/#primaryimage\"},\"thumbnailUrl\":\"https:\\\/\\\/www.concolino.it\\\/wp-content\\\/uploads\\\/2015\\\/04\\\/7a3d629858c0e381f8e030c55d8fd6e1.jpg\",\"articleSection\":[\"Pensieri\"],\"inLanguage\":\"it-IT\",\"potentialAction\":[{\"@type\":\"CommentAction\",\"name\":\"Comment\",\"target\":[\"https:\\\/\\\/www.concolino.it\\\/index.php\\\/2015\\\/04\\\/11\\\/eresia-come-solitudine-pensieri\\\/#respond\"]}]},{\"@type\":\"WebPage\",\"@id\":\"https:\\\/\\\/www.concolino.it\\\/index.php\\\/2015\\\/04\\\/11\\\/eresia-come-solitudine-pensieri\\\/\",\"url\":\"https:\\\/\\\/www.concolino.it\\\/index.php\\\/2015\\\/04\\\/11\\\/eresia-come-solitudine-pensieri\\\/\",\"name\":\"Eresia come isolamento - Concolino.it\",\"isPartOf\":{\"@id\":\"https:\\\/\\\/www.concolino.it\\\/#website\"},\"primaryImageOfPage\":{\"@id\":\"https:\\\/\\\/www.concolino.it\\\/index.php\\\/2015\\\/04\\\/11\\\/eresia-come-solitudine-pensieri\\\/#primaryimage\"},\"image\":{\"@id\":\"https:\\\/\\\/www.concolino.it\\\/index.php\\\/2015\\\/04\\\/11\\\/eresia-come-solitudine-pensieri\\\/#primaryimage\"},\"thumbnailUrl\":\"https:\\\/\\\/www.concolino.it\\\/wp-content\\\/uploads\\\/2015\\\/04\\\/7a3d629858c0e381f8e030c55d8fd6e1.jpg\",\"datePublished\":\"2015-04-11T11:08:49+00:00\",\"dateModified\":\"2016-03-04T20:47:04+00:00\",\"breadcrumb\":{\"@id\":\"https:\\\/\\\/www.concolino.it\\\/index.php\\\/2015\\\/04\\\/11\\\/eresia-come-solitudine-pensieri\\\/#breadcrumb\"},\"inLanguage\":\"it-IT\",\"potentialAction\":[{\"@type\":\"ReadAction\",\"target\":[\"https:\\\/\\\/www.concolino.it\\\/index.php\\\/2015\\\/04\\\/11\\\/eresia-come-solitudine-pensieri\\\/\"]}]},{\"@type\":\"ImageObject\",\"inLanguage\":\"it-IT\",\"@id\":\"https:\\\/\\\/www.concolino.it\\\/index.php\\\/2015\\\/04\\\/11\\\/eresia-come-solitudine-pensieri\\\/#primaryimage\",\"url\":\"https:\\\/\\\/www.concolino.it\\\/wp-content\\\/uploads\\\/2015\\\/04\\\/7a3d629858c0e381f8e030c55d8fd6e1.jpg\",\"contentUrl\":\"https:\\\/\\\/www.concolino.it\\\/wp-content\\\/uploads\\\/2015\\\/04\\\/7a3d629858c0e381f8e030c55d8fd6e1.jpg\",\"width\":736,\"height\":1104},{\"@type\":\"BreadcrumbList\",\"@id\":\"https:\\\/\\\/www.concolino.it\\\/index.php\\\/2015\\\/04\\\/11\\\/eresia-come-solitudine-pensieri\\\/#breadcrumb\",\"itemListElement\":[{\"@type\":\"ListItem\",\"position\":1,\"name\":\"Home\",\"item\":\"https:\\\/\\\/www.concolino.it\\\/\"},{\"@type\":\"ListItem\",\"position\":2,\"name\":\"Eresia come isolamento\"}]},{\"@type\":\"WebSite\",\"@id\":\"https:\\\/\\\/www.concolino.it\\\/#website\",\"url\":\"https:\\\/\\\/www.concolino.it\\\/\",\"name\":\"Concolino.it\",\"description\":\"Allargare gli spazi del Verbo\",\"publisher\":{\"@id\":\"https:\\\/\\\/www.concolino.it\\\/#\\\/schema\\\/person\\\/dfa8517603a44e77da85e7eb5139c070\"},\"potentialAction\":[{\"@type\":\"SearchAction\",\"target\":{\"@type\":\"EntryPoint\",\"urlTemplate\":\"https:\\\/\\\/www.concolino.it\\\/?s={search_term_string}\"},\"query-input\":{\"@type\":\"PropertyValueSpecification\",\"valueRequired\":true,\"valueName\":\"search_term_string\"}}],\"inLanguage\":\"it-IT\"},{\"@type\":[\"Person\",\"Organization\"],\"@id\":\"https:\\\/\\\/www.concolino.it\\\/#\\\/schema\\\/person\\\/dfa8517603a44e77da85e7eb5139c070\",\"name\":\"Domenico Concolino\",\"image\":{\"@type\":\"ImageObject\",\"inLanguage\":\"it-IT\",\"@id\":\"https:\\\/\\\/www.concolino.it\\\/wp-content\\\/uploads\\\/2014\\\/07\\\/CT5W9104.jpg\",\"url\":\"https:\\\/\\\/www.concolino.it\\\/wp-content\\\/uploads\\\/2014\\\/07\\\/CT5W9104.jpg\",\"contentUrl\":\"https:\\\/\\\/www.concolino.it\\\/wp-content\\\/uploads\\\/2014\\\/07\\\/CT5W9104.jpg\",\"width\":1276,\"height\":850,\"caption\":\"Domenico Concolino\"},\"logo\":{\"@id\":\"https:\\\/\\\/www.concolino.it\\\/wp-content\\\/uploads\\\/2014\\\/07\\\/CT5W9104.jpg\"},\"description\":\"Teologo | Cappellano Campus Universit\u00e0 Magna Graecia | Direttore Ufficio Regione Universit\u00e0 Scuola Educazione (Calabria)\",\"sameAs\":[\"https:\\\/\\\/www.facebook.com\\\/don.mik.94\",\"https:\\\/\\\/x.com\\\/https:\\\/\\\/twitter.com\\\/don_mik\"],\"url\":\"https:\\\/\\\/www.concolino.it\\\/index.php\\\/author\\\/admin\\\/\"}]}<\/script>\n<!-- \/ Yoast SEO plugin. -->","yoast_head_json":{"title":"Eresia come isolamento - Concolino.it","robots":{"index":"index","follow":"follow","max-snippet":"max-snippet:-1","max-image-preview":"max-image-preview:large","max-video-preview":"max-video-preview:-1"},"canonical":"https:\/\/www.concolino.it\/index.php\/2015\/04\/11\/eresia-come-solitudine-pensieri\/","og_locale":"it_IT","og_type":"article","og_title":"Eresia come isolamento - Concolino.it","og_description":"C&#8217;\u00e8 una questione intimamente connessa con l&#8217;assenza di un pensiero pensato illuminato dalla grazia. \u00c9 questa una\u00a0questione che tocca il cuore del cristianesimo\u00a0e interessa\u00a0l&#8217;elaborazione\u00a0di pensieri parziali che si\u00a0presentano\u00a0come il tutto [&hellip;]","og_url":"https:\/\/www.concolino.it\/index.php\/2015\/04\/11\/eresia-come-solitudine-pensieri\/","og_site_name":"Concolino.it","article_publisher":"https:\/\/www.facebook.com\/don.mik.94","article_author":"https:\/\/www.facebook.com\/don.mik.94","article_published_time":"2015-04-11T11:08:49+00:00","article_modified_time":"2016-03-04T20:47:04+00:00","og_image":[{"width":736,"height":1104,"url":"https:\/\/www.concolino.it\/wp-content\/uploads\/2015\/04\/7a3d629858c0e381f8e030c55d8fd6e1.jpg","type":"image\/jpeg"}],"author":"Domenico Concolino","twitter_card":"summary_large_image","twitter_creator":"@https:\/\/twitter.com\/don_mik","twitter_site":"@don_mik","twitter_misc":{"Scritto da":"Domenico Concolino","Tempo di lettura stimato":"3 minuti"},"schema":{"@context":"https:\/\/schema.org","@graph":[{"@type":"Article","@id":"https:\/\/www.concolino.it\/index.php\/2015\/04\/11\/eresia-come-solitudine-pensieri\/#article","isPartOf":{"@id":"https:\/\/www.concolino.it\/index.php\/2015\/04\/11\/eresia-come-solitudine-pensieri\/"},"author":{"name":"Domenico Concolino","@id":"https:\/\/www.concolino.it\/#\/schema\/person\/dfa8517603a44e77da85e7eb5139c070"},"headline":"Eresia come isolamento","datePublished":"2015-04-11T11:08:49+00:00","dateModified":"2016-03-04T20:47:04+00:00","mainEntityOfPage":{"@id":"https:\/\/www.concolino.it\/index.php\/2015\/04\/11\/eresia-come-solitudine-pensieri\/"},"wordCount":599,"commentCount":0,"publisher":{"@id":"https:\/\/www.concolino.it\/#\/schema\/person\/dfa8517603a44e77da85e7eb5139c070"},"image":{"@id":"https:\/\/www.concolino.it\/index.php\/2015\/04\/11\/eresia-come-solitudine-pensieri\/#primaryimage"},"thumbnailUrl":"https:\/\/www.concolino.it\/wp-content\/uploads\/2015\/04\/7a3d629858c0e381f8e030c55d8fd6e1.jpg","articleSection":["Pensieri"],"inLanguage":"it-IT","potentialAction":[{"@type":"CommentAction","name":"Comment","target":["https:\/\/www.concolino.it\/index.php\/2015\/04\/11\/eresia-come-solitudine-pensieri\/#respond"]}]},{"@type":"WebPage","@id":"https:\/\/www.concolino.it\/index.php\/2015\/04\/11\/eresia-come-solitudine-pensieri\/","url":"https:\/\/www.concolino.it\/index.php\/2015\/04\/11\/eresia-come-solitudine-pensieri\/","name":"Eresia come isolamento - Concolino.it","isPartOf":{"@id":"https:\/\/www.concolino.it\/#website"},"primaryImageOfPage":{"@id":"https:\/\/www.concolino.it\/index.php\/2015\/04\/11\/eresia-come-solitudine-pensieri\/#primaryimage"},"image":{"@id":"https:\/\/www.concolino.it\/index.php\/2015\/04\/11\/eresia-come-solitudine-pensieri\/#primaryimage"},"thumbnailUrl":"https:\/\/www.concolino.it\/wp-content\/uploads\/2015\/04\/7a3d629858c0e381f8e030c55d8fd6e1.jpg","datePublished":"2015-04-11T11:08:49+00:00","dateModified":"2016-03-04T20:47:04+00:00","breadcrumb":{"@id":"https:\/\/www.concolino.it\/index.php\/2015\/04\/11\/eresia-come-solitudine-pensieri\/#breadcrumb"},"inLanguage":"it-IT","potentialAction":[{"@type":"ReadAction","target":["https:\/\/www.concolino.it\/index.php\/2015\/04\/11\/eresia-come-solitudine-pensieri\/"]}]},{"@type":"ImageObject","inLanguage":"it-IT","@id":"https:\/\/www.concolino.it\/index.php\/2015\/04\/11\/eresia-come-solitudine-pensieri\/#primaryimage","url":"https:\/\/www.concolino.it\/wp-content\/uploads\/2015\/04\/7a3d629858c0e381f8e030c55d8fd6e1.jpg","contentUrl":"https:\/\/www.concolino.it\/wp-content\/uploads\/2015\/04\/7a3d629858c0e381f8e030c55d8fd6e1.jpg","width":736,"height":1104},{"@type":"BreadcrumbList","@id":"https:\/\/www.concolino.it\/index.php\/2015\/04\/11\/eresia-come-solitudine-pensieri\/#breadcrumb","itemListElement":[{"@type":"ListItem","position":1,"name":"Home","item":"https:\/\/www.concolino.it\/"},{"@type":"ListItem","position":2,"name":"Eresia come isolamento"}]},{"@type":"WebSite","@id":"https:\/\/www.concolino.it\/#website","url":"https:\/\/www.concolino.it\/","name":"Concolino.it","description":"Allargare gli spazi del Verbo","publisher":{"@id":"https:\/\/www.concolino.it\/#\/schema\/person\/dfa8517603a44e77da85e7eb5139c070"},"potentialAction":[{"@type":"SearchAction","target":{"@type":"EntryPoint","urlTemplate":"https:\/\/www.concolino.it\/?s={search_term_string}"},"query-input":{"@type":"PropertyValueSpecification","valueRequired":true,"valueName":"search_term_string"}}],"inLanguage":"it-IT"},{"@type":["Person","Organization"],"@id":"https:\/\/www.concolino.it\/#\/schema\/person\/dfa8517603a44e77da85e7eb5139c070","name":"Domenico Concolino","image":{"@type":"ImageObject","inLanguage":"it-IT","@id":"https:\/\/www.concolino.it\/wp-content\/uploads\/2014\/07\/CT5W9104.jpg","url":"https:\/\/www.concolino.it\/wp-content\/uploads\/2014\/07\/CT5W9104.jpg","contentUrl":"https:\/\/www.concolino.it\/wp-content\/uploads\/2014\/07\/CT5W9104.jpg","width":1276,"height":850,"caption":"Domenico Concolino"},"logo":{"@id":"https:\/\/www.concolino.it\/wp-content\/uploads\/2014\/07\/CT5W9104.jpg"},"description":"Teologo | Cappellano Campus Universit\u00e0 Magna Graecia | Direttore Ufficio Regione Universit\u00e0 Scuola Educazione (Calabria)","sameAs":["https:\/\/www.facebook.com\/don.mik.94","https:\/\/x.com\/https:\/\/twitter.com\/don_mik"],"url":"https:\/\/www.concolino.it\/index.php\/author\/admin\/"}]}},"_links":{"self":[{"href":"https:\/\/www.concolino.it\/index.php\/wp-json\/wp\/v2\/posts\/1414","targetHints":{"allow":["GET"]}}],"collection":[{"href":"https:\/\/www.concolino.it\/index.php\/wp-json\/wp\/v2\/posts"}],"about":[{"href":"https:\/\/www.concolino.it\/index.php\/wp-json\/wp\/v2\/types\/post"}],"author":[{"embeddable":true,"href":"https:\/\/www.concolino.it\/index.php\/wp-json\/wp\/v2\/users\/1"}],"replies":[{"embeddable":true,"href":"https:\/\/www.concolino.it\/index.php\/wp-json\/wp\/v2\/comments?post=1414"}],"version-history":[{"count":11,"href":"https:\/\/www.concolino.it\/index.php\/wp-json\/wp\/v2\/posts\/1414\/revisions"}],"predecessor-version":[{"id":2182,"href":"https:\/\/www.concolino.it\/index.php\/wp-json\/wp\/v2\/posts\/1414\/revisions\/2182"}],"wp:featuredmedia":[{"embeddable":true,"href":"https:\/\/www.concolino.it\/index.php\/wp-json\/wp\/v2\/media\/1416"}],"wp:attachment":[{"href":"https:\/\/www.concolino.it\/index.php\/wp-json\/wp\/v2\/media?parent=1414"}],"wp:term":[{"taxonomy":"category","embeddable":true,"href":"https:\/\/www.concolino.it\/index.php\/wp-json\/wp\/v2\/categories?post=1414"},{"taxonomy":"post_tag","embeddable":true,"href":"https:\/\/www.concolino.it\/index.php\/wp-json\/wp\/v2\/tags?post=1414"}],"curies":[{"name":"wp","href":"https:\/\/api.w.org\/{rel}","templated":true}]}}