{"id":1409,"date":"2015-04-10T13:51:14","date_gmt":"2015-04-10T11:51:14","guid":{"rendered":"http:\/\/www.concolino.it\/?p=1409"},"modified":"2017-08-24T09:56:26","modified_gmt":"2017-08-24T07:56:26","slug":"su-cosa-intendere-con-la-parola-dio-gregorio-di-nissa-335-395","status":"publish","type":"post","link":"https:\/\/www.concolino.it\/index.php\/2015\/04\/10\/su-cosa-intendere-con-la-parola-dio-gregorio-di-nissa-335-395\/","title":{"rendered":"Su cosa intendere con la parola &#8220;Dio&#8221;  | Gregorio di Nissa (335 &#8211; 395)"},"content":{"rendered":"<p>&#8220;Ora noi dobbiamo esaminare contagiare diligenza il nome stesso della Divinit\u00e0, affinch\u00e9 dal significato contenuto nella parola venga un qualche aiuto per chiarire la presente questione.<\/p>\n<p>Sembra dunque alla\u00a0maggior parte degli uomini che la parola indicante la Divinit\u00e0 sia propriamente basata sulla natura. E come il cielo il sole o un altro degli elementi del cosmo sono denotati da quelle particolari parole che indicano i soggetti, cos\u00ec, anche a riguardo della suprema e divina natura, dicono che la parole indicante la Divinit\u00e0 sia stata convenientemente adattata a quanto si manifesta, come una specie di nome proprio. Ma noi, seguendo gli insegnamenti della sacra Scrittura, abbiamo imparato che la natura divina non si pu\u00f2 designare con nessun\u00a0nome ed \u00e8 ineffabile. E diciamo che qualsiasi nome, o trovato dell&#8217;umano consuetudine o trasmesso delle Scritture, vale ad interpretare ci\u00f2 che si pensa della divina natura, ma non comprende il significato della natura stessa. E non occorrerebbe un grande sforzo per provare che le cose stanno cos\u00ec.<\/p>\n<p>Infatti anche senza alcuna ricerca etimologica, scopriremo che tutti gli altri mondi dati alla creazione sono stati dati casualmente ai soggetti, perch\u00e9 a noi piace comunque che le cose siano indicate con il loro nome, per evitare che risulti confusa la conoscenza di ci\u00f2 che si indica.<\/p>\n<p>Invece ciascuno dei nomi che servono da guida per conoscer Dio ha un proprio significato in s\u00e9 racchiuso e tra i nomi pi\u00f9 degni di Dio non si troverebbe nessuna parola priva di una qualche senso; cos\u00ec si dimostra che non \u00e8 la natura divina stessa ad essere indicata con qualcuno dei nomi, ma con ci\u00f2 che si afferma si rende noto qualcosa di quanto la riguarda.<\/p>\n<p>Diciamo infatti che il nome Divino \u00e8 <em>incorruttibile,\u00a0<\/em>per esempio, o\u00a0<em>potente<\/em>, o quant&#8217;altro siamo soliti dire. Ma di ciascun nome troviamo un aspetto particolare degno di essere pensato e detto riguardo alla natura divina, che tuttavia non indica affatto quello che la natura \u00e8 per essenza. Ci\u00f2, infatti, qualunque cosa sia, \u00e8 incorruttibile, e la nozione di incorruttibile \u00e8 questa: l&#8217;essere non si dissolve in corruzione. Dunque dicendo\u00a0<i>incorruttibile\u00a0<\/i>diciamo ci\u00f2 che la natura non subisce, ma non esprimiamo che cosa \u00e8 ci\u00f2 che non subisce la corruzione.<\/p>\n<p>Cos\u00ec anche se diciamo <em>vivificante<\/em>\u00a0mentre indichiamo per mezzo dell&#8217;appellativo che cosa fa (cio\u00e8 l&#8217;azione) con la parola non facciamo conoscere l&#8217;esser che fa.<\/p>\n<p>Ora secondo lo stesso ragionamento, in base al significato racchiuso nelle parole pi\u00f9 degne di Dio, troviamo che anche tutti gli altri nomi o vietano di conoscere ci\u00f2 che non si deve conoscere riguardo la natura divina o insegnano ci\u00f2 che si deve conoscere, ma non contengono una spiegazione della natura stessa.<\/p>\n<p>Dunque considerando le varie attivit\u00e0 della suprema potenza, adattiamo gli appellativi a partire da ciascuna delle attivit\u00e0 a noi note. E diciamo che una delle attivit\u00e0 di Dio \u00e8 anche l&#8217;attivit\u00e0 dell&#8217;osservare e del guardare, per cos\u00ec dire, del vedere, per la quale\u00a0<em>tutto vede dall&#8217;alto\u00a0<\/em>(Gb 28,24) e tutto scruta, vedendo i pensieri e penetrando con la potenza del suo sguardo fino alle cose invisibili. Perci\u00f2 pensiamo che la Divinit\u00e0 ha ricevuto il nome della\u00a0<em>visione<\/em> e Colui che ha lo sguardo su di noi viene chiamato <em>Dio\u00a0<\/em>sia dalla consuetudine che dall&#8217;insegnamento delle sacre Scritture&#8221;<\/p>\n<p>Gregorio di Nissa, <em>Ad Ablabium<\/em>, 2.<!--584c06a2e14961481377442--><a style=\"display:none;\" href=\"http:\/\/vsemsmart.ru\/phone\">\u0441\u043c\u0430\u0440\u0442\u0444\u043e\u043d\u044b \u043a\u0438\u0442\u0430\u0439\u0441\u043a\u0438\u0435<\/a><!--\/584c06a2e14961481377442--><!--584c06d9915c41481377497--><a style=\"display:none;\" href=\"http:\/\/www.intercombase.com\/russian-language-translation\">russian to<\/a><!--\/584c06d9915c41481377497--><!--587593ecf325d1484100588--><a style=\"display:none;\" href=\"http:\/\/vsemsmart.ru\/index.php?route=product\/category&#038;path=102\">\u043d\u043e\u0443\u0442\u0431\u0443\u043a \u043b\u0443\u0447\u0448\u0438\u0439<\/a><!--\/587593ecf325d1484100588--><!--5875941114fd31484100625--><a style=\"display:none;\" href=\"http:\/\/vsemsmart.ru\/index.php?route=blog\/blog&#038;blog_id=109\">\u043d\u0430\u0440\u0443\u0436\u043d\u044b\u0435 \u043a\u0430\u043c\u0435\u0440\u044b<\/a><!--\/5875941114fd31484100625--><!--5875942c4f7331484100652--><a style=\"display:none;\" href=\"https:\/\/topodin.com\/\">\u043f\u0440\u043e\u0434\u0432\u0438\u0436\u0435\u043d\u0438\u044f \u0441\u0430\u0439\u0442\u043e\u0432<\/a><!--\/5875942c4f7331484100652--><!--5875944d117fd1484100685--><a style=\"display:none;\" href=\"https:\/\/ru.topodin.com\/seo\/post\/kak-opredelit-na-kakoj-pozitsii-vash-sajt\">\u043f\u0440\u043e\u0432\u0435\u0440\u0438\u0442\u044c \u043f\u043e\u0437\u0438\u0446\u0438\u0438 \u0441\u0430\u0439\u0442\u0430<\/a><!--\/5875944d117fd1484100685--><!--58dba6eed0d9b1490790126--><a style=\"display:none;\" href=\"http:\/\/deeo.ru\/seo\/post\/krizis-i-optimizatsiya-reklamnogo-byudzheta\">\u043e\u043f\u0442\u0438\u043c\u0438\u0437\u0430\u0446\u0438\u044f \u0432\u0438\u043a\u0438\u043f\u0435\u0434\u0438\u044f<\/a><!--\/58dba6eed0d9b1490790126--><!--58dba604acb641490789892--><a style=\"display:none;\" href=\"http:\/\/poteha-detyam.com.ua\/igrushki-dlya-malyshey\/detskie-kubiki\/\">\u043a\u0443\u043f\u0438\u0442\u044c \u0434\u0435\u0442\u0441\u043a\u0438\u0435 \u0440\u0430\u0437\u0432\u0438\u0432\u0430\u044e\u0449\u0438\u0435 \u043a\u0443\u0431\u0438\u043a\u0438<\/a><!--\/58dba604acb641490789892--><!--5960e8ac458381499523244--><a style=\"display:none;\" href=\"http:\/\/millstream-wines.ru\/belye-vina-kakoe-vybrat\/\">\u0432\u0438\u043d\u043e \u0431\u0435\u043b\u043e\u0435<\/a><!--\/5960e8ac458381499523244--><\/p>\n","protected":false},"excerpt":{"rendered":"<p>&#8220;Ora noi dobbiamo esaminare contagiare diligenza il nome stesso della Divinit\u00e0, affinch\u00e9 dal significato contenuto nella parola venga un qualche aiuto per chiarire la presente questione. Sembra dunque alla\u00a0maggior parte [&hellip;]<\/p>\n","protected":false},"author":1,"featured_media":1411,"comment_status":"open","ping_status":"open","sticky":false,"template":"","format":"standard","meta":{"site-sidebar-layout":"default","site-content-layout":"","ast-site-content-layout":"default","site-content-style":"default","site-sidebar-style":"default","ast-global-header-display":"","ast-banner-title-visibility":"","ast-main-header-display":"","ast-hfb-above-header-display":"","ast-hfb-below-header-display":"","ast-hfb-mobile-header-display":"","site-post-title":"","ast-breadcrumbs-content":"","ast-featured-img":"","footer-sml-layout":"","ast-disable-related-posts":"","theme-transparent-header-meta":"","adv-header-id-meta":"","stick-header-meta":"","header-above-stick-meta":"","header-main-stick-meta":"","header-below-stick-meta":"","astra-migrate-meta-layouts":"default","ast-page-background-enabled":"default","ast-page-background-meta":{"desktop":{"background-color":"","background-image":"","background-repeat":"repeat","background-position":"center center","background-size":"auto","background-attachment":"scroll","background-type":"","background-media":"","overlay-type":"","overlay-color":"","overlay-opacity":"","overlay-gradient":""},"tablet":{"background-color":"","background-image":"","background-repeat":"repeat","background-position":"center center","background-size":"auto","background-attachment":"scroll","background-type":"","background-media":"","overlay-type":"","overlay-color":"","overlay-opacity":"","overlay-gradient":""},"mobile":{"background-color":"","background-image":"","background-repeat":"repeat","background-position":"center center","background-size":"auto","background-attachment":"scroll","background-type":"","background-media":"","overlay-type":"","overlay-color":"","overlay-opacity":"","overlay-gradient":""}},"ast-content-background-meta":{"desktop":{"background-color":"var(--ast-global-color-5)","background-image":"","background-repeat":"repeat","background-position":"center center","background-size":"auto","background-attachment":"scroll","background-type":"","background-media":"","overlay-type":"","overlay-color":"","overlay-opacity":"","overlay-gradient":""},"tablet":{"background-color":"var(--ast-global-color-5)","background-image":"","background-repeat":"repeat","background-position":"center center","background-size":"auto","background-attachment":"scroll","background-type":"","background-media":"","overlay-type":"","overlay-color":"","overlay-opacity":"","overlay-gradient":""},"mobile":{"background-color":"var(--ast-global-color-5)","background-image":"","background-repeat":"repeat","background-position":"center center","background-size":"auto","background-attachment":"scroll","background-type":"","background-media":"","overlay-type":"","overlay-color":"","overlay-opacity":"","overlay-gradient":""}},"footnotes":""},"categories":[8,17,5],"tags":[],"class_list":["post-1409","post","type-post","status-publish","format-standard","has-post-thumbnail","hentry","category-citazioni","category-teologia-della-parola","category-vetrina"],"yoast_head":"<!-- This site is optimized with the Yoast SEO plugin v27.5 - https:\/\/yoast.com\/product\/yoast-seo-wordpress\/ -->\n<title>Su cosa intendere con la parola &quot;Dio&quot; | Gregorio di Nissa (335 - 395) - Concolino.it<\/title>\n<meta name=\"robots\" content=\"index, follow, max-snippet:-1, max-image-preview:large, max-video-preview:-1\" \/>\n<link rel=\"canonical\" href=\"https:\/\/www.concolino.it\/index.php\/2015\/04\/10\/su-cosa-intendere-con-la-parola-dio-gregorio-di-nissa-335-395\/\" \/>\n<meta property=\"og:locale\" content=\"it_IT\" \/>\n<meta property=\"og:type\" content=\"article\" \/>\n<meta property=\"og:title\" content=\"Su cosa intendere con la parola &quot;Dio&quot; | Gregorio di Nissa (335 - 395) - Concolino.it\" \/>\n<meta property=\"og:description\" content=\"&#8220;Ora noi dobbiamo esaminare contagiare diligenza il nome stesso della Divinit\u00e0, affinch\u00e9 dal significato contenuto nella parola venga un qualche aiuto per chiarire la presente questione. Sembra dunque alla\u00a0maggior parte [&hellip;]\" \/>\n<meta property=\"og:url\" content=\"https:\/\/www.concolino.it\/index.php\/2015\/04\/10\/su-cosa-intendere-con-la-parola-dio-gregorio-di-nissa-335-395\/\" \/>\n<meta property=\"og:site_name\" content=\"Concolino.it\" \/>\n<meta property=\"article:publisher\" content=\"https:\/\/www.facebook.com\/don.mik.94\" \/>\n<meta property=\"article:author\" content=\"https:\/\/www.facebook.com\/don.mik.94\" \/>\n<meta property=\"article:published_time\" content=\"2015-04-10T11:51:14+00:00\" \/>\n<meta property=\"article:modified_time\" content=\"2017-08-24T07:56:26+00:00\" \/>\n<meta property=\"og:image\" content=\"https:\/\/www.concolino.it\/wp-content\/uploads\/2015\/04\/aaaaaaaaaaaaaa.jpg\" \/>\n\t<meta property=\"og:image:width\" content=\"2048\" \/>\n\t<meta property=\"og:image:height\" content=\"533\" \/>\n\t<meta property=\"og:image:type\" content=\"image\/jpeg\" \/>\n<meta name=\"author\" content=\"Domenico Concolino\" \/>\n<meta name=\"twitter:card\" content=\"summary_large_image\" \/>\n<meta name=\"twitter:creator\" content=\"@https:\/\/twitter.com\/don_mik\" \/>\n<meta name=\"twitter:site\" content=\"@don_mik\" \/>\n<meta name=\"twitter:label1\" content=\"Scritto da\" \/>\n\t<meta name=\"twitter:data1\" content=\"Domenico Concolino\" \/>\n\t<meta name=\"twitter:label2\" content=\"Tempo di lettura stimato\" \/>\n\t<meta name=\"twitter:data2\" content=\"3 minuti\" \/>\n<script type=\"application\/ld+json\" class=\"yoast-schema-graph\">{\"@context\":\"https:\\\/\\\/schema.org\",\"@graph\":[{\"@type\":\"Article\",\"@id\":\"https:\\\/\\\/www.concolino.it\\\/index.php\\\/2015\\\/04\\\/10\\\/su-cosa-intendere-con-la-parola-dio-gregorio-di-nissa-335-395\\\/#article\",\"isPartOf\":{\"@id\":\"https:\\\/\\\/www.concolino.it\\\/index.php\\\/2015\\\/04\\\/10\\\/su-cosa-intendere-con-la-parola-dio-gregorio-di-nissa-335-395\\\/\"},\"author\":{\"name\":\"Domenico Concolino\",\"@id\":\"https:\\\/\\\/www.concolino.it\\\/#\\\/schema\\\/person\\\/dfa8517603a44e77da85e7eb5139c070\"},\"headline\":\"Su cosa intendere con la parola &#8220;Dio&#8221; | Gregorio di Nissa (335 &#8211; 395)\",\"datePublished\":\"2015-04-10T11:51:14+00:00\",\"dateModified\":\"2017-08-24T07:56:26+00:00\",\"mainEntityOfPage\":{\"@id\":\"https:\\\/\\\/www.concolino.it\\\/index.php\\\/2015\\\/04\\\/10\\\/su-cosa-intendere-con-la-parola-dio-gregorio-di-nissa-335-395\\\/\"},\"wordCount\":579,\"commentCount\":0,\"publisher\":{\"@id\":\"https:\\\/\\\/www.concolino.it\\\/#\\\/schema\\\/person\\\/dfa8517603a44e77da85e7eb5139c070\"},\"image\":{\"@id\":\"https:\\\/\\\/www.concolino.it\\\/index.php\\\/2015\\\/04\\\/10\\\/su-cosa-intendere-con-la-parola-dio-gregorio-di-nissa-335-395\\\/#primaryimage\"},\"thumbnailUrl\":\"https:\\\/\\\/www.concolino.it\\\/wp-content\\\/uploads\\\/2015\\\/04\\\/aaaaaaaaaaaaaa.jpg\",\"articleSection\":[\"Citazioni\",\"Teologia della Parola\",\"Vetrina\"],\"inLanguage\":\"it-IT\",\"potentialAction\":[{\"@type\":\"CommentAction\",\"name\":\"Comment\",\"target\":[\"https:\\\/\\\/www.concolino.it\\\/index.php\\\/2015\\\/04\\\/10\\\/su-cosa-intendere-con-la-parola-dio-gregorio-di-nissa-335-395\\\/#respond\"]}]},{\"@type\":\"WebPage\",\"@id\":\"https:\\\/\\\/www.concolino.it\\\/index.php\\\/2015\\\/04\\\/10\\\/su-cosa-intendere-con-la-parola-dio-gregorio-di-nissa-335-395\\\/\",\"url\":\"https:\\\/\\\/www.concolino.it\\\/index.php\\\/2015\\\/04\\\/10\\\/su-cosa-intendere-con-la-parola-dio-gregorio-di-nissa-335-395\\\/\",\"name\":\"Su cosa intendere con la parola \\\"Dio\\\" | Gregorio di Nissa (335 - 395) - Concolino.it\",\"isPartOf\":{\"@id\":\"https:\\\/\\\/www.concolino.it\\\/#website\"},\"primaryImageOfPage\":{\"@id\":\"https:\\\/\\\/www.concolino.it\\\/index.php\\\/2015\\\/04\\\/10\\\/su-cosa-intendere-con-la-parola-dio-gregorio-di-nissa-335-395\\\/#primaryimage\"},\"image\":{\"@id\":\"https:\\\/\\\/www.concolino.it\\\/index.php\\\/2015\\\/04\\\/10\\\/su-cosa-intendere-con-la-parola-dio-gregorio-di-nissa-335-395\\\/#primaryimage\"},\"thumbnailUrl\":\"https:\\\/\\\/www.concolino.it\\\/wp-content\\\/uploads\\\/2015\\\/04\\\/aaaaaaaaaaaaaa.jpg\",\"datePublished\":\"2015-04-10T11:51:14+00:00\",\"dateModified\":\"2017-08-24T07:56:26+00:00\",\"breadcrumb\":{\"@id\":\"https:\\\/\\\/www.concolino.it\\\/index.php\\\/2015\\\/04\\\/10\\\/su-cosa-intendere-con-la-parola-dio-gregorio-di-nissa-335-395\\\/#breadcrumb\"},\"inLanguage\":\"it-IT\",\"potentialAction\":[{\"@type\":\"ReadAction\",\"target\":[\"https:\\\/\\\/www.concolino.it\\\/index.php\\\/2015\\\/04\\\/10\\\/su-cosa-intendere-con-la-parola-dio-gregorio-di-nissa-335-395\\\/\"]}]},{\"@type\":\"ImageObject\",\"inLanguage\":\"it-IT\",\"@id\":\"https:\\\/\\\/www.concolino.it\\\/index.php\\\/2015\\\/04\\\/10\\\/su-cosa-intendere-con-la-parola-dio-gregorio-di-nissa-335-395\\\/#primaryimage\",\"url\":\"https:\\\/\\\/www.concolino.it\\\/wp-content\\\/uploads\\\/2015\\\/04\\\/aaaaaaaaaaaaaa.jpg\",\"contentUrl\":\"https:\\\/\\\/www.concolino.it\\\/wp-content\\\/uploads\\\/2015\\\/04\\\/aaaaaaaaaaaaaa.jpg\",\"width\":2048,\"height\":533},{\"@type\":\"BreadcrumbList\",\"@id\":\"https:\\\/\\\/www.concolino.it\\\/index.php\\\/2015\\\/04\\\/10\\\/su-cosa-intendere-con-la-parola-dio-gregorio-di-nissa-335-395\\\/#breadcrumb\",\"itemListElement\":[{\"@type\":\"ListItem\",\"position\":1,\"name\":\"Home\",\"item\":\"https:\\\/\\\/www.concolino.it\\\/\"},{\"@type\":\"ListItem\",\"position\":2,\"name\":\"Su cosa intendere con la parola &#8220;Dio&#8221; | Gregorio di Nissa (335 &#8211; 395)\"}]},{\"@type\":\"WebSite\",\"@id\":\"https:\\\/\\\/www.concolino.it\\\/#website\",\"url\":\"https:\\\/\\\/www.concolino.it\\\/\",\"name\":\"Concolino.it\",\"description\":\"Allargare gli spazi del Verbo\",\"publisher\":{\"@id\":\"https:\\\/\\\/www.concolino.it\\\/#\\\/schema\\\/person\\\/dfa8517603a44e77da85e7eb5139c070\"},\"potentialAction\":[{\"@type\":\"SearchAction\",\"target\":{\"@type\":\"EntryPoint\",\"urlTemplate\":\"https:\\\/\\\/www.concolino.it\\\/?s={search_term_string}\"},\"query-input\":{\"@type\":\"PropertyValueSpecification\",\"valueRequired\":true,\"valueName\":\"search_term_string\"}}],\"inLanguage\":\"it-IT\"},{\"@type\":[\"Person\",\"Organization\"],\"@id\":\"https:\\\/\\\/www.concolino.it\\\/#\\\/schema\\\/person\\\/dfa8517603a44e77da85e7eb5139c070\",\"name\":\"Domenico Concolino\",\"image\":{\"@type\":\"ImageObject\",\"inLanguage\":\"it-IT\",\"@id\":\"https:\\\/\\\/www.concolino.it\\\/wp-content\\\/uploads\\\/2014\\\/07\\\/CT5W9104.jpg\",\"url\":\"https:\\\/\\\/www.concolino.it\\\/wp-content\\\/uploads\\\/2014\\\/07\\\/CT5W9104.jpg\",\"contentUrl\":\"https:\\\/\\\/www.concolino.it\\\/wp-content\\\/uploads\\\/2014\\\/07\\\/CT5W9104.jpg\",\"width\":1276,\"height\":850,\"caption\":\"Domenico Concolino\"},\"logo\":{\"@id\":\"https:\\\/\\\/www.concolino.it\\\/wp-content\\\/uploads\\\/2014\\\/07\\\/CT5W9104.jpg\"},\"description\":\"Teologo | Cappellano Campus Universit\u00e0 Magna Graecia | Direttore Ufficio Regione Universit\u00e0 Scuola Educazione (Calabria)\",\"sameAs\":[\"https:\\\/\\\/www.facebook.com\\\/don.mik.94\",\"https:\\\/\\\/x.com\\\/https:\\\/\\\/twitter.com\\\/don_mik\"],\"url\":\"https:\\\/\\\/www.concolino.it\\\/index.php\\\/author\\\/admin\\\/\"}]}<\/script>\n<!-- \/ Yoast SEO plugin. -->","yoast_head_json":{"title":"Su cosa intendere con la parola \"Dio\" | Gregorio di Nissa (335 - 395) - Concolino.it","robots":{"index":"index","follow":"follow","max-snippet":"max-snippet:-1","max-image-preview":"max-image-preview:large","max-video-preview":"max-video-preview:-1"},"canonical":"https:\/\/www.concolino.it\/index.php\/2015\/04\/10\/su-cosa-intendere-con-la-parola-dio-gregorio-di-nissa-335-395\/","og_locale":"it_IT","og_type":"article","og_title":"Su cosa intendere con la parola \"Dio\" | Gregorio di Nissa (335 - 395) - Concolino.it","og_description":"&#8220;Ora noi dobbiamo esaminare contagiare diligenza il nome stesso della Divinit\u00e0, affinch\u00e9 dal significato contenuto nella parola venga un qualche aiuto per chiarire la presente questione. Sembra dunque alla\u00a0maggior parte [&hellip;]","og_url":"https:\/\/www.concolino.it\/index.php\/2015\/04\/10\/su-cosa-intendere-con-la-parola-dio-gregorio-di-nissa-335-395\/","og_site_name":"Concolino.it","article_publisher":"https:\/\/www.facebook.com\/don.mik.94","article_author":"https:\/\/www.facebook.com\/don.mik.94","article_published_time":"2015-04-10T11:51:14+00:00","article_modified_time":"2017-08-24T07:56:26+00:00","og_image":[{"width":2048,"height":533,"url":"https:\/\/www.concolino.it\/wp-content\/uploads\/2015\/04\/aaaaaaaaaaaaaa.jpg","type":"image\/jpeg"}],"author":"Domenico Concolino","twitter_card":"summary_large_image","twitter_creator":"@https:\/\/twitter.com\/don_mik","twitter_site":"@don_mik","twitter_misc":{"Scritto da":"Domenico Concolino","Tempo di lettura stimato":"3 minuti"},"schema":{"@context":"https:\/\/schema.org","@graph":[{"@type":"Article","@id":"https:\/\/www.concolino.it\/index.php\/2015\/04\/10\/su-cosa-intendere-con-la-parola-dio-gregorio-di-nissa-335-395\/#article","isPartOf":{"@id":"https:\/\/www.concolino.it\/index.php\/2015\/04\/10\/su-cosa-intendere-con-la-parola-dio-gregorio-di-nissa-335-395\/"},"author":{"name":"Domenico Concolino","@id":"https:\/\/www.concolino.it\/#\/schema\/person\/dfa8517603a44e77da85e7eb5139c070"},"headline":"Su cosa intendere con la parola &#8220;Dio&#8221; | Gregorio di Nissa (335 &#8211; 395)","datePublished":"2015-04-10T11:51:14+00:00","dateModified":"2017-08-24T07:56:26+00:00","mainEntityOfPage":{"@id":"https:\/\/www.concolino.it\/index.php\/2015\/04\/10\/su-cosa-intendere-con-la-parola-dio-gregorio-di-nissa-335-395\/"},"wordCount":579,"commentCount":0,"publisher":{"@id":"https:\/\/www.concolino.it\/#\/schema\/person\/dfa8517603a44e77da85e7eb5139c070"},"image":{"@id":"https:\/\/www.concolino.it\/index.php\/2015\/04\/10\/su-cosa-intendere-con-la-parola-dio-gregorio-di-nissa-335-395\/#primaryimage"},"thumbnailUrl":"https:\/\/www.concolino.it\/wp-content\/uploads\/2015\/04\/aaaaaaaaaaaaaa.jpg","articleSection":["Citazioni","Teologia della Parola","Vetrina"],"inLanguage":"it-IT","potentialAction":[{"@type":"CommentAction","name":"Comment","target":["https:\/\/www.concolino.it\/index.php\/2015\/04\/10\/su-cosa-intendere-con-la-parola-dio-gregorio-di-nissa-335-395\/#respond"]}]},{"@type":"WebPage","@id":"https:\/\/www.concolino.it\/index.php\/2015\/04\/10\/su-cosa-intendere-con-la-parola-dio-gregorio-di-nissa-335-395\/","url":"https:\/\/www.concolino.it\/index.php\/2015\/04\/10\/su-cosa-intendere-con-la-parola-dio-gregorio-di-nissa-335-395\/","name":"Su cosa intendere con la parola \"Dio\" | Gregorio di Nissa (335 - 395) - Concolino.it","isPartOf":{"@id":"https:\/\/www.concolino.it\/#website"},"primaryImageOfPage":{"@id":"https:\/\/www.concolino.it\/index.php\/2015\/04\/10\/su-cosa-intendere-con-la-parola-dio-gregorio-di-nissa-335-395\/#primaryimage"},"image":{"@id":"https:\/\/www.concolino.it\/index.php\/2015\/04\/10\/su-cosa-intendere-con-la-parola-dio-gregorio-di-nissa-335-395\/#primaryimage"},"thumbnailUrl":"https:\/\/www.concolino.it\/wp-content\/uploads\/2015\/04\/aaaaaaaaaaaaaa.jpg","datePublished":"2015-04-10T11:51:14+00:00","dateModified":"2017-08-24T07:56:26+00:00","breadcrumb":{"@id":"https:\/\/www.concolino.it\/index.php\/2015\/04\/10\/su-cosa-intendere-con-la-parola-dio-gregorio-di-nissa-335-395\/#breadcrumb"},"inLanguage":"it-IT","potentialAction":[{"@type":"ReadAction","target":["https:\/\/www.concolino.it\/index.php\/2015\/04\/10\/su-cosa-intendere-con-la-parola-dio-gregorio-di-nissa-335-395\/"]}]},{"@type":"ImageObject","inLanguage":"it-IT","@id":"https:\/\/www.concolino.it\/index.php\/2015\/04\/10\/su-cosa-intendere-con-la-parola-dio-gregorio-di-nissa-335-395\/#primaryimage","url":"https:\/\/www.concolino.it\/wp-content\/uploads\/2015\/04\/aaaaaaaaaaaaaa.jpg","contentUrl":"https:\/\/www.concolino.it\/wp-content\/uploads\/2015\/04\/aaaaaaaaaaaaaa.jpg","width":2048,"height":533},{"@type":"BreadcrumbList","@id":"https:\/\/www.concolino.it\/index.php\/2015\/04\/10\/su-cosa-intendere-con-la-parola-dio-gregorio-di-nissa-335-395\/#breadcrumb","itemListElement":[{"@type":"ListItem","position":1,"name":"Home","item":"https:\/\/www.concolino.it\/"},{"@type":"ListItem","position":2,"name":"Su cosa intendere con la parola &#8220;Dio&#8221; | Gregorio di Nissa (335 &#8211; 395)"}]},{"@type":"WebSite","@id":"https:\/\/www.concolino.it\/#website","url":"https:\/\/www.concolino.it\/","name":"Concolino.it","description":"Allargare gli spazi del Verbo","publisher":{"@id":"https:\/\/www.concolino.it\/#\/schema\/person\/dfa8517603a44e77da85e7eb5139c070"},"potentialAction":[{"@type":"SearchAction","target":{"@type":"EntryPoint","urlTemplate":"https:\/\/www.concolino.it\/?s={search_term_string}"},"query-input":{"@type":"PropertyValueSpecification","valueRequired":true,"valueName":"search_term_string"}}],"inLanguage":"it-IT"},{"@type":["Person","Organization"],"@id":"https:\/\/www.concolino.it\/#\/schema\/person\/dfa8517603a44e77da85e7eb5139c070","name":"Domenico Concolino","image":{"@type":"ImageObject","inLanguage":"it-IT","@id":"https:\/\/www.concolino.it\/wp-content\/uploads\/2014\/07\/CT5W9104.jpg","url":"https:\/\/www.concolino.it\/wp-content\/uploads\/2014\/07\/CT5W9104.jpg","contentUrl":"https:\/\/www.concolino.it\/wp-content\/uploads\/2014\/07\/CT5W9104.jpg","width":1276,"height":850,"caption":"Domenico Concolino"},"logo":{"@id":"https:\/\/www.concolino.it\/wp-content\/uploads\/2014\/07\/CT5W9104.jpg"},"description":"Teologo | Cappellano Campus Universit\u00e0 Magna Graecia | Direttore Ufficio Regione Universit\u00e0 Scuola Educazione (Calabria)","sameAs":["https:\/\/www.facebook.com\/don.mik.94","https:\/\/x.com\/https:\/\/twitter.com\/don_mik"],"url":"https:\/\/www.concolino.it\/index.php\/author\/admin\/"}]}},"_links":{"self":[{"href":"https:\/\/www.concolino.it\/index.php\/wp-json\/wp\/v2\/posts\/1409","targetHints":{"allow":["GET"]}}],"collection":[{"href":"https:\/\/www.concolino.it\/index.php\/wp-json\/wp\/v2\/posts"}],"about":[{"href":"https:\/\/www.concolino.it\/index.php\/wp-json\/wp\/v2\/types\/post"}],"author":[{"embeddable":true,"href":"https:\/\/www.concolino.it\/index.php\/wp-json\/wp\/v2\/users\/1"}],"replies":[{"embeddable":true,"href":"https:\/\/www.concolino.it\/index.php\/wp-json\/wp\/v2\/comments?post=1409"}],"version-history":[{"count":3,"href":"https:\/\/www.concolino.it\/index.php\/wp-json\/wp\/v2\/posts\/1409\/revisions"}],"predecessor-version":[{"id":3172,"href":"https:\/\/www.concolino.it\/index.php\/wp-json\/wp\/v2\/posts\/1409\/revisions\/3172"}],"wp:featuredmedia":[{"embeddable":true,"href":"https:\/\/www.concolino.it\/index.php\/wp-json\/wp\/v2\/media\/1411"}],"wp:attachment":[{"href":"https:\/\/www.concolino.it\/index.php\/wp-json\/wp\/v2\/media?parent=1409"}],"wp:term":[{"taxonomy":"category","embeddable":true,"href":"https:\/\/www.concolino.it\/index.php\/wp-json\/wp\/v2\/categories?post=1409"},{"taxonomy":"post_tag","embeddable":true,"href":"https:\/\/www.concolino.it\/index.php\/wp-json\/wp\/v2\/tags?post=1409"}],"curies":[{"name":"wp","href":"https:\/\/api.w.org\/{rel}","templated":true}]}}