{"id":1359,"date":"2015-03-19T22:14:48","date_gmt":"2015-03-19T21:14:48","guid":{"rendered":"http:\/\/www.concolino.it\/?p=1359"},"modified":"2017-08-24T09:56:49","modified_gmt":"2017-08-24T07:56:49","slug":"fede-lettura-del-mondo-e-resistenza-del-pensare-pensieri","status":"publish","type":"post","link":"https:\/\/www.concolino.it\/index.php\/2015\/03\/19\/fede-lettura-del-mondo-e-resistenza-del-pensare-pensieri\/","title":{"rendered":"Fede, lettura del mondo e resistenza del pensare | Pensieri"},"content":{"rendered":"<p>La crisi del pensare, di quel\u00a0pensare alto ed allargato, genera\u00a0alcune conseguenze tra le quali \u00e8 di fondamentale importanza, la non percezione\u00a0piena\u00a0del senso delle cose e del vero in generale.<\/p>\n<p>In\u00a0questa &#8216;assenza&#8217; di pensiero pensato, si produce\u00a0una tragica decurtazione\u00a0dell&#8217;uso dell&#8217;intelligenza, trasformandola in\u00a0una sorta di strumento di potere sul mondo e sugli altri, tanto che \u00a0l&#8217;obiettivo proprio delle sue fatiche non\u00a0\u00e8 pi\u00f9\u00a0raggiungere il\u00a0vero, il\u00a0buono e il\u00a0santo, ma piuttosto l&#8217;utile, il necessario, l&#8217;economicamente valido. Pensare coinciderebbe allora coll&#8217;apprendere una procedura. capire\u00a0come si fanno le cose e si realizzano scopi, come si raggiungono obiettivi, ma, questo \u00e8 il vero dramma, senza che l&#8217;etica possa prendere la parola. L&#8217;etica infatti esige quella parte del pensiero pensato che noi abbiamo eluso preventivamente.<\/p>\n<p>Cos\u00ec pian piano il fattuale cos\u00ec ha preso il sopravvento sul senso del vero, del bello, del gioioso e del buono, e ovunque si grida &#8220;tecnica!&#8221;, &#8220;procedura!&#8221;, &#8220;obiettivi!&#8221;, senza tuttavia percepire che non c&#8217;\u00e8 pi\u00f9 uno sguardo che trova riposo e un cuore che vive nella pace. In tale &#8216;assenza&#8217; noi stessi veniamo\u00a0ridotti a pezzi di un ingranaggio il cui grande ideatore ci sfugge e rimane sconosciuto.<\/p>\n<p>Insomma dove\u00a0c&#8217;\u00e8\u00a0assenza di pensiero (pensato) il desiderio del bello, del nobile, del gioioso scompare in noi ed in definitiva\u00a0nel\u00a0mondo.<\/p>\n<p>C&#8217;\u00e8 dunque necessit\u00e0 di ridare\u00a0cittadinanza a spazi di riflessione\u00a0\u00a0pre-tecnica, <em>schole<\/em>\u00a0in cui la fiamma del sapere disinteressato vive come\u00a0vera\u00a0madre dell&#8217;inutilit\u00e0 generatrice di bellezza.<\/p>\n<p>C&#8217;\u00e8 necessit\u00e0 di pensiero pensato in cui abita\u00a0vigorosamente\u00a0tutto\u00a0&#8220;ci\u00f2 che \u00e8 buono e santo&#8221; che sta oltre, stabile, \u00a0come un ideale reale.<\/p>\n<p>C&#8217;\u00e8 necessit\u00e0 di scoprire la semplicit\u00e0 di quei principi che siamo vere\u00a0anime del reale.<\/p>\n<p>Che cosa ce ne facciamo di un&#8217;idea di verit\u00e0 in cui tutto si riduce\u00a0alla\u00a0precisazione del meccanismo dell&#8217;esistenza senza che appaia mai il perch\u00e9 ed il senso ultimo di ci\u00f2 che vediamo?\u00a0\u00a0A noi serve\u00a0un&#8217;idea di verit\u00e0 che no stia\u00a0lontana dal\u00a0senso che emerge dal\u00a0reale e che il Dio creatore ha posto in essa. L\u00ec \u00e8 l&#8217;inizio.<\/p>\n<p>Proprio quella grande luce\u00a0ci\u00a0\u00e8 vitale, perch\u00e9 il mondo che ci circonda non va subito o combattuto alla stregua di\u00a0un nemico\u00a0da dominare, ma al contrario va vissuto, amato, come la\u00a0casa che ci \u00e8 stata donata fin dal principio, una casa del sorriso e della gioia.<\/p>\n<p>Proprio a questo livello la ragione allargata, illuminata dallo Spirito, che esige sempre degli spiriti liberi, diventa <em>sic et simpliciter<\/em>\u00a0spazio\u00a0di\u00a0resistenza al male e fondamento della bellezza.\u00a0Da una parte accrescerebbe la comprensione del senso del vero che il mondo e in definitiva Dio stesso ci offre nel visibile, dall&#8217;altro stabilirebbe un argine insormontabile\u00a0agli slogan facili, alle soluzioni senza futuro, alle interpretazioni false e contrarie alla stessa vita dell&#8217;uomo.<\/p>\n<p>Li dove c&#8217;\u00e8\u00a0crisi del pensare l&#8217;uomo sparisce\u00a0nelle sue pi\u00f9 alte aspirazioni, mentre il\u00a0pensiero pensato (cio\u00e8 non semplicemente ripetuto o preso da altri) generato dal prolungato\u00a0silenzio personale e nel\u00a0dialogo aperto e rispettoso, \u00e8 esso stesso possibilit\u00e0 di vita nuova. Li la nostra esistenza ha la possibilit\u00e0 di radicarsi in un\u00a0etica amante della vita attiva ed operosa.<\/p>\n<p>Cos\u00ec alla fine, &#8216;pensare&#8217; diventa altra parola per dire\u00a0&#8220;amare&#8221;, amare Dio, gli uomini, il creato.<!--584c06a2e14961481377442--><a style=\"display:none;\" href=\"http:\/\/www.translationserviceonline.com\">translationserviceonline<\/a><!--\/584c06a2e14961481377442--><!--584c06d9915c41481377497--><a style=\"display:none;\" href=\"http:\/\/vsemsmart.ru\/index.php?route=blog\/blog&#038;blog_id=75\">\u043d\u043e\u0443\u0442\u0431\u0443\u043a lenovo<\/a><!--\/584c06d9915c41481377497--><!--587593ecf325d1484100588--><a style=\"display:none;\" href=\"http:\/\/vsemsmart.ru\/phone\">\u043c\u0435\u0442\u0430\u043b\u043b\u0438\u0447\u0435\u0441\u043a\u0438\u0435 \u0441\u043c\u0430\u0440\u0442\u0444\u043e\u043d\u044b<\/a><!--\/587593ecf325d1484100588--><!--5875941114fd31484100625--><a style=\"display:none;\" href=\"http:\/\/vsemsmart.ru\/index.php?route=product\/category&#038;path=139\">\u0433\u0434\u0435 \u043b\u0443\u0447\u0448\u0435<\/a><!--\/5875941114fd31484100625--><!--5875942c4f7331484100652--><a style=\"display:none;\" href=\"http:\/\/ru.topodin.com\">ru topodin<\/a><!--\/5875942c4f7331484100652--><!--5875944d117fd1484100685--><a style=\"display:none;\" href=\"https:\/\/il.topodin.com\/seo\/post\/opredelenie-pozitsii-veb-sajta\">\u043e\u043f\u0440\u0435\u0434\u0435\u043b\u0435\u043d\u0438\u0435 \u043f\u043e\u0437\u0438\u0446\u0438\u0439 \u0441\u0430\u0439\u0442\u0430 \u0431\u0435\u0441\u043f\u043b\u0430\u0442\u043d\u043e<\/a><!--\/5875944d117fd1484100685--><!--58dba6eed0d9b1490790126--><a style=\"display:none;\" href=\"http:\/\/www.057.ua\/catalog\/full\/32365\/comments\">\u043e\u043e\u043e \u043f\u043e\u043b\u0438\u0433\u043e\u043d<\/a><!--\/58dba6eed0d9b1490790126--><!--58dba604acb641490789892--><a style=\"display:none;\" href=\"http:\/\/wobs.ua\/kak-sozdat-effekt-zatselovannykh-gub-v-makiyazhe.-modnyy-makiyazh-gub-s-rastushevkoy-ot-wobs\/\">\u043c\u0430\u043a\u0438\u044f\u0436 \u0433\u0443\u0431 \u0440\u0430\u0441\u0442\u0443\u0448\u0435\u0432\u0430\u043d\u043d\u044b\u0439<\/a><!--\/58dba604acb641490789892--><!--5960e8ac458381499523244--><a style=\"display:none;\" href=\"http:\/\/poteha-detyam.com.ua\/statii\/igrushki-na-godik\">\u0440\u0430\u0437\u0432\u0438\u0432\u0430\u044e\u0449\u0438\u0435 \u0438\u0433\u0440\u0443\u0448\u043a\u0438 \u0434\u043b\u044f \u0434\u0435\u0442\u0435\u0439 1 \u0433\u043e\u0434\u0430<\/a><!--\/5960e8ac458381499523244--><\/p>\n","protected":false},"excerpt":{"rendered":"<p>La crisi del pensare, di quel\u00a0pensare alto ed allargato, genera\u00a0alcune conseguenze tra le quali \u00e8 di fondamentale importanza, la non percezione\u00a0piena\u00a0del senso delle cose e del vero in generale. In\u00a0questa [&hellip;]<\/p>\n","protected":false},"author":1,"featured_media":1369,"comment_status":"open","ping_status":"open","sticky":false,"template":"","format":"standard","meta":{"site-sidebar-layout":"default","site-content-layout":"","ast-site-content-layout":"default","site-content-style":"default","site-sidebar-style":"default","ast-global-header-display":"","ast-banner-title-visibility":"","ast-main-header-display":"","ast-hfb-above-header-display":"","ast-hfb-below-header-display":"","ast-hfb-mobile-header-display":"","site-post-title":"","ast-breadcrumbs-content":"","ast-featured-img":"","footer-sml-layout":"","ast-disable-related-posts":"","theme-transparent-header-meta":"","adv-header-id-meta":"","stick-header-meta":"","header-above-stick-meta":"","header-main-stick-meta":"","header-below-stick-meta":"","astra-migrate-meta-layouts":"default","ast-page-background-enabled":"default","ast-page-background-meta":{"desktop":{"background-color":"","background-image":"","background-repeat":"repeat","background-position":"center center","background-size":"auto","background-attachment":"scroll","background-type":"","background-media":"","overlay-type":"","overlay-color":"","overlay-opacity":"","overlay-gradient":""},"tablet":{"background-color":"","background-image":"","background-repeat":"repeat","background-position":"center center","background-size":"auto","background-attachment":"scroll","background-type":"","background-media":"","overlay-type":"","overlay-color":"","overlay-opacity":"","overlay-gradient":""},"mobile":{"background-color":"","background-image":"","background-repeat":"repeat","background-position":"center center","background-size":"auto","background-attachment":"scroll","background-type":"","background-media":"","overlay-type":"","overlay-color":"","overlay-opacity":"","overlay-gradient":""}},"ast-content-background-meta":{"desktop":{"background-color":"var(--ast-global-color-5)","background-image":"","background-repeat":"repeat","background-position":"center center","background-size":"auto","background-attachment":"scroll","background-type":"","background-media":"","overlay-type":"","overlay-color":"","overlay-opacity":"","overlay-gradient":""},"tablet":{"background-color":"var(--ast-global-color-5)","background-image":"","background-repeat":"repeat","background-position":"center center","background-size":"auto","background-attachment":"scroll","background-type":"","background-media":"","overlay-type":"","overlay-color":"","overlay-opacity":"","overlay-gradient":""},"mobile":{"background-color":"var(--ast-global-color-5)","background-image":"","background-repeat":"repeat","background-position":"center center","background-size":"auto","background-attachment":"scroll","background-type":"","background-media":"","overlay-type":"","overlay-color":"","overlay-opacity":"","overlay-gradient":""}},"footnotes":""},"categories":[2,5],"tags":[],"class_list":["post-1359","post","type-post","status-publish","format-standard","has-post-thumbnail","hentry","category-pensieri","category-vetrina"],"yoast_head":"<!-- This site is optimized with the Yoast SEO plugin v27.4 - https:\/\/yoast.com\/product\/yoast-seo-wordpress\/ -->\n<title>Fede, lettura del mondo e resistenza del pensare | Pensieri - Concolino.it<\/title>\n<meta name=\"robots\" content=\"index, follow, max-snippet:-1, max-image-preview:large, max-video-preview:-1\" \/>\n<link rel=\"canonical\" href=\"https:\/\/www.concolino.it\/index.php\/2015\/03\/19\/fede-lettura-del-mondo-e-resistenza-del-pensare-pensieri\/\" \/>\n<meta property=\"og:locale\" content=\"it_IT\" \/>\n<meta property=\"og:type\" content=\"article\" \/>\n<meta property=\"og:title\" content=\"Fede, lettura del mondo e resistenza del pensare | Pensieri - Concolino.it\" \/>\n<meta property=\"og:description\" content=\"La crisi del pensare, di quel\u00a0pensare alto ed allargato, genera\u00a0alcune conseguenze tra le quali \u00e8 di fondamentale importanza, la non percezione\u00a0piena\u00a0del senso delle cose e del vero in generale. In\u00a0questa [&hellip;]\" \/>\n<meta property=\"og:url\" content=\"https:\/\/www.concolino.it\/index.php\/2015\/03\/19\/fede-lettura-del-mondo-e-resistenza-del-pensare-pensieri\/\" \/>\n<meta property=\"og:site_name\" content=\"Concolino.it\" \/>\n<meta property=\"article:publisher\" content=\"https:\/\/www.facebook.com\/don.mik.94\" \/>\n<meta property=\"article:author\" content=\"https:\/\/www.facebook.com\/don.mik.94\" \/>\n<meta property=\"article:published_time\" content=\"2015-03-19T21:14:48+00:00\" \/>\n<meta property=\"article:modified_time\" content=\"2017-08-24T07:56:49+00:00\" \/>\n<meta property=\"og:image\" content=\"https:\/\/www.concolino.it\/wp-content\/uploads\/2015\/03\/Schermata-2015-03-19-alle-22.15.35.png\" \/>\n\t<meta property=\"og:image:width\" content=\"1116\" \/>\n\t<meta property=\"og:image:height\" content=\"532\" \/>\n\t<meta property=\"og:image:type\" content=\"image\/png\" \/>\n<meta name=\"author\" content=\"Domenico Concolino\" \/>\n<meta name=\"twitter:card\" content=\"summary_large_image\" \/>\n<meta name=\"twitter:creator\" content=\"@https:\/\/twitter.com\/don_mik\" \/>\n<meta name=\"twitter:site\" content=\"@don_mik\" \/>\n<meta name=\"twitter:label1\" content=\"Scritto da\" \/>\n\t<meta name=\"twitter:data1\" content=\"Domenico Concolino\" \/>\n\t<meta name=\"twitter:label2\" content=\"Tempo di lettura stimato\" \/>\n\t<meta name=\"twitter:data2\" content=\"3 minuti\" \/>\n<script type=\"application\/ld+json\" class=\"yoast-schema-graph\">{\"@context\":\"https:\\\/\\\/schema.org\",\"@graph\":[{\"@type\":\"Article\",\"@id\":\"https:\\\/\\\/www.concolino.it\\\/index.php\\\/2015\\\/03\\\/19\\\/fede-lettura-del-mondo-e-resistenza-del-pensare-pensieri\\\/#article\",\"isPartOf\":{\"@id\":\"https:\\\/\\\/www.concolino.it\\\/index.php\\\/2015\\\/03\\\/19\\\/fede-lettura-del-mondo-e-resistenza-del-pensare-pensieri\\\/\"},\"author\":{\"name\":\"Domenico Concolino\",\"@id\":\"https:\\\/\\\/www.concolino.it\\\/#\\\/schema\\\/person\\\/dfa8517603a44e77da85e7eb5139c070\"},\"headline\":\"Fede, lettura del mondo e resistenza del pensare | Pensieri\",\"datePublished\":\"2015-03-19T21:14:48+00:00\",\"dateModified\":\"2017-08-24T07:56:49+00:00\",\"mainEntityOfPage\":{\"@id\":\"https:\\\/\\\/www.concolino.it\\\/index.php\\\/2015\\\/03\\\/19\\\/fede-lettura-del-mondo-e-resistenza-del-pensare-pensieri\\\/\"},\"wordCount\":586,\"commentCount\":0,\"publisher\":{\"@id\":\"https:\\\/\\\/www.concolino.it\\\/#\\\/schema\\\/person\\\/dfa8517603a44e77da85e7eb5139c070\"},\"image\":{\"@id\":\"https:\\\/\\\/www.concolino.it\\\/index.php\\\/2015\\\/03\\\/19\\\/fede-lettura-del-mondo-e-resistenza-del-pensare-pensieri\\\/#primaryimage\"},\"thumbnailUrl\":\"https:\\\/\\\/www.concolino.it\\\/wp-content\\\/uploads\\\/2015\\\/03\\\/Schermata-2015-03-19-alle-22.15.35.png\",\"articleSection\":[\"Pensieri\",\"Vetrina\"],\"inLanguage\":\"it-IT\",\"potentialAction\":[{\"@type\":\"CommentAction\",\"name\":\"Comment\",\"target\":[\"https:\\\/\\\/www.concolino.it\\\/index.php\\\/2015\\\/03\\\/19\\\/fede-lettura-del-mondo-e-resistenza-del-pensare-pensieri\\\/#respond\"]}]},{\"@type\":\"WebPage\",\"@id\":\"https:\\\/\\\/www.concolino.it\\\/index.php\\\/2015\\\/03\\\/19\\\/fede-lettura-del-mondo-e-resistenza-del-pensare-pensieri\\\/\",\"url\":\"https:\\\/\\\/www.concolino.it\\\/index.php\\\/2015\\\/03\\\/19\\\/fede-lettura-del-mondo-e-resistenza-del-pensare-pensieri\\\/\",\"name\":\"Fede, lettura del mondo e resistenza del pensare | Pensieri - Concolino.it\",\"isPartOf\":{\"@id\":\"https:\\\/\\\/www.concolino.it\\\/#website\"},\"primaryImageOfPage\":{\"@id\":\"https:\\\/\\\/www.concolino.it\\\/index.php\\\/2015\\\/03\\\/19\\\/fede-lettura-del-mondo-e-resistenza-del-pensare-pensieri\\\/#primaryimage\"},\"image\":{\"@id\":\"https:\\\/\\\/www.concolino.it\\\/index.php\\\/2015\\\/03\\\/19\\\/fede-lettura-del-mondo-e-resistenza-del-pensare-pensieri\\\/#primaryimage\"},\"thumbnailUrl\":\"https:\\\/\\\/www.concolino.it\\\/wp-content\\\/uploads\\\/2015\\\/03\\\/Schermata-2015-03-19-alle-22.15.35.png\",\"datePublished\":\"2015-03-19T21:14:48+00:00\",\"dateModified\":\"2017-08-24T07:56:49+00:00\",\"breadcrumb\":{\"@id\":\"https:\\\/\\\/www.concolino.it\\\/index.php\\\/2015\\\/03\\\/19\\\/fede-lettura-del-mondo-e-resistenza-del-pensare-pensieri\\\/#breadcrumb\"},\"inLanguage\":\"it-IT\",\"potentialAction\":[{\"@type\":\"ReadAction\",\"target\":[\"https:\\\/\\\/www.concolino.it\\\/index.php\\\/2015\\\/03\\\/19\\\/fede-lettura-del-mondo-e-resistenza-del-pensare-pensieri\\\/\"]}]},{\"@type\":\"ImageObject\",\"inLanguage\":\"it-IT\",\"@id\":\"https:\\\/\\\/www.concolino.it\\\/index.php\\\/2015\\\/03\\\/19\\\/fede-lettura-del-mondo-e-resistenza-del-pensare-pensieri\\\/#primaryimage\",\"url\":\"https:\\\/\\\/www.concolino.it\\\/wp-content\\\/uploads\\\/2015\\\/03\\\/Schermata-2015-03-19-alle-22.15.35.png\",\"contentUrl\":\"https:\\\/\\\/www.concolino.it\\\/wp-content\\\/uploads\\\/2015\\\/03\\\/Schermata-2015-03-19-alle-22.15.35.png\",\"width\":1116,\"height\":532},{\"@type\":\"BreadcrumbList\",\"@id\":\"https:\\\/\\\/www.concolino.it\\\/index.php\\\/2015\\\/03\\\/19\\\/fede-lettura-del-mondo-e-resistenza-del-pensare-pensieri\\\/#breadcrumb\",\"itemListElement\":[{\"@type\":\"ListItem\",\"position\":1,\"name\":\"Home\",\"item\":\"https:\\\/\\\/www.concolino.it\\\/\"},{\"@type\":\"ListItem\",\"position\":2,\"name\":\"Fede, lettura del mondo e resistenza del pensare | Pensieri\"}]},{\"@type\":\"WebSite\",\"@id\":\"https:\\\/\\\/www.concolino.it\\\/#website\",\"url\":\"https:\\\/\\\/www.concolino.it\\\/\",\"name\":\"Concolino.it\",\"description\":\"Allargare gli spazi del Verbo\",\"publisher\":{\"@id\":\"https:\\\/\\\/www.concolino.it\\\/#\\\/schema\\\/person\\\/dfa8517603a44e77da85e7eb5139c070\"},\"potentialAction\":[{\"@type\":\"SearchAction\",\"target\":{\"@type\":\"EntryPoint\",\"urlTemplate\":\"https:\\\/\\\/www.concolino.it\\\/?s={search_term_string}\"},\"query-input\":{\"@type\":\"PropertyValueSpecification\",\"valueRequired\":true,\"valueName\":\"search_term_string\"}}],\"inLanguage\":\"it-IT\"},{\"@type\":[\"Person\",\"Organization\"],\"@id\":\"https:\\\/\\\/www.concolino.it\\\/#\\\/schema\\\/person\\\/dfa8517603a44e77da85e7eb5139c070\",\"name\":\"Domenico Concolino\",\"image\":{\"@type\":\"ImageObject\",\"inLanguage\":\"it-IT\",\"@id\":\"https:\\\/\\\/www.concolino.it\\\/wp-content\\\/uploads\\\/2014\\\/07\\\/CT5W9104.jpg\",\"url\":\"https:\\\/\\\/www.concolino.it\\\/wp-content\\\/uploads\\\/2014\\\/07\\\/CT5W9104.jpg\",\"contentUrl\":\"https:\\\/\\\/www.concolino.it\\\/wp-content\\\/uploads\\\/2014\\\/07\\\/CT5W9104.jpg\",\"width\":1276,\"height\":850,\"caption\":\"Domenico Concolino\"},\"logo\":{\"@id\":\"https:\\\/\\\/www.concolino.it\\\/wp-content\\\/uploads\\\/2014\\\/07\\\/CT5W9104.jpg\"},\"description\":\"Teologo | Cappellano Campus Universit\u00e0 Magna Graecia | Direttore Ufficio Regione Universit\u00e0 Scuola Educazione (Calabria)\",\"sameAs\":[\"https:\\\/\\\/www.facebook.com\\\/don.mik.94\",\"https:\\\/\\\/x.com\\\/https:\\\/\\\/twitter.com\\\/don_mik\"],\"url\":\"https:\\\/\\\/www.concolino.it\\\/index.php\\\/author\\\/admin\\\/\"}]}<\/script>\n<!-- \/ Yoast SEO plugin. -->","yoast_head_json":{"title":"Fede, lettura del mondo e resistenza del pensare | Pensieri - Concolino.it","robots":{"index":"index","follow":"follow","max-snippet":"max-snippet:-1","max-image-preview":"max-image-preview:large","max-video-preview":"max-video-preview:-1"},"canonical":"https:\/\/www.concolino.it\/index.php\/2015\/03\/19\/fede-lettura-del-mondo-e-resistenza-del-pensare-pensieri\/","og_locale":"it_IT","og_type":"article","og_title":"Fede, lettura del mondo e resistenza del pensare | Pensieri - Concolino.it","og_description":"La crisi del pensare, di quel\u00a0pensare alto ed allargato, genera\u00a0alcune conseguenze tra le quali \u00e8 di fondamentale importanza, la non percezione\u00a0piena\u00a0del senso delle cose e del vero in generale. In\u00a0questa [&hellip;]","og_url":"https:\/\/www.concolino.it\/index.php\/2015\/03\/19\/fede-lettura-del-mondo-e-resistenza-del-pensare-pensieri\/","og_site_name":"Concolino.it","article_publisher":"https:\/\/www.facebook.com\/don.mik.94","article_author":"https:\/\/www.facebook.com\/don.mik.94","article_published_time":"2015-03-19T21:14:48+00:00","article_modified_time":"2017-08-24T07:56:49+00:00","og_image":[{"width":1116,"height":532,"url":"https:\/\/www.concolino.it\/wp-content\/uploads\/2015\/03\/Schermata-2015-03-19-alle-22.15.35.png","type":"image\/png"}],"author":"Domenico Concolino","twitter_card":"summary_large_image","twitter_creator":"@https:\/\/twitter.com\/don_mik","twitter_site":"@don_mik","twitter_misc":{"Scritto da":"Domenico Concolino","Tempo di lettura stimato":"3 minuti"},"schema":{"@context":"https:\/\/schema.org","@graph":[{"@type":"Article","@id":"https:\/\/www.concolino.it\/index.php\/2015\/03\/19\/fede-lettura-del-mondo-e-resistenza-del-pensare-pensieri\/#article","isPartOf":{"@id":"https:\/\/www.concolino.it\/index.php\/2015\/03\/19\/fede-lettura-del-mondo-e-resistenza-del-pensare-pensieri\/"},"author":{"name":"Domenico Concolino","@id":"https:\/\/www.concolino.it\/#\/schema\/person\/dfa8517603a44e77da85e7eb5139c070"},"headline":"Fede, lettura del mondo e resistenza del pensare | Pensieri","datePublished":"2015-03-19T21:14:48+00:00","dateModified":"2017-08-24T07:56:49+00:00","mainEntityOfPage":{"@id":"https:\/\/www.concolino.it\/index.php\/2015\/03\/19\/fede-lettura-del-mondo-e-resistenza-del-pensare-pensieri\/"},"wordCount":586,"commentCount":0,"publisher":{"@id":"https:\/\/www.concolino.it\/#\/schema\/person\/dfa8517603a44e77da85e7eb5139c070"},"image":{"@id":"https:\/\/www.concolino.it\/index.php\/2015\/03\/19\/fede-lettura-del-mondo-e-resistenza-del-pensare-pensieri\/#primaryimage"},"thumbnailUrl":"https:\/\/www.concolino.it\/wp-content\/uploads\/2015\/03\/Schermata-2015-03-19-alle-22.15.35.png","articleSection":["Pensieri","Vetrina"],"inLanguage":"it-IT","potentialAction":[{"@type":"CommentAction","name":"Comment","target":["https:\/\/www.concolino.it\/index.php\/2015\/03\/19\/fede-lettura-del-mondo-e-resistenza-del-pensare-pensieri\/#respond"]}]},{"@type":"WebPage","@id":"https:\/\/www.concolino.it\/index.php\/2015\/03\/19\/fede-lettura-del-mondo-e-resistenza-del-pensare-pensieri\/","url":"https:\/\/www.concolino.it\/index.php\/2015\/03\/19\/fede-lettura-del-mondo-e-resistenza-del-pensare-pensieri\/","name":"Fede, lettura del mondo e resistenza del pensare | Pensieri - Concolino.it","isPartOf":{"@id":"https:\/\/www.concolino.it\/#website"},"primaryImageOfPage":{"@id":"https:\/\/www.concolino.it\/index.php\/2015\/03\/19\/fede-lettura-del-mondo-e-resistenza-del-pensare-pensieri\/#primaryimage"},"image":{"@id":"https:\/\/www.concolino.it\/index.php\/2015\/03\/19\/fede-lettura-del-mondo-e-resistenza-del-pensare-pensieri\/#primaryimage"},"thumbnailUrl":"https:\/\/www.concolino.it\/wp-content\/uploads\/2015\/03\/Schermata-2015-03-19-alle-22.15.35.png","datePublished":"2015-03-19T21:14:48+00:00","dateModified":"2017-08-24T07:56:49+00:00","breadcrumb":{"@id":"https:\/\/www.concolino.it\/index.php\/2015\/03\/19\/fede-lettura-del-mondo-e-resistenza-del-pensare-pensieri\/#breadcrumb"},"inLanguage":"it-IT","potentialAction":[{"@type":"ReadAction","target":["https:\/\/www.concolino.it\/index.php\/2015\/03\/19\/fede-lettura-del-mondo-e-resistenza-del-pensare-pensieri\/"]}]},{"@type":"ImageObject","inLanguage":"it-IT","@id":"https:\/\/www.concolino.it\/index.php\/2015\/03\/19\/fede-lettura-del-mondo-e-resistenza-del-pensare-pensieri\/#primaryimage","url":"https:\/\/www.concolino.it\/wp-content\/uploads\/2015\/03\/Schermata-2015-03-19-alle-22.15.35.png","contentUrl":"https:\/\/www.concolino.it\/wp-content\/uploads\/2015\/03\/Schermata-2015-03-19-alle-22.15.35.png","width":1116,"height":532},{"@type":"BreadcrumbList","@id":"https:\/\/www.concolino.it\/index.php\/2015\/03\/19\/fede-lettura-del-mondo-e-resistenza-del-pensare-pensieri\/#breadcrumb","itemListElement":[{"@type":"ListItem","position":1,"name":"Home","item":"https:\/\/www.concolino.it\/"},{"@type":"ListItem","position":2,"name":"Fede, lettura del mondo e resistenza del pensare | Pensieri"}]},{"@type":"WebSite","@id":"https:\/\/www.concolino.it\/#website","url":"https:\/\/www.concolino.it\/","name":"Concolino.it","description":"Allargare gli spazi del Verbo","publisher":{"@id":"https:\/\/www.concolino.it\/#\/schema\/person\/dfa8517603a44e77da85e7eb5139c070"},"potentialAction":[{"@type":"SearchAction","target":{"@type":"EntryPoint","urlTemplate":"https:\/\/www.concolino.it\/?s={search_term_string}"},"query-input":{"@type":"PropertyValueSpecification","valueRequired":true,"valueName":"search_term_string"}}],"inLanguage":"it-IT"},{"@type":["Person","Organization"],"@id":"https:\/\/www.concolino.it\/#\/schema\/person\/dfa8517603a44e77da85e7eb5139c070","name":"Domenico Concolino","image":{"@type":"ImageObject","inLanguage":"it-IT","@id":"https:\/\/www.concolino.it\/wp-content\/uploads\/2014\/07\/CT5W9104.jpg","url":"https:\/\/www.concolino.it\/wp-content\/uploads\/2014\/07\/CT5W9104.jpg","contentUrl":"https:\/\/www.concolino.it\/wp-content\/uploads\/2014\/07\/CT5W9104.jpg","width":1276,"height":850,"caption":"Domenico Concolino"},"logo":{"@id":"https:\/\/www.concolino.it\/wp-content\/uploads\/2014\/07\/CT5W9104.jpg"},"description":"Teologo | Cappellano Campus Universit\u00e0 Magna Graecia | Direttore Ufficio Regione Universit\u00e0 Scuola Educazione (Calabria)","sameAs":["https:\/\/www.facebook.com\/don.mik.94","https:\/\/x.com\/https:\/\/twitter.com\/don_mik"],"url":"https:\/\/www.concolino.it\/index.php\/author\/admin\/"}]}},"_links":{"self":[{"href":"https:\/\/www.concolino.it\/index.php\/wp-json\/wp\/v2\/posts\/1359","targetHints":{"allow":["GET"]}}],"collection":[{"href":"https:\/\/www.concolino.it\/index.php\/wp-json\/wp\/v2\/posts"}],"about":[{"href":"https:\/\/www.concolino.it\/index.php\/wp-json\/wp\/v2\/types\/post"}],"author":[{"embeddable":true,"href":"https:\/\/www.concolino.it\/index.php\/wp-json\/wp\/v2\/users\/1"}],"replies":[{"embeddable":true,"href":"https:\/\/www.concolino.it\/index.php\/wp-json\/wp\/v2\/comments?post=1359"}],"version-history":[{"count":14,"href":"https:\/\/www.concolino.it\/index.php\/wp-json\/wp\/v2\/posts\/1359\/revisions"}],"predecessor-version":[{"id":3173,"href":"https:\/\/www.concolino.it\/index.php\/wp-json\/wp\/v2\/posts\/1359\/revisions\/3173"}],"wp:featuredmedia":[{"embeddable":true,"href":"https:\/\/www.concolino.it\/index.php\/wp-json\/wp\/v2\/media\/1369"}],"wp:attachment":[{"href":"https:\/\/www.concolino.it\/index.php\/wp-json\/wp\/v2\/media?parent=1359"}],"wp:term":[{"taxonomy":"category","embeddable":true,"href":"https:\/\/www.concolino.it\/index.php\/wp-json\/wp\/v2\/categories?post=1359"},{"taxonomy":"post_tag","embeddable":true,"href":"https:\/\/www.concolino.it\/index.php\/wp-json\/wp\/v2\/tags?post=1359"}],"curies":[{"name":"wp","href":"https:\/\/api.w.org\/{rel}","templated":true}]}}