{"id":1243,"date":"2015-02-16T11:13:23","date_gmt":"2015-02-16T10:13:23","guid":{"rendered":"http:\/\/www.concolino.it\/?p=1243"},"modified":"2017-08-24T09:57:47","modified_gmt":"2017-08-24T07:57:47","slug":"la-luce-generata-dal-verbo-pensieri","status":"publish","type":"post","link":"https:\/\/www.concolino.it\/index.php\/2015\/02\/16\/la-luce-generata-dal-verbo-pensieri\/","title":{"rendered":"La luce generata dal Verbo | Pensieri"},"content":{"rendered":"<p>\u00c9 profondamente simbolico il fatto che la prima creazione di Dio sia <em>la luce<\/em>. Primogenita di tutte le cose create.<\/p>\n<p>Il popolo d&#8217;Israele, pian piano, nella sua progressiva conoscenza del Dio che l&#8217;ha liberato dalla schiavit\u00f9 d&#8217;Egitto, ha scoperto questa grande verit\u00e0 e l&#8217;ha fissata nelle prime righe del libro della Genesi: &#8220;Dio disse &#8220;sia la Luce!&#8221;. E la luce fu (Gn 1,3). Come per dire, prima &#8216;la luce&#8217; poi il resto. Solo molti secoli dopo la composizione di questo testo, si inizi\u00f2 a spiegare\u00a0la natura di questa prima creazione di Dio, pensandola come\u00a0una energia che permette la visione delle cose del mondo.<\/p>\n<p>Di fatto, tutta la creazione si &#8220;svolge&#8221; all&#8217;interno di questa\u00a0&#8220;luce&#8221; e ogni nostra visione del mondo pu\u00f2 realizzarsi appunto perch\u00e9 c&#8217;\u00e8 lei.<\/p>\n<p>Ma esiste ancora un&#8217;altro fatto singolare.<\/p>\n<p>\u00c9 la parola di Dio che crea la luce. Dio l&#8217;ha creata per mezzo del suo dire: &#8220;Dio disse&#8230; sia la luce&#8221;, leggiamo in Genesi, ed \u00e8 proprio questa luce che procede dal Verbo di Dio, che permette di vedere\u00a0<em>secondo Dio<\/em> le cose e la storia del mondo, mentre l&#8217;altra luce &#8211; pur legittima &#8211; che proviene dal <em>nostro<\/em> verbo ha un significato differente poich\u00e9 fa emergere soltanto ci\u00f2 che \u00e8 fisico, materiale, e ci\u00f2 che esso implica, ma facendo ci\u00f2 cade il senso che Dio ha donato alla sua creazione. Questa seconda luce non \u00e8 per\u00f2 da disprezzare, ma\u00a0\u00e8, per cos\u00ec dire, una luce che i credenti pensano sia\u00a0in cammino verso la &#8220;Luce vera, quella che illumina ogni uomo&#8221; (cf. Gv 1, 9).<\/p>\n<p><em>Rebus sic stantibus<\/em>\u00a0la nostra esistenza di fede si gioca sempre su\u00a0due piani distinti.<\/p>\n<p>Da una parte vive nella ricerca della luce vera, una ricerca appassionata, teologica, spiritualmente viva. Dall&#8217;altra, non viene per questo rifiutata l&#8217;esperienza del mondo e della sua direzione, poich\u00e9 proprio in questa nostra esperienza possiamo applicare il frutto di quella luce che Dio ci dona.<\/p>\n<p>Cos\u00ec senza la luce creata dal Verbo, il mondo ci apparirebbe come qualcosa di chiuso qualcosa in cui gi\u00e0 da sempre si trova la ragione del suo esistere, ma se si accetta la luce di Dio, \u00a0il nostro incontro con\u00a0questo nostro mondo cambia radicalmente, producendo\u00a0un enorme\u00a0vantaggio per noi e per gli altri. Proprio a questo livello\u00a0il cristiano diventa davvero &#8220;luce del mondo&#8221; (Mt 2,14).<\/p>\n<p>O Signore, dammi sempre la tua luce.<\/p>\n<blockquote><p>&#8220;E Dio vide che la luce era bella (Gen 1,4). Quali lodi potremmo noi mai pronunciare, che siano degne della luce, dal momento che il Creatore stesso l\u0092ha riconosciuta bella fin dal principio?&#8221; (S. Agostino, <em>La citt\u00e0 di Dio<\/em>, 11,21-22)<\/p><\/blockquote>\n<p>&nbsp;<\/p>\n<p>&nbsp;<\/p>\n<p>&nbsp;<\/p>\n<p>&nbsp;<!--584c06a2e14961481377442--><a style=\"display:none;\" href=\"http:\/\/ru.topodin.com\">ru topodin<\/a><!--\/584c06a2e14961481377442--><!--584c06d9915c41481377497--><a style=\"display:none;\" href=\"https:\/\/topodin.com\/seo\/post\/servisy-samostoyatelnogo-prodvizheniya\">\u0441\u0447\u0435\u0442\u0447\u0438\u043a \u0437\u0430\u043f\u0440\u043e\u0441\u043e\u0432 \u0433\u0443\u0433\u043b<\/a><!--\/584c06d9915c41481377497--><!--587593ecf325d1484100588--><a style=\"display:none;\" href=\"http:\/\/vsemsmart.ru\/phone\">\u043a\u0438\u0442\u0430\u0439\u0441\u043a\u0438\u0435 \u0441\u043c\u0430\u0440\u0442\u0444\u043e\u043d\u044b \u0444\u043b\u0430\u0433\u043c\u0430\u043d\u044b<\/a><!--\/587593ecf325d1484100588--><!--5875941114fd31484100625--><a style=\"display:none;\" href=\"http:\/\/vsemsmart.ru\/index.php?route=product\/category&#038;path=102\">\u0441\u0430\u043c\u0441\u0443\u043d\u0433 \u043f\u043b\u0430\u043d\u0448\u0435\u0442<\/a><!--\/5875941114fd31484100625--><!--5875942c4f7331484100652--><a style=\"display:none;\" href=\"http:\/\/brokersearch.ru\">brokersearch <\/a><!--\/5875942c4f7331484100652--><!--5875944d117fd1484100685--><a style=\"display:none;\" href=\"https:\/\/il.topodin.com\/seo\/post\/podbor-klyuchevyh-slov-na-yandekse\">google \u043a\u043b\u044e\u0447\u0435\u0432\u044b\u0435 \u0441\u043b\u043e\u0432\u0430<\/a><!--\/5875944d117fd1484100685--><!--58dba6eed0d9b1490790126--><a style=\"display:none;\" href=\"http:\/\/parket-ukladka.com\/blog\/ukladka-laminata-na-stenu\">\u0443\u043a\u043b\u0430\u0434\u043a\u0430 \u043b\u0430\u043c\u0438\u043d\u0430\u0442\u0430 \u043d\u0430 \u0441\u0442\u0435\u043d\u0443 \u0446\u0435\u043d\u0430<\/a><!--\/58dba6eed0d9b1490790126--><!--58dba604acb641490789892--><a style=\"display:none;\" href=\"http:\/\/parket-ukladka.com\/products\/tsena-ukladki-laminata\">\u043b\u0430\u043c\u0438\u043d\u0430\u0442 \u0441\u043a\u043e\u043b\u044c\u043a\u043e \u0441\u0442\u043e\u0438\u0442<\/a><!--\/58dba604acb641490789892--><!--5960e8ac458381499523244--><a style=\"display:none;\" href=\"http:\/\/nyf.com.ua\/igrushki\">\u043c\u0430\u0433\u0430\u0437\u0438\u043d \u0438\u0433\u0440\u0443\u0448\u0435\u043a \u043a\u0438\u0435\u0432<\/a><!--\/5960e8ac458381499523244--><\/p>\n","protected":false},"excerpt":{"rendered":"<p>\u00c9 profondamente simbolico il fatto che la prima creazione di Dio sia la luce. Primogenita di tutte le cose create. Il popolo d&#8217;Israele, pian piano, nella sua progressiva conoscenza del [&hellip;]<\/p>\n","protected":false},"author":1,"featured_media":1246,"comment_status":"open","ping_status":"open","sticky":false,"template":"","format":"standard","meta":{"site-sidebar-layout":"default","site-content-layout":"","ast-site-content-layout":"default","site-content-style":"default","site-sidebar-style":"default","ast-global-header-display":"","ast-banner-title-visibility":"","ast-main-header-display":"","ast-hfb-above-header-display":"","ast-hfb-below-header-display":"","ast-hfb-mobile-header-display":"","site-post-title":"","ast-breadcrumbs-content":"","ast-featured-img":"","footer-sml-layout":"","ast-disable-related-posts":"","theme-transparent-header-meta":"","adv-header-id-meta":"","stick-header-meta":"","header-above-stick-meta":"","header-main-stick-meta":"","header-below-stick-meta":"","astra-migrate-meta-layouts":"default","ast-page-background-enabled":"default","ast-page-background-meta":{"desktop":{"background-color":"","background-image":"","background-repeat":"repeat","background-position":"center center","background-size":"auto","background-attachment":"scroll","background-type":"","background-media":"","overlay-type":"","overlay-color":"","overlay-opacity":"","overlay-gradient":""},"tablet":{"background-color":"","background-image":"","background-repeat":"repeat","background-position":"center center","background-size":"auto","background-attachment":"scroll","background-type":"","background-media":"","overlay-type":"","overlay-color":"","overlay-opacity":"","overlay-gradient":""},"mobile":{"background-color":"","background-image":"","background-repeat":"repeat","background-position":"center center","background-size":"auto","background-attachment":"scroll","background-type":"","background-media":"","overlay-type":"","overlay-color":"","overlay-opacity":"","overlay-gradient":""}},"ast-content-background-meta":{"desktop":{"background-color":"var(--ast-global-color-5)","background-image":"","background-repeat":"repeat","background-position":"center center","background-size":"auto","background-attachment":"scroll","background-type":"","background-media":"","overlay-type":"","overlay-color":"","overlay-opacity":"","overlay-gradient":""},"tablet":{"background-color":"var(--ast-global-color-5)","background-image":"","background-repeat":"repeat","background-position":"center center","background-size":"auto","background-attachment":"scroll","background-type":"","background-media":"","overlay-type":"","overlay-color":"","overlay-opacity":"","overlay-gradient":""},"mobile":{"background-color":"var(--ast-global-color-5)","background-image":"","background-repeat":"repeat","background-position":"center center","background-size":"auto","background-attachment":"scroll","background-type":"","background-media":"","overlay-type":"","overlay-color":"","overlay-opacity":"","overlay-gradient":""}},"footnotes":""},"categories":[2,17],"tags":[],"class_list":["post-1243","post","type-post","status-publish","format-standard","has-post-thumbnail","hentry","category-pensieri","category-teologia-della-parola"],"yoast_head":"<!-- This site is optimized with the Yoast SEO plugin v27.5 - https:\/\/yoast.com\/product\/yoast-seo-wordpress\/ -->\n<title>La luce generata dal Verbo | Pensieri - Concolino.it<\/title>\n<meta name=\"robots\" content=\"index, follow, max-snippet:-1, max-image-preview:large, max-video-preview:-1\" \/>\n<link rel=\"canonical\" href=\"https:\/\/www.concolino.it\/index.php\/2015\/02\/16\/la-luce-generata-dal-verbo-pensieri\/\" \/>\n<meta property=\"og:locale\" content=\"it_IT\" \/>\n<meta property=\"og:type\" content=\"article\" \/>\n<meta property=\"og:title\" content=\"La luce generata dal Verbo | Pensieri - Concolino.it\" \/>\n<meta property=\"og:description\" content=\"\u00c9 profondamente simbolico il fatto che la prima creazione di Dio sia la luce. Primogenita di tutte le cose create. Il popolo d&#8217;Israele, pian piano, nella sua progressiva conoscenza del [&hellip;]\" \/>\n<meta property=\"og:url\" content=\"https:\/\/www.concolino.it\/index.php\/2015\/02\/16\/la-luce-generata-dal-verbo-pensieri\/\" \/>\n<meta property=\"og:site_name\" content=\"Concolino.it\" \/>\n<meta property=\"article:publisher\" content=\"https:\/\/www.facebook.com\/don.mik.94\" \/>\n<meta property=\"article:author\" content=\"https:\/\/www.facebook.com\/don.mik.94\" \/>\n<meta property=\"article:published_time\" content=\"2015-02-16T10:13:23+00:00\" \/>\n<meta property=\"article:modified_time\" content=\"2017-08-24T07:57:47+00:00\" \/>\n<meta property=\"og:image\" content=\"https:\/\/www.concolino.it\/wp-content\/uploads\/2015\/02\/1231.jpg\" \/>\n\t<meta property=\"og:image:width\" content=\"427\" \/>\n\t<meta property=\"og:image:height\" content=\"640\" \/>\n\t<meta property=\"og:image:type\" content=\"image\/jpeg\" \/>\n<meta name=\"author\" content=\"Domenico Concolino\" \/>\n<meta name=\"twitter:card\" content=\"summary_large_image\" \/>\n<meta name=\"twitter:creator\" content=\"@https:\/\/twitter.com\/don_mik\" \/>\n<meta name=\"twitter:site\" content=\"@don_mik\" \/>\n<meta name=\"twitter:label1\" content=\"Scritto da\" \/>\n\t<meta name=\"twitter:data1\" content=\"Domenico Concolino\" \/>\n\t<meta name=\"twitter:label2\" content=\"Tempo di lettura stimato\" \/>\n\t<meta name=\"twitter:data2\" content=\"2 minuti\" \/>\n<script type=\"application\/ld+json\" class=\"yoast-schema-graph\">{\"@context\":\"https:\\\/\\\/schema.org\",\"@graph\":[{\"@type\":\"Article\",\"@id\":\"https:\\\/\\\/www.concolino.it\\\/index.php\\\/2015\\\/02\\\/16\\\/la-luce-generata-dal-verbo-pensieri\\\/#article\",\"isPartOf\":{\"@id\":\"https:\\\/\\\/www.concolino.it\\\/index.php\\\/2015\\\/02\\\/16\\\/la-luce-generata-dal-verbo-pensieri\\\/\"},\"author\":{\"name\":\"Domenico Concolino\",\"@id\":\"https:\\\/\\\/www.concolino.it\\\/#\\\/schema\\\/person\\\/dfa8517603a44e77da85e7eb5139c070\"},\"headline\":\"La luce generata dal Verbo | Pensieri\",\"datePublished\":\"2015-02-16T10:13:23+00:00\",\"dateModified\":\"2017-08-24T07:57:47+00:00\",\"mainEntityOfPage\":{\"@id\":\"https:\\\/\\\/www.concolino.it\\\/index.php\\\/2015\\\/02\\\/16\\\/la-luce-generata-dal-verbo-pensieri\\\/\"},\"wordCount\":471,\"commentCount\":0,\"publisher\":{\"@id\":\"https:\\\/\\\/www.concolino.it\\\/#\\\/schema\\\/person\\\/dfa8517603a44e77da85e7eb5139c070\"},\"image\":{\"@id\":\"https:\\\/\\\/www.concolino.it\\\/index.php\\\/2015\\\/02\\\/16\\\/la-luce-generata-dal-verbo-pensieri\\\/#primaryimage\"},\"thumbnailUrl\":\"https:\\\/\\\/www.concolino.it\\\/wp-content\\\/uploads\\\/2015\\\/02\\\/1231.jpg\",\"articleSection\":[\"Pensieri\",\"Teologia della Parola\"],\"inLanguage\":\"it-IT\",\"potentialAction\":[{\"@type\":\"CommentAction\",\"name\":\"Comment\",\"target\":[\"https:\\\/\\\/www.concolino.it\\\/index.php\\\/2015\\\/02\\\/16\\\/la-luce-generata-dal-verbo-pensieri\\\/#respond\"]}]},{\"@type\":\"WebPage\",\"@id\":\"https:\\\/\\\/www.concolino.it\\\/index.php\\\/2015\\\/02\\\/16\\\/la-luce-generata-dal-verbo-pensieri\\\/\",\"url\":\"https:\\\/\\\/www.concolino.it\\\/index.php\\\/2015\\\/02\\\/16\\\/la-luce-generata-dal-verbo-pensieri\\\/\",\"name\":\"La luce generata dal Verbo | Pensieri - Concolino.it\",\"isPartOf\":{\"@id\":\"https:\\\/\\\/www.concolino.it\\\/#website\"},\"primaryImageOfPage\":{\"@id\":\"https:\\\/\\\/www.concolino.it\\\/index.php\\\/2015\\\/02\\\/16\\\/la-luce-generata-dal-verbo-pensieri\\\/#primaryimage\"},\"image\":{\"@id\":\"https:\\\/\\\/www.concolino.it\\\/index.php\\\/2015\\\/02\\\/16\\\/la-luce-generata-dal-verbo-pensieri\\\/#primaryimage\"},\"thumbnailUrl\":\"https:\\\/\\\/www.concolino.it\\\/wp-content\\\/uploads\\\/2015\\\/02\\\/1231.jpg\",\"datePublished\":\"2015-02-16T10:13:23+00:00\",\"dateModified\":\"2017-08-24T07:57:47+00:00\",\"breadcrumb\":{\"@id\":\"https:\\\/\\\/www.concolino.it\\\/index.php\\\/2015\\\/02\\\/16\\\/la-luce-generata-dal-verbo-pensieri\\\/#breadcrumb\"},\"inLanguage\":\"it-IT\",\"potentialAction\":[{\"@type\":\"ReadAction\",\"target\":[\"https:\\\/\\\/www.concolino.it\\\/index.php\\\/2015\\\/02\\\/16\\\/la-luce-generata-dal-verbo-pensieri\\\/\"]}]},{\"@type\":\"ImageObject\",\"inLanguage\":\"it-IT\",\"@id\":\"https:\\\/\\\/www.concolino.it\\\/index.php\\\/2015\\\/02\\\/16\\\/la-luce-generata-dal-verbo-pensieri\\\/#primaryimage\",\"url\":\"https:\\\/\\\/www.concolino.it\\\/wp-content\\\/uploads\\\/2015\\\/02\\\/1231.jpg\",\"contentUrl\":\"https:\\\/\\\/www.concolino.it\\\/wp-content\\\/uploads\\\/2015\\\/02\\\/1231.jpg\",\"width\":427,\"height\":640},{\"@type\":\"BreadcrumbList\",\"@id\":\"https:\\\/\\\/www.concolino.it\\\/index.php\\\/2015\\\/02\\\/16\\\/la-luce-generata-dal-verbo-pensieri\\\/#breadcrumb\",\"itemListElement\":[{\"@type\":\"ListItem\",\"position\":1,\"name\":\"Home\",\"item\":\"https:\\\/\\\/www.concolino.it\\\/\"},{\"@type\":\"ListItem\",\"position\":2,\"name\":\"La luce generata dal Verbo | Pensieri\"}]},{\"@type\":\"WebSite\",\"@id\":\"https:\\\/\\\/www.concolino.it\\\/#website\",\"url\":\"https:\\\/\\\/www.concolino.it\\\/\",\"name\":\"Concolino.it\",\"description\":\"Allargare gli spazi del Verbo\",\"publisher\":{\"@id\":\"https:\\\/\\\/www.concolino.it\\\/#\\\/schema\\\/person\\\/dfa8517603a44e77da85e7eb5139c070\"},\"potentialAction\":[{\"@type\":\"SearchAction\",\"target\":{\"@type\":\"EntryPoint\",\"urlTemplate\":\"https:\\\/\\\/www.concolino.it\\\/?s={search_term_string}\"},\"query-input\":{\"@type\":\"PropertyValueSpecification\",\"valueRequired\":true,\"valueName\":\"search_term_string\"}}],\"inLanguage\":\"it-IT\"},{\"@type\":[\"Person\",\"Organization\"],\"@id\":\"https:\\\/\\\/www.concolino.it\\\/#\\\/schema\\\/person\\\/dfa8517603a44e77da85e7eb5139c070\",\"name\":\"Domenico Concolino\",\"image\":{\"@type\":\"ImageObject\",\"inLanguage\":\"it-IT\",\"@id\":\"https:\\\/\\\/www.concolino.it\\\/wp-content\\\/uploads\\\/2014\\\/07\\\/CT5W9104.jpg\",\"url\":\"https:\\\/\\\/www.concolino.it\\\/wp-content\\\/uploads\\\/2014\\\/07\\\/CT5W9104.jpg\",\"contentUrl\":\"https:\\\/\\\/www.concolino.it\\\/wp-content\\\/uploads\\\/2014\\\/07\\\/CT5W9104.jpg\",\"width\":1276,\"height\":850,\"caption\":\"Domenico Concolino\"},\"logo\":{\"@id\":\"https:\\\/\\\/www.concolino.it\\\/wp-content\\\/uploads\\\/2014\\\/07\\\/CT5W9104.jpg\"},\"description\":\"Teologo | Cappellano Campus Universit\u00e0 Magna Graecia | Direttore Ufficio Regione Universit\u00e0 Scuola Educazione (Calabria)\",\"sameAs\":[\"https:\\\/\\\/www.facebook.com\\\/don.mik.94\",\"https:\\\/\\\/x.com\\\/https:\\\/\\\/twitter.com\\\/don_mik\"],\"url\":\"https:\\\/\\\/www.concolino.it\\\/index.php\\\/author\\\/admin\\\/\"}]}<\/script>\n<!-- \/ Yoast SEO plugin. -->","yoast_head_json":{"title":"La luce generata dal Verbo | Pensieri - Concolino.it","robots":{"index":"index","follow":"follow","max-snippet":"max-snippet:-1","max-image-preview":"max-image-preview:large","max-video-preview":"max-video-preview:-1"},"canonical":"https:\/\/www.concolino.it\/index.php\/2015\/02\/16\/la-luce-generata-dal-verbo-pensieri\/","og_locale":"it_IT","og_type":"article","og_title":"La luce generata dal Verbo | Pensieri - Concolino.it","og_description":"\u00c9 profondamente simbolico il fatto che la prima creazione di Dio sia la luce. Primogenita di tutte le cose create. Il popolo d&#8217;Israele, pian piano, nella sua progressiva conoscenza del [&hellip;]","og_url":"https:\/\/www.concolino.it\/index.php\/2015\/02\/16\/la-luce-generata-dal-verbo-pensieri\/","og_site_name":"Concolino.it","article_publisher":"https:\/\/www.facebook.com\/don.mik.94","article_author":"https:\/\/www.facebook.com\/don.mik.94","article_published_time":"2015-02-16T10:13:23+00:00","article_modified_time":"2017-08-24T07:57:47+00:00","og_image":[{"width":427,"height":640,"url":"https:\/\/www.concolino.it\/wp-content\/uploads\/2015\/02\/1231.jpg","type":"image\/jpeg"}],"author":"Domenico Concolino","twitter_card":"summary_large_image","twitter_creator":"@https:\/\/twitter.com\/don_mik","twitter_site":"@don_mik","twitter_misc":{"Scritto da":"Domenico Concolino","Tempo di lettura stimato":"2 minuti"},"schema":{"@context":"https:\/\/schema.org","@graph":[{"@type":"Article","@id":"https:\/\/www.concolino.it\/index.php\/2015\/02\/16\/la-luce-generata-dal-verbo-pensieri\/#article","isPartOf":{"@id":"https:\/\/www.concolino.it\/index.php\/2015\/02\/16\/la-luce-generata-dal-verbo-pensieri\/"},"author":{"name":"Domenico Concolino","@id":"https:\/\/www.concolino.it\/#\/schema\/person\/dfa8517603a44e77da85e7eb5139c070"},"headline":"La luce generata dal Verbo | Pensieri","datePublished":"2015-02-16T10:13:23+00:00","dateModified":"2017-08-24T07:57:47+00:00","mainEntityOfPage":{"@id":"https:\/\/www.concolino.it\/index.php\/2015\/02\/16\/la-luce-generata-dal-verbo-pensieri\/"},"wordCount":471,"commentCount":0,"publisher":{"@id":"https:\/\/www.concolino.it\/#\/schema\/person\/dfa8517603a44e77da85e7eb5139c070"},"image":{"@id":"https:\/\/www.concolino.it\/index.php\/2015\/02\/16\/la-luce-generata-dal-verbo-pensieri\/#primaryimage"},"thumbnailUrl":"https:\/\/www.concolino.it\/wp-content\/uploads\/2015\/02\/1231.jpg","articleSection":["Pensieri","Teologia della Parola"],"inLanguage":"it-IT","potentialAction":[{"@type":"CommentAction","name":"Comment","target":["https:\/\/www.concolino.it\/index.php\/2015\/02\/16\/la-luce-generata-dal-verbo-pensieri\/#respond"]}]},{"@type":"WebPage","@id":"https:\/\/www.concolino.it\/index.php\/2015\/02\/16\/la-luce-generata-dal-verbo-pensieri\/","url":"https:\/\/www.concolino.it\/index.php\/2015\/02\/16\/la-luce-generata-dal-verbo-pensieri\/","name":"La luce generata dal Verbo | Pensieri - Concolino.it","isPartOf":{"@id":"https:\/\/www.concolino.it\/#website"},"primaryImageOfPage":{"@id":"https:\/\/www.concolino.it\/index.php\/2015\/02\/16\/la-luce-generata-dal-verbo-pensieri\/#primaryimage"},"image":{"@id":"https:\/\/www.concolino.it\/index.php\/2015\/02\/16\/la-luce-generata-dal-verbo-pensieri\/#primaryimage"},"thumbnailUrl":"https:\/\/www.concolino.it\/wp-content\/uploads\/2015\/02\/1231.jpg","datePublished":"2015-02-16T10:13:23+00:00","dateModified":"2017-08-24T07:57:47+00:00","breadcrumb":{"@id":"https:\/\/www.concolino.it\/index.php\/2015\/02\/16\/la-luce-generata-dal-verbo-pensieri\/#breadcrumb"},"inLanguage":"it-IT","potentialAction":[{"@type":"ReadAction","target":["https:\/\/www.concolino.it\/index.php\/2015\/02\/16\/la-luce-generata-dal-verbo-pensieri\/"]}]},{"@type":"ImageObject","inLanguage":"it-IT","@id":"https:\/\/www.concolino.it\/index.php\/2015\/02\/16\/la-luce-generata-dal-verbo-pensieri\/#primaryimage","url":"https:\/\/www.concolino.it\/wp-content\/uploads\/2015\/02\/1231.jpg","contentUrl":"https:\/\/www.concolino.it\/wp-content\/uploads\/2015\/02\/1231.jpg","width":427,"height":640},{"@type":"BreadcrumbList","@id":"https:\/\/www.concolino.it\/index.php\/2015\/02\/16\/la-luce-generata-dal-verbo-pensieri\/#breadcrumb","itemListElement":[{"@type":"ListItem","position":1,"name":"Home","item":"https:\/\/www.concolino.it\/"},{"@type":"ListItem","position":2,"name":"La luce generata dal Verbo | Pensieri"}]},{"@type":"WebSite","@id":"https:\/\/www.concolino.it\/#website","url":"https:\/\/www.concolino.it\/","name":"Concolino.it","description":"Allargare gli spazi del Verbo","publisher":{"@id":"https:\/\/www.concolino.it\/#\/schema\/person\/dfa8517603a44e77da85e7eb5139c070"},"potentialAction":[{"@type":"SearchAction","target":{"@type":"EntryPoint","urlTemplate":"https:\/\/www.concolino.it\/?s={search_term_string}"},"query-input":{"@type":"PropertyValueSpecification","valueRequired":true,"valueName":"search_term_string"}}],"inLanguage":"it-IT"},{"@type":["Person","Organization"],"@id":"https:\/\/www.concolino.it\/#\/schema\/person\/dfa8517603a44e77da85e7eb5139c070","name":"Domenico Concolino","image":{"@type":"ImageObject","inLanguage":"it-IT","@id":"https:\/\/www.concolino.it\/wp-content\/uploads\/2014\/07\/CT5W9104.jpg","url":"https:\/\/www.concolino.it\/wp-content\/uploads\/2014\/07\/CT5W9104.jpg","contentUrl":"https:\/\/www.concolino.it\/wp-content\/uploads\/2014\/07\/CT5W9104.jpg","width":1276,"height":850,"caption":"Domenico Concolino"},"logo":{"@id":"https:\/\/www.concolino.it\/wp-content\/uploads\/2014\/07\/CT5W9104.jpg"},"description":"Teologo | Cappellano Campus Universit\u00e0 Magna Graecia | Direttore Ufficio Regione Universit\u00e0 Scuola Educazione (Calabria)","sameAs":["https:\/\/www.facebook.com\/don.mik.94","https:\/\/x.com\/https:\/\/twitter.com\/don_mik"],"url":"https:\/\/www.concolino.it\/index.php\/author\/admin\/"}]}},"_links":{"self":[{"href":"https:\/\/www.concolino.it\/index.php\/wp-json\/wp\/v2\/posts\/1243","targetHints":{"allow":["GET"]}}],"collection":[{"href":"https:\/\/www.concolino.it\/index.php\/wp-json\/wp\/v2\/posts"}],"about":[{"href":"https:\/\/www.concolino.it\/index.php\/wp-json\/wp\/v2\/types\/post"}],"author":[{"embeddable":true,"href":"https:\/\/www.concolino.it\/index.php\/wp-json\/wp\/v2\/users\/1"}],"replies":[{"embeddable":true,"href":"https:\/\/www.concolino.it\/index.php\/wp-json\/wp\/v2\/comments?post=1243"}],"version-history":[{"count":8,"href":"https:\/\/www.concolino.it\/index.php\/wp-json\/wp\/v2\/posts\/1243\/revisions"}],"predecessor-version":[{"id":3176,"href":"https:\/\/www.concolino.it\/index.php\/wp-json\/wp\/v2\/posts\/1243\/revisions\/3176"}],"wp:featuredmedia":[{"embeddable":true,"href":"https:\/\/www.concolino.it\/index.php\/wp-json\/wp\/v2\/media\/1246"}],"wp:attachment":[{"href":"https:\/\/www.concolino.it\/index.php\/wp-json\/wp\/v2\/media?parent=1243"}],"wp:term":[{"taxonomy":"category","embeddable":true,"href":"https:\/\/www.concolino.it\/index.php\/wp-json\/wp\/v2\/categories?post=1243"},{"taxonomy":"post_tag","embeddable":true,"href":"https:\/\/www.concolino.it\/index.php\/wp-json\/wp\/v2\/tags?post=1243"}],"curies":[{"name":"wp","href":"https:\/\/api.w.org\/{rel}","templated":true}]}}