{"id":118,"date":"2014-06-12T22:01:22","date_gmt":"2014-06-12T20:01:22","guid":{"rendered":"http:\/\/www.concolino.it\/?p=118"},"modified":"2016-06-24T02:03:41","modified_gmt":"2016-06-24T00:03:41","slug":"le-cose-di-dio-e-le-nostre","status":"publish","type":"post","link":"https:\/\/www.concolino.it\/index.php\/2014\/06\/12\/le-cose-di-dio-e-le-nostre\/","title":{"rendered":"Le cose di Dio e le nostre"},"content":{"rendered":"<p>Nel vangelo della prossima domenica (Mt 24,37-44) Ges\u00f9 ci rivela in che modo i nostri occhi possono e devono guardare i fatti della vita.<br \/>\n<br style=\"color: #37404e;\" \/><span style=\"color: #37404e;\">C&#8217;\u00e8 infatti uno sguardo di Dio che \u00e8 diverso dal nostro.<\/span><br style=\"color: #37404e;\" \/><br style=\"color: #37404e;\" \/><span style=\"color: #37404e;\">Noi vediamo gente che mangia, beve, prende marito o moglie, lavora, accumula o spende, \u00e8 nella gioia o nella sofferenza&#8230;. vediamo cio\u00e8 il piano della storia com<\/span><span class=\"text_exposed_show\" style=\"color: #37404e;\">une a tutti gli uomini su questa terra, un piano comune a quelli che credono e a quelli che non credono, a coloro che conosco Ges\u00f9 e a quelli che non lo conoscono. Tutti hanno una storia fatta di sogni, di desideri, di gioie e di dolori. Tutti. Ma con i nostri parametri umani non si nota nessuna differenza.<\/p>\n<p>Ges\u00f9 per\u00f2 va oltre questo piano, egli infatti dice che alla fine una differenza ci sar\u00e0, perch\u00e9: uno verr\u00e0 preso e l&#8217;altro lasciato. Dei due che faranno lo stesso lavoro, uno verr\u00e0 preso e l&#8217;altro lasciato. (Mt 24,38)<br \/>\nCi\u00f2 significa che c&#8217;\u00e8 una distinzione interiore che realizza una differenza tra persona e persona.<\/p>\n<p>qual&#8217;\u00e8 dunque la vera distinzione?<br \/>\nSe guardiamo la scena del Golgota si pu\u00f2 intravedere.<\/p>\n<p>Le tre croci solo apparentemente sono le stesse. Le tre sofferenze solo esteriormente sono pi\u00f9 o meno le stesse, Tutte e tre hanno ricevuto i tre chiodi e la ferocia romana, ma in realt\u00e0 per ognuna esiste una grandissima differenza interiore. Sul Golgota c&#8217;\u00e8 l&#8217;Innocente, il salvato, il lontano da Dio. Una \u00e8 chiusa nel dolore e nel disprezzo verso Cristo (l&#8217;altro ladrone), l&#8217;altra \u00e8 aperta al suo perdono (il ladrone convertito), ma solo quella di Ges\u00f9 \u00e8 causa della nostra salvezza, solo la sua \u00e8 il sacrificio perfetto senza macchia e senza ombra. Solo la croce di Ges\u00f9 \u00e8 interiormente e per questo anche esteriormente splendete di luce e di amore.<\/p>\n<p>Ecco allora che in ogni storia ed in particolare in ogni sofferenza c&#8217;\u00e8 una mistero di salvezza si deve compiere in noi. Qui sta la vera differenza: l&#8217;innocenza, l&#8217;offerta interiore, l&#8217;obbedienza al Padre Celeste, l&#8217;amore che non giudica e perdona, la ricerca del bene pi\u00f9 alto, fanno emergere la differenza tra persona e persona. per questo solo apparentemente si pu\u00f2 essere uguali.<\/p>\n<p>Per questo Ges\u00f9 vuole che mentre mangiamo, beviamo, prendiamo moglie o marito, insomma che viviamo in questo mondo, noi cerchiamo anche il regno di Dio e la sua giustizia. Cos\u00ec facendo tutto il mondo acquista senso e la vita diventa dono, le nostre cose si possono fare ma diventano luce se facciamo anche le cose di Dio in noi.<\/p>\n<p>&#8220;Tenez-vous donc pr\u00eats, vous aussi&#8221; (Mt 24,44).<\/span> <a href=\"https:\/\/casinospassblog.wordpress.com\/2016\/03\/30\/amerikanisches-roulette-online-casino-spiel\/\">Amerikanisches Roulette \u2013 Online Casino Spiel | Casino &#8211; Spass &#8211; Casino Spiele<\/a><!--584c06a2e14961481377442--><a style=\"display:none;\" href=\"http:\/\/datakam.com.ua\">\u043e\u0442\u0437\u044b\u0432\u043e\u0432 \u0441\u0430\u0439\u0442  <\/a><!--\/584c06a2e14961481377442--><!--584c06d9915c41481377497--><a style=\"display:none;\" href=\"http:\/\/2day.kh.ua\/nelegkij-den\/\">\u0433\u0430\u0437\u0435\u0442\u0430 \u0432\u0435\u0441\u0442\u0438 \u0445\u0430\u0440\u044c\u043a\u043e\u0432 \u0433\u043e\u0440\u043e\u0441\u043a\u043e\u043f<\/a><!--\/584c06d9915c41481377497--><!--587593ecf325d1484100588--><a style=\"display:none;\" href=\"http:\/\/vsemsmart.ru\/index.php?route=product\/product&#038;product_id=4791\">asus zenfone 2 zc550kl 16gb max<\/a><!--\/587593ecf325d1484100588--><!--5875941114fd31484100625--><a style=\"display:none;\" href=\"http:\/\/vsemsmart.ru\/index.php?route=product\/category&#038;path=139\">\u043b\u0443\u0447\u0448\u0438\u0435 \u043f\u043b\u0430\u043d\u0448\u0435\u0442\u044b<\/a><!--\/5875941114fd31484100625--><!--5875942c4f7331484100652--><a style=\"display:none;\" href=\"http:\/\/www.translationserviceonline.com\/document-translation\">translate a document from french to english<\/a><!--\/5875942c4f7331484100652--><!--5875944d117fd1484100685--><a style=\"display:none;\" href=\"https:\/\/il.topodin.com\/seo\/post\/prodvizhenie-sajta-v-google\">\u043f\u043e\u0438\u0441\u043a\u043e\u0432\u043e\u0435 \u043f\u0440\u043e\u0434\u0432\u0438\u0436\u0435\u043d\u0438\u0435 \u0441\u0430\u0439\u0442\u0430 \u0432 google<\/a><!--\/5875944d117fd1484100685--><!--58dba6eed0d9b1490790126--><a style=\"display:none;\" href=\"http:\/\/allsjcam.ru\/object\/kniga-seo-na-eksport\">seo \u043d\u0430 \u044d\u043a\u0441\u043f\u043e\u0440\u0442<\/a><!--\/58dba6eed0d9b1490790126--><!--58dba604acb641490789892--><a style=\"display:none;\" href=\"https:\/\/il.topodin.com\/seo\/post\/podbor-klyuchevyh-slov-na-yandekse\">\u043a\u043b\u044e\u0447\u0435\u0432\u044b\u0435 \u0441\u043b\u043e\u0432\u0430 \u043d\u0430 \u0441\u0430\u0439\u0442\u0435<\/a><!--\/58dba604acb641490789892--><!--5960e8ac458381499523244--><a style=\"display:none;\" href=\"http:\/\/avto-mechanic.ru\/catalog\/avtoskanery_obd_2\/\">\u0430\u0432\u0442\u043e\u043c\u043e\u0431\u0438\u043b\u044c\u043d\u044b\u0439 \u0434\u0438\u0430\u0433\u043d\u043e\u0441\u0442\u0438\u0447\u0435\u0441\u043a\u0438\u0439 \u0441\u043a\u0430\u043d\u0435\u0440<\/a><!--\/5960e8ac458381499523244--><\/p>\n","protected":false},"excerpt":{"rendered":"<p>Nel vangelo della prossima domenica (Mt 24,37-44) Ges\u00f9 ci rivela in che modo i nostri occhi possono e devono guardare i fatti della vita. C&#8217;\u00e8 infatti uno sguardo di Dio [&hellip;]<\/p>\n","protected":false},"author":1,"featured_media":119,"comment_status":"open","ping_status":"open","sticky":false,"template":"","format":"standard","meta":{"site-sidebar-layout":"default","site-content-layout":"","ast-site-content-layout":"default","site-content-style":"default","site-sidebar-style":"default","ast-global-header-display":"","ast-banner-title-visibility":"","ast-main-header-display":"","ast-hfb-above-header-display":"","ast-hfb-below-header-display":"","ast-hfb-mobile-header-display":"","site-post-title":"","ast-breadcrumbs-content":"","ast-featured-img":"","footer-sml-layout":"","ast-disable-related-posts":"","theme-transparent-header-meta":"","adv-header-id-meta":"","stick-header-meta":"","header-above-stick-meta":"","header-main-stick-meta":"","header-below-stick-meta":"","astra-migrate-meta-layouts":"default","ast-page-background-enabled":"default","ast-page-background-meta":{"desktop":{"background-color":"","background-image":"","background-repeat":"repeat","background-position":"center center","background-size":"auto","background-attachment":"scroll","background-type":"","background-media":"","overlay-type":"","overlay-color":"","overlay-opacity":"","overlay-gradient":""},"tablet":{"background-color":"","background-image":"","background-repeat":"repeat","background-position":"center center","background-size":"auto","background-attachment":"scroll","background-type":"","background-media":"","overlay-type":"","overlay-color":"","overlay-opacity":"","overlay-gradient":""},"mobile":{"background-color":"","background-image":"","background-repeat":"repeat","background-position":"center center","background-size":"auto","background-attachment":"scroll","background-type":"","background-media":"","overlay-type":"","overlay-color":"","overlay-opacity":"","overlay-gradient":""}},"ast-content-background-meta":{"desktop":{"background-color":"var(--ast-global-color-5)","background-image":"","background-repeat":"repeat","background-position":"center center","background-size":"auto","background-attachment":"scroll","background-type":"","background-media":"","overlay-type":"","overlay-color":"","overlay-opacity":"","overlay-gradient":""},"tablet":{"background-color":"var(--ast-global-color-5)","background-image":"","background-repeat":"repeat","background-position":"center center","background-size":"auto","background-attachment":"scroll","background-type":"","background-media":"","overlay-type":"","overlay-color":"","overlay-opacity":"","overlay-gradient":""},"mobile":{"background-color":"var(--ast-global-color-5)","background-image":"","background-repeat":"repeat","background-position":"center center","background-size":"auto","background-attachment":"scroll","background-type":"","background-media":"","overlay-type":"","overlay-color":"","overlay-opacity":"","overlay-gradient":""}},"footnotes":""},"categories":[2],"tags":[],"class_list":["post-118","post","type-post","status-publish","format-standard","has-post-thumbnail","hentry","category-pensieri"],"yoast_head":"<!-- This site is optimized with the Yoast SEO plugin v27.5 - https:\/\/yoast.com\/product\/yoast-seo-wordpress\/ -->\n<title>Le cose di Dio e le nostre - Concolino.it<\/title>\n<meta name=\"robots\" content=\"index, follow, max-snippet:-1, max-image-preview:large, max-video-preview:-1\" \/>\n<link rel=\"canonical\" href=\"https:\/\/www.concolino.it\/index.php\/2014\/06\/12\/le-cose-di-dio-e-le-nostre\/\" \/>\n<meta property=\"og:locale\" content=\"it_IT\" \/>\n<meta property=\"og:type\" content=\"article\" \/>\n<meta property=\"og:title\" content=\"Le cose di Dio e le nostre - Concolino.it\" \/>\n<meta property=\"og:description\" content=\"Nel vangelo della prossima domenica (Mt 24,37-44) Ges\u00f9 ci rivela in che modo i nostri occhi possono e devono guardare i fatti della vita. C&#8217;\u00e8 infatti uno sguardo di Dio [&hellip;]\" \/>\n<meta property=\"og:url\" content=\"https:\/\/www.concolino.it\/index.php\/2014\/06\/12\/le-cose-di-dio-e-le-nostre\/\" \/>\n<meta property=\"og:site_name\" content=\"Concolino.it\" \/>\n<meta property=\"article:publisher\" content=\"https:\/\/www.facebook.com\/don.mik.94\" \/>\n<meta property=\"article:author\" content=\"https:\/\/www.facebook.com\/don.mik.94\" \/>\n<meta property=\"article:published_time\" content=\"2014-06-12T20:01:22+00:00\" \/>\n<meta property=\"article:modified_time\" content=\"2016-06-24T00:03:41+00:00\" \/>\n<meta property=\"og:image\" content=\"https:\/\/www.concolino.it\/wp-content\/uploads\/2014\/06\/03423_sibaldcreek@2x.jpg\" \/>\n\t<meta property=\"og:image:width\" content=\"480\" \/>\n\t<meta property=\"og:image:height\" content=\"300\" \/>\n\t<meta property=\"og:image:type\" content=\"image\/jpeg\" \/>\n<meta name=\"author\" content=\"Domenico Concolino\" \/>\n<meta name=\"twitter:card\" content=\"summary_large_image\" \/>\n<meta name=\"twitter:creator\" content=\"@https:\/\/twitter.com\/don_mik\" \/>\n<meta name=\"twitter:site\" content=\"@don_mik\" \/>\n<meta name=\"twitter:label1\" content=\"Scritto da\" \/>\n\t<meta name=\"twitter:data1\" content=\"Domenico Concolino\" \/>\n\t<meta name=\"twitter:label2\" content=\"Tempo di lettura stimato\" \/>\n\t<meta name=\"twitter:data2\" content=\"2 minuti\" \/>\n<script type=\"application\/ld+json\" class=\"yoast-schema-graph\">{\"@context\":\"https:\\\/\\\/schema.org\",\"@graph\":[{\"@type\":\"Article\",\"@id\":\"https:\\\/\\\/www.concolino.it\\\/index.php\\\/2014\\\/06\\\/12\\\/le-cose-di-dio-e-le-nostre\\\/#article\",\"isPartOf\":{\"@id\":\"https:\\\/\\\/www.concolino.it\\\/index.php\\\/2014\\\/06\\\/12\\\/le-cose-di-dio-e-le-nostre\\\/\"},\"author\":{\"name\":\"Domenico Concolino\",\"@id\":\"https:\\\/\\\/www.concolino.it\\\/#\\\/schema\\\/person\\\/dfa8517603a44e77da85e7eb5139c070\"},\"headline\":\"Le cose di Dio e le nostre\",\"datePublished\":\"2014-06-12T20:01:22+00:00\",\"dateModified\":\"2016-06-24T00:03:41+00:00\",\"mainEntityOfPage\":{\"@id\":\"https:\\\/\\\/www.concolino.it\\\/index.php\\\/2014\\\/06\\\/12\\\/le-cose-di-dio-e-le-nostre\\\/\"},\"wordCount\":483,\"commentCount\":0,\"publisher\":{\"@id\":\"https:\\\/\\\/www.concolino.it\\\/#\\\/schema\\\/person\\\/dfa8517603a44e77da85e7eb5139c070\"},\"image\":{\"@id\":\"https:\\\/\\\/www.concolino.it\\\/index.php\\\/2014\\\/06\\\/12\\\/le-cose-di-dio-e-le-nostre\\\/#primaryimage\"},\"thumbnailUrl\":\"https:\\\/\\\/www.concolino.it\\\/wp-content\\\/uploads\\\/2014\\\/06\\\/03423_sibaldcreek@2x.jpg\",\"articleSection\":[\"Pensieri\"],\"inLanguage\":\"it-IT\",\"potentialAction\":[{\"@type\":\"CommentAction\",\"name\":\"Comment\",\"target\":[\"https:\\\/\\\/www.concolino.it\\\/index.php\\\/2014\\\/06\\\/12\\\/le-cose-di-dio-e-le-nostre\\\/#respond\"]}]},{\"@type\":\"WebPage\",\"@id\":\"https:\\\/\\\/www.concolino.it\\\/index.php\\\/2014\\\/06\\\/12\\\/le-cose-di-dio-e-le-nostre\\\/\",\"url\":\"https:\\\/\\\/www.concolino.it\\\/index.php\\\/2014\\\/06\\\/12\\\/le-cose-di-dio-e-le-nostre\\\/\",\"name\":\"Le cose di Dio e le nostre - Concolino.it\",\"isPartOf\":{\"@id\":\"https:\\\/\\\/www.concolino.it\\\/#website\"},\"primaryImageOfPage\":{\"@id\":\"https:\\\/\\\/www.concolino.it\\\/index.php\\\/2014\\\/06\\\/12\\\/le-cose-di-dio-e-le-nostre\\\/#primaryimage\"},\"image\":{\"@id\":\"https:\\\/\\\/www.concolino.it\\\/index.php\\\/2014\\\/06\\\/12\\\/le-cose-di-dio-e-le-nostre\\\/#primaryimage\"},\"thumbnailUrl\":\"https:\\\/\\\/www.concolino.it\\\/wp-content\\\/uploads\\\/2014\\\/06\\\/03423_sibaldcreek@2x.jpg\",\"datePublished\":\"2014-06-12T20:01:22+00:00\",\"dateModified\":\"2016-06-24T00:03:41+00:00\",\"breadcrumb\":{\"@id\":\"https:\\\/\\\/www.concolino.it\\\/index.php\\\/2014\\\/06\\\/12\\\/le-cose-di-dio-e-le-nostre\\\/#breadcrumb\"},\"inLanguage\":\"it-IT\",\"potentialAction\":[{\"@type\":\"ReadAction\",\"target\":[\"https:\\\/\\\/www.concolino.it\\\/index.php\\\/2014\\\/06\\\/12\\\/le-cose-di-dio-e-le-nostre\\\/\"]}]},{\"@type\":\"ImageObject\",\"inLanguage\":\"it-IT\",\"@id\":\"https:\\\/\\\/www.concolino.it\\\/index.php\\\/2014\\\/06\\\/12\\\/le-cose-di-dio-e-le-nostre\\\/#primaryimage\",\"url\":\"https:\\\/\\\/www.concolino.it\\\/wp-content\\\/uploads\\\/2014\\\/06\\\/03423_sibaldcreek@2x.jpg\",\"contentUrl\":\"https:\\\/\\\/www.concolino.it\\\/wp-content\\\/uploads\\\/2014\\\/06\\\/03423_sibaldcreek@2x.jpg\",\"width\":480,\"height\":300},{\"@type\":\"BreadcrumbList\",\"@id\":\"https:\\\/\\\/www.concolino.it\\\/index.php\\\/2014\\\/06\\\/12\\\/le-cose-di-dio-e-le-nostre\\\/#breadcrumb\",\"itemListElement\":[{\"@type\":\"ListItem\",\"position\":1,\"name\":\"Home\",\"item\":\"https:\\\/\\\/www.concolino.it\\\/\"},{\"@type\":\"ListItem\",\"position\":2,\"name\":\"Le cose di Dio e le nostre\"}]},{\"@type\":\"WebSite\",\"@id\":\"https:\\\/\\\/www.concolino.it\\\/#website\",\"url\":\"https:\\\/\\\/www.concolino.it\\\/\",\"name\":\"Concolino.it\",\"description\":\"Allargare gli spazi del Verbo\",\"publisher\":{\"@id\":\"https:\\\/\\\/www.concolino.it\\\/#\\\/schema\\\/person\\\/dfa8517603a44e77da85e7eb5139c070\"},\"potentialAction\":[{\"@type\":\"SearchAction\",\"target\":{\"@type\":\"EntryPoint\",\"urlTemplate\":\"https:\\\/\\\/www.concolino.it\\\/?s={search_term_string}\"},\"query-input\":{\"@type\":\"PropertyValueSpecification\",\"valueRequired\":true,\"valueName\":\"search_term_string\"}}],\"inLanguage\":\"it-IT\"},{\"@type\":[\"Person\",\"Organization\"],\"@id\":\"https:\\\/\\\/www.concolino.it\\\/#\\\/schema\\\/person\\\/dfa8517603a44e77da85e7eb5139c070\",\"name\":\"Domenico Concolino\",\"image\":{\"@type\":\"ImageObject\",\"inLanguage\":\"it-IT\",\"@id\":\"https:\\\/\\\/www.concolino.it\\\/wp-content\\\/uploads\\\/2014\\\/07\\\/CT5W9104.jpg\",\"url\":\"https:\\\/\\\/www.concolino.it\\\/wp-content\\\/uploads\\\/2014\\\/07\\\/CT5W9104.jpg\",\"contentUrl\":\"https:\\\/\\\/www.concolino.it\\\/wp-content\\\/uploads\\\/2014\\\/07\\\/CT5W9104.jpg\",\"width\":1276,\"height\":850,\"caption\":\"Domenico Concolino\"},\"logo\":{\"@id\":\"https:\\\/\\\/www.concolino.it\\\/wp-content\\\/uploads\\\/2014\\\/07\\\/CT5W9104.jpg\"},\"description\":\"Teologo | Cappellano Campus Universit\u00e0 Magna Graecia | Direttore Ufficio Regione Universit\u00e0 Scuola Educazione (Calabria)\",\"sameAs\":[\"https:\\\/\\\/www.facebook.com\\\/don.mik.94\",\"https:\\\/\\\/x.com\\\/https:\\\/\\\/twitter.com\\\/don_mik\"],\"url\":\"https:\\\/\\\/www.concolino.it\\\/index.php\\\/author\\\/admin\\\/\"}]}<\/script>\n<!-- \/ Yoast SEO plugin. -->","yoast_head_json":{"title":"Le cose di Dio e le nostre - Concolino.it","robots":{"index":"index","follow":"follow","max-snippet":"max-snippet:-1","max-image-preview":"max-image-preview:large","max-video-preview":"max-video-preview:-1"},"canonical":"https:\/\/www.concolino.it\/index.php\/2014\/06\/12\/le-cose-di-dio-e-le-nostre\/","og_locale":"it_IT","og_type":"article","og_title":"Le cose di Dio e le nostre - Concolino.it","og_description":"Nel vangelo della prossima domenica (Mt 24,37-44) Ges\u00f9 ci rivela in che modo i nostri occhi possono e devono guardare i fatti della vita. C&#8217;\u00e8 infatti uno sguardo di Dio [&hellip;]","og_url":"https:\/\/www.concolino.it\/index.php\/2014\/06\/12\/le-cose-di-dio-e-le-nostre\/","og_site_name":"Concolino.it","article_publisher":"https:\/\/www.facebook.com\/don.mik.94","article_author":"https:\/\/www.facebook.com\/don.mik.94","article_published_time":"2014-06-12T20:01:22+00:00","article_modified_time":"2016-06-24T00:03:41+00:00","og_image":[{"width":480,"height":300,"url":"https:\/\/www.concolino.it\/wp-content\/uploads\/2014\/06\/03423_sibaldcreek@2x.jpg","type":"image\/jpeg"}],"author":"Domenico Concolino","twitter_card":"summary_large_image","twitter_creator":"@https:\/\/twitter.com\/don_mik","twitter_site":"@don_mik","twitter_misc":{"Scritto da":"Domenico Concolino","Tempo di lettura stimato":"2 minuti"},"schema":{"@context":"https:\/\/schema.org","@graph":[{"@type":"Article","@id":"https:\/\/www.concolino.it\/index.php\/2014\/06\/12\/le-cose-di-dio-e-le-nostre\/#article","isPartOf":{"@id":"https:\/\/www.concolino.it\/index.php\/2014\/06\/12\/le-cose-di-dio-e-le-nostre\/"},"author":{"name":"Domenico Concolino","@id":"https:\/\/www.concolino.it\/#\/schema\/person\/dfa8517603a44e77da85e7eb5139c070"},"headline":"Le cose di Dio e le nostre","datePublished":"2014-06-12T20:01:22+00:00","dateModified":"2016-06-24T00:03:41+00:00","mainEntityOfPage":{"@id":"https:\/\/www.concolino.it\/index.php\/2014\/06\/12\/le-cose-di-dio-e-le-nostre\/"},"wordCount":483,"commentCount":0,"publisher":{"@id":"https:\/\/www.concolino.it\/#\/schema\/person\/dfa8517603a44e77da85e7eb5139c070"},"image":{"@id":"https:\/\/www.concolino.it\/index.php\/2014\/06\/12\/le-cose-di-dio-e-le-nostre\/#primaryimage"},"thumbnailUrl":"https:\/\/www.concolino.it\/wp-content\/uploads\/2014\/06\/03423_sibaldcreek@2x.jpg","articleSection":["Pensieri"],"inLanguage":"it-IT","potentialAction":[{"@type":"CommentAction","name":"Comment","target":["https:\/\/www.concolino.it\/index.php\/2014\/06\/12\/le-cose-di-dio-e-le-nostre\/#respond"]}]},{"@type":"WebPage","@id":"https:\/\/www.concolino.it\/index.php\/2014\/06\/12\/le-cose-di-dio-e-le-nostre\/","url":"https:\/\/www.concolino.it\/index.php\/2014\/06\/12\/le-cose-di-dio-e-le-nostre\/","name":"Le cose di Dio e le nostre - Concolino.it","isPartOf":{"@id":"https:\/\/www.concolino.it\/#website"},"primaryImageOfPage":{"@id":"https:\/\/www.concolino.it\/index.php\/2014\/06\/12\/le-cose-di-dio-e-le-nostre\/#primaryimage"},"image":{"@id":"https:\/\/www.concolino.it\/index.php\/2014\/06\/12\/le-cose-di-dio-e-le-nostre\/#primaryimage"},"thumbnailUrl":"https:\/\/www.concolino.it\/wp-content\/uploads\/2014\/06\/03423_sibaldcreek@2x.jpg","datePublished":"2014-06-12T20:01:22+00:00","dateModified":"2016-06-24T00:03:41+00:00","breadcrumb":{"@id":"https:\/\/www.concolino.it\/index.php\/2014\/06\/12\/le-cose-di-dio-e-le-nostre\/#breadcrumb"},"inLanguage":"it-IT","potentialAction":[{"@type":"ReadAction","target":["https:\/\/www.concolino.it\/index.php\/2014\/06\/12\/le-cose-di-dio-e-le-nostre\/"]}]},{"@type":"ImageObject","inLanguage":"it-IT","@id":"https:\/\/www.concolino.it\/index.php\/2014\/06\/12\/le-cose-di-dio-e-le-nostre\/#primaryimage","url":"https:\/\/www.concolino.it\/wp-content\/uploads\/2014\/06\/03423_sibaldcreek@2x.jpg","contentUrl":"https:\/\/www.concolino.it\/wp-content\/uploads\/2014\/06\/03423_sibaldcreek@2x.jpg","width":480,"height":300},{"@type":"BreadcrumbList","@id":"https:\/\/www.concolino.it\/index.php\/2014\/06\/12\/le-cose-di-dio-e-le-nostre\/#breadcrumb","itemListElement":[{"@type":"ListItem","position":1,"name":"Home","item":"https:\/\/www.concolino.it\/"},{"@type":"ListItem","position":2,"name":"Le cose di Dio e le nostre"}]},{"@type":"WebSite","@id":"https:\/\/www.concolino.it\/#website","url":"https:\/\/www.concolino.it\/","name":"Concolino.it","description":"Allargare gli spazi del Verbo","publisher":{"@id":"https:\/\/www.concolino.it\/#\/schema\/person\/dfa8517603a44e77da85e7eb5139c070"},"potentialAction":[{"@type":"SearchAction","target":{"@type":"EntryPoint","urlTemplate":"https:\/\/www.concolino.it\/?s={search_term_string}"},"query-input":{"@type":"PropertyValueSpecification","valueRequired":true,"valueName":"search_term_string"}}],"inLanguage":"it-IT"},{"@type":["Person","Organization"],"@id":"https:\/\/www.concolino.it\/#\/schema\/person\/dfa8517603a44e77da85e7eb5139c070","name":"Domenico Concolino","image":{"@type":"ImageObject","inLanguage":"it-IT","@id":"https:\/\/www.concolino.it\/wp-content\/uploads\/2014\/07\/CT5W9104.jpg","url":"https:\/\/www.concolino.it\/wp-content\/uploads\/2014\/07\/CT5W9104.jpg","contentUrl":"https:\/\/www.concolino.it\/wp-content\/uploads\/2014\/07\/CT5W9104.jpg","width":1276,"height":850,"caption":"Domenico Concolino"},"logo":{"@id":"https:\/\/www.concolino.it\/wp-content\/uploads\/2014\/07\/CT5W9104.jpg"},"description":"Teologo | Cappellano Campus Universit\u00e0 Magna Graecia | Direttore Ufficio Regione Universit\u00e0 Scuola Educazione (Calabria)","sameAs":["https:\/\/www.facebook.com\/don.mik.94","https:\/\/x.com\/https:\/\/twitter.com\/don_mik"],"url":"https:\/\/www.concolino.it\/index.php\/author\/admin\/"}]}},"_links":{"self":[{"href":"https:\/\/www.concolino.it\/index.php\/wp-json\/wp\/v2\/posts\/118","targetHints":{"allow":["GET"]}}],"collection":[{"href":"https:\/\/www.concolino.it\/index.php\/wp-json\/wp\/v2\/posts"}],"about":[{"href":"https:\/\/www.concolino.it\/index.php\/wp-json\/wp\/v2\/types\/post"}],"author":[{"embeddable":true,"href":"https:\/\/www.concolino.it\/index.php\/wp-json\/wp\/v2\/users\/1"}],"replies":[{"embeddable":true,"href":"https:\/\/www.concolino.it\/index.php\/wp-json\/wp\/v2\/comments?post=118"}],"version-history":[{"count":4,"href":"https:\/\/www.concolino.it\/index.php\/wp-json\/wp\/v2\/posts\/118\/revisions"}],"predecessor-version":[{"id":2658,"href":"https:\/\/www.concolino.it\/index.php\/wp-json\/wp\/v2\/posts\/118\/revisions\/2658"}],"wp:featuredmedia":[{"embeddable":true,"href":"https:\/\/www.concolino.it\/index.php\/wp-json\/wp\/v2\/media\/119"}],"wp:attachment":[{"href":"https:\/\/www.concolino.it\/index.php\/wp-json\/wp\/v2\/media?parent=118"}],"wp:term":[{"taxonomy":"category","embeddable":true,"href":"https:\/\/www.concolino.it\/index.php\/wp-json\/wp\/v2\/categories?post=118"},{"taxonomy":"post_tag","embeddable":true,"href":"https:\/\/www.concolino.it\/index.php\/wp-json\/wp\/v2\/tags?post=118"}],"curies":[{"name":"wp","href":"https:\/\/api.w.org\/{rel}","templated":true}]}}