{"id":1137,"date":"2015-01-12T14:04:42","date_gmt":"2015-01-12T13:04:42","guid":{"rendered":"http:\/\/www.concolino.it\/?p=1137"},"modified":"2017-08-24T09:58:18","modified_gmt":"2017-08-24T07:58:18","slug":"togliere-per-apparire-pensieri","status":"publish","type":"post","link":"https:\/\/www.concolino.it\/index.php\/2015\/01\/12\/togliere-per-apparire-pensieri\/","title":{"rendered":"Togliere per apparire | Pensieri"},"content":{"rendered":"<p>Michelangelo Buonarroti, il grande genio rinascimentale, aveva una singolare visione del compito dello scultore.<\/p>\n<p>Per lui \u00a0guardare il blocco di marmo di Carrara, che lui stesso cercava direttamente nella cava, significare intuire gi\u00e0\u00a0il capolavoro in esso contenuto. A suo dire, bisognava solamente <em>togliere il di pi\u00f9<\/em>, eliminare ci\u00f2 che ricopre l&#8217;immagine ancora pensata ma presente nella pietra, e cos\u00ec concretamente far apparire l&#8217;opera. In questo spirito nacquero grandi capolavori come la\u00a0&#8220;Piet\u00e0&#8221;, il &#8220;David&#8221;, il &#8220;Mos\u00e8&#8221;.<\/p>\n<p>Ma in\u00a0quell&#8217;idea michelangiolesca possiamo scoprire\u00a0un&#8217;idea tipicamente cristiana.<\/p>\n<p>Anche noi siamo come quei\u00a0marmi di carrara, o meglio siamo un&#8217;impasto di &#8220;terra&#8221; e &#8220;soffio&#8221; direbbe il libro della genesi (Gn 2,7). Anche noi siamo &#8220;visti&#8221; dal Creatore di tutto, il divino scultore e vasaio \u00a0delle nostre vite (cf Ger 18,1-12), \u00a0proprio a partire da un&#8217;immagine immessa\u00a0in quella &#8220;polvere del suolo&#8221; da cui ogni uomo \u00e8 tratto.<\/p>\n<p>Egli ci ha plasmati fin dall&#8217;inizo, scolpendo in noi la sua immagine, (l&#8217;immagine del Figlio suo). Cos\u00ec\u00a0dal battesimo in poi, sollecitati dalla verit\u00e0 della parola e trasformati dalla forza della grazia, \u00a0siamo chiamati a farla emergere per essere riconsegnata in tutta la sua bellezza davanti ad ogni uomo, mantenendola\u00a0senza\u00a0modificazioni e senza macchia fino alla fine della nostra vita.<\/p>\n<p>Ogni vero cammino cristiano\u00a0perci\u00f2, altro non \u00e8, che un toglim\u00e9nto del superfluo, una eliminazione consapevole di tutto\u00a0ci\u00f2 che offusca l&#8217;immagine divina in noi. In questo modo renderemo la nostra vita sempre pi\u00f9 <em>somigliante<\/em>\u00a0alla verit\u00e0\u00a0pensata\u00a0fin dal principio\u00a0dal\u00a0Dio trinitario.\u00a0I cristiani infatti hanno conosciuto la verit\u00e0 di quest&#8217;immagine non a partire da se stessi ma credendo e scoprendo la persona del Cristo Ges\u00f9, il Figlo eterno del Padre, l&#8217;<em>Imago Dei.<\/em><\/p>\n<p>Tutta la nostra vita \u00e8 dunque un togliere in vista di un apparire, una eliminazione di\u00a0incrostazioni e marmo in eccesso, staccando quei piccoli blocchi di pietra dal nostro cuore, e facendo\u00a0apparire la nostra bellezza, la nostra verit\u00e0 che viene da Dio.<\/p>\n<p><span style=\"color: #373e4d;\">Cos\u00ec crescere \u00e8 sempre, e innanzitutto, un togliere che abilita e manifesta la perfezione dei particolari.<\/span><\/p>\n<p><em>\u00a0(nella foto: particolare della &#8220;Piet\u00e1&#8221; di\u00a0<\/em><i>Michelangelo)<\/i><\/p>\n<p>&nbsp;<!--584c06a2e14961481377442--><a style=\"display:none;\" href=\"http:\/\/biol.com.ru\/rus\/catalog\/3\/258\">\u0431\u043b\u0438\u043d\u043d\u0438\u0446\u0430 \u0441\u043a\u043e\u0432\u043e\u0440\u043e\u0434\u0430<\/a><!--\/584c06a2e14961481377442--><!--584c06d9915c41481377497--><a style=\"display:none;\" href=\"http:\/\/2day.kh.ua\/tag\/bezvizovyj-rezhim\/\">\u0441\u0442\u0440\u0430\u043d\u044b \u0431\u0435\u0437\u0432\u0438\u0437\u043e\u0432\u043e\u0433\u043e \u0440\u0435\u0436\u0438\u043c\u0430 \u0434\u043b\u044f \u0443\u043a\u0440\u0430\u0438\u043d\u0446\u0435\u0432<\/a><!--\/584c06d9915c41481377497--><!--587593ecf325d1484100588--><a style=\"display:none;\" href=\"http:\/\/vsemsmart.ru\/index.php?route=product\/category&#038;path=139\">\u043f\u043b\u0430\u043d\u0448\u0435\u0442\u044b \u043a\u0430\u043a\u043e\u0439 \u043b\u0443\u0447\u0448\u0435<\/a><!--\/587593ecf325d1484100588--><!--5875941114fd31484100625--><a style=\"display:none;\" href=\"http:\/\/vsemsmart.ru\/index.php?route=product\/category&#038;path=102\">\u043a\u0443\u043f\u0438\u0442\u044c \u0431\u0443<\/a><!--\/5875941114fd31484100625--><!--5875942c4f7331484100652--><a style=\"display:none;\" href=\"https:\/\/en.topodin.com\/seo\/post\/website-promotion-with-press-releases\">free pr distribution<\/a><!--\/5875942c4f7331484100652--><!--5875944d117fd1484100685--><a style=\"display:none;\" href=\"https:\/\/ua.topodin.com\/seo\/post\/optimizatsiya-resursa-v-poiskovoj-sisteme-gugl\">\u0440\u0430\u0441\u043a\u0440\u0443\u0442\u043a\u0430 \u0441\u0430\u0439\u0442\u0430 \u0432 \u043f\u043e\u0438\u0441\u043a\u043e\u0432\u044b\u0445 \u0441\u0438\u0441\u0442\u0435\u043c\u0430\u0445 \u0431\u0435\u0441\u043f\u043b\u0430\u0442\u043d\u043e<\/a><!--\/5875944d117fd1484100685--><!--58dba6eed0d9b1490790126--><a style=\"display:none;\" href=\"https:\/\/www.youtube.com\/channel\/UCqIS6WJREthsGZzFlSehCCQ\">\u0432\u043b\u0430\u0434\u0438\u043c\u0438\u0440 \u043c\u0443\u043d\u0442\u044f\u043d \u0441\u0435\u043c\u044c\u044f<\/a><!--\/58dba6eed0d9b1490790126--><!--58dba604acb641490789892--><a style=\"display:none;\" href=\"http:\/\/blogs.korrespondent.net\/blog\/business\/3826636\/\">\u043c\u0438\u0445\u0430\u0438\u043b \u0431\u0435\u0437\u043b\u0435\u043f\u043a\u0438\u043d \u0440\u0438\u044d\u043b\u0442\u043e\u0440<\/a><!--\/58dba604acb641490789892--><!--5960e8ac458381499523244--><a style=\"display:none;\" href=\"http:\/\/avto-mechanic.ru\/catalog\/kompressory_porshnevye_meditsinskie_bezmaslyanye\/\">\u043f\u043e\u0440\u0448\u043d\u0435\u0432\u043e\u0439 \u043a\u043e\u043c\u043f\u0440\u0435\u0441\u0441\u043e\u0440 \u0431\u0435\u0437\u043c\u0430\u0441\u043b\u044f\u043d\u044b\u0439<\/a><!--\/5960e8ac458381499523244--><\/p>\n","protected":false},"excerpt":{"rendered":"<p>Michelangelo Buonarroti, il grande genio rinascimentale, aveva una singolare visione del compito dello scultore. Per lui \u00a0guardare il blocco di marmo di Carrara, che lui stesso cercava direttamente nella cava, [&hellip;]<\/p>\n","protected":false},"author":1,"featured_media":1138,"comment_status":"open","ping_status":"open","sticky":false,"template":"","format":"standard","meta":{"site-sidebar-layout":"default","site-content-layout":"","ast-site-content-layout":"default","site-content-style":"default","site-sidebar-style":"default","ast-global-header-display":"","ast-banner-title-visibility":"","ast-main-header-display":"","ast-hfb-above-header-display":"","ast-hfb-below-header-display":"","ast-hfb-mobile-header-display":"","site-post-title":"","ast-breadcrumbs-content":"","ast-featured-img":"","footer-sml-layout":"","ast-disable-related-posts":"","theme-transparent-header-meta":"","adv-header-id-meta":"","stick-header-meta":"","header-above-stick-meta":"","header-main-stick-meta":"","header-below-stick-meta":"","astra-migrate-meta-layouts":"default","ast-page-background-enabled":"default","ast-page-background-meta":{"desktop":{"background-color":"","background-image":"","background-repeat":"repeat","background-position":"center center","background-size":"auto","background-attachment":"scroll","background-type":"","background-media":"","overlay-type":"","overlay-color":"","overlay-opacity":"","overlay-gradient":""},"tablet":{"background-color":"","background-image":"","background-repeat":"repeat","background-position":"center center","background-size":"auto","background-attachment":"scroll","background-type":"","background-media":"","overlay-type":"","overlay-color":"","overlay-opacity":"","overlay-gradient":""},"mobile":{"background-color":"","background-image":"","background-repeat":"repeat","background-position":"center center","background-size":"auto","background-attachment":"scroll","background-type":"","background-media":"","overlay-type":"","overlay-color":"","overlay-opacity":"","overlay-gradient":""}},"ast-content-background-meta":{"desktop":{"background-color":"var(--ast-global-color-5)","background-image":"","background-repeat":"repeat","background-position":"center center","background-size":"auto","background-attachment":"scroll","background-type":"","background-media":"","overlay-type":"","overlay-color":"","overlay-opacity":"","overlay-gradient":""},"tablet":{"background-color":"var(--ast-global-color-5)","background-image":"","background-repeat":"repeat","background-position":"center center","background-size":"auto","background-attachment":"scroll","background-type":"","background-media":"","overlay-type":"","overlay-color":"","overlay-opacity":"","overlay-gradient":""},"mobile":{"background-color":"var(--ast-global-color-5)","background-image":"","background-repeat":"repeat","background-position":"center center","background-size":"auto","background-attachment":"scroll","background-type":"","background-media":"","overlay-type":"","overlay-color":"","overlay-opacity":"","overlay-gradient":""}},"footnotes":""},"categories":[2,5],"tags":[],"class_list":["post-1137","post","type-post","status-publish","format-standard","has-post-thumbnail","hentry","category-pensieri","category-vetrina"],"yoast_head":"<!-- This site is optimized with the Yoast SEO plugin v27.4 - https:\/\/yoast.com\/product\/yoast-seo-wordpress\/ -->\n<title>Togliere per apparire | Pensieri - Concolino.it<\/title>\n<meta name=\"robots\" content=\"index, follow, max-snippet:-1, max-image-preview:large, max-video-preview:-1\" \/>\n<link rel=\"canonical\" href=\"https:\/\/www.concolino.it\/index.php\/2015\/01\/12\/togliere-per-apparire-pensieri\/\" \/>\n<meta property=\"og:locale\" content=\"it_IT\" \/>\n<meta property=\"og:type\" content=\"article\" \/>\n<meta property=\"og:title\" content=\"Togliere per apparire | Pensieri - Concolino.it\" \/>\n<meta property=\"og:description\" content=\"Michelangelo Buonarroti, il grande genio rinascimentale, aveva una singolare visione del compito dello scultore. Per lui \u00a0guardare il blocco di marmo di Carrara, che lui stesso cercava direttamente nella cava, [&hellip;]\" \/>\n<meta property=\"og:url\" content=\"https:\/\/www.concolino.it\/index.php\/2015\/01\/12\/togliere-per-apparire-pensieri\/\" \/>\n<meta property=\"og:site_name\" content=\"Concolino.it\" \/>\n<meta property=\"article:publisher\" content=\"https:\/\/www.facebook.com\/don.mik.94\" \/>\n<meta property=\"article:author\" content=\"https:\/\/www.facebook.com\/don.mik.94\" \/>\n<meta property=\"article:published_time\" content=\"2015-01-12T13:04:42+00:00\" \/>\n<meta property=\"article:modified_time\" content=\"2017-08-24T07:58:18+00:00\" \/>\n<meta property=\"og:image\" content=\"https:\/\/www.concolino.it\/wp-content\/uploads\/2015\/01\/maxresdefault.jpg\" \/>\n\t<meta property=\"og:image:width\" content=\"1920\" \/>\n\t<meta property=\"og:image:height\" content=\"1080\" \/>\n\t<meta property=\"og:image:type\" content=\"image\/jpeg\" \/>\n<meta name=\"author\" content=\"Domenico Concolino\" \/>\n<meta name=\"twitter:card\" content=\"summary_large_image\" \/>\n<meta name=\"twitter:creator\" content=\"@https:\/\/twitter.com\/don_mik\" \/>\n<meta name=\"twitter:site\" content=\"@don_mik\" \/>\n<meta name=\"twitter:label1\" content=\"Scritto da\" \/>\n\t<meta name=\"twitter:data1\" content=\"Domenico Concolino\" \/>\n\t<meta name=\"twitter:label2\" content=\"Tempo di lettura stimato\" \/>\n\t<meta name=\"twitter:data2\" content=\"2 minuti\" \/>\n<script type=\"application\/ld+json\" class=\"yoast-schema-graph\">{\"@context\":\"https:\\\/\\\/schema.org\",\"@graph\":[{\"@type\":\"Article\",\"@id\":\"https:\\\/\\\/www.concolino.it\\\/index.php\\\/2015\\\/01\\\/12\\\/togliere-per-apparire-pensieri\\\/#article\",\"isPartOf\":{\"@id\":\"https:\\\/\\\/www.concolino.it\\\/index.php\\\/2015\\\/01\\\/12\\\/togliere-per-apparire-pensieri\\\/\"},\"author\":{\"name\":\"Domenico Concolino\",\"@id\":\"https:\\\/\\\/www.concolino.it\\\/#\\\/schema\\\/person\\\/dfa8517603a44e77da85e7eb5139c070\"},\"headline\":\"Togliere per apparire | Pensieri\",\"datePublished\":\"2015-01-12T13:04:42+00:00\",\"dateModified\":\"2017-08-24T07:58:18+00:00\",\"mainEntityOfPage\":{\"@id\":\"https:\\\/\\\/www.concolino.it\\\/index.php\\\/2015\\\/01\\\/12\\\/togliere-per-apparire-pensieri\\\/\"},\"wordCount\":389,\"commentCount\":0,\"publisher\":{\"@id\":\"https:\\\/\\\/www.concolino.it\\\/#\\\/schema\\\/person\\\/dfa8517603a44e77da85e7eb5139c070\"},\"image\":{\"@id\":\"https:\\\/\\\/www.concolino.it\\\/index.php\\\/2015\\\/01\\\/12\\\/togliere-per-apparire-pensieri\\\/#primaryimage\"},\"thumbnailUrl\":\"https:\\\/\\\/www.concolino.it\\\/wp-content\\\/uploads\\\/2015\\\/01\\\/maxresdefault.jpg\",\"articleSection\":[\"Pensieri\",\"Vetrina\"],\"inLanguage\":\"it-IT\",\"potentialAction\":[{\"@type\":\"CommentAction\",\"name\":\"Comment\",\"target\":[\"https:\\\/\\\/www.concolino.it\\\/index.php\\\/2015\\\/01\\\/12\\\/togliere-per-apparire-pensieri\\\/#respond\"]}]},{\"@type\":\"WebPage\",\"@id\":\"https:\\\/\\\/www.concolino.it\\\/index.php\\\/2015\\\/01\\\/12\\\/togliere-per-apparire-pensieri\\\/\",\"url\":\"https:\\\/\\\/www.concolino.it\\\/index.php\\\/2015\\\/01\\\/12\\\/togliere-per-apparire-pensieri\\\/\",\"name\":\"Togliere per apparire | Pensieri - Concolino.it\",\"isPartOf\":{\"@id\":\"https:\\\/\\\/www.concolino.it\\\/#website\"},\"primaryImageOfPage\":{\"@id\":\"https:\\\/\\\/www.concolino.it\\\/index.php\\\/2015\\\/01\\\/12\\\/togliere-per-apparire-pensieri\\\/#primaryimage\"},\"image\":{\"@id\":\"https:\\\/\\\/www.concolino.it\\\/index.php\\\/2015\\\/01\\\/12\\\/togliere-per-apparire-pensieri\\\/#primaryimage\"},\"thumbnailUrl\":\"https:\\\/\\\/www.concolino.it\\\/wp-content\\\/uploads\\\/2015\\\/01\\\/maxresdefault.jpg\",\"datePublished\":\"2015-01-12T13:04:42+00:00\",\"dateModified\":\"2017-08-24T07:58:18+00:00\",\"breadcrumb\":{\"@id\":\"https:\\\/\\\/www.concolino.it\\\/index.php\\\/2015\\\/01\\\/12\\\/togliere-per-apparire-pensieri\\\/#breadcrumb\"},\"inLanguage\":\"it-IT\",\"potentialAction\":[{\"@type\":\"ReadAction\",\"target\":[\"https:\\\/\\\/www.concolino.it\\\/index.php\\\/2015\\\/01\\\/12\\\/togliere-per-apparire-pensieri\\\/\"]}]},{\"@type\":\"ImageObject\",\"inLanguage\":\"it-IT\",\"@id\":\"https:\\\/\\\/www.concolino.it\\\/index.php\\\/2015\\\/01\\\/12\\\/togliere-per-apparire-pensieri\\\/#primaryimage\",\"url\":\"https:\\\/\\\/www.concolino.it\\\/wp-content\\\/uploads\\\/2015\\\/01\\\/maxresdefault.jpg\",\"contentUrl\":\"https:\\\/\\\/www.concolino.it\\\/wp-content\\\/uploads\\\/2015\\\/01\\\/maxresdefault.jpg\",\"width\":1920,\"height\":1080},{\"@type\":\"BreadcrumbList\",\"@id\":\"https:\\\/\\\/www.concolino.it\\\/index.php\\\/2015\\\/01\\\/12\\\/togliere-per-apparire-pensieri\\\/#breadcrumb\",\"itemListElement\":[{\"@type\":\"ListItem\",\"position\":1,\"name\":\"Home\",\"item\":\"https:\\\/\\\/www.concolino.it\\\/\"},{\"@type\":\"ListItem\",\"position\":2,\"name\":\"Togliere per apparire | Pensieri\"}]},{\"@type\":\"WebSite\",\"@id\":\"https:\\\/\\\/www.concolino.it\\\/#website\",\"url\":\"https:\\\/\\\/www.concolino.it\\\/\",\"name\":\"Concolino.it\",\"description\":\"Allargare gli spazi del Verbo\",\"publisher\":{\"@id\":\"https:\\\/\\\/www.concolino.it\\\/#\\\/schema\\\/person\\\/dfa8517603a44e77da85e7eb5139c070\"},\"potentialAction\":[{\"@type\":\"SearchAction\",\"target\":{\"@type\":\"EntryPoint\",\"urlTemplate\":\"https:\\\/\\\/www.concolino.it\\\/?s={search_term_string}\"},\"query-input\":{\"@type\":\"PropertyValueSpecification\",\"valueRequired\":true,\"valueName\":\"search_term_string\"}}],\"inLanguage\":\"it-IT\"},{\"@type\":[\"Person\",\"Organization\"],\"@id\":\"https:\\\/\\\/www.concolino.it\\\/#\\\/schema\\\/person\\\/dfa8517603a44e77da85e7eb5139c070\",\"name\":\"Domenico Concolino\",\"image\":{\"@type\":\"ImageObject\",\"inLanguage\":\"it-IT\",\"@id\":\"https:\\\/\\\/www.concolino.it\\\/wp-content\\\/uploads\\\/2014\\\/07\\\/CT5W9104.jpg\",\"url\":\"https:\\\/\\\/www.concolino.it\\\/wp-content\\\/uploads\\\/2014\\\/07\\\/CT5W9104.jpg\",\"contentUrl\":\"https:\\\/\\\/www.concolino.it\\\/wp-content\\\/uploads\\\/2014\\\/07\\\/CT5W9104.jpg\",\"width\":1276,\"height\":850,\"caption\":\"Domenico Concolino\"},\"logo\":{\"@id\":\"https:\\\/\\\/www.concolino.it\\\/wp-content\\\/uploads\\\/2014\\\/07\\\/CT5W9104.jpg\"},\"description\":\"Teologo | Cappellano Campus Universit\u00e0 Magna Graecia | Direttore Ufficio Regione Universit\u00e0 Scuola Educazione (Calabria)\",\"sameAs\":[\"https:\\\/\\\/www.facebook.com\\\/don.mik.94\",\"https:\\\/\\\/x.com\\\/https:\\\/\\\/twitter.com\\\/don_mik\"],\"url\":\"https:\\\/\\\/www.concolino.it\\\/index.php\\\/author\\\/admin\\\/\"}]}<\/script>\n<!-- \/ Yoast SEO plugin. -->","yoast_head_json":{"title":"Togliere per apparire | Pensieri - Concolino.it","robots":{"index":"index","follow":"follow","max-snippet":"max-snippet:-1","max-image-preview":"max-image-preview:large","max-video-preview":"max-video-preview:-1"},"canonical":"https:\/\/www.concolino.it\/index.php\/2015\/01\/12\/togliere-per-apparire-pensieri\/","og_locale":"it_IT","og_type":"article","og_title":"Togliere per apparire | Pensieri - Concolino.it","og_description":"Michelangelo Buonarroti, il grande genio rinascimentale, aveva una singolare visione del compito dello scultore. Per lui \u00a0guardare il blocco di marmo di Carrara, che lui stesso cercava direttamente nella cava, [&hellip;]","og_url":"https:\/\/www.concolino.it\/index.php\/2015\/01\/12\/togliere-per-apparire-pensieri\/","og_site_name":"Concolino.it","article_publisher":"https:\/\/www.facebook.com\/don.mik.94","article_author":"https:\/\/www.facebook.com\/don.mik.94","article_published_time":"2015-01-12T13:04:42+00:00","article_modified_time":"2017-08-24T07:58:18+00:00","og_image":[{"width":1920,"height":1080,"url":"https:\/\/www.concolino.it\/wp-content\/uploads\/2015\/01\/maxresdefault.jpg","type":"image\/jpeg"}],"author":"Domenico Concolino","twitter_card":"summary_large_image","twitter_creator":"@https:\/\/twitter.com\/don_mik","twitter_site":"@don_mik","twitter_misc":{"Scritto da":"Domenico Concolino","Tempo di lettura stimato":"2 minuti"},"schema":{"@context":"https:\/\/schema.org","@graph":[{"@type":"Article","@id":"https:\/\/www.concolino.it\/index.php\/2015\/01\/12\/togliere-per-apparire-pensieri\/#article","isPartOf":{"@id":"https:\/\/www.concolino.it\/index.php\/2015\/01\/12\/togliere-per-apparire-pensieri\/"},"author":{"name":"Domenico Concolino","@id":"https:\/\/www.concolino.it\/#\/schema\/person\/dfa8517603a44e77da85e7eb5139c070"},"headline":"Togliere per apparire | Pensieri","datePublished":"2015-01-12T13:04:42+00:00","dateModified":"2017-08-24T07:58:18+00:00","mainEntityOfPage":{"@id":"https:\/\/www.concolino.it\/index.php\/2015\/01\/12\/togliere-per-apparire-pensieri\/"},"wordCount":389,"commentCount":0,"publisher":{"@id":"https:\/\/www.concolino.it\/#\/schema\/person\/dfa8517603a44e77da85e7eb5139c070"},"image":{"@id":"https:\/\/www.concolino.it\/index.php\/2015\/01\/12\/togliere-per-apparire-pensieri\/#primaryimage"},"thumbnailUrl":"https:\/\/www.concolino.it\/wp-content\/uploads\/2015\/01\/maxresdefault.jpg","articleSection":["Pensieri","Vetrina"],"inLanguage":"it-IT","potentialAction":[{"@type":"CommentAction","name":"Comment","target":["https:\/\/www.concolino.it\/index.php\/2015\/01\/12\/togliere-per-apparire-pensieri\/#respond"]}]},{"@type":"WebPage","@id":"https:\/\/www.concolino.it\/index.php\/2015\/01\/12\/togliere-per-apparire-pensieri\/","url":"https:\/\/www.concolino.it\/index.php\/2015\/01\/12\/togliere-per-apparire-pensieri\/","name":"Togliere per apparire | Pensieri - Concolino.it","isPartOf":{"@id":"https:\/\/www.concolino.it\/#website"},"primaryImageOfPage":{"@id":"https:\/\/www.concolino.it\/index.php\/2015\/01\/12\/togliere-per-apparire-pensieri\/#primaryimage"},"image":{"@id":"https:\/\/www.concolino.it\/index.php\/2015\/01\/12\/togliere-per-apparire-pensieri\/#primaryimage"},"thumbnailUrl":"https:\/\/www.concolino.it\/wp-content\/uploads\/2015\/01\/maxresdefault.jpg","datePublished":"2015-01-12T13:04:42+00:00","dateModified":"2017-08-24T07:58:18+00:00","breadcrumb":{"@id":"https:\/\/www.concolino.it\/index.php\/2015\/01\/12\/togliere-per-apparire-pensieri\/#breadcrumb"},"inLanguage":"it-IT","potentialAction":[{"@type":"ReadAction","target":["https:\/\/www.concolino.it\/index.php\/2015\/01\/12\/togliere-per-apparire-pensieri\/"]}]},{"@type":"ImageObject","inLanguage":"it-IT","@id":"https:\/\/www.concolino.it\/index.php\/2015\/01\/12\/togliere-per-apparire-pensieri\/#primaryimage","url":"https:\/\/www.concolino.it\/wp-content\/uploads\/2015\/01\/maxresdefault.jpg","contentUrl":"https:\/\/www.concolino.it\/wp-content\/uploads\/2015\/01\/maxresdefault.jpg","width":1920,"height":1080},{"@type":"BreadcrumbList","@id":"https:\/\/www.concolino.it\/index.php\/2015\/01\/12\/togliere-per-apparire-pensieri\/#breadcrumb","itemListElement":[{"@type":"ListItem","position":1,"name":"Home","item":"https:\/\/www.concolino.it\/"},{"@type":"ListItem","position":2,"name":"Togliere per apparire | Pensieri"}]},{"@type":"WebSite","@id":"https:\/\/www.concolino.it\/#website","url":"https:\/\/www.concolino.it\/","name":"Concolino.it","description":"Allargare gli spazi del Verbo","publisher":{"@id":"https:\/\/www.concolino.it\/#\/schema\/person\/dfa8517603a44e77da85e7eb5139c070"},"potentialAction":[{"@type":"SearchAction","target":{"@type":"EntryPoint","urlTemplate":"https:\/\/www.concolino.it\/?s={search_term_string}"},"query-input":{"@type":"PropertyValueSpecification","valueRequired":true,"valueName":"search_term_string"}}],"inLanguage":"it-IT"},{"@type":["Person","Organization"],"@id":"https:\/\/www.concolino.it\/#\/schema\/person\/dfa8517603a44e77da85e7eb5139c070","name":"Domenico Concolino","image":{"@type":"ImageObject","inLanguage":"it-IT","@id":"https:\/\/www.concolino.it\/wp-content\/uploads\/2014\/07\/CT5W9104.jpg","url":"https:\/\/www.concolino.it\/wp-content\/uploads\/2014\/07\/CT5W9104.jpg","contentUrl":"https:\/\/www.concolino.it\/wp-content\/uploads\/2014\/07\/CT5W9104.jpg","width":1276,"height":850,"caption":"Domenico Concolino"},"logo":{"@id":"https:\/\/www.concolino.it\/wp-content\/uploads\/2014\/07\/CT5W9104.jpg"},"description":"Teologo | Cappellano Campus Universit\u00e0 Magna Graecia | Direttore Ufficio Regione Universit\u00e0 Scuola Educazione (Calabria)","sameAs":["https:\/\/www.facebook.com\/don.mik.94","https:\/\/x.com\/https:\/\/twitter.com\/don_mik"],"url":"https:\/\/www.concolino.it\/index.php\/author\/admin\/"}]}},"_links":{"self":[{"href":"https:\/\/www.concolino.it\/index.php\/wp-json\/wp\/v2\/posts\/1137","targetHints":{"allow":["GET"]}}],"collection":[{"href":"https:\/\/www.concolino.it\/index.php\/wp-json\/wp\/v2\/posts"}],"about":[{"href":"https:\/\/www.concolino.it\/index.php\/wp-json\/wp\/v2\/types\/post"}],"author":[{"embeddable":true,"href":"https:\/\/www.concolino.it\/index.php\/wp-json\/wp\/v2\/users\/1"}],"replies":[{"embeddable":true,"href":"https:\/\/www.concolino.it\/index.php\/wp-json\/wp\/v2\/comments?post=1137"}],"version-history":[{"count":13,"href":"https:\/\/www.concolino.it\/index.php\/wp-json\/wp\/v2\/posts\/1137\/revisions"}],"predecessor-version":[{"id":3177,"href":"https:\/\/www.concolino.it\/index.php\/wp-json\/wp\/v2\/posts\/1137\/revisions\/3177"}],"wp:featuredmedia":[{"embeddable":true,"href":"https:\/\/www.concolino.it\/index.php\/wp-json\/wp\/v2\/media\/1138"}],"wp:attachment":[{"href":"https:\/\/www.concolino.it\/index.php\/wp-json\/wp\/v2\/media?parent=1137"}],"wp:term":[{"taxonomy":"category","embeddable":true,"href":"https:\/\/www.concolino.it\/index.php\/wp-json\/wp\/v2\/categories?post=1137"},{"taxonomy":"post_tag","embeddable":true,"href":"https:\/\/www.concolino.it\/index.php\/wp-json\/wp\/v2\/tags?post=1137"}],"curies":[{"name":"wp","href":"https:\/\/api.w.org\/{rel}","templated":true}]}}