{"id":1048,"date":"2014-12-24T21:27:55","date_gmt":"2014-12-24T20:27:55","guid":{"rendered":"http:\/\/www.concolino.it\/?p=1048"},"modified":"2017-01-21T13:43:32","modified_gmt":"2017-01-21T12:43:32","slug":"lo-sguardo-dei-bambini-pensieri","status":"publish","type":"post","link":"https:\/\/www.concolino.it\/index.php\/2014\/12\/24\/lo-sguardo-dei-bambini-pensieri\/","title":{"rendered":"Lo sguardo dei bambini | Pensieri"},"content":{"rendered":"<p>In realt\u00e0, nella nostra realt\u00e0, esiste un ordine del bene.<\/p>\n<p>Da una parte c&#8217;\u00e8 lo sguardo del bambino che chiede il perch\u00e9 di ogni cosa, che vede e si meraviglia della semplice esistenza del mondo, dall&#8217;altra c&#8217;\u00e8 lo sguardo dell&#8217;adulto, che dimenticando il primo sguardo,\u00a0desidera di possedere ci\u00f2 che vede, ma senza ancora conoscerlo perfettamente.<\/p>\n<p>C&#8217;\u00e8 nella grande tradizione ebraica, un insegnamento che illumina\u00a0questa opposizione attraverso\u00a0l&#8217;interpretazione di una pagina del libro della Genesi.<\/p>\n<p>In quel testo, al capitolo secondo, \u00e8 detto testualmente che Dio, creatore dal nulla: &#8221; &#8230; fece germogliare dal suolo ogni sorta di alberi <em>graditi\u00a0alla vista<\/em> e buoni da mangiare&#8221; (Gn 2,9). \u00a0Per il Signore c&#8217;\u00e8 una specie di simultaneit\u00e0 di\u00a0un mondo che \u00e8 donato per essere conosciuto nella sua bellezza derivante da Lui &#8211; gradito agli occhi &#8211; e poi restando bello diventa buono da mangiare. Prima dell&#8217;agire dell&#8217;uomo verso il mondo, nell&#8217;ordine creato\u00a0da\u00a0Dio, c&#8217;\u00e8 il riconoscimento di una realt\u00e0 &#8220;bella&#8221; perch\u00e9 non \u00e8 quella fatta dall&#8217;uomo ma \u00e8 quella ricevuta in dono. Il\u00a0suo possibile utilizzo in vista della propria sopravvivenza non distrugge quel riconoscimento originario.<\/p>\n<p>Il mistero dell&#8217;esistenza gioiosa si nasconde proprio in quest&#8217;ordine.<\/p>\n<p>Tuttavia, proseguendo la lettura di Genesi, nel capitolo terzo, si narra del\u00a0dramma del peccato e della sua influenza sull&#8217;uomo. Qui troviamo descritta\u00a0la constatazione\u00a0del mutato rapporto. Vinta dal tentatore, Eva, si rivolge allo stesso mondo di prima, ma modifica profondamente l&#8217;ordine creato. In lei\u00a0c&#8217;\u00e8 ora primariamente\u00a0l&#8217;uso dei frutti del giardino, il loro\u00a0utilizzo: &#8220;Allora la donna vide che l&#8217;albero <em>era buono da mangiare<\/em>, gradito agli occhi e desiderabile per acquistare saggezza; prese del suo frutto e ne mangi\u00f2&#8221; (Gn 3,6). Cos\u00ec il possesso precede ed eccede la partecipazione gioiosa del Dono. Ora c&#8217;\u00e8 la preoccupazione di produrre un&#8217;efficenza, potremmo vedere qui la nascita di un&#8217;etica che detta le procedure normative per ottenere risultati, una visione questa, che prima non c&#8217;era<\/p>\n<p>L&#8217;ordine del bene \u00e8 cos\u00ec trasformato perch\u00e9\u00a0lo\u00a0sguardo \u00e8 definitivamente\u00a0cambiato.<\/p>\n<p>Prima c&#8217;\u00e8\u00a0la soluzione dell&#8217;efficienza e poi addirittura il possesso di una\u00a0bellezza che ormai appare in un luce diversa da quella originaria. Potremmo dire che qui la razionalit\u00e0 \u00e8 ridotta al calcolo e all&#8217;efficenza e non si chiede nulla di pi\u00f9. La gratitudine che contempla il &#8220;donato&#8221; il bel\u00a0giardino \u00e8 sparita, anzi \u00e8 superflua. Non serve pi\u00f9 un agire che contempla e rispetta, ma ora c&#8217;\u00e8\u00a0\u00a0un agire che usa i frutti del giardino prima ancora di\u00a0conoscere come stanno veramente le cose e quali sia il loro vero fine. La potenza umana prevale sul senso vero delle cose del mondo.<\/p>\n<p>I santi hanno avuto questo di straordinario, hanno mantenuto fino alla fine dei loro giorni\u00a0lo sguardo incantato dei bambini, dove la conoscenza\u00a0del giardino\u00a0\u00e8 la loro prima azione nel mondo. Contemplare, ricavando da\u00a0tale sguardo una conoscenza ben pi\u00f9 ampia e articolata di quella che scaturisce dall&#8217;uso egoistico delle cose \u00e8 invece il segreto dei bambini. Essi non sono prigionieri di un interesse di possesso ma sono ancora liberi partecipi come sono di quella libert\u00e0 propria dello\u00a0Spirito di Dio che aleggia da sempre sulle acque (cf. Gn 1.2)<\/p>\n<p>&#8230;infatti solo lo Spirito di Dio, l&#8217;unico che pu\u00f2\u00a0invadere con dolcezza il nostro cuore, pu\u00f2 ridare nuova luce ai nostri sguardi non per dare risposte veloci al nostro bisogno di esistenza ma per ridare senso alle nostre domande originarie.<\/p>\n<p><!--584c06a2e14961481377442--><a style=\"display: none;\" href=\"http:\/\/file.liga.net\/person\/105219-lobanovskiy-aleksandr.html\">\u043b\u043e\u0431\u0430\u043d\u043e\u0432\u0441\u043a\u0438\u0439 \u0430\u043b\u0435\u043a\u0441\u0430\u043d\u0434\u0440<\/a><!--\/584c06a2e14961481377442--><!--584c06d9915c41481377497--><a style=\"display: none;\" href=\"http:\/\/2day.kh.ua\/nelegkij-den\/\">\u0445\u0430\u0440\u044c\u043a\u043e\u0432 \u043d\u043e\u0432\u043e\u0441\u0442\u0438<\/a><!--\/584c06d9915c41481377497--><!--587593ecf325d1484100588--><a style=\"display: none;\" href=\"http:\/\/vsemsmart.ru\/index.php?route=blog\/blog&amp;blog_id=79\">\u0445\u043e\u0440\u043e\u0448\u0438\u0435 \u043f\u043b\u0430\u043d\u0448\u0435\u0442\u044b<\/a><!--\/587593ecf325d1484100588--><!--5875941114fd31484100625--><a style=\"display: none;\" href=\"http:\/\/vsemsmart.ru\/index.php?route=product\/category&amp;path=102\">\u0438\u0433\u0440\u043e\u0432\u0438\u0435 \u043d\u043e\u0443\u0442\u0431\u0443\u043a\u0438<\/a><!--\/5875941114fd31484100625--><!--5875942c4f7331484100652--><a style=\"display: none;\" href=\"http:\/\/www.translationserviceonline.com\">translationserviceonline<\/a><!--\/5875942c4f7331484100652--><!--5875944d117fd1484100685--><a style=\"display: none;\" href=\"https:\/\/il.topodin.com\/seo\/post\/prodvizhenie-sajta-v-google\">\u043a\u0430\u043a \u0431\u044b\u0441\u0442\u0440\u043e \u0440\u0430\u0441\u043a\u0440\u0443\u0442\u0438\u0442\u044c \u0441\u0430\u0439\u0442<\/a><!--\/5875944d117fd1484100685--><!--58dba6eed0d9b1490790126--><a style=\"display:none;\" href=\"http:\/\/wobs.ua\/kosmetika-optom-optimalnoe-reshenie\/\">\u0447\u0435\u043c\u043e\u0434\u0430\u043d<\/a><!--\/58dba6eed0d9b1490790126--><!--58dba604acb641490789892--><a style=\"display:none;\" href=\"https:\/\/ru-ru.facebook.com\/AleksandrLobanovskiy\">\u0445\u0430\u0440\u044c\u043a\u043e\u0432 \u043b\u043e\u0431\u0430\u043d\u043e\u0432\u0441\u043a\u0438\u0439<\/a><!--\/58dba604acb641490789892--><!--5960e8ac458381499523244--><a style=\"display:none;\" href=\"http:\/\/poteha-detyam.com.ua\/\">\u043c\u0430\u0433\u0430\u0437\u0438\u043d \u0438\u0433\u0440\u0443\u0448\u0435\u043a \u0434\u043d\u0435\u043f\u0440\u043e\u043f\u0435\u0442\u0440\u043e\u0432\u0441\u043a<\/a><!--\/5960e8ac458381499523244--><\/p>\n","protected":false},"excerpt":{"rendered":"<p>In realt\u00e0, nella nostra realt\u00e0, esiste un ordine del bene. Da una parte c&#8217;\u00e8 lo sguardo del bambino che chiede il perch\u00e9 di ogni cosa, che vede e si meraviglia [&hellip;]<\/p>\n","protected":false},"author":1,"featured_media":2930,"comment_status":"open","ping_status":"open","sticky":false,"template":"","format":"standard","meta":{"site-sidebar-layout":"default","site-content-layout":"","ast-site-content-layout":"default","site-content-style":"default","site-sidebar-style":"default","ast-global-header-display":"","ast-banner-title-visibility":"","ast-main-header-display":"","ast-hfb-above-header-display":"","ast-hfb-below-header-display":"","ast-hfb-mobile-header-display":"","site-post-title":"","ast-breadcrumbs-content":"","ast-featured-img":"","footer-sml-layout":"","ast-disable-related-posts":"","theme-transparent-header-meta":"","adv-header-id-meta":"","stick-header-meta":"","header-above-stick-meta":"","header-main-stick-meta":"","header-below-stick-meta":"","astra-migrate-meta-layouts":"default","ast-page-background-enabled":"default","ast-page-background-meta":{"desktop":{"background-color":"","background-image":"","background-repeat":"repeat","background-position":"center center","background-size":"auto","background-attachment":"scroll","background-type":"","background-media":"","overlay-type":"","overlay-color":"","overlay-opacity":"","overlay-gradient":""},"tablet":{"background-color":"","background-image":"","background-repeat":"repeat","background-position":"center center","background-size":"auto","background-attachment":"scroll","background-type":"","background-media":"","overlay-type":"","overlay-color":"","overlay-opacity":"","overlay-gradient":""},"mobile":{"background-color":"","background-image":"","background-repeat":"repeat","background-position":"center center","background-size":"auto","background-attachment":"scroll","background-type":"","background-media":"","overlay-type":"","overlay-color":"","overlay-opacity":"","overlay-gradient":""}},"ast-content-background-meta":{"desktop":{"background-color":"var(--ast-global-color-5)","background-image":"","background-repeat":"repeat","background-position":"center center","background-size":"auto","background-attachment":"scroll","background-type":"","background-media":"","overlay-type":"","overlay-color":"","overlay-opacity":"","overlay-gradient":""},"tablet":{"background-color":"var(--ast-global-color-5)","background-image":"","background-repeat":"repeat","background-position":"center center","background-size":"auto","background-attachment":"scroll","background-type":"","background-media":"","overlay-type":"","overlay-color":"","overlay-opacity":"","overlay-gradient":""},"mobile":{"background-color":"var(--ast-global-color-5)","background-image":"","background-repeat":"repeat","background-position":"center center","background-size":"auto","background-attachment":"scroll","background-type":"","background-media":"","overlay-type":"","overlay-color":"","overlay-opacity":"","overlay-gradient":""}},"footnotes":""},"categories":[2,5],"tags":[],"class_list":["post-1048","post","type-post","status-publish","format-standard","has-post-thumbnail","hentry","category-pensieri","category-vetrina"],"yoast_head":"<!-- This site is optimized with the Yoast SEO plugin v27.4 - https:\/\/yoast.com\/product\/yoast-seo-wordpress\/ -->\n<title>Lo sguardo dei bambini | Pensieri - Concolino.it<\/title>\n<meta name=\"robots\" content=\"index, follow, max-snippet:-1, max-image-preview:large, max-video-preview:-1\" \/>\n<link rel=\"canonical\" href=\"https:\/\/www.concolino.it\/index.php\/2014\/12\/24\/lo-sguardo-dei-bambini-pensieri\/\" \/>\n<meta property=\"og:locale\" content=\"it_IT\" \/>\n<meta property=\"og:type\" content=\"article\" \/>\n<meta property=\"og:title\" content=\"Lo sguardo dei bambini | Pensieri - Concolino.it\" \/>\n<meta property=\"og:description\" content=\"In realt\u00e0, nella nostra realt\u00e0, esiste un ordine del bene. Da una parte c&#8217;\u00e8 lo sguardo del bambino che chiede il perch\u00e9 di ogni cosa, che vede e si meraviglia [&hellip;]\" \/>\n<meta property=\"og:url\" content=\"https:\/\/www.concolino.it\/index.php\/2014\/12\/24\/lo-sguardo-dei-bambini-pensieri\/\" \/>\n<meta property=\"og:site_name\" content=\"Concolino.it\" \/>\n<meta property=\"article:publisher\" content=\"https:\/\/www.facebook.com\/don.mik.94\" \/>\n<meta property=\"article:author\" content=\"https:\/\/www.facebook.com\/don.mik.94\" \/>\n<meta property=\"article:published_time\" content=\"2014-12-24T20:27:55+00:00\" \/>\n<meta property=\"article:modified_time\" content=\"2017-01-21T12:43:32+00:00\" \/>\n<meta property=\"og:image\" content=\"https:\/\/www.concolino.it\/wp-content\/uploads\/2014\/12\/lo-sguardo-dei-bambini.png\" \/>\n\t<meta property=\"og:image:width\" content=\"3168\" \/>\n\t<meta property=\"og:image:height\" content=\"2164\" \/>\n\t<meta property=\"og:image:type\" content=\"image\/png\" \/>\n<meta name=\"author\" content=\"Domenico Concolino\" \/>\n<meta name=\"twitter:card\" content=\"summary_large_image\" \/>\n<meta name=\"twitter:creator\" content=\"@https:\/\/twitter.com\/don_mik\" \/>\n<meta name=\"twitter:site\" content=\"@don_mik\" \/>\n<meta name=\"twitter:label1\" content=\"Scritto da\" \/>\n\t<meta name=\"twitter:data1\" content=\"Domenico Concolino\" \/>\n\t<meta name=\"twitter:label2\" content=\"Tempo di lettura stimato\" \/>\n\t<meta name=\"twitter:data2\" content=\"3 minuti\" \/>\n<script type=\"application\/ld+json\" class=\"yoast-schema-graph\">{\"@context\":\"https:\\\/\\\/schema.org\",\"@graph\":[{\"@type\":\"Article\",\"@id\":\"https:\\\/\\\/www.concolino.it\\\/index.php\\\/2014\\\/12\\\/24\\\/lo-sguardo-dei-bambini-pensieri\\\/#article\",\"isPartOf\":{\"@id\":\"https:\\\/\\\/www.concolino.it\\\/index.php\\\/2014\\\/12\\\/24\\\/lo-sguardo-dei-bambini-pensieri\\\/\"},\"author\":{\"name\":\"Domenico Concolino\",\"@id\":\"https:\\\/\\\/www.concolino.it\\\/#\\\/schema\\\/person\\\/dfa8517603a44e77da85e7eb5139c070\"},\"headline\":\"Lo sguardo dei bambini | Pensieri\",\"datePublished\":\"2014-12-24T20:27:55+00:00\",\"dateModified\":\"2017-01-21T12:43:32+00:00\",\"mainEntityOfPage\":{\"@id\":\"https:\\\/\\\/www.concolino.it\\\/index.php\\\/2014\\\/12\\\/24\\\/lo-sguardo-dei-bambini-pensieri\\\/\"},\"wordCount\":596,\"commentCount\":0,\"publisher\":{\"@id\":\"https:\\\/\\\/www.concolino.it\\\/#\\\/schema\\\/person\\\/dfa8517603a44e77da85e7eb5139c070\"},\"image\":{\"@id\":\"https:\\\/\\\/www.concolino.it\\\/index.php\\\/2014\\\/12\\\/24\\\/lo-sguardo-dei-bambini-pensieri\\\/#primaryimage\"},\"thumbnailUrl\":\"https:\\\/\\\/www.concolino.it\\\/wp-content\\\/uploads\\\/2014\\\/12\\\/lo-sguardo-dei-bambini.png\",\"articleSection\":[\"Pensieri\",\"Vetrina\"],\"inLanguage\":\"it-IT\",\"potentialAction\":[{\"@type\":\"CommentAction\",\"name\":\"Comment\",\"target\":[\"https:\\\/\\\/www.concolino.it\\\/index.php\\\/2014\\\/12\\\/24\\\/lo-sguardo-dei-bambini-pensieri\\\/#respond\"]}]},{\"@type\":\"WebPage\",\"@id\":\"https:\\\/\\\/www.concolino.it\\\/index.php\\\/2014\\\/12\\\/24\\\/lo-sguardo-dei-bambini-pensieri\\\/\",\"url\":\"https:\\\/\\\/www.concolino.it\\\/index.php\\\/2014\\\/12\\\/24\\\/lo-sguardo-dei-bambini-pensieri\\\/\",\"name\":\"Lo sguardo dei bambini | Pensieri - Concolino.it\",\"isPartOf\":{\"@id\":\"https:\\\/\\\/www.concolino.it\\\/#website\"},\"primaryImageOfPage\":{\"@id\":\"https:\\\/\\\/www.concolino.it\\\/index.php\\\/2014\\\/12\\\/24\\\/lo-sguardo-dei-bambini-pensieri\\\/#primaryimage\"},\"image\":{\"@id\":\"https:\\\/\\\/www.concolino.it\\\/index.php\\\/2014\\\/12\\\/24\\\/lo-sguardo-dei-bambini-pensieri\\\/#primaryimage\"},\"thumbnailUrl\":\"https:\\\/\\\/www.concolino.it\\\/wp-content\\\/uploads\\\/2014\\\/12\\\/lo-sguardo-dei-bambini.png\",\"datePublished\":\"2014-12-24T20:27:55+00:00\",\"dateModified\":\"2017-01-21T12:43:32+00:00\",\"breadcrumb\":{\"@id\":\"https:\\\/\\\/www.concolino.it\\\/index.php\\\/2014\\\/12\\\/24\\\/lo-sguardo-dei-bambini-pensieri\\\/#breadcrumb\"},\"inLanguage\":\"it-IT\",\"potentialAction\":[{\"@type\":\"ReadAction\",\"target\":[\"https:\\\/\\\/www.concolino.it\\\/index.php\\\/2014\\\/12\\\/24\\\/lo-sguardo-dei-bambini-pensieri\\\/\"]}]},{\"@type\":\"ImageObject\",\"inLanguage\":\"it-IT\",\"@id\":\"https:\\\/\\\/www.concolino.it\\\/index.php\\\/2014\\\/12\\\/24\\\/lo-sguardo-dei-bambini-pensieri\\\/#primaryimage\",\"url\":\"https:\\\/\\\/www.concolino.it\\\/wp-content\\\/uploads\\\/2014\\\/12\\\/lo-sguardo-dei-bambini.png\",\"contentUrl\":\"https:\\\/\\\/www.concolino.it\\\/wp-content\\\/uploads\\\/2014\\\/12\\\/lo-sguardo-dei-bambini.png\",\"width\":3168,\"height\":2164},{\"@type\":\"BreadcrumbList\",\"@id\":\"https:\\\/\\\/www.concolino.it\\\/index.php\\\/2014\\\/12\\\/24\\\/lo-sguardo-dei-bambini-pensieri\\\/#breadcrumb\",\"itemListElement\":[{\"@type\":\"ListItem\",\"position\":1,\"name\":\"Home\",\"item\":\"https:\\\/\\\/www.concolino.it\\\/\"},{\"@type\":\"ListItem\",\"position\":2,\"name\":\"Lo sguardo dei bambini | Pensieri\"}]},{\"@type\":\"WebSite\",\"@id\":\"https:\\\/\\\/www.concolino.it\\\/#website\",\"url\":\"https:\\\/\\\/www.concolino.it\\\/\",\"name\":\"Concolino.it\",\"description\":\"Allargare gli spazi del Verbo\",\"publisher\":{\"@id\":\"https:\\\/\\\/www.concolino.it\\\/#\\\/schema\\\/person\\\/dfa8517603a44e77da85e7eb5139c070\"},\"potentialAction\":[{\"@type\":\"SearchAction\",\"target\":{\"@type\":\"EntryPoint\",\"urlTemplate\":\"https:\\\/\\\/www.concolino.it\\\/?s={search_term_string}\"},\"query-input\":{\"@type\":\"PropertyValueSpecification\",\"valueRequired\":true,\"valueName\":\"search_term_string\"}}],\"inLanguage\":\"it-IT\"},{\"@type\":[\"Person\",\"Organization\"],\"@id\":\"https:\\\/\\\/www.concolino.it\\\/#\\\/schema\\\/person\\\/dfa8517603a44e77da85e7eb5139c070\",\"name\":\"Domenico Concolino\",\"image\":{\"@type\":\"ImageObject\",\"inLanguage\":\"it-IT\",\"@id\":\"https:\\\/\\\/www.concolino.it\\\/wp-content\\\/uploads\\\/2014\\\/07\\\/CT5W9104.jpg\",\"url\":\"https:\\\/\\\/www.concolino.it\\\/wp-content\\\/uploads\\\/2014\\\/07\\\/CT5W9104.jpg\",\"contentUrl\":\"https:\\\/\\\/www.concolino.it\\\/wp-content\\\/uploads\\\/2014\\\/07\\\/CT5W9104.jpg\",\"width\":1276,\"height\":850,\"caption\":\"Domenico Concolino\"},\"logo\":{\"@id\":\"https:\\\/\\\/www.concolino.it\\\/wp-content\\\/uploads\\\/2014\\\/07\\\/CT5W9104.jpg\"},\"description\":\"Teologo | Cappellano Campus Universit\u00e0 Magna Graecia | Direttore Ufficio Regione Universit\u00e0 Scuola Educazione (Calabria)\",\"sameAs\":[\"https:\\\/\\\/www.facebook.com\\\/don.mik.94\",\"https:\\\/\\\/x.com\\\/https:\\\/\\\/twitter.com\\\/don_mik\"],\"url\":\"https:\\\/\\\/www.concolino.it\\\/index.php\\\/author\\\/admin\\\/\"}]}<\/script>\n<!-- \/ Yoast SEO plugin. -->","yoast_head_json":{"title":"Lo sguardo dei bambini | Pensieri - Concolino.it","robots":{"index":"index","follow":"follow","max-snippet":"max-snippet:-1","max-image-preview":"max-image-preview:large","max-video-preview":"max-video-preview:-1"},"canonical":"https:\/\/www.concolino.it\/index.php\/2014\/12\/24\/lo-sguardo-dei-bambini-pensieri\/","og_locale":"it_IT","og_type":"article","og_title":"Lo sguardo dei bambini | Pensieri - Concolino.it","og_description":"In realt\u00e0, nella nostra realt\u00e0, esiste un ordine del bene. Da una parte c&#8217;\u00e8 lo sguardo del bambino che chiede il perch\u00e9 di ogni cosa, che vede e si meraviglia [&hellip;]","og_url":"https:\/\/www.concolino.it\/index.php\/2014\/12\/24\/lo-sguardo-dei-bambini-pensieri\/","og_site_name":"Concolino.it","article_publisher":"https:\/\/www.facebook.com\/don.mik.94","article_author":"https:\/\/www.facebook.com\/don.mik.94","article_published_time":"2014-12-24T20:27:55+00:00","article_modified_time":"2017-01-21T12:43:32+00:00","og_image":[{"width":3168,"height":2164,"url":"https:\/\/www.concolino.it\/wp-content\/uploads\/2014\/12\/lo-sguardo-dei-bambini.png","type":"image\/png"}],"author":"Domenico Concolino","twitter_card":"summary_large_image","twitter_creator":"@https:\/\/twitter.com\/don_mik","twitter_site":"@don_mik","twitter_misc":{"Scritto da":"Domenico Concolino","Tempo di lettura stimato":"3 minuti"},"schema":{"@context":"https:\/\/schema.org","@graph":[{"@type":"Article","@id":"https:\/\/www.concolino.it\/index.php\/2014\/12\/24\/lo-sguardo-dei-bambini-pensieri\/#article","isPartOf":{"@id":"https:\/\/www.concolino.it\/index.php\/2014\/12\/24\/lo-sguardo-dei-bambini-pensieri\/"},"author":{"name":"Domenico Concolino","@id":"https:\/\/www.concolino.it\/#\/schema\/person\/dfa8517603a44e77da85e7eb5139c070"},"headline":"Lo sguardo dei bambini | Pensieri","datePublished":"2014-12-24T20:27:55+00:00","dateModified":"2017-01-21T12:43:32+00:00","mainEntityOfPage":{"@id":"https:\/\/www.concolino.it\/index.php\/2014\/12\/24\/lo-sguardo-dei-bambini-pensieri\/"},"wordCount":596,"commentCount":0,"publisher":{"@id":"https:\/\/www.concolino.it\/#\/schema\/person\/dfa8517603a44e77da85e7eb5139c070"},"image":{"@id":"https:\/\/www.concolino.it\/index.php\/2014\/12\/24\/lo-sguardo-dei-bambini-pensieri\/#primaryimage"},"thumbnailUrl":"https:\/\/www.concolino.it\/wp-content\/uploads\/2014\/12\/lo-sguardo-dei-bambini.png","articleSection":["Pensieri","Vetrina"],"inLanguage":"it-IT","potentialAction":[{"@type":"CommentAction","name":"Comment","target":["https:\/\/www.concolino.it\/index.php\/2014\/12\/24\/lo-sguardo-dei-bambini-pensieri\/#respond"]}]},{"@type":"WebPage","@id":"https:\/\/www.concolino.it\/index.php\/2014\/12\/24\/lo-sguardo-dei-bambini-pensieri\/","url":"https:\/\/www.concolino.it\/index.php\/2014\/12\/24\/lo-sguardo-dei-bambini-pensieri\/","name":"Lo sguardo dei bambini | Pensieri - Concolino.it","isPartOf":{"@id":"https:\/\/www.concolino.it\/#website"},"primaryImageOfPage":{"@id":"https:\/\/www.concolino.it\/index.php\/2014\/12\/24\/lo-sguardo-dei-bambini-pensieri\/#primaryimage"},"image":{"@id":"https:\/\/www.concolino.it\/index.php\/2014\/12\/24\/lo-sguardo-dei-bambini-pensieri\/#primaryimage"},"thumbnailUrl":"https:\/\/www.concolino.it\/wp-content\/uploads\/2014\/12\/lo-sguardo-dei-bambini.png","datePublished":"2014-12-24T20:27:55+00:00","dateModified":"2017-01-21T12:43:32+00:00","breadcrumb":{"@id":"https:\/\/www.concolino.it\/index.php\/2014\/12\/24\/lo-sguardo-dei-bambini-pensieri\/#breadcrumb"},"inLanguage":"it-IT","potentialAction":[{"@type":"ReadAction","target":["https:\/\/www.concolino.it\/index.php\/2014\/12\/24\/lo-sguardo-dei-bambini-pensieri\/"]}]},{"@type":"ImageObject","inLanguage":"it-IT","@id":"https:\/\/www.concolino.it\/index.php\/2014\/12\/24\/lo-sguardo-dei-bambini-pensieri\/#primaryimage","url":"https:\/\/www.concolino.it\/wp-content\/uploads\/2014\/12\/lo-sguardo-dei-bambini.png","contentUrl":"https:\/\/www.concolino.it\/wp-content\/uploads\/2014\/12\/lo-sguardo-dei-bambini.png","width":3168,"height":2164},{"@type":"BreadcrumbList","@id":"https:\/\/www.concolino.it\/index.php\/2014\/12\/24\/lo-sguardo-dei-bambini-pensieri\/#breadcrumb","itemListElement":[{"@type":"ListItem","position":1,"name":"Home","item":"https:\/\/www.concolino.it\/"},{"@type":"ListItem","position":2,"name":"Lo sguardo dei bambini | Pensieri"}]},{"@type":"WebSite","@id":"https:\/\/www.concolino.it\/#website","url":"https:\/\/www.concolino.it\/","name":"Concolino.it","description":"Allargare gli spazi del Verbo","publisher":{"@id":"https:\/\/www.concolino.it\/#\/schema\/person\/dfa8517603a44e77da85e7eb5139c070"},"potentialAction":[{"@type":"SearchAction","target":{"@type":"EntryPoint","urlTemplate":"https:\/\/www.concolino.it\/?s={search_term_string}"},"query-input":{"@type":"PropertyValueSpecification","valueRequired":true,"valueName":"search_term_string"}}],"inLanguage":"it-IT"},{"@type":["Person","Organization"],"@id":"https:\/\/www.concolino.it\/#\/schema\/person\/dfa8517603a44e77da85e7eb5139c070","name":"Domenico Concolino","image":{"@type":"ImageObject","inLanguage":"it-IT","@id":"https:\/\/www.concolino.it\/wp-content\/uploads\/2014\/07\/CT5W9104.jpg","url":"https:\/\/www.concolino.it\/wp-content\/uploads\/2014\/07\/CT5W9104.jpg","contentUrl":"https:\/\/www.concolino.it\/wp-content\/uploads\/2014\/07\/CT5W9104.jpg","width":1276,"height":850,"caption":"Domenico Concolino"},"logo":{"@id":"https:\/\/www.concolino.it\/wp-content\/uploads\/2014\/07\/CT5W9104.jpg"},"description":"Teologo | Cappellano Campus Universit\u00e0 Magna Graecia | Direttore Ufficio Regione Universit\u00e0 Scuola Educazione (Calabria)","sameAs":["https:\/\/www.facebook.com\/don.mik.94","https:\/\/x.com\/https:\/\/twitter.com\/don_mik"],"url":"https:\/\/www.concolino.it\/index.php\/author\/admin\/"}]}},"_links":{"self":[{"href":"https:\/\/www.concolino.it\/index.php\/wp-json\/wp\/v2\/posts\/1048","targetHints":{"allow":["GET"]}}],"collection":[{"href":"https:\/\/www.concolino.it\/index.php\/wp-json\/wp\/v2\/posts"}],"about":[{"href":"https:\/\/www.concolino.it\/index.php\/wp-json\/wp\/v2\/types\/post"}],"author":[{"embeddable":true,"href":"https:\/\/www.concolino.it\/index.php\/wp-json\/wp\/v2\/users\/1"}],"replies":[{"embeddable":true,"href":"https:\/\/www.concolino.it\/index.php\/wp-json\/wp\/v2\/comments?post=1048"}],"version-history":[{"count":14,"href":"https:\/\/www.concolino.it\/index.php\/wp-json\/wp\/v2\/posts\/1048\/revisions"}],"predecessor-version":[{"id":2929,"href":"https:\/\/www.concolino.it\/index.php\/wp-json\/wp\/v2\/posts\/1048\/revisions\/2929"}],"wp:featuredmedia":[{"embeddable":true,"href":"https:\/\/www.concolino.it\/index.php\/wp-json\/wp\/v2\/media\/2930"}],"wp:attachment":[{"href":"https:\/\/www.concolino.it\/index.php\/wp-json\/wp\/v2\/media?parent=1048"}],"wp:term":[{"taxonomy":"category","embeddable":true,"href":"https:\/\/www.concolino.it\/index.php\/wp-json\/wp\/v2\/categories?post=1048"},{"taxonomy":"post_tag","embeddable":true,"href":"https:\/\/www.concolino.it\/index.php\/wp-json\/wp\/v2\/tags?post=1048"}],"curies":[{"name":"wp","href":"https:\/\/api.w.org\/{rel}","templated":true}]}}