{"id":5498,"global_id":"www.concolino.it?id=5498","global_id_lineage":["www.concolino.it?id=5498"],"author":"1","status":"publish","date":"2023-01-20 10:15:00","date_utc":"2023-01-20 09:15:00","modified":"2023-01-20 12:11:29","modified_utc":"2023-01-20 11:11:29","url":"https:\/\/www.concolino.it\/index.php\/event\/padre-nostro-montecorvino-lectures-martedi-24-gennaio-h-21-00-diretta-facebook\/","rest_url":"https:\/\/www.concolino.it\/index.php\/wp-json\/tribe\/events\/v1\/events\/5498","title":"Padre Nostro | Montecorvino Lectures \u2013 Marted\u00ec 24 gennaio h. 21.00 Diretta Facebook","description":"<p>La seconda invocazione del Padre Nostro recita: &#8220;Venga il tuo Regno&#8221;. La parola &#8216;Regno&#8217; per\u00f2 va subito dissociata da alcune false visioni intessute di potere, possesso o manipolazioni e va inserita invece in un contesto evangelico e teologico. Nella preghiera di Ges\u00f9, noi chiediamo paradossalmente ci\u00f2 che gi\u00e0 \u00e8 presente\u00a0tra noi fin da quando il rabbi di Galilea ha iniziato ad operare nel mondo. Tuttavia \u00a0ora quel luminoso punto di inizio, \u00a0va coltivato e favorito ancora una volta attraverso il nostro sforzo e responsabilit\u00e0. Non solo dai cristiani ma anche da tutti gli uomini di buona volont\u00e0. I valori del Regno infatti, come verit\u00e0, bont\u00e0, benevolenza, misericordia, fraternit\u00e0, discernimento, sacrificio, gratuit\u00e0 e dono di s\u00e9, \u00a0possono davvero essere condivisi da tutti, credenti e non credenti. Nondimeno il Regno stesso, che per i cristiani, coincide con la persona viva del Signore Ges\u00f9, pu\u00f2 essere preso in considerazione da chiunque si ponga senza pregiudizi la domanda seria sul senso della propria vita. \u00a0In questo nostro incontro guarderemo dunque all&#8217;interezza di quel Regno che non ammette forzature e \u00a0&#8216;si diffonde per attrazione e non per proselitismo&#8217; (cit. Papa Francesco). Lo faremo con l&#8217;aiuto di persone che in modo diverso operano secondo quei valori: vita nascente, educazione, profughi, cammino interiore.<\/p>\n<p>&nbsp;<\/p>","excerpt":"","slug":"padre-nostro-montecorvino-lectures-martedi-24-gennaio-h-21-00-diretta-facebook","image":{"url":"https:\/\/www.concolino.it\/wp-content\/uploads\/2023\/01\/Schermata-2023-01-20-alle-10.39.29.png","id":5502,"extension":"png","width":890,"height":501,"filesize":906577,"sizes":{"medium":{"width":300,"height":169,"mime-type":"image\/png","filesize":101314,"url":"https:\/\/www.concolino.it\/wp-content\/uploads\/2023\/01\/Schermata-2023-01-20-alle-10.39.29-300x169.png"},"thumbnail":{"width":200,"height":150,"mime-type":"image\/png","filesize":61557,"url":"https:\/\/www.concolino.it\/wp-content\/uploads\/2023\/01\/Schermata-2023-01-20-alle-10.39.29-200x150.png"},"medium_large":{"width":768,"height":432,"mime-type":"image\/png","filesize":570979,"url":"https:\/\/www.concolino.it\/wp-content\/uploads\/2023\/01\/Schermata-2023-01-20-alle-10.39.29-768x432.png"}}},"all_day":false,"start_date":"2023-01-24 21:00:00","start_date_details":{"year":"2023","month":"01","day":"24","hour":"21","minutes":"00","seconds":"00"},"end_date":"2023-01-24 22:00:00","end_date_details":{"year":"2023","month":"01","day":"24","hour":"22","minutes":"00","seconds":"00"},"utc_start_date":"2023-01-24 20:00:00","utc_start_date_details":{"year":"2023","month":"01","day":"24","hour":"20","minutes":"00","seconds":"00"},"utc_end_date":"2023-01-24 21:00:00","utc_end_date_details":{"year":"2023","month":"01","day":"24","hour":"21","minutes":"00","seconds":"00"},"timezone":"Europe\/Rome","timezone_abbr":"CET","cost":"","cost_details":{"currency_symbol":"","currency_code":"","currency_position":"prefix","values":[]},"website":" https:\/\/www.facebook.com\/don.mik.94\/","show_map":true,"show_map_link":true,"hide_from_listings":false,"sticky":true,"featured":true,"categories":[{"name":"Dirette","slug":"dirette","term_group":0,"term_taxonomy_id":33,"taxonomy":"tribe_events_cat","description":"","parent":0,"count":8,"filter":"raw","id":33,"urls":{"self":"https:\/\/www.concolino.it\/index.php\/wp-json\/tribe\/events\/v1\/categories\/33","collection":"https:\/\/www.concolino.it\/index.php\/wp-json\/tribe\/events\/v1\/categories"}},{"name":"Montecorvino Lectures","slug":"montecorvino-lectures","term_group":0,"term_taxonomy_id":28,"taxonomy":"tribe_events_cat","description":"","parent":0,"count":6,"filter":"raw","id":28,"urls":{"self":"https:\/\/www.concolino.it\/index.php\/wp-json\/tribe\/events\/v1\/categories\/28","collection":"https:\/\/www.concolino.it\/index.php\/wp-json\/tribe\/events\/v1\/categories"}}],"tags":[],"venue":[],"organizer":[],"custom_fields":[],"json_ld":{"@context":"http:\/\/schema.org","@type":"Event","name":"Padre Nostro | Montecorvino Lectures \u2013 Marted\u00ec 24 gennaio h. 21.00 Diretta Facebook","description":"&lt;p&gt;La seconda invocazione del Padre Nostro recita: &quot;Venga il tuo Regno&quot;. La parola \\'Regno\\' per\u00f2 va subito dissociata da alcune false visioni intessute di potere, possesso o manipolazioni e va [&hellip;]&lt;\/p&gt;\\n","image":"https:\/\/www.concolino.it\/wp-content\/uploads\/2023\/01\/Schermata-2023-01-20-alle-10.39.29.png","url":"https:\/\/www.concolino.it\/index.php\/event\/padre-nostro-montecorvino-lectures-martedi-24-gennaio-h-21-00-diretta-facebook\/","eventAttendanceMode":"https:\/\/schema.org\/OfflineEventAttendanceMode","eventStatus":"https:\/\/schema.org\/EventScheduled","startDate":"2023-01-24T21:00:00+01:00","endDate":"2023-01-24T22:00:00+01:00","performer":"Organization"}}